{"id":13776,"date":"2025-07-27T00:50:00","date_gmt":"2025-07-27T06:50:00","guid":{"rendered":"https:\/\/sanluisinforma.com\/?p=13776"},"modified":"2025-07-26T21:06:35","modified_gmt":"2025-07-27T03:06:35","slug":"lleva-enrique-galindo-obras-servicios-y-atencion-social-a-comunidades-de-la-pila","status":"publish","type":"post","link":"https:\/\/sanluisinforma.com\/?p=13776","title":{"rendered":"Lleva Enrique Galindo obras, servicios y atenci\u00f3n social a comunidades de La Pila"},"content":{"rendered":"\n<ul class=\"wp-block-list\">\n<li>Durante la edici\u00f3n 295 de Capital al 100, el Presidente Municipal supervis\u00f3 acciones de salud, luminarias y desarrollo social para mejorar la calidad de vida de las familias en Terrero Sur y Arroyos.<\/li>\n<\/ul>\n\n\n\n<p><\/p>\n\n\n\n<p>En la comunidad de Terrero Sur, Delegaci\u00f3n La Pila, el Alcalde Enrique Galindo Ceballos encabez\u00f3 una nueva jornada del programa Capital al 100, en la que supervis\u00f3 obras, servicios y acciones de atenci\u00f3n directa a la ciudadan\u00eda, para garantizar que tanto las \u00e1reas urbanas como las rurales reciban el respaldo necesario para crecer.<\/p>\n\n\n\n<p>\u201cEstas acciones son un ejemplo claro de justicia social, porque las comunidades rurales tambi\u00e9n tienen derecho a crecer, a recibir salud, servicios p\u00fablicos y oportunidades. Para nosotros, atenderlas es una obligaci\u00f3n; deben recibir igual o incluso m\u00e1s atenci\u00f3n que las zonas urbanas\u201d, expres\u00f3 el Presidente Municipal, quien reafirm\u00f3 su compromiso con los sectores que hist\u00f3ricamente hab\u00edan sido olvidados.<\/p>\n\n\n\n<p>La Delegada de La Pila, Daniela Cid Gonz\u00e1lez, agradeci\u00f3 el respaldo permanente del Alcalde y subray\u00f3 que su gesti\u00f3n ha representado un cambio tangible para las familias de esta demarcaci\u00f3n. A su vez, el titular de Servicios Municipales, Christian Azuara Azuara, inform\u00f3 sobre las labores de limpieza y mantenimiento en la plaza principal de Terrero Sur, as\u00ed como el inicio de la instalaci\u00f3n de luminarias solares en la comunidad de Arroyos.<\/p>\n\n\n\n<p>Finalmente, el Presidente Municipal supervis\u00f3 los avances en la consolidaci\u00f3n del nuevo Centro de Atenci\u00f3n Familiar del DIF Municipal, que brindar\u00e1 atenci\u00f3n integral a las familias de Terrero Sur y comunidades vecinas, fortaleciendo los v\u00ednculos sociales y acercando el gobierno a quienes m\u00e1s lo necesitan.<\/p>\n","protected":false},"excerpt":{"rendered":"<p>En la comunidad de Terrero Sur, Delegaci\u00f3n La Pila, el Alcalde Enrique Galindo Ceballos encabez\u00f3 una nueva jornada del programa<\/p>\n","protected":false},"author":2,"featured_media":13777,"comment_status":"closed","ping_status":"closed","sticky":false,"template":"","format":"standard","meta":{"footnotes":""},"categories":[25,30],"tags":[],"class_list":["post-13776","post","type-post","status-publish","format-standard","has-post-thumbnail","hentry","category-local","category-portada"],"yoast_head":"<!-- This site is optimized with the Yoast SEO plugin v24.1 - https:\/\/yoast.com\/wordpress\/plugins\/seo\/ -->\n<title>Lleva Enrique Galindo obras, servicios y atenci\u00f3n social a comunidades de La Pila - sanluisinforma.com<\/title>\n<meta name=\"robots\" content=\"index, follow, max-snippet:-1, max-image-preview:large, max-video-preview:-1\" \/>\n<link rel=\"canonical\" href=\"https:\/\/sanluisinforma.com\/?p=13776\" \/>\n<meta property=\"og:locale\" content=\"es_MX\" \/>\n<meta property=\"og:type\" content=\"article\" \/>\n<meta property=\"og:title\" content=\"Lleva Enrique Galindo obras, servicios y atenci\u00f3n social a comunidades de La Pila - sanluisinforma.com\" \/>\n<meta property=\"og:description\" content=\"En la comunidad de Terrero Sur, Delegaci\u00f3n La Pila, el Alcalde Enrique Galindo Ceballos encabez\u00f3 una nueva jornada del programa\" \/>\n<meta property=\"og:url\" content=\"https:\/\/sanluisinforma.com\/?p=13776\" \/>\n<meta property=\"og:site_name\" content=\"sanluisinforma.com\" \/>\n<meta property=\"article:published_time\" content=\"2025-07-27T06:50:00+00:00\" \/>\n<meta property=\"article:modified_time\" content=\"2025-07-27T03:06:35+00:00\" \/>\n<meta property=\"og:image\" content=\"https:\/\/sanluisinforma.com\/wp-content\/uploads\/2025\/07\/40ba5b8d-5c64-4e22-83c3-a95331ac5ce1.jpg\" \/>\n\t<meta property=\"og:image:width\" content=\"400\" \/>\n\t<meta property=\"og:image:height\" content=\"266\" \/>\n\t<meta property=\"og:image:type\" content=\"image\/jpeg\" \/>\n<meta name=\"author\" content=\"sanluisinforma.com\" \/>\n<meta name=\"twitter:card\" content=\"summary_large_image\" \/>\n<meta name=\"twitter:label1\" content=\"Escrito por\" \/>\n\t<meta name=\"twitter:data1\" content=\"sanluisinforma.com\" \/>\n\t<meta name=\"twitter:label2\" content=\"Tiempo de lectura\" \/>\n\t<meta name=\"twitter:data2\" content=\"2 minutos\" \/>\n<script type=\"application\/ld+json\" class=\"yoast-schema-graph\">{\"@context\":\"https:\/\/schema.org\",\"@graph\":[{\"@type\":\"Article\",\"@id\":\"https:\/\/sanluisinforma.com\/?p=13776#article\",\"isPartOf\":{\"@id\":\"https:\/\/sanluisinforma.com\/?p=13776\"},\"author\":{\"name\":\"sanluisinforma.com\",\"@id\":\"https:\/\/sanluisinforma.com\/#\/schema\/person\/c30648f71476be533b6f59d092905c8b\"},\"headline\":\"Lleva Enrique Galindo obras, servicios y atenci\u00f3n social a comunidades de La Pila\",\"datePublished\":\"2025-07-27T06:50:00+00:00\",\"dateModified\":\"2025-07-27T03:06:35+00:00\",\"mainEntityOfPage\":{\"@id\":\"https:\/\/sanluisinforma.com\/?p=13776\"},\"wordCount\":291,\"publisher\":{\"@id\":\"https:\/\/sanluisinforma.com\/#organization\"},\"image\":{\"@id\":\"https:\/\/sanluisinforma.com\/?p=13776#primaryimage\"},\"thumbnailUrl\":\"https:\/\/sanluisinforma.com\/wp-content\/uploads\/2025\/07\/40ba5b8d-5c64-4e22-83c3-a95331ac5ce1.jpg\",\"articleSection\":[\"Local\",\"Portada\"],\"inLanguage\":\"es\"},{\"@type\":\"WebPage\",\"@id\":\"https:\/\/sanluisinforma.com\/?p=13776\",\"url\":\"https:\/\/sanluisinforma.com\/?p=13776\",\"name\":\"Lleva Enrique Galindo obras, servicios y atenci\u00f3n social a comunidades de La Pila - sanluisinforma.com\",\"isPartOf\":{\"@id\":\"https:\/\/sanluisinforma.com\/#website\"},\"primaryImageOfPage\":{\"@id\":\"https:\/\/sanluisinforma.com\/?p=13776#primaryimage\"},\"image\":{\"@id\":\"https:\/\/sanluisinforma.com\/?p=13776#primaryimage\"},\"thumbnailUrl\":\"https:\/\/sanluisinforma.com\/wp-content\/uploads\/2025\/07\/40ba5b8d-5c64-4e22-83c3-a95331ac5ce1.jpg\",\"datePublished\":\"2025-07-27T06:50:00+00:00\",\"dateModified\":\"2025-07-27T03:06:35+00:00\",\"breadcrumb\":{\"@id\":\"https:\/\/sanluisinforma.com\/?p=13776#breadcrumb\"},\"inLanguage\":\"es\",\"potentialAction\":[{\"@type\":\"ReadAction\",\"target\":[\"https:\/\/sanluisinforma.com\/?p=13776\"]}]},{\"@type\":\"ImageObject\",\"inLanguage\":\"es\",\"@id\":\"https:\/\/sanluisinforma.com\/?p=13776#primaryimage\",\"url\":\"https:\/\/sanluisinforma.com\/wp-content\/uploads\/2025\/07\/40ba5b8d-5c64-4e22-83c3-a95331ac5ce1.jpg\",\"contentUrl\":\"https:\/\/sanluisinforma.com\/wp-content\/uploads\/2025\/07\/40ba5b8d-5c64-4e22-83c3-a95331ac5ce1.jpg\",\"width\":400,\"height\":266},{\"@type\":\"BreadcrumbList\",\"@id\":\"https:\/\/sanluisinforma.com\/?p=13776#breadcrumb\",\"itemListElement\":[{\"@type\":\"ListItem\",\"position\":1,\"name\":\"Inicio\",\"item\":\"https:\/\/sanluisinforma.com\/\"},{\"@type\":\"ListItem\",\"position\":2,\"name\":\"Lleva Enrique Galindo obras, servicios y atenci\u00f3n social a comunidades de La Pila\"}]},{\"@type\":\"WebSite\",\"@id\":\"https:\/\/sanluisinforma.com\/#website\",\"url\":\"https:\/\/sanluisinforma.com\/\",\"name\":\"sanluisinforma.com\",\"description\":\"Periodico San Luis Informa\",\"publisher\":{\"@id\":\"https:\/\/sanluisinforma.com\/#organization\"},\"potentialAction\":[{\"@type\":\"SearchAction\",\"target\":{\"@type\":\"EntryPoint\",\"urlTemplate\":\"https:\/\/sanluisinforma.com\/?s={search_term_string}\"},\"query-input\":{\"@type\":\"PropertyValueSpecification\",\"valueRequired\":true,\"valueName\":\"search_term_string\"}}],\"inLanguage\":\"es\"},{\"@type\":\"Organization\",\"@id\":\"https:\/\/sanluisinforma.com\/#organization\",\"name\":\"sanluisinforma.com\",\"url\":\"https:\/\/sanluisinforma.com\/\",\"logo\":{\"@type\":\"ImageObject\",\"inLanguage\":\"es\",\"@id\":\"https:\/\/sanluisinforma.com\/#\/schema\/logo\/image\/\",\"url\":\"https:\/\/sanluisinforma.com\/wp-content\/uploads\/2026\/03\/sanluisinforma-V.jpg\",\"contentUrl\":\"https:\/\/sanluisinforma.com\/wp-content\/uploads\/2026\/03\/sanluisinforma-V.jpg\",\"width\":500,\"height\":156,\"caption\":\"sanluisinforma.com\"},\"image\":{\"@id\":\"https:\/\/sanluisinforma.com\/#\/schema\/logo\/image\/\"}},{\"@type\":\"Person\",\"@id\":\"https:\/\/sanluisinforma.com\/#\/schema\/person\/c30648f71476be533b6f59d092905c8b\",\"name\":\"sanluisinforma.com\",\"image\":{\"@type\":\"ImageObject\",\"inLanguage\":\"es\",\"@id\":\"https:\/\/sanluisinforma.com\/#\/schema\/person\/image\/\",\"url\":\"https:\/\/secure.gravatar.com\/avatar\/86e3114e34a1eecefb963e0a02f0093f93b092dddb2fe1517596343751081a87?s=96&d=mm&r=g\",\"contentUrl\":\"https:\/\/secure.gravatar.com\/avatar\/86e3114e34a1eecefb963e0a02f0093f93b092dddb2fe1517596343751081a87?s=96&d=mm&r=g\",\"caption\":\"sanluisinforma.com\"},\"url\":\"https:\/\/sanluisinforma.com\/?author=2\"}]}<\/script>\n<!-- \/ Yoast SEO plugin. -->","yoast_head_json":{"title":"Lleva Enrique Galindo obras, servicios y atenci\u00f3n social a comunidades de La Pila - sanluisinforma.com","robots":{"index":"index","follow":"follow","max-snippet":"max-snippet:-1","max-image-preview":"max-image-preview:large","max-video-preview":"max-video-preview:-1"},"canonical":"https:\/\/sanluisinforma.com\/?p=13776","og_locale":"es_MX","og_type":"article","og_title":"Lleva Enrique Galindo obras, servicios y atenci\u00f3n social a comunidades de La Pila - sanluisinforma.com","og_description":"En la comunidad de Terrero Sur, Delegaci\u00f3n La Pila, el Alcalde Enrique Galindo Ceballos encabez\u00f3 una nueva jornada del programa","og_url":"https:\/\/sanluisinforma.com\/?p=13776","og_site_name":"sanluisinforma.com","article_published_time":"2025-07-27T06:50:00+00:00","article_modified_time":"2025-07-27T03:06:35+00:00","og_image":[{"width":400,"height":266,"url":"https:\/\/sanluisinforma.com\/wp-content\/uploads\/2025\/07\/40ba5b8d-5c64-4e22-83c3-a95331ac5ce1.jpg","type":"image\/jpeg"}],"author":"sanluisinforma.com","twitter_card":"summary_large_image","twitter_misc":{"Escrito por":"sanluisinforma.com","Tiempo de lectura":"2 minutos"},"schema":{"@context":"https:\/\/schema.org","@graph":[{"@type":"Article","@id":"https:\/\/sanluisinforma.com\/?p=13776#article","isPartOf":{"@id":"https:\/\/sanluisinforma.com\/?p=13776"},"author":{"name":"sanluisinforma.com","@id":"https:\/\/sanluisinforma.com\/#\/schema\/person\/c30648f71476be533b6f59d092905c8b"},"headline":"Lleva Enrique Galindo obras, servicios y atenci\u00f3n social a comunidades de La Pila","datePublished":"2025-07-27T06:50:00+00:00","dateModified":"2025-07-27T03:06:35+00:00","mainEntityOfPage":{"@id":"https:\/\/sanluisinforma.com\/?p=13776"},"wordCount":291,"publisher":{"@id":"https:\/\/sanluisinforma.com\/#organization"},"image":{"@id":"https:\/\/sanluisinforma.com\/?p=13776#primaryimage"},"thumbnailUrl":"https:\/\/sanluisinforma.com\/wp-content\/uploads\/2025\/07\/40ba5b8d-5c64-4e22-83c3-a95331ac5ce1.jpg","articleSection":["Local","Portada"],"inLanguage":"es"},{"@type":"WebPage","@id":"https:\/\/sanluisinforma.com\/?p=13776","url":"https:\/\/sanluisinforma.com\/?p=13776","name":"Lleva Enrique Galindo obras, servicios y atenci\u00f3n social a comunidades de La Pila - sanluisinforma.com","isPartOf":{"@id":"https:\/\/sanluisinforma.com\/#website"},"primaryImageOfPage":{"@id":"https:\/\/sanluisinforma.com\/?p=13776#primaryimage"},"image":{"@id":"https:\/\/sanluisinforma.com\/?p=13776#primaryimage"},"thumbnailUrl":"https:\/\/sanluisinforma.com\/wp-content\/uploads\/2025\/07\/40ba5b8d-5c64-4e22-83c3-a95331ac5ce1.jpg","datePublished":"2025-07-27T06:50:00+00:00","dateModified":"2025-07-27T03:06:35+00:00","breadcrumb":{"@id":"https:\/\/sanluisinforma.com\/?p=13776#breadcrumb"},"inLanguage":"es","potentialAction":[{"@type":"ReadAction","target":["https:\/\/sanluisinforma.com\/?p=13776"]}]},{"@type":"ImageObject","inLanguage":"es","@id":"https:\/\/sanluisinforma.com\/?p=13776#primaryimage","url":"https:\/\/sanluisinforma.com\/wp-content\/uploads\/2025\/07\/40ba5b8d-5c64-4e22-83c3-a95331ac5ce1.jpg","contentUrl":"https:\/\/sanluisinforma.com\/wp-content\/uploads\/2025\/07\/40ba5b8d-5c64-4e22-83c3-a95331ac5ce1.jpg","width":400,"height":266},{"@type":"BreadcrumbList","@id":"https:\/\/sanluisinforma.com\/?p=13776#breadcrumb","itemListElement":[{"@type":"ListItem","position":1,"name":"Inicio","item":"https:\/\/sanluisinforma.com\/"},{"@type":"ListItem","position":2,"name":"Lleva Enrique Galindo obras, servicios y atenci\u00f3n social a comunidades de La Pila"}]},{"@type":"WebSite","@id":"https:\/\/sanluisinforma.com\/#website","url":"https:\/\/sanluisinforma.com\/","name":"sanluisinforma.com","description":"Periodico San Luis Informa","publisher":{"@id":"https:\/\/sanluisinforma.com\/#organization"},"potentialAction":[{"@type":"SearchAction","target":{"@type":"EntryPoint","urlTemplate":"https:\/\/sanluisinforma.com\/?s={search_term_string}"},"query-input":{"@type":"PropertyValueSpecification","valueRequired":true,"valueName":"search_term_string"}}],"inLanguage":"es"},{"@type":"Organization","@id":"https:\/\/sanluisinforma.com\/#organization","name":"sanluisinforma.com","url":"https:\/\/sanluisinforma.com\/","logo":{"@type":"ImageObject","inLanguage":"es","@id":"https:\/\/sanluisinforma.com\/#\/schema\/logo\/image\/","url":"https:\/\/sanluisinforma.com\/wp-content\/uploads\/2026\/03\/sanluisinforma-V.jpg","contentUrl":"https:\/\/sanluisinforma.com\/wp-content\/uploads\/2026\/03\/sanluisinforma-V.jpg","width":500,"height":156,"caption":"sanluisinforma.com"},"image":{"@id":"https:\/\/sanluisinforma.com\/#\/schema\/logo\/image\/"}},{"@type":"Person","@id":"https:\/\/sanluisinforma.com\/#\/schema\/person\/c30648f71476be533b6f59d092905c8b","name":"sanluisinforma.com","image":{"@type":"ImageObject","inLanguage":"es","@id":"https:\/\/sanluisinforma.com\/#\/schema\/person\/image\/","url":"https:\/\/secure.gravatar.com\/avatar\/86e3114e34a1eecefb963e0a02f0093f93b092dddb2fe1517596343751081a87?s=96&d=mm&r=g","contentUrl":"https:\/\/secure.gravatar.com\/avatar\/86e3114e34a1eecefb963e0a02f0093f93b092dddb2fe1517596343751081a87?s=96&d=mm&r=g","caption":"sanluisinforma.com"},"url":"https:\/\/sanluisinforma.com\/?author=2"}]}},"_links":{"self":[{"href":"https:\/\/sanluisinforma.com\/index.php?rest_route=\/wp\/v2\/posts\/13776","targetHints":{"allow":["GET"]}}],"collection":[{"href":"https:\/\/sanluisinforma.com\/index.php?rest_route=\/wp\/v2\/posts"}],"about":[{"href":"https:\/\/sanluisinforma.com\/index.php?rest_route=\/wp\/v2\/types\/post"}],"author":[{"embeddable":true,"href":"https:\/\/sanluisinforma.com\/index.php?rest_route=\/wp\/v2\/users\/2"}],"replies":[{"embeddable":true,"href":"https:\/\/sanluisinforma.com\/index.php?rest_route=%2Fwp%2Fv2%2Fcomments&post=13776"}],"version-history":[{"count":1,"href":"https:\/\/sanluisinforma.com\/index.php?rest_route=\/wp\/v2\/posts\/13776\/revisions"}],"predecessor-version":[{"id":13778,"href":"https:\/\/sanluisinforma.com\/index.php?rest_route=\/wp\/v2\/posts\/13776\/revisions\/13778"}],"wp:featuredmedia":[{"embeddable":true,"href":"https:\/\/sanluisinforma.com\/index.php?rest_route=\/wp\/v2\/media\/13777"}],"wp:attachment":[{"href":"https:\/\/sanluisinforma.com\/index.php?rest_route=%2Fwp%2Fv2%2Fmedia&parent=13776"}],"wp:term":[{"taxonomy":"category","embeddable":true,"href":"https:\/\/sanluisinforma.com\/index.php?rest_route=%2Fwp%2Fv2%2Fcategories&post=13776"},{"taxonomy":"post_tag","embeddable":true,"href":"https:\/\/sanluisinforma.com\/index.php?rest_route=%2Fwp%2Fv2%2Ftags&post=13776"}],"curies":[{"name":"wp","href":"https:\/\/api.w.org\/{rel}","templated":true}]}}