{"id":13799,"date":"2025-07-28T00:50:00","date_gmt":"2025-07-28T06:50:00","guid":{"rendered":"https:\/\/sanluisinforma.com\/?p=13799"},"modified":"2025-07-27T23:27:04","modified_gmt":"2025-07-28T05:27:04","slug":"domingo-de-pilas-con-adopciones-y-reforestacion-masiva-da-vida-al-centro-historico","status":"publish","type":"post","link":"https:\/\/sanluisinforma.com\/?p=13799","title":{"rendered":"Domingo de Pilas con adopciones y reforestaci\u00f3n masiva da vida al Centro Hist\u00f3rico"},"content":{"rendered":"\n<p>M\u00e1s de 50 perritos buscan un hogar y se plantan \u00e1rboles y flores como parte de las acciones por un San Luis Amable.<\/p>\n\n\n\n<p><\/p>\n\n\n\n<p>En su edici\u00f3n 187, el programa Domingo de Pilas llen\u00f3 de vida la plaza de Fundadores con la campa\u00f1a municipal \u201cAdopta no compres: apadrina un sue\u00f1o, regala un hogar\u201d, donde m\u00e1s de 50 perros rescatados esperan ser adoptados por familias potosinas. El Alcalde Enrique Galindo Ceballos, acompa\u00f1ado por la Regidora Maritza Jenith V\u00e1zquez P\u00e9rez y activistas por el bienestar animal, destac\u00f3 que en tres a\u00f1os se han logrado m\u00e1s de 300 adopciones responsables de canes y gatos vacunados y desparasitados, aunque a\u00fan permanecen en espera 120 perros y un gato bajo resguardo municipal.<\/p>\n\n\n\n<p>Adem\u00e1s, se dio continuidad al programa de reforestaci\u00f3n del Centro Hist\u00f3rico, iniciado una semana atr\u00e1s en avenida Carranza, ahora extendido a jardines como San Juan de Dios, El Carmen y Plaza de Armas. Se plantan especies como magnolias, robles, encinos, lavandas, margaritas y arrayanes, en una estrategia ecol\u00f3gica que contempla m\u00e1s de mil 500 \u00e1rboles y 85 mil plantas en diversas etapas, gracias al esfuerzo conjunto entre autoridades, ciudadan\u00eda y colectivos ambientalistas.<\/p>\n\n\n\n<p>Durante el evento, el Alcalde Galindo resalt\u00f3 la importancia de seguir fortaleciendo la cultura del bienestar animal y el cuidado del medio ambiente como pilares de San Luis Amable. \u201cEstas acciones son un reflejo de c\u00f3mo sociedad y gobierno pueden trabajar juntos por un entorno m\u00e1s justo, saludable y solidario. No se trata solo de embellecer el Centro Hist\u00f3rico, sino de generar conciencia y promover el respeto hacia todos los seres vivos\u201d, afirm\u00f3. Tambi\u00e9n agradeci\u00f3 a las familias adoptantes y a los voluntarios que hacen posible estas jornadas de transformaci\u00f3n en San Luis Capital.<\/p>\n","protected":false},"excerpt":{"rendered":"<p>M\u00e1s de 50 perritos buscan un hogar y se plantan \u00e1rboles y flores como parte de las acciones por un<\/p>\n","protected":false},"author":2,"featured_media":13800,"comment_status":"closed","ping_status":"closed","sticky":false,"template":"","format":"standard","meta":{"footnotes":""},"categories":[25,30],"tags":[],"class_list":["post-13799","post","type-post","status-publish","format-standard","has-post-thumbnail","hentry","category-local","category-portada"],"yoast_head":"<!-- This site is optimized with the Yoast SEO plugin v24.1 - https:\/\/yoast.com\/wordpress\/plugins\/seo\/ -->\n<title>Domingo de Pilas con adopciones y reforestaci\u00f3n masiva da vida al Centro Hist\u00f3rico - sanluisinforma.com<\/title>\n<meta name=\"robots\" content=\"index, follow, max-snippet:-1, max-image-preview:large, max-video-preview:-1\" \/>\n<link rel=\"canonical\" href=\"https:\/\/sanluisinforma.com\/?p=13799\" \/>\n<meta property=\"og:locale\" content=\"es_MX\" \/>\n<meta property=\"og:type\" content=\"article\" \/>\n<meta property=\"og:title\" content=\"Domingo de Pilas con adopciones y reforestaci\u00f3n masiva da vida al Centro Hist\u00f3rico - sanluisinforma.com\" \/>\n<meta property=\"og:description\" content=\"M\u00e1s de 50 perritos buscan un hogar y se plantan \u00e1rboles y flores como parte de las acciones por un\" \/>\n<meta property=\"og:url\" content=\"https:\/\/sanluisinforma.com\/?p=13799\" \/>\n<meta property=\"og:site_name\" content=\"sanluisinforma.com\" \/>\n<meta property=\"article:published_time\" content=\"2025-07-28T06:50:00+00:00\" \/>\n<meta property=\"article:modified_time\" content=\"2025-07-28T05:27:04+00:00\" \/>\n<meta property=\"og:image\" content=\"https:\/\/sanluisinforma.com\/wp-content\/uploads\/2025\/07\/eb339438-7db4-4a5c-9387-b92b934b5159.jpg\" \/>\n\t<meta property=\"og:image:width\" content=\"400\" \/>\n\t<meta property=\"og:image:height\" content=\"266\" \/>\n\t<meta property=\"og:image:type\" content=\"image\/jpeg\" \/>\n<meta name=\"author\" content=\"sanluisinforma.com\" \/>\n<meta name=\"twitter:card\" content=\"summary_large_image\" \/>\n<meta name=\"twitter:label1\" content=\"Escrito por\" \/>\n\t<meta name=\"twitter:data1\" content=\"sanluisinforma.com\" \/>\n\t<meta name=\"twitter:label2\" content=\"Tiempo de lectura\" \/>\n\t<meta name=\"twitter:data2\" content=\"2 minutos\" \/>\n<script type=\"application\/ld+json\" class=\"yoast-schema-graph\">{\"@context\":\"https:\/\/schema.org\",\"@graph\":[{\"@type\":\"Article\",\"@id\":\"https:\/\/sanluisinforma.com\/?p=13799#article\",\"isPartOf\":{\"@id\":\"https:\/\/sanluisinforma.com\/?p=13799\"},\"author\":{\"name\":\"sanluisinforma.com\",\"@id\":\"https:\/\/sanluisinforma.com\/#\/schema\/person\/c30648f71476be533b6f59d092905c8b\"},\"headline\":\"Domingo de Pilas con adopciones y reforestaci\u00f3n masiva da vida al Centro Hist\u00f3rico\",\"datePublished\":\"2025-07-28T06:50:00+00:00\",\"dateModified\":\"2025-07-28T05:27:04+00:00\",\"mainEntityOfPage\":{\"@id\":\"https:\/\/sanluisinforma.com\/?p=13799\"},\"wordCount\":313,\"publisher\":{\"@id\":\"https:\/\/sanluisinforma.com\/#organization\"},\"image\":{\"@id\":\"https:\/\/sanluisinforma.com\/?p=13799#primaryimage\"},\"thumbnailUrl\":\"https:\/\/sanluisinforma.com\/wp-content\/uploads\/2025\/07\/eb339438-7db4-4a5c-9387-b92b934b5159.jpg\",\"articleSection\":[\"Local\",\"Portada\"],\"inLanguage\":\"es\"},{\"@type\":\"WebPage\",\"@id\":\"https:\/\/sanluisinforma.com\/?p=13799\",\"url\":\"https:\/\/sanluisinforma.com\/?p=13799\",\"name\":\"Domingo de Pilas con adopciones y reforestaci\u00f3n masiva da vida al Centro Hist\u00f3rico - sanluisinforma.com\",\"isPartOf\":{\"@id\":\"https:\/\/sanluisinforma.com\/#website\"},\"primaryImageOfPage\":{\"@id\":\"https:\/\/sanluisinforma.com\/?p=13799#primaryimage\"},\"image\":{\"@id\":\"https:\/\/sanluisinforma.com\/?p=13799#primaryimage\"},\"thumbnailUrl\":\"https:\/\/sanluisinforma.com\/wp-content\/uploads\/2025\/07\/eb339438-7db4-4a5c-9387-b92b934b5159.jpg\",\"datePublished\":\"2025-07-28T06:50:00+00:00\",\"dateModified\":\"2025-07-28T05:27:04+00:00\",\"breadcrumb\":{\"@id\":\"https:\/\/sanluisinforma.com\/?p=13799#breadcrumb\"},\"inLanguage\":\"es\",\"potentialAction\":[{\"@type\":\"ReadAction\",\"target\":[\"https:\/\/sanluisinforma.com\/?p=13799\"]}]},{\"@type\":\"ImageObject\",\"inLanguage\":\"es\",\"@id\":\"https:\/\/sanluisinforma.com\/?p=13799#primaryimage\",\"url\":\"https:\/\/sanluisinforma.com\/wp-content\/uploads\/2025\/07\/eb339438-7db4-4a5c-9387-b92b934b5159.jpg\",\"contentUrl\":\"https:\/\/sanluisinforma.com\/wp-content\/uploads\/2025\/07\/eb339438-7db4-4a5c-9387-b92b934b5159.jpg\",\"width\":400,\"height\":266},{\"@type\":\"BreadcrumbList\",\"@id\":\"https:\/\/sanluisinforma.com\/?p=13799#breadcrumb\",\"itemListElement\":[{\"@type\":\"ListItem\",\"position\":1,\"name\":\"Inicio\",\"item\":\"https:\/\/sanluisinforma.com\/\"},{\"@type\":\"ListItem\",\"position\":2,\"name\":\"Domingo de Pilas con adopciones y reforestaci\u00f3n masiva da vida al Centro Hist\u00f3rico\"}]},{\"@type\":\"WebSite\",\"@id\":\"https:\/\/sanluisinforma.com\/#website\",\"url\":\"https:\/\/sanluisinforma.com\/\",\"name\":\"sanluisinforma.com\",\"description\":\"Periodico San Luis Informa\",\"publisher\":{\"@id\":\"https:\/\/sanluisinforma.com\/#organization\"},\"potentialAction\":[{\"@type\":\"SearchAction\",\"target\":{\"@type\":\"EntryPoint\",\"urlTemplate\":\"https:\/\/sanluisinforma.com\/?s={search_term_string}\"},\"query-input\":{\"@type\":\"PropertyValueSpecification\",\"valueRequired\":true,\"valueName\":\"search_term_string\"}}],\"inLanguage\":\"es\"},{\"@type\":\"Organization\",\"@id\":\"https:\/\/sanluisinforma.com\/#organization\",\"name\":\"sanluisinforma.com\",\"url\":\"https:\/\/sanluisinforma.com\/\",\"logo\":{\"@type\":\"ImageObject\",\"inLanguage\":\"es\",\"@id\":\"https:\/\/sanluisinforma.com\/#\/schema\/logo\/image\/\",\"url\":\"https:\/\/sanluisinforma.com\/wp-content\/uploads\/2026\/03\/sanluisinforma-V.jpg\",\"contentUrl\":\"https:\/\/sanluisinforma.com\/wp-content\/uploads\/2026\/03\/sanluisinforma-V.jpg\",\"width\":500,\"height\":156,\"caption\":\"sanluisinforma.com\"},\"image\":{\"@id\":\"https:\/\/sanluisinforma.com\/#\/schema\/logo\/image\/\"}},{\"@type\":\"Person\",\"@id\":\"https:\/\/sanluisinforma.com\/#\/schema\/person\/c30648f71476be533b6f59d092905c8b\",\"name\":\"sanluisinforma.com\",\"image\":{\"@type\":\"ImageObject\",\"inLanguage\":\"es\",\"@id\":\"https:\/\/sanluisinforma.com\/#\/schema\/person\/image\/\",\"url\":\"https:\/\/secure.gravatar.com\/avatar\/86e3114e34a1eecefb963e0a02f0093f93b092dddb2fe1517596343751081a87?s=96&d=mm&r=g\",\"contentUrl\":\"https:\/\/secure.gravatar.com\/avatar\/86e3114e34a1eecefb963e0a02f0093f93b092dddb2fe1517596343751081a87?s=96&d=mm&r=g\",\"caption\":\"sanluisinforma.com\"},\"url\":\"https:\/\/sanluisinforma.com\/?author=2\"}]}<\/script>\n<!-- \/ Yoast SEO plugin. -->","yoast_head_json":{"title":"Domingo de Pilas con adopciones y reforestaci\u00f3n masiva da vida al Centro Hist\u00f3rico - sanluisinforma.com","robots":{"index":"index","follow":"follow","max-snippet":"max-snippet:-1","max-image-preview":"max-image-preview:large","max-video-preview":"max-video-preview:-1"},"canonical":"https:\/\/sanluisinforma.com\/?p=13799","og_locale":"es_MX","og_type":"article","og_title":"Domingo de Pilas con adopciones y reforestaci\u00f3n masiva da vida al Centro Hist\u00f3rico - sanluisinforma.com","og_description":"M\u00e1s de 50 perritos buscan un hogar y se plantan \u00e1rboles y flores como parte de las acciones por un","og_url":"https:\/\/sanluisinforma.com\/?p=13799","og_site_name":"sanluisinforma.com","article_published_time":"2025-07-28T06:50:00+00:00","article_modified_time":"2025-07-28T05:27:04+00:00","og_image":[{"width":400,"height":266,"url":"https:\/\/sanluisinforma.com\/wp-content\/uploads\/2025\/07\/eb339438-7db4-4a5c-9387-b92b934b5159.jpg","type":"image\/jpeg"}],"author":"sanluisinforma.com","twitter_card":"summary_large_image","twitter_misc":{"Escrito por":"sanluisinforma.com","Tiempo de lectura":"2 minutos"},"schema":{"@context":"https:\/\/schema.org","@graph":[{"@type":"Article","@id":"https:\/\/sanluisinforma.com\/?p=13799#article","isPartOf":{"@id":"https:\/\/sanluisinforma.com\/?p=13799"},"author":{"name":"sanluisinforma.com","@id":"https:\/\/sanluisinforma.com\/#\/schema\/person\/c30648f71476be533b6f59d092905c8b"},"headline":"Domingo de Pilas con adopciones y reforestaci\u00f3n masiva da vida al Centro Hist\u00f3rico","datePublished":"2025-07-28T06:50:00+00:00","dateModified":"2025-07-28T05:27:04+00:00","mainEntityOfPage":{"@id":"https:\/\/sanluisinforma.com\/?p=13799"},"wordCount":313,"publisher":{"@id":"https:\/\/sanluisinforma.com\/#organization"},"image":{"@id":"https:\/\/sanluisinforma.com\/?p=13799#primaryimage"},"thumbnailUrl":"https:\/\/sanluisinforma.com\/wp-content\/uploads\/2025\/07\/eb339438-7db4-4a5c-9387-b92b934b5159.jpg","articleSection":["Local","Portada"],"inLanguage":"es"},{"@type":"WebPage","@id":"https:\/\/sanluisinforma.com\/?p=13799","url":"https:\/\/sanluisinforma.com\/?p=13799","name":"Domingo de Pilas con adopciones y reforestaci\u00f3n masiva da vida al Centro Hist\u00f3rico - sanluisinforma.com","isPartOf":{"@id":"https:\/\/sanluisinforma.com\/#website"},"primaryImageOfPage":{"@id":"https:\/\/sanluisinforma.com\/?p=13799#primaryimage"},"image":{"@id":"https:\/\/sanluisinforma.com\/?p=13799#primaryimage"},"thumbnailUrl":"https:\/\/sanluisinforma.com\/wp-content\/uploads\/2025\/07\/eb339438-7db4-4a5c-9387-b92b934b5159.jpg","datePublished":"2025-07-28T06:50:00+00:00","dateModified":"2025-07-28T05:27:04+00:00","breadcrumb":{"@id":"https:\/\/sanluisinforma.com\/?p=13799#breadcrumb"},"inLanguage":"es","potentialAction":[{"@type":"ReadAction","target":["https:\/\/sanluisinforma.com\/?p=13799"]}]},{"@type":"ImageObject","inLanguage":"es","@id":"https:\/\/sanluisinforma.com\/?p=13799#primaryimage","url":"https:\/\/sanluisinforma.com\/wp-content\/uploads\/2025\/07\/eb339438-7db4-4a5c-9387-b92b934b5159.jpg","contentUrl":"https:\/\/sanluisinforma.com\/wp-content\/uploads\/2025\/07\/eb339438-7db4-4a5c-9387-b92b934b5159.jpg","width":400,"height":266},{"@type":"BreadcrumbList","@id":"https:\/\/sanluisinforma.com\/?p=13799#breadcrumb","itemListElement":[{"@type":"ListItem","position":1,"name":"Inicio","item":"https:\/\/sanluisinforma.com\/"},{"@type":"ListItem","position":2,"name":"Domingo de Pilas con adopciones y reforestaci\u00f3n masiva da vida al Centro Hist\u00f3rico"}]},{"@type":"WebSite","@id":"https:\/\/sanluisinforma.com\/#website","url":"https:\/\/sanluisinforma.com\/","name":"sanluisinforma.com","description":"Periodico San Luis Informa","publisher":{"@id":"https:\/\/sanluisinforma.com\/#organization"},"potentialAction":[{"@type":"SearchAction","target":{"@type":"EntryPoint","urlTemplate":"https:\/\/sanluisinforma.com\/?s={search_term_string}"},"query-input":{"@type":"PropertyValueSpecification","valueRequired":true,"valueName":"search_term_string"}}],"inLanguage":"es"},{"@type":"Organization","@id":"https:\/\/sanluisinforma.com\/#organization","name":"sanluisinforma.com","url":"https:\/\/sanluisinforma.com\/","logo":{"@type":"ImageObject","inLanguage":"es","@id":"https:\/\/sanluisinforma.com\/#\/schema\/logo\/image\/","url":"https:\/\/sanluisinforma.com\/wp-content\/uploads\/2026\/03\/sanluisinforma-V.jpg","contentUrl":"https:\/\/sanluisinforma.com\/wp-content\/uploads\/2026\/03\/sanluisinforma-V.jpg","width":500,"height":156,"caption":"sanluisinforma.com"},"image":{"@id":"https:\/\/sanluisinforma.com\/#\/schema\/logo\/image\/"}},{"@type":"Person","@id":"https:\/\/sanluisinforma.com\/#\/schema\/person\/c30648f71476be533b6f59d092905c8b","name":"sanluisinforma.com","image":{"@type":"ImageObject","inLanguage":"es","@id":"https:\/\/sanluisinforma.com\/#\/schema\/person\/image\/","url":"https:\/\/secure.gravatar.com\/avatar\/86e3114e34a1eecefb963e0a02f0093f93b092dddb2fe1517596343751081a87?s=96&d=mm&r=g","contentUrl":"https:\/\/secure.gravatar.com\/avatar\/86e3114e34a1eecefb963e0a02f0093f93b092dddb2fe1517596343751081a87?s=96&d=mm&r=g","caption":"sanluisinforma.com"},"url":"https:\/\/sanluisinforma.com\/?author=2"}]}},"_links":{"self":[{"href":"https:\/\/sanluisinforma.com\/index.php?rest_route=\/wp\/v2\/posts\/13799","targetHints":{"allow":["GET"]}}],"collection":[{"href":"https:\/\/sanluisinforma.com\/index.php?rest_route=\/wp\/v2\/posts"}],"about":[{"href":"https:\/\/sanluisinforma.com\/index.php?rest_route=\/wp\/v2\/types\/post"}],"author":[{"embeddable":true,"href":"https:\/\/sanluisinforma.com\/index.php?rest_route=\/wp\/v2\/users\/2"}],"replies":[{"embeddable":true,"href":"https:\/\/sanluisinforma.com\/index.php?rest_route=%2Fwp%2Fv2%2Fcomments&post=13799"}],"version-history":[{"count":1,"href":"https:\/\/sanluisinforma.com\/index.php?rest_route=\/wp\/v2\/posts\/13799\/revisions"}],"predecessor-version":[{"id":13801,"href":"https:\/\/sanluisinforma.com\/index.php?rest_route=\/wp\/v2\/posts\/13799\/revisions\/13801"}],"wp:featuredmedia":[{"embeddable":true,"href":"https:\/\/sanluisinforma.com\/index.php?rest_route=\/wp\/v2\/media\/13800"}],"wp:attachment":[{"href":"https:\/\/sanluisinforma.com\/index.php?rest_route=%2Fwp%2Fv2%2Fmedia&parent=13799"}],"wp:term":[{"taxonomy":"category","embeddable":true,"href":"https:\/\/sanluisinforma.com\/index.php?rest_route=%2Fwp%2Fv2%2Fcategories&post=13799"},{"taxonomy":"post_tag","embeddable":true,"href":"https:\/\/sanluisinforma.com\/index.php?rest_route=%2Fwp%2Fv2%2Ftags&post=13799"}],"curies":[{"name":"wp","href":"https:\/\/api.w.org\/{rel}","templated":true}]}}