{"id":13826,"date":"2025-07-30T00:58:00","date_gmt":"2025-07-30T06:58:00","guid":{"rendered":"https:\/\/sanluisinforma.com\/?p=13826"},"modified":"2025-07-29T20:58:34","modified_gmt":"2025-07-30T02:58:34","slug":"ricardo-gallardo-entregara-via-alterna-sur-para-impulsar-una-movilidad-sin-limites","status":"publish","type":"post","link":"https:\/\/sanluisinforma.com\/?p=13826","title":{"rendered":"Ricardo Gallardo entregara v\u00eda alterna sur para impulsar una movilidad sin l\u00edmites"},"content":{"rendered":"\n<p>Con una inversi\u00f3n de 700 millones de pesos, la obra beneficiar\u00e1 a miles de personas trabajadoras, que reducir\u00e1n tiempos de traslado y pasar\u00e1n m\u00e1s tiempo con sus familias.<\/p>\n\n\n\n<p>El Gobernador de San Luis Potos\u00ed Ricardo Gallardo Cardona, anunci\u00f3 que en agosto se pondr\u00e1 al servicio de la poblaci\u00f3n la nueva v\u00eda alterna sur, una obra que generar\u00e1 una movilidad sin l\u00edmites desde y hacia la zona industrial, disminuyendo la saturaci\u00f3n de la carretera 57 y ofreciendo a las y los trabajadores trayectos m\u00e1s \u00e1giles y seguros para llegar a sus centros de trabajo y hogares.<br>El Gobernador potosino resalt\u00f3 que esta importante obra de infraestructura, tuvo una inversi\u00f3n de m\u00e1s de 700 millones de pesos y resolver\u00e1 un problema a\u00f1ejo de tr\u00e1fico y saturaci\u00f3n vehicular.<br>Agreg\u00f3 que esta obra, se suma al amplio programa de infraestructura, puentes vehiculares y el sistema de transporte MetroRed, que la actual Administraci\u00f3n ha emprendido para mejorar la movilidad tras d\u00e9cadas de abandono de la herencia maldita, reduciendo tiempos de traslado y mejorando la calidad de vida de las familias.<br>Finalmente, el Gobernador del Estado record\u00f3 que tambi\u00e9n se trabaja en la modernizaci\u00f3n del camino a Santa Rita, que generar\u00e1 una conexi\u00f3n de la zona industrial con la carretera a Rioverde, pasando por Villa de Pozos, proyecto que brindar\u00e1 mayor seguridad vial, mejorar\u00e1 los tiempos de traslado y detonar\u00e1 la plusval\u00eda de las \u00e1reas habitacionales, consolidando una mejor movilidad para San Luis Potos\u00ed.<\/p>\n","protected":false},"excerpt":{"rendered":"<p>Con una inversi\u00f3n de 700 millones de pesos, la obra beneficiar\u00e1 a miles de personas trabajadoras, que reducir\u00e1n tiempos de<\/p>\n","protected":false},"author":2,"featured_media":13827,"comment_status":"closed","ping_status":"closed","sticky":false,"template":"","format":"standard","meta":{"footnotes":""},"categories":[25,30],"tags":[],"class_list":["post-13826","post","type-post","status-publish","format-standard","has-post-thumbnail","hentry","category-local","category-portada"],"yoast_head":"<!-- This site is optimized with the Yoast SEO plugin v24.1 - https:\/\/yoast.com\/wordpress\/plugins\/seo\/ -->\n<title>Ricardo Gallardo entregara v\u00eda alterna sur para impulsar una movilidad sin l\u00edmites - sanluisinforma.com<\/title>\n<meta name=\"robots\" content=\"index, follow, max-snippet:-1, max-image-preview:large, max-video-preview:-1\" \/>\n<link rel=\"canonical\" href=\"https:\/\/sanluisinforma.com\/?p=13826\" \/>\n<meta property=\"og:locale\" content=\"es_MX\" \/>\n<meta property=\"og:type\" content=\"article\" \/>\n<meta property=\"og:title\" content=\"Ricardo Gallardo entregara v\u00eda alterna sur para impulsar una movilidad sin l\u00edmites - sanluisinforma.com\" \/>\n<meta property=\"og:description\" content=\"Con una inversi\u00f3n de 700 millones de pesos, la obra beneficiar\u00e1 a miles de personas trabajadoras, que reducir\u00e1n tiempos de\" \/>\n<meta property=\"og:url\" content=\"https:\/\/sanluisinforma.com\/?p=13826\" \/>\n<meta property=\"og:site_name\" content=\"sanluisinforma.com\" \/>\n<meta property=\"article:published_time\" content=\"2025-07-30T06:58:00+00:00\" \/>\n<meta property=\"article:modified_time\" content=\"2025-07-30T02:58:34+00:00\" \/>\n<meta property=\"og:image\" content=\"https:\/\/sanluisinforma.com\/wp-content\/uploads\/2025\/07\/28432bd8-b748-4bb7-ac8e-6b600b10e5f2.jpg\" \/>\n\t<meta property=\"og:image:width\" content=\"400\" \/>\n\t<meta property=\"og:image:height\" content=\"266\" \/>\n\t<meta property=\"og:image:type\" content=\"image\/jpeg\" \/>\n<meta name=\"author\" content=\"sanluisinforma.com\" \/>\n<meta name=\"twitter:card\" content=\"summary_large_image\" \/>\n<meta name=\"twitter:label1\" content=\"Escrito por\" \/>\n\t<meta name=\"twitter:data1\" content=\"sanluisinforma.com\" \/>\n\t<meta name=\"twitter:label2\" content=\"Tiempo de lectura\" \/>\n\t<meta name=\"twitter:data2\" content=\"2 minutos\" \/>\n<script type=\"application\/ld+json\" class=\"yoast-schema-graph\">{\"@context\":\"https:\/\/schema.org\",\"@graph\":[{\"@type\":\"Article\",\"@id\":\"https:\/\/sanluisinforma.com\/?p=13826#article\",\"isPartOf\":{\"@id\":\"https:\/\/sanluisinforma.com\/?p=13826\"},\"author\":{\"name\":\"sanluisinforma.com\",\"@id\":\"https:\/\/sanluisinforma.com\/#\/schema\/person\/c30648f71476be533b6f59d092905c8b\"},\"headline\":\"Ricardo Gallardo entregara v\u00eda alterna sur para impulsar una movilidad sin l\u00edmites\",\"datePublished\":\"2025-07-30T06:58:00+00:00\",\"dateModified\":\"2025-07-30T02:58:34+00:00\",\"mainEntityOfPage\":{\"@id\":\"https:\/\/sanluisinforma.com\/?p=13826\"},\"wordCount\":269,\"publisher\":{\"@id\":\"https:\/\/sanluisinforma.com\/#organization\"},\"image\":{\"@id\":\"https:\/\/sanluisinforma.com\/?p=13826#primaryimage\"},\"thumbnailUrl\":\"https:\/\/sanluisinforma.com\/wp-content\/uploads\/2025\/07\/28432bd8-b748-4bb7-ac8e-6b600b10e5f2.jpg\",\"articleSection\":[\"Local\",\"Portada\"],\"inLanguage\":\"es\"},{\"@type\":\"WebPage\",\"@id\":\"https:\/\/sanluisinforma.com\/?p=13826\",\"url\":\"https:\/\/sanluisinforma.com\/?p=13826\",\"name\":\"Ricardo Gallardo entregara v\u00eda alterna sur para impulsar una movilidad sin l\u00edmites - sanluisinforma.com\",\"isPartOf\":{\"@id\":\"https:\/\/sanluisinforma.com\/#website\"},\"primaryImageOfPage\":{\"@id\":\"https:\/\/sanluisinforma.com\/?p=13826#primaryimage\"},\"image\":{\"@id\":\"https:\/\/sanluisinforma.com\/?p=13826#primaryimage\"},\"thumbnailUrl\":\"https:\/\/sanluisinforma.com\/wp-content\/uploads\/2025\/07\/28432bd8-b748-4bb7-ac8e-6b600b10e5f2.jpg\",\"datePublished\":\"2025-07-30T06:58:00+00:00\",\"dateModified\":\"2025-07-30T02:58:34+00:00\",\"breadcrumb\":{\"@id\":\"https:\/\/sanluisinforma.com\/?p=13826#breadcrumb\"},\"inLanguage\":\"es\",\"potentialAction\":[{\"@type\":\"ReadAction\",\"target\":[\"https:\/\/sanluisinforma.com\/?p=13826\"]}]},{\"@type\":\"ImageObject\",\"inLanguage\":\"es\",\"@id\":\"https:\/\/sanluisinforma.com\/?p=13826#primaryimage\",\"url\":\"https:\/\/sanluisinforma.com\/wp-content\/uploads\/2025\/07\/28432bd8-b748-4bb7-ac8e-6b600b10e5f2.jpg\",\"contentUrl\":\"https:\/\/sanluisinforma.com\/wp-content\/uploads\/2025\/07\/28432bd8-b748-4bb7-ac8e-6b600b10e5f2.jpg\",\"width\":400,\"height\":266},{\"@type\":\"BreadcrumbList\",\"@id\":\"https:\/\/sanluisinforma.com\/?p=13826#breadcrumb\",\"itemListElement\":[{\"@type\":\"ListItem\",\"position\":1,\"name\":\"Inicio\",\"item\":\"https:\/\/sanluisinforma.com\/\"},{\"@type\":\"ListItem\",\"position\":2,\"name\":\"Ricardo Gallardo entregara v\u00eda alterna sur para impulsar una movilidad sin l\u00edmites\"}]},{\"@type\":\"WebSite\",\"@id\":\"https:\/\/sanluisinforma.com\/#website\",\"url\":\"https:\/\/sanluisinforma.com\/\",\"name\":\"sanluisinforma.com\",\"description\":\"Periodico San Luis Informa\",\"publisher\":{\"@id\":\"https:\/\/sanluisinforma.com\/#organization\"},\"potentialAction\":[{\"@type\":\"SearchAction\",\"target\":{\"@type\":\"EntryPoint\",\"urlTemplate\":\"https:\/\/sanluisinforma.com\/?s={search_term_string}\"},\"query-input\":{\"@type\":\"PropertyValueSpecification\",\"valueRequired\":true,\"valueName\":\"search_term_string\"}}],\"inLanguage\":\"es\"},{\"@type\":\"Organization\",\"@id\":\"https:\/\/sanluisinforma.com\/#organization\",\"name\":\"sanluisinforma.com\",\"url\":\"https:\/\/sanluisinforma.com\/\",\"logo\":{\"@type\":\"ImageObject\",\"inLanguage\":\"es\",\"@id\":\"https:\/\/sanluisinforma.com\/#\/schema\/logo\/image\/\",\"url\":\"https:\/\/sanluisinforma.com\/wp-content\/uploads\/2026\/03\/sanluisinforma-V.jpg\",\"contentUrl\":\"https:\/\/sanluisinforma.com\/wp-content\/uploads\/2026\/03\/sanluisinforma-V.jpg\",\"width\":500,\"height\":156,\"caption\":\"sanluisinforma.com\"},\"image\":{\"@id\":\"https:\/\/sanluisinforma.com\/#\/schema\/logo\/image\/\"}},{\"@type\":\"Person\",\"@id\":\"https:\/\/sanluisinforma.com\/#\/schema\/person\/c30648f71476be533b6f59d092905c8b\",\"name\":\"sanluisinforma.com\",\"image\":{\"@type\":\"ImageObject\",\"inLanguage\":\"es\",\"@id\":\"https:\/\/sanluisinforma.com\/#\/schema\/person\/image\/\",\"url\":\"https:\/\/secure.gravatar.com\/avatar\/86e3114e34a1eecefb963e0a02f0093f93b092dddb2fe1517596343751081a87?s=96&d=mm&r=g\",\"contentUrl\":\"https:\/\/secure.gravatar.com\/avatar\/86e3114e34a1eecefb963e0a02f0093f93b092dddb2fe1517596343751081a87?s=96&d=mm&r=g\",\"caption\":\"sanluisinforma.com\"},\"url\":\"https:\/\/sanluisinforma.com\/?author=2\"}]}<\/script>\n<!-- \/ Yoast SEO plugin. -->","yoast_head_json":{"title":"Ricardo Gallardo entregara v\u00eda alterna sur para impulsar una movilidad sin l\u00edmites - sanluisinforma.com","robots":{"index":"index","follow":"follow","max-snippet":"max-snippet:-1","max-image-preview":"max-image-preview:large","max-video-preview":"max-video-preview:-1"},"canonical":"https:\/\/sanluisinforma.com\/?p=13826","og_locale":"es_MX","og_type":"article","og_title":"Ricardo Gallardo entregara v\u00eda alterna sur para impulsar una movilidad sin l\u00edmites - sanluisinforma.com","og_description":"Con una inversi\u00f3n de 700 millones de pesos, la obra beneficiar\u00e1 a miles de personas trabajadoras, que reducir\u00e1n tiempos de","og_url":"https:\/\/sanluisinforma.com\/?p=13826","og_site_name":"sanluisinforma.com","article_published_time":"2025-07-30T06:58:00+00:00","article_modified_time":"2025-07-30T02:58:34+00:00","og_image":[{"width":400,"height":266,"url":"https:\/\/sanluisinforma.com\/wp-content\/uploads\/2025\/07\/28432bd8-b748-4bb7-ac8e-6b600b10e5f2.jpg","type":"image\/jpeg"}],"author":"sanluisinforma.com","twitter_card":"summary_large_image","twitter_misc":{"Escrito por":"sanluisinforma.com","Tiempo de lectura":"2 minutos"},"schema":{"@context":"https:\/\/schema.org","@graph":[{"@type":"Article","@id":"https:\/\/sanluisinforma.com\/?p=13826#article","isPartOf":{"@id":"https:\/\/sanluisinforma.com\/?p=13826"},"author":{"name":"sanluisinforma.com","@id":"https:\/\/sanluisinforma.com\/#\/schema\/person\/c30648f71476be533b6f59d092905c8b"},"headline":"Ricardo Gallardo entregara v\u00eda alterna sur para impulsar una movilidad sin l\u00edmites","datePublished":"2025-07-30T06:58:00+00:00","dateModified":"2025-07-30T02:58:34+00:00","mainEntityOfPage":{"@id":"https:\/\/sanluisinforma.com\/?p=13826"},"wordCount":269,"publisher":{"@id":"https:\/\/sanluisinforma.com\/#organization"},"image":{"@id":"https:\/\/sanluisinforma.com\/?p=13826#primaryimage"},"thumbnailUrl":"https:\/\/sanluisinforma.com\/wp-content\/uploads\/2025\/07\/28432bd8-b748-4bb7-ac8e-6b600b10e5f2.jpg","articleSection":["Local","Portada"],"inLanguage":"es"},{"@type":"WebPage","@id":"https:\/\/sanluisinforma.com\/?p=13826","url":"https:\/\/sanluisinforma.com\/?p=13826","name":"Ricardo Gallardo entregara v\u00eda alterna sur para impulsar una movilidad sin l\u00edmites - sanluisinforma.com","isPartOf":{"@id":"https:\/\/sanluisinforma.com\/#website"},"primaryImageOfPage":{"@id":"https:\/\/sanluisinforma.com\/?p=13826#primaryimage"},"image":{"@id":"https:\/\/sanluisinforma.com\/?p=13826#primaryimage"},"thumbnailUrl":"https:\/\/sanluisinforma.com\/wp-content\/uploads\/2025\/07\/28432bd8-b748-4bb7-ac8e-6b600b10e5f2.jpg","datePublished":"2025-07-30T06:58:00+00:00","dateModified":"2025-07-30T02:58:34+00:00","breadcrumb":{"@id":"https:\/\/sanluisinforma.com\/?p=13826#breadcrumb"},"inLanguage":"es","potentialAction":[{"@type":"ReadAction","target":["https:\/\/sanluisinforma.com\/?p=13826"]}]},{"@type":"ImageObject","inLanguage":"es","@id":"https:\/\/sanluisinforma.com\/?p=13826#primaryimage","url":"https:\/\/sanluisinforma.com\/wp-content\/uploads\/2025\/07\/28432bd8-b748-4bb7-ac8e-6b600b10e5f2.jpg","contentUrl":"https:\/\/sanluisinforma.com\/wp-content\/uploads\/2025\/07\/28432bd8-b748-4bb7-ac8e-6b600b10e5f2.jpg","width":400,"height":266},{"@type":"BreadcrumbList","@id":"https:\/\/sanluisinforma.com\/?p=13826#breadcrumb","itemListElement":[{"@type":"ListItem","position":1,"name":"Inicio","item":"https:\/\/sanluisinforma.com\/"},{"@type":"ListItem","position":2,"name":"Ricardo Gallardo entregara v\u00eda alterna sur para impulsar una movilidad sin l\u00edmites"}]},{"@type":"WebSite","@id":"https:\/\/sanluisinforma.com\/#website","url":"https:\/\/sanluisinforma.com\/","name":"sanluisinforma.com","description":"Periodico San Luis Informa","publisher":{"@id":"https:\/\/sanluisinforma.com\/#organization"},"potentialAction":[{"@type":"SearchAction","target":{"@type":"EntryPoint","urlTemplate":"https:\/\/sanluisinforma.com\/?s={search_term_string}"},"query-input":{"@type":"PropertyValueSpecification","valueRequired":true,"valueName":"search_term_string"}}],"inLanguage":"es"},{"@type":"Organization","@id":"https:\/\/sanluisinforma.com\/#organization","name":"sanluisinforma.com","url":"https:\/\/sanluisinforma.com\/","logo":{"@type":"ImageObject","inLanguage":"es","@id":"https:\/\/sanluisinforma.com\/#\/schema\/logo\/image\/","url":"https:\/\/sanluisinforma.com\/wp-content\/uploads\/2026\/03\/sanluisinforma-V.jpg","contentUrl":"https:\/\/sanluisinforma.com\/wp-content\/uploads\/2026\/03\/sanluisinforma-V.jpg","width":500,"height":156,"caption":"sanluisinforma.com"},"image":{"@id":"https:\/\/sanluisinforma.com\/#\/schema\/logo\/image\/"}},{"@type":"Person","@id":"https:\/\/sanluisinforma.com\/#\/schema\/person\/c30648f71476be533b6f59d092905c8b","name":"sanluisinforma.com","image":{"@type":"ImageObject","inLanguage":"es","@id":"https:\/\/sanluisinforma.com\/#\/schema\/person\/image\/","url":"https:\/\/secure.gravatar.com\/avatar\/86e3114e34a1eecefb963e0a02f0093f93b092dddb2fe1517596343751081a87?s=96&d=mm&r=g","contentUrl":"https:\/\/secure.gravatar.com\/avatar\/86e3114e34a1eecefb963e0a02f0093f93b092dddb2fe1517596343751081a87?s=96&d=mm&r=g","caption":"sanluisinforma.com"},"url":"https:\/\/sanluisinforma.com\/?author=2"}]}},"_links":{"self":[{"href":"https:\/\/sanluisinforma.com\/index.php?rest_route=\/wp\/v2\/posts\/13826","targetHints":{"allow":["GET"]}}],"collection":[{"href":"https:\/\/sanluisinforma.com\/index.php?rest_route=\/wp\/v2\/posts"}],"about":[{"href":"https:\/\/sanluisinforma.com\/index.php?rest_route=\/wp\/v2\/types\/post"}],"author":[{"embeddable":true,"href":"https:\/\/sanluisinforma.com\/index.php?rest_route=\/wp\/v2\/users\/2"}],"replies":[{"embeddable":true,"href":"https:\/\/sanluisinforma.com\/index.php?rest_route=%2Fwp%2Fv2%2Fcomments&post=13826"}],"version-history":[{"count":1,"href":"https:\/\/sanluisinforma.com\/index.php?rest_route=\/wp\/v2\/posts\/13826\/revisions"}],"predecessor-version":[{"id":13828,"href":"https:\/\/sanluisinforma.com\/index.php?rest_route=\/wp\/v2\/posts\/13826\/revisions\/13828"}],"wp:featuredmedia":[{"embeddable":true,"href":"https:\/\/sanluisinforma.com\/index.php?rest_route=\/wp\/v2\/media\/13827"}],"wp:attachment":[{"href":"https:\/\/sanluisinforma.com\/index.php?rest_route=%2Fwp%2Fv2%2Fmedia&parent=13826"}],"wp:term":[{"taxonomy":"category","embeddable":true,"href":"https:\/\/sanluisinforma.com\/index.php?rest_route=%2Fwp%2Fv2%2Fcategories&post=13826"},{"taxonomy":"post_tag","embeddable":true,"href":"https:\/\/sanluisinforma.com\/index.php?rest_route=%2Fwp%2Fv2%2Ftags&post=13826"}],"curies":[{"name":"wp","href":"https:\/\/api.w.org\/{rel}","templated":true}]}}