{"id":13829,"date":"2025-07-30T00:30:00","date_gmt":"2025-07-30T06:30:00","guid":{"rendered":"https:\/\/sanluisinforma.com\/?p=13829"},"modified":"2025-07-29T20:59:00","modified_gmt":"2025-07-30T02:59:00","slug":"arena-potosi-sede-de-convencion-nacional-2025","status":"publish","type":"post","link":"https:\/\/sanluisinforma.com\/?p=13829","title":{"rendered":"Arena Potos\u00ed\u00a0 sede de Convenci\u00f3n Nacional \u00a02025"},"content":{"rendered":"\n<p><\/p>\n\n\n\n<p>Con la participaci\u00f3n de m\u00e1s de 16 mil visitantes internacionales de norte, centro y sudam\u00e9rica, as\u00ed como de Europa, se espera una millonaria derrama econ\u00f3mica.<\/p>\n\n\n\n<p>San Luis Potos\u00ed ser\u00e1 sede de la Convenci\u00f3n Nacional 2025 de la Iglesia Pentecostal Unida de M\u00e9xico en la majestuosa Arena Potos\u00ed que albergar\u00e1 a m\u00e1s de 16 mil visitantes internacionales de norte, centro y Sudam\u00e9rica, as\u00ed como de Europa, con una derrama econ\u00f3mica estimada de m\u00e1s de 30 millones de pesos para el sector tur\u00edstico, hotelero, restaurantero y de servicios.<\/p>\n\n\n\n<p>Resultado de la promoci\u00f3n sin l\u00edmites del Estado, las condiciones de desarrollo e infraestructura que impulsa el Gobernador Ricardo Gallardo Cardona, la consolidaci\u00f3n como un destino de negocios y convenciones, se pudieron concretar las fechas para llevar a cabo este gran evento, del primero al 3 de agosto del presente a\u00f1o, lo que contribuir\u00e1 al crecimiento del Estado.<\/p>\n","protected":false},"excerpt":{"rendered":"<p>Con la participaci\u00f3n de m\u00e1s de 16 mil visitantes internacionales de norte, centro y sudam\u00e9rica, as\u00ed como de Europa, se<\/p>\n","protected":false},"author":2,"featured_media":13830,"comment_status":"closed","ping_status":"closed","sticky":false,"template":"","format":"standard","meta":{"footnotes":""},"categories":[25],"tags":[],"class_list":["post-13829","post","type-post","status-publish","format-standard","has-post-thumbnail","hentry","category-local"],"yoast_head":"<!-- This site is optimized with the Yoast SEO plugin v24.1 - https:\/\/yoast.com\/wordpress\/plugins\/seo\/ -->\n<title>Arena Potos\u00ed\u00a0 sede de Convenci\u00f3n Nacional \u00a02025 - sanluisinforma.com<\/title>\n<meta name=\"robots\" content=\"index, follow, max-snippet:-1, max-image-preview:large, max-video-preview:-1\" \/>\n<link rel=\"canonical\" href=\"https:\/\/sanluisinforma.com\/?p=13829\" \/>\n<meta property=\"og:locale\" content=\"es_MX\" \/>\n<meta property=\"og:type\" content=\"article\" \/>\n<meta property=\"og:title\" content=\"Arena Potos\u00ed\u00a0 sede de Convenci\u00f3n Nacional \u00a02025 - sanluisinforma.com\" \/>\n<meta property=\"og:description\" content=\"Con la participaci\u00f3n de m\u00e1s de 16 mil visitantes internacionales de norte, centro y sudam\u00e9rica, as\u00ed como de Europa, se\" \/>\n<meta property=\"og:url\" content=\"https:\/\/sanluisinforma.com\/?p=13829\" \/>\n<meta property=\"og:site_name\" content=\"sanluisinforma.com\" \/>\n<meta property=\"article:published_time\" content=\"2025-07-30T06:30:00+00:00\" \/>\n<meta property=\"article:modified_time\" content=\"2025-07-30T02:59:00+00:00\" \/>\n<meta property=\"og:image\" content=\"https:\/\/sanluisinforma.com\/wp-content\/uploads\/2025\/07\/6fd9997b-c938-464b-8ca2-f1152e6c4390.jpg\" \/>\n\t<meta property=\"og:image:width\" content=\"400\" \/>\n\t<meta property=\"og:image:height\" content=\"521\" \/>\n\t<meta property=\"og:image:type\" content=\"image\/jpeg\" \/>\n<meta name=\"author\" content=\"sanluisinforma.com\" \/>\n<meta name=\"twitter:card\" content=\"summary_large_image\" \/>\n<meta name=\"twitter:label1\" content=\"Escrito por\" \/>\n\t<meta name=\"twitter:data1\" content=\"sanluisinforma.com\" \/>\n\t<meta name=\"twitter:label2\" content=\"Tiempo de lectura\" \/>\n\t<meta name=\"twitter:data2\" content=\"1 minuto\" \/>\n<script type=\"application\/ld+json\" class=\"yoast-schema-graph\">{\"@context\":\"https:\/\/schema.org\",\"@graph\":[{\"@type\":\"Article\",\"@id\":\"https:\/\/sanluisinforma.com\/?p=13829#article\",\"isPartOf\":{\"@id\":\"https:\/\/sanluisinforma.com\/?p=13829\"},\"author\":{\"name\":\"sanluisinforma.com\",\"@id\":\"https:\/\/sanluisinforma.com\/#\/schema\/person\/c30648f71476be533b6f59d092905c8b\"},\"headline\":\"Arena Potos\u00ed\u00a0 sede de Convenci\u00f3n Nacional \u00a02025\",\"datePublished\":\"2025-07-30T06:30:00+00:00\",\"dateModified\":\"2025-07-30T02:59:00+00:00\",\"mainEntityOfPage\":{\"@id\":\"https:\/\/sanluisinforma.com\/?p=13829\"},\"wordCount\":161,\"publisher\":{\"@id\":\"https:\/\/sanluisinforma.com\/#organization\"},\"image\":{\"@id\":\"https:\/\/sanluisinforma.com\/?p=13829#primaryimage\"},\"thumbnailUrl\":\"https:\/\/sanluisinforma.com\/wp-content\/uploads\/2025\/07\/6fd9997b-c938-464b-8ca2-f1152e6c4390.jpg\",\"articleSection\":[\"Local\"],\"inLanguage\":\"es\"},{\"@type\":\"WebPage\",\"@id\":\"https:\/\/sanluisinforma.com\/?p=13829\",\"url\":\"https:\/\/sanluisinforma.com\/?p=13829\",\"name\":\"Arena Potos\u00ed\u00a0 sede de Convenci\u00f3n Nacional \u00a02025 - sanluisinforma.com\",\"isPartOf\":{\"@id\":\"https:\/\/sanluisinforma.com\/#website\"},\"primaryImageOfPage\":{\"@id\":\"https:\/\/sanluisinforma.com\/?p=13829#primaryimage\"},\"image\":{\"@id\":\"https:\/\/sanluisinforma.com\/?p=13829#primaryimage\"},\"thumbnailUrl\":\"https:\/\/sanluisinforma.com\/wp-content\/uploads\/2025\/07\/6fd9997b-c938-464b-8ca2-f1152e6c4390.jpg\",\"datePublished\":\"2025-07-30T06:30:00+00:00\",\"dateModified\":\"2025-07-30T02:59:00+00:00\",\"breadcrumb\":{\"@id\":\"https:\/\/sanluisinforma.com\/?p=13829#breadcrumb\"},\"inLanguage\":\"es\",\"potentialAction\":[{\"@type\":\"ReadAction\",\"target\":[\"https:\/\/sanluisinforma.com\/?p=13829\"]}]},{\"@type\":\"ImageObject\",\"inLanguage\":\"es\",\"@id\":\"https:\/\/sanluisinforma.com\/?p=13829#primaryimage\",\"url\":\"https:\/\/sanluisinforma.com\/wp-content\/uploads\/2025\/07\/6fd9997b-c938-464b-8ca2-f1152e6c4390.jpg\",\"contentUrl\":\"https:\/\/sanluisinforma.com\/wp-content\/uploads\/2025\/07\/6fd9997b-c938-464b-8ca2-f1152e6c4390.jpg\",\"width\":400,\"height\":521},{\"@type\":\"BreadcrumbList\",\"@id\":\"https:\/\/sanluisinforma.com\/?p=13829#breadcrumb\",\"itemListElement\":[{\"@type\":\"ListItem\",\"position\":1,\"name\":\"Inicio\",\"item\":\"https:\/\/sanluisinforma.com\/\"},{\"@type\":\"ListItem\",\"position\":2,\"name\":\"Arena Potos\u00ed\u00a0 sede de Convenci\u00f3n Nacional \u00a02025\"}]},{\"@type\":\"WebSite\",\"@id\":\"https:\/\/sanluisinforma.com\/#website\",\"url\":\"https:\/\/sanluisinforma.com\/\",\"name\":\"sanluisinforma.com\",\"description\":\"Periodico San Luis Informa\",\"publisher\":{\"@id\":\"https:\/\/sanluisinforma.com\/#organization\"},\"potentialAction\":[{\"@type\":\"SearchAction\",\"target\":{\"@type\":\"EntryPoint\",\"urlTemplate\":\"https:\/\/sanluisinforma.com\/?s={search_term_string}\"},\"query-input\":{\"@type\":\"PropertyValueSpecification\",\"valueRequired\":true,\"valueName\":\"search_term_string\"}}],\"inLanguage\":\"es\"},{\"@type\":\"Organization\",\"@id\":\"https:\/\/sanluisinforma.com\/#organization\",\"name\":\"sanluisinforma.com\",\"url\":\"https:\/\/sanluisinforma.com\/\",\"logo\":{\"@type\":\"ImageObject\",\"inLanguage\":\"es\",\"@id\":\"https:\/\/sanluisinforma.com\/#\/schema\/logo\/image\/\",\"url\":\"https:\/\/sanluisinforma.com\/wp-content\/uploads\/2026\/03\/sanluisinforma-V.jpg\",\"contentUrl\":\"https:\/\/sanluisinforma.com\/wp-content\/uploads\/2026\/03\/sanluisinforma-V.jpg\",\"width\":500,\"height\":156,\"caption\":\"sanluisinforma.com\"},\"image\":{\"@id\":\"https:\/\/sanluisinforma.com\/#\/schema\/logo\/image\/\"}},{\"@type\":\"Person\",\"@id\":\"https:\/\/sanluisinforma.com\/#\/schema\/person\/c30648f71476be533b6f59d092905c8b\",\"name\":\"sanluisinforma.com\",\"image\":{\"@type\":\"ImageObject\",\"inLanguage\":\"es\",\"@id\":\"https:\/\/sanluisinforma.com\/#\/schema\/person\/image\/\",\"url\":\"https:\/\/secure.gravatar.com\/avatar\/86e3114e34a1eecefb963e0a02f0093f93b092dddb2fe1517596343751081a87?s=96&d=mm&r=g\",\"contentUrl\":\"https:\/\/secure.gravatar.com\/avatar\/86e3114e34a1eecefb963e0a02f0093f93b092dddb2fe1517596343751081a87?s=96&d=mm&r=g\",\"caption\":\"sanluisinforma.com\"},\"url\":\"https:\/\/sanluisinforma.com\/?author=2\"}]}<\/script>\n<!-- \/ Yoast SEO plugin. -->","yoast_head_json":{"title":"Arena Potos\u00ed\u00a0 sede de Convenci\u00f3n Nacional \u00a02025 - sanluisinforma.com","robots":{"index":"index","follow":"follow","max-snippet":"max-snippet:-1","max-image-preview":"max-image-preview:large","max-video-preview":"max-video-preview:-1"},"canonical":"https:\/\/sanluisinforma.com\/?p=13829","og_locale":"es_MX","og_type":"article","og_title":"Arena Potos\u00ed\u00a0 sede de Convenci\u00f3n Nacional \u00a02025 - sanluisinforma.com","og_description":"Con la participaci\u00f3n de m\u00e1s de 16 mil visitantes internacionales de norte, centro y sudam\u00e9rica, as\u00ed como de Europa, se","og_url":"https:\/\/sanluisinforma.com\/?p=13829","og_site_name":"sanluisinforma.com","article_published_time":"2025-07-30T06:30:00+00:00","article_modified_time":"2025-07-30T02:59:00+00:00","og_image":[{"width":400,"height":521,"url":"https:\/\/sanluisinforma.com\/wp-content\/uploads\/2025\/07\/6fd9997b-c938-464b-8ca2-f1152e6c4390.jpg","type":"image\/jpeg"}],"author":"sanluisinforma.com","twitter_card":"summary_large_image","twitter_misc":{"Escrito por":"sanluisinforma.com","Tiempo de lectura":"1 minuto"},"schema":{"@context":"https:\/\/schema.org","@graph":[{"@type":"Article","@id":"https:\/\/sanluisinforma.com\/?p=13829#article","isPartOf":{"@id":"https:\/\/sanluisinforma.com\/?p=13829"},"author":{"name":"sanluisinforma.com","@id":"https:\/\/sanluisinforma.com\/#\/schema\/person\/c30648f71476be533b6f59d092905c8b"},"headline":"Arena Potos\u00ed\u00a0 sede de Convenci\u00f3n Nacional \u00a02025","datePublished":"2025-07-30T06:30:00+00:00","dateModified":"2025-07-30T02:59:00+00:00","mainEntityOfPage":{"@id":"https:\/\/sanluisinforma.com\/?p=13829"},"wordCount":161,"publisher":{"@id":"https:\/\/sanluisinforma.com\/#organization"},"image":{"@id":"https:\/\/sanluisinforma.com\/?p=13829#primaryimage"},"thumbnailUrl":"https:\/\/sanluisinforma.com\/wp-content\/uploads\/2025\/07\/6fd9997b-c938-464b-8ca2-f1152e6c4390.jpg","articleSection":["Local"],"inLanguage":"es"},{"@type":"WebPage","@id":"https:\/\/sanluisinforma.com\/?p=13829","url":"https:\/\/sanluisinforma.com\/?p=13829","name":"Arena Potos\u00ed\u00a0 sede de Convenci\u00f3n Nacional \u00a02025 - sanluisinforma.com","isPartOf":{"@id":"https:\/\/sanluisinforma.com\/#website"},"primaryImageOfPage":{"@id":"https:\/\/sanluisinforma.com\/?p=13829#primaryimage"},"image":{"@id":"https:\/\/sanluisinforma.com\/?p=13829#primaryimage"},"thumbnailUrl":"https:\/\/sanluisinforma.com\/wp-content\/uploads\/2025\/07\/6fd9997b-c938-464b-8ca2-f1152e6c4390.jpg","datePublished":"2025-07-30T06:30:00+00:00","dateModified":"2025-07-30T02:59:00+00:00","breadcrumb":{"@id":"https:\/\/sanluisinforma.com\/?p=13829#breadcrumb"},"inLanguage":"es","potentialAction":[{"@type":"ReadAction","target":["https:\/\/sanluisinforma.com\/?p=13829"]}]},{"@type":"ImageObject","inLanguage":"es","@id":"https:\/\/sanluisinforma.com\/?p=13829#primaryimage","url":"https:\/\/sanluisinforma.com\/wp-content\/uploads\/2025\/07\/6fd9997b-c938-464b-8ca2-f1152e6c4390.jpg","contentUrl":"https:\/\/sanluisinforma.com\/wp-content\/uploads\/2025\/07\/6fd9997b-c938-464b-8ca2-f1152e6c4390.jpg","width":400,"height":521},{"@type":"BreadcrumbList","@id":"https:\/\/sanluisinforma.com\/?p=13829#breadcrumb","itemListElement":[{"@type":"ListItem","position":1,"name":"Inicio","item":"https:\/\/sanluisinforma.com\/"},{"@type":"ListItem","position":2,"name":"Arena Potos\u00ed\u00a0 sede de Convenci\u00f3n Nacional \u00a02025"}]},{"@type":"WebSite","@id":"https:\/\/sanluisinforma.com\/#website","url":"https:\/\/sanluisinforma.com\/","name":"sanluisinforma.com","description":"Periodico San Luis Informa","publisher":{"@id":"https:\/\/sanluisinforma.com\/#organization"},"potentialAction":[{"@type":"SearchAction","target":{"@type":"EntryPoint","urlTemplate":"https:\/\/sanluisinforma.com\/?s={search_term_string}"},"query-input":{"@type":"PropertyValueSpecification","valueRequired":true,"valueName":"search_term_string"}}],"inLanguage":"es"},{"@type":"Organization","@id":"https:\/\/sanluisinforma.com\/#organization","name":"sanluisinforma.com","url":"https:\/\/sanluisinforma.com\/","logo":{"@type":"ImageObject","inLanguage":"es","@id":"https:\/\/sanluisinforma.com\/#\/schema\/logo\/image\/","url":"https:\/\/sanluisinforma.com\/wp-content\/uploads\/2026\/03\/sanluisinforma-V.jpg","contentUrl":"https:\/\/sanluisinforma.com\/wp-content\/uploads\/2026\/03\/sanluisinforma-V.jpg","width":500,"height":156,"caption":"sanluisinforma.com"},"image":{"@id":"https:\/\/sanluisinforma.com\/#\/schema\/logo\/image\/"}},{"@type":"Person","@id":"https:\/\/sanluisinforma.com\/#\/schema\/person\/c30648f71476be533b6f59d092905c8b","name":"sanluisinforma.com","image":{"@type":"ImageObject","inLanguage":"es","@id":"https:\/\/sanluisinforma.com\/#\/schema\/person\/image\/","url":"https:\/\/secure.gravatar.com\/avatar\/86e3114e34a1eecefb963e0a02f0093f93b092dddb2fe1517596343751081a87?s=96&d=mm&r=g","contentUrl":"https:\/\/secure.gravatar.com\/avatar\/86e3114e34a1eecefb963e0a02f0093f93b092dddb2fe1517596343751081a87?s=96&d=mm&r=g","caption":"sanluisinforma.com"},"url":"https:\/\/sanluisinforma.com\/?author=2"}]}},"_links":{"self":[{"href":"https:\/\/sanluisinforma.com\/index.php?rest_route=\/wp\/v2\/posts\/13829","targetHints":{"allow":["GET"]}}],"collection":[{"href":"https:\/\/sanluisinforma.com\/index.php?rest_route=\/wp\/v2\/posts"}],"about":[{"href":"https:\/\/sanluisinforma.com\/index.php?rest_route=\/wp\/v2\/types\/post"}],"author":[{"embeddable":true,"href":"https:\/\/sanluisinforma.com\/index.php?rest_route=\/wp\/v2\/users\/2"}],"replies":[{"embeddable":true,"href":"https:\/\/sanluisinforma.com\/index.php?rest_route=%2Fwp%2Fv2%2Fcomments&post=13829"}],"version-history":[{"count":1,"href":"https:\/\/sanluisinforma.com\/index.php?rest_route=\/wp\/v2\/posts\/13829\/revisions"}],"predecessor-version":[{"id":13831,"href":"https:\/\/sanluisinforma.com\/index.php?rest_route=\/wp\/v2\/posts\/13829\/revisions\/13831"}],"wp:featuredmedia":[{"embeddable":true,"href":"https:\/\/sanluisinforma.com\/index.php?rest_route=\/wp\/v2\/media\/13830"}],"wp:attachment":[{"href":"https:\/\/sanluisinforma.com\/index.php?rest_route=%2Fwp%2Fv2%2Fmedia&parent=13829"}],"wp:term":[{"taxonomy":"category","embeddable":true,"href":"https:\/\/sanluisinforma.com\/index.php?rest_route=%2Fwp%2Fv2%2Fcategories&post=13829"},{"taxonomy":"post_tag","embeddable":true,"href":"https:\/\/sanluisinforma.com\/index.php?rest_route=%2Fwp%2Fv2%2Ftags&post=13829"}],"curies":[{"name":"wp","href":"https:\/\/api.w.org\/{rel}","templated":true}]}}