{"id":13835,"date":"2025-07-30T00:50:00","date_gmt":"2025-07-30T06:50:00","guid":{"rendered":"https:\/\/sanluisinforma.com\/?p=13835"},"modified":"2025-07-29T21:40:07","modified_gmt":"2025-07-30T03:40:07","slug":"presidenta-del-dif-municipal-estela-arriaga-se-compromete-a-enviar-medico-y-enfermeria-a-terrero-sur","status":"publish","type":"post","link":"https:\/\/sanluisinforma.com\/?p=13835","title":{"rendered":"Presidenta del DIF Municipal, Estela Arriaga se compromete a enviar m\u00e9dico y enfermer\u00eda a Terrero Sur"},"content":{"rendered":"\n<p>Celebran habitantes de La Pila el compromiso del DIF Capitalino por acercar servicios m\u00e9dicos b\u00e1sicos a quien m\u00e1s lo requiere.<\/p>\n\n\n\n<p>La Presidenta del DIF Municipal garantiza atenci\u00f3n a Terrero Sur y comunidades cercanas.<\/p>\n\n\n\n<p>SLP.- En respuesta a la urgente necesidad de atenci\u00f3n m\u00e9dica expresada por habitantes de Terrero Sur, la Presidenta del DIF Municipal de San Luis Potos\u00ed, Estela Arriaga M\u00e1rquez, se comprometi\u00f3 p\u00fablicamente a enviar a la brevedad un m\u00e9dico y personal de enfermer\u00eda que brinden servicios en la casa de salud de la comunidad que funcionar\u00e1 tambi\u00e9n como Centro de Atenci\u00f3n Familiar (CAF).<\/p>\n\n\n\n<p>Al acudir a la inauguraci\u00f3n del Centro de Atenci\u00f3n Familiar (CAF) en la comunidad de Terrero Sur, en la Delegaci\u00f3n La Pila, el ex comisariado ejidal Jacinto Guti\u00e9rrez Alviso reconoci\u00f3 que la casa de salud fue construida con la intenci\u00f3n de brindar servicios m\u00e9dicos b\u00e1sicos, y celebr\u00f3 que, gracias al compromiso asumido por la Presidenta del DIF Municipal, Estela Arriaga M\u00e1rquez, finalmente comenzar\u00e1 a cumplir con su prop\u00f3sito de atender a las familias de esta comunidad y otras cercanas que requieren atenci\u00f3n oportuna.<\/p>\n\n\n\n<p>La Presidenta del DIF Estela Arriaga reconoci\u00f3 la situaci\u00f3n y reiter\u00f3 que en esta administraci\u00f3n se trabaja bajo la premisa de atender a todas las personas, especialmente a quienes viven en zonas m\u00e1s alejadas. \u201cNos vamos a hacer cargo. El DIF est\u00e1 para servir, y vamos a responder\u201d, asegur\u00f3.<\/p>\n\n\n\n<p>El compromiso incluye el env\u00edo de personal m\u00e9dico y de enfermer\u00eda de forma peri\u00f3dica para cubrir las necesidades b\u00e1sicas de salud de la poblaci\u00f3n, como parte del esfuerzo por garantizar el acceso digno y equitativo a los servicios m\u00e1s esenciales.<\/p>\n\n\n\n<p><\/p>\n\n\n\n<p><\/p>\n","protected":false},"excerpt":{"rendered":"<p>Celebran habitantes de La Pila el compromiso del DIF Capitalino por acercar servicios m\u00e9dicos b\u00e1sicos a quien m\u00e1s lo requiere.<\/p>\n","protected":false},"author":2,"featured_media":13836,"comment_status":"closed","ping_status":"closed","sticky":false,"template":"","format":"standard","meta":{"footnotes":""},"categories":[25,30],"tags":[],"class_list":["post-13835","post","type-post","status-publish","format-standard","has-post-thumbnail","hentry","category-local","category-portada"],"yoast_head":"<!-- This site is optimized with the Yoast SEO plugin v24.1 - https:\/\/yoast.com\/wordpress\/plugins\/seo\/ -->\n<title>Presidenta del DIF Municipal, Estela Arriaga se compromete a enviar m\u00e9dico y enfermer\u00eda a Terrero Sur - sanluisinforma.com<\/title>\n<meta name=\"robots\" content=\"index, follow, max-snippet:-1, max-image-preview:large, max-video-preview:-1\" \/>\n<link rel=\"canonical\" href=\"https:\/\/sanluisinforma.com\/?p=13835\" \/>\n<meta property=\"og:locale\" content=\"es_MX\" \/>\n<meta property=\"og:type\" content=\"article\" \/>\n<meta property=\"og:title\" content=\"Presidenta del DIF Municipal, Estela Arriaga se compromete a enviar m\u00e9dico y enfermer\u00eda a Terrero Sur - sanluisinforma.com\" \/>\n<meta property=\"og:description\" content=\"Celebran habitantes de La Pila el compromiso del DIF Capitalino por acercar servicios m\u00e9dicos b\u00e1sicos a quien m\u00e1s lo requiere.\" \/>\n<meta property=\"og:url\" content=\"https:\/\/sanluisinforma.com\/?p=13835\" \/>\n<meta property=\"og:site_name\" content=\"sanluisinforma.com\" \/>\n<meta property=\"article:published_time\" content=\"2025-07-30T06:50:00+00:00\" \/>\n<meta property=\"article:modified_time\" content=\"2025-07-30T03:40:07+00:00\" \/>\n<meta property=\"og:image\" content=\"https:\/\/sanluisinforma.com\/wp-content\/uploads\/2025\/07\/ef13a164-670f-4a6b-906b-a271625c61aa.jpg\" \/>\n\t<meta property=\"og:image:width\" content=\"400\" \/>\n\t<meta property=\"og:image:height\" content=\"266\" \/>\n\t<meta property=\"og:image:type\" content=\"image\/jpeg\" \/>\n<meta name=\"author\" content=\"sanluisinforma.com\" \/>\n<meta name=\"twitter:card\" content=\"summary_large_image\" \/>\n<meta name=\"twitter:label1\" content=\"Escrito por\" \/>\n\t<meta name=\"twitter:data1\" content=\"sanluisinforma.com\" \/>\n\t<meta name=\"twitter:label2\" content=\"Tiempo de lectura\" \/>\n\t<meta name=\"twitter:data2\" content=\"2 minutos\" \/>\n<script type=\"application\/ld+json\" class=\"yoast-schema-graph\">{\"@context\":\"https:\/\/schema.org\",\"@graph\":[{\"@type\":\"Article\",\"@id\":\"https:\/\/sanluisinforma.com\/?p=13835#article\",\"isPartOf\":{\"@id\":\"https:\/\/sanluisinforma.com\/?p=13835\"},\"author\":{\"name\":\"sanluisinforma.com\",\"@id\":\"https:\/\/sanluisinforma.com\/#\/schema\/person\/c30648f71476be533b6f59d092905c8b\"},\"headline\":\"Presidenta del DIF Municipal, Estela Arriaga se compromete a enviar m\u00e9dico y enfermer\u00eda a Terrero Sur\",\"datePublished\":\"2025-07-30T06:50:00+00:00\",\"dateModified\":\"2025-07-30T03:40:07+00:00\",\"mainEntityOfPage\":{\"@id\":\"https:\/\/sanluisinforma.com\/?p=13835\"},\"wordCount\":318,\"publisher\":{\"@id\":\"https:\/\/sanluisinforma.com\/#organization\"},\"image\":{\"@id\":\"https:\/\/sanluisinforma.com\/?p=13835#primaryimage\"},\"thumbnailUrl\":\"https:\/\/sanluisinforma.com\/wp-content\/uploads\/2025\/07\/ef13a164-670f-4a6b-906b-a271625c61aa.jpg\",\"articleSection\":[\"Local\",\"Portada\"],\"inLanguage\":\"es\"},{\"@type\":\"WebPage\",\"@id\":\"https:\/\/sanluisinforma.com\/?p=13835\",\"url\":\"https:\/\/sanluisinforma.com\/?p=13835\",\"name\":\"Presidenta del DIF Municipal, Estela Arriaga se compromete a enviar m\u00e9dico y enfermer\u00eda a Terrero Sur - sanluisinforma.com\",\"isPartOf\":{\"@id\":\"https:\/\/sanluisinforma.com\/#website\"},\"primaryImageOfPage\":{\"@id\":\"https:\/\/sanluisinforma.com\/?p=13835#primaryimage\"},\"image\":{\"@id\":\"https:\/\/sanluisinforma.com\/?p=13835#primaryimage\"},\"thumbnailUrl\":\"https:\/\/sanluisinforma.com\/wp-content\/uploads\/2025\/07\/ef13a164-670f-4a6b-906b-a271625c61aa.jpg\",\"datePublished\":\"2025-07-30T06:50:00+00:00\",\"dateModified\":\"2025-07-30T03:40:07+00:00\",\"breadcrumb\":{\"@id\":\"https:\/\/sanluisinforma.com\/?p=13835#breadcrumb\"},\"inLanguage\":\"es\",\"potentialAction\":[{\"@type\":\"ReadAction\",\"target\":[\"https:\/\/sanluisinforma.com\/?p=13835\"]}]},{\"@type\":\"ImageObject\",\"inLanguage\":\"es\",\"@id\":\"https:\/\/sanluisinforma.com\/?p=13835#primaryimage\",\"url\":\"https:\/\/sanluisinforma.com\/wp-content\/uploads\/2025\/07\/ef13a164-670f-4a6b-906b-a271625c61aa.jpg\",\"contentUrl\":\"https:\/\/sanluisinforma.com\/wp-content\/uploads\/2025\/07\/ef13a164-670f-4a6b-906b-a271625c61aa.jpg\",\"width\":400,\"height\":266},{\"@type\":\"BreadcrumbList\",\"@id\":\"https:\/\/sanluisinforma.com\/?p=13835#breadcrumb\",\"itemListElement\":[{\"@type\":\"ListItem\",\"position\":1,\"name\":\"Inicio\",\"item\":\"https:\/\/sanluisinforma.com\/\"},{\"@type\":\"ListItem\",\"position\":2,\"name\":\"Presidenta del DIF Municipal, Estela Arriaga se compromete a enviar m\u00e9dico y enfermer\u00eda a Terrero Sur\"}]},{\"@type\":\"WebSite\",\"@id\":\"https:\/\/sanluisinforma.com\/#website\",\"url\":\"https:\/\/sanluisinforma.com\/\",\"name\":\"sanluisinforma.com\",\"description\":\"Periodico San Luis Informa\",\"publisher\":{\"@id\":\"https:\/\/sanluisinforma.com\/#organization\"},\"potentialAction\":[{\"@type\":\"SearchAction\",\"target\":{\"@type\":\"EntryPoint\",\"urlTemplate\":\"https:\/\/sanluisinforma.com\/?s={search_term_string}\"},\"query-input\":{\"@type\":\"PropertyValueSpecification\",\"valueRequired\":true,\"valueName\":\"search_term_string\"}}],\"inLanguage\":\"es\"},{\"@type\":\"Organization\",\"@id\":\"https:\/\/sanluisinforma.com\/#organization\",\"name\":\"sanluisinforma.com\",\"url\":\"https:\/\/sanluisinforma.com\/\",\"logo\":{\"@type\":\"ImageObject\",\"inLanguage\":\"es\",\"@id\":\"https:\/\/sanluisinforma.com\/#\/schema\/logo\/image\/\",\"url\":\"https:\/\/sanluisinforma.com\/wp-content\/uploads\/2026\/03\/sanluisinforma-V.jpg\",\"contentUrl\":\"https:\/\/sanluisinforma.com\/wp-content\/uploads\/2026\/03\/sanluisinforma-V.jpg\",\"width\":500,\"height\":156,\"caption\":\"sanluisinforma.com\"},\"image\":{\"@id\":\"https:\/\/sanluisinforma.com\/#\/schema\/logo\/image\/\"}},{\"@type\":\"Person\",\"@id\":\"https:\/\/sanluisinforma.com\/#\/schema\/person\/c30648f71476be533b6f59d092905c8b\",\"name\":\"sanluisinforma.com\",\"image\":{\"@type\":\"ImageObject\",\"inLanguage\":\"es\",\"@id\":\"https:\/\/sanluisinforma.com\/#\/schema\/person\/image\/\",\"url\":\"https:\/\/secure.gravatar.com\/avatar\/86e3114e34a1eecefb963e0a02f0093f93b092dddb2fe1517596343751081a87?s=96&d=mm&r=g\",\"contentUrl\":\"https:\/\/secure.gravatar.com\/avatar\/86e3114e34a1eecefb963e0a02f0093f93b092dddb2fe1517596343751081a87?s=96&d=mm&r=g\",\"caption\":\"sanluisinforma.com\"},\"url\":\"https:\/\/sanluisinforma.com\/?author=2\"}]}<\/script>\n<!-- \/ Yoast SEO plugin. -->","yoast_head_json":{"title":"Presidenta del DIF Municipal, Estela Arriaga se compromete a enviar m\u00e9dico y enfermer\u00eda a Terrero Sur - sanluisinforma.com","robots":{"index":"index","follow":"follow","max-snippet":"max-snippet:-1","max-image-preview":"max-image-preview:large","max-video-preview":"max-video-preview:-1"},"canonical":"https:\/\/sanluisinforma.com\/?p=13835","og_locale":"es_MX","og_type":"article","og_title":"Presidenta del DIF Municipal, Estela Arriaga se compromete a enviar m\u00e9dico y enfermer\u00eda a Terrero Sur - sanluisinforma.com","og_description":"Celebran habitantes de La Pila el compromiso del DIF Capitalino por acercar servicios m\u00e9dicos b\u00e1sicos a quien m\u00e1s lo requiere.","og_url":"https:\/\/sanluisinforma.com\/?p=13835","og_site_name":"sanluisinforma.com","article_published_time":"2025-07-30T06:50:00+00:00","article_modified_time":"2025-07-30T03:40:07+00:00","og_image":[{"width":400,"height":266,"url":"https:\/\/sanluisinforma.com\/wp-content\/uploads\/2025\/07\/ef13a164-670f-4a6b-906b-a271625c61aa.jpg","type":"image\/jpeg"}],"author":"sanluisinforma.com","twitter_card":"summary_large_image","twitter_misc":{"Escrito por":"sanluisinforma.com","Tiempo de lectura":"2 minutos"},"schema":{"@context":"https:\/\/schema.org","@graph":[{"@type":"Article","@id":"https:\/\/sanluisinforma.com\/?p=13835#article","isPartOf":{"@id":"https:\/\/sanluisinforma.com\/?p=13835"},"author":{"name":"sanluisinforma.com","@id":"https:\/\/sanluisinforma.com\/#\/schema\/person\/c30648f71476be533b6f59d092905c8b"},"headline":"Presidenta del DIF Municipal, Estela Arriaga se compromete a enviar m\u00e9dico y enfermer\u00eda a Terrero Sur","datePublished":"2025-07-30T06:50:00+00:00","dateModified":"2025-07-30T03:40:07+00:00","mainEntityOfPage":{"@id":"https:\/\/sanluisinforma.com\/?p=13835"},"wordCount":318,"publisher":{"@id":"https:\/\/sanluisinforma.com\/#organization"},"image":{"@id":"https:\/\/sanluisinforma.com\/?p=13835#primaryimage"},"thumbnailUrl":"https:\/\/sanluisinforma.com\/wp-content\/uploads\/2025\/07\/ef13a164-670f-4a6b-906b-a271625c61aa.jpg","articleSection":["Local","Portada"],"inLanguage":"es"},{"@type":"WebPage","@id":"https:\/\/sanluisinforma.com\/?p=13835","url":"https:\/\/sanluisinforma.com\/?p=13835","name":"Presidenta del DIF Municipal, Estela Arriaga se compromete a enviar m\u00e9dico y enfermer\u00eda a Terrero Sur - sanluisinforma.com","isPartOf":{"@id":"https:\/\/sanluisinforma.com\/#website"},"primaryImageOfPage":{"@id":"https:\/\/sanluisinforma.com\/?p=13835#primaryimage"},"image":{"@id":"https:\/\/sanluisinforma.com\/?p=13835#primaryimage"},"thumbnailUrl":"https:\/\/sanluisinforma.com\/wp-content\/uploads\/2025\/07\/ef13a164-670f-4a6b-906b-a271625c61aa.jpg","datePublished":"2025-07-30T06:50:00+00:00","dateModified":"2025-07-30T03:40:07+00:00","breadcrumb":{"@id":"https:\/\/sanluisinforma.com\/?p=13835#breadcrumb"},"inLanguage":"es","potentialAction":[{"@type":"ReadAction","target":["https:\/\/sanluisinforma.com\/?p=13835"]}]},{"@type":"ImageObject","inLanguage":"es","@id":"https:\/\/sanluisinforma.com\/?p=13835#primaryimage","url":"https:\/\/sanluisinforma.com\/wp-content\/uploads\/2025\/07\/ef13a164-670f-4a6b-906b-a271625c61aa.jpg","contentUrl":"https:\/\/sanluisinforma.com\/wp-content\/uploads\/2025\/07\/ef13a164-670f-4a6b-906b-a271625c61aa.jpg","width":400,"height":266},{"@type":"BreadcrumbList","@id":"https:\/\/sanluisinforma.com\/?p=13835#breadcrumb","itemListElement":[{"@type":"ListItem","position":1,"name":"Inicio","item":"https:\/\/sanluisinforma.com\/"},{"@type":"ListItem","position":2,"name":"Presidenta del DIF Municipal, Estela Arriaga se compromete a enviar m\u00e9dico y enfermer\u00eda a Terrero Sur"}]},{"@type":"WebSite","@id":"https:\/\/sanluisinforma.com\/#website","url":"https:\/\/sanluisinforma.com\/","name":"sanluisinforma.com","description":"Periodico San Luis Informa","publisher":{"@id":"https:\/\/sanluisinforma.com\/#organization"},"potentialAction":[{"@type":"SearchAction","target":{"@type":"EntryPoint","urlTemplate":"https:\/\/sanluisinforma.com\/?s={search_term_string}"},"query-input":{"@type":"PropertyValueSpecification","valueRequired":true,"valueName":"search_term_string"}}],"inLanguage":"es"},{"@type":"Organization","@id":"https:\/\/sanluisinforma.com\/#organization","name":"sanluisinforma.com","url":"https:\/\/sanluisinforma.com\/","logo":{"@type":"ImageObject","inLanguage":"es","@id":"https:\/\/sanluisinforma.com\/#\/schema\/logo\/image\/","url":"https:\/\/sanluisinforma.com\/wp-content\/uploads\/2026\/03\/sanluisinforma-V.jpg","contentUrl":"https:\/\/sanluisinforma.com\/wp-content\/uploads\/2026\/03\/sanluisinforma-V.jpg","width":500,"height":156,"caption":"sanluisinforma.com"},"image":{"@id":"https:\/\/sanluisinforma.com\/#\/schema\/logo\/image\/"}},{"@type":"Person","@id":"https:\/\/sanluisinforma.com\/#\/schema\/person\/c30648f71476be533b6f59d092905c8b","name":"sanluisinforma.com","image":{"@type":"ImageObject","inLanguage":"es","@id":"https:\/\/sanluisinforma.com\/#\/schema\/person\/image\/","url":"https:\/\/secure.gravatar.com\/avatar\/86e3114e34a1eecefb963e0a02f0093f93b092dddb2fe1517596343751081a87?s=96&d=mm&r=g","contentUrl":"https:\/\/secure.gravatar.com\/avatar\/86e3114e34a1eecefb963e0a02f0093f93b092dddb2fe1517596343751081a87?s=96&d=mm&r=g","caption":"sanluisinforma.com"},"url":"https:\/\/sanluisinforma.com\/?author=2"}]}},"_links":{"self":[{"href":"https:\/\/sanluisinforma.com\/index.php?rest_route=\/wp\/v2\/posts\/13835","targetHints":{"allow":["GET"]}}],"collection":[{"href":"https:\/\/sanluisinforma.com\/index.php?rest_route=\/wp\/v2\/posts"}],"about":[{"href":"https:\/\/sanluisinforma.com\/index.php?rest_route=\/wp\/v2\/types\/post"}],"author":[{"embeddable":true,"href":"https:\/\/sanluisinforma.com\/index.php?rest_route=\/wp\/v2\/users\/2"}],"replies":[{"embeddable":true,"href":"https:\/\/sanluisinforma.com\/index.php?rest_route=%2Fwp%2Fv2%2Fcomments&post=13835"}],"version-history":[{"count":1,"href":"https:\/\/sanluisinforma.com\/index.php?rest_route=\/wp\/v2\/posts\/13835\/revisions"}],"predecessor-version":[{"id":13837,"href":"https:\/\/sanluisinforma.com\/index.php?rest_route=\/wp\/v2\/posts\/13835\/revisions\/13837"}],"wp:featuredmedia":[{"embeddable":true,"href":"https:\/\/sanluisinforma.com\/index.php?rest_route=\/wp\/v2\/media\/13836"}],"wp:attachment":[{"href":"https:\/\/sanluisinforma.com\/index.php?rest_route=%2Fwp%2Fv2%2Fmedia&parent=13835"}],"wp:term":[{"taxonomy":"category","embeddable":true,"href":"https:\/\/sanluisinforma.com\/index.php?rest_route=%2Fwp%2Fv2%2Fcategories&post=13835"},{"taxonomy":"post_tag","embeddable":true,"href":"https:\/\/sanluisinforma.com\/index.php?rest_route=%2Fwp%2Fv2%2Ftags&post=13835"}],"curies":[{"name":"wp","href":"https:\/\/api.w.org\/{rel}","templated":true}]}}