{"id":13861,"date":"2025-07-31T00:50:00","date_gmt":"2025-07-31T06:50:00","guid":{"rendered":"https:\/\/sanluisinforma.com\/?p=13861"},"modified":"2025-07-30T20:39:39","modified_gmt":"2025-07-31T02:39:39","slug":"san-luis-capital-celebra-con-orgullo-el-xv-aniversario-como-patrimonio-mundial-de-la-unesco","status":"publish","type":"post","link":"https:\/\/sanluisinforma.com\/?p=13861","title":{"rendered":"San Luis Capital celebra con orgullo el XV Aniversario como Patrimonio Mundial de la Unesco"},"content":{"rendered":"\n<ul class=\"wp-block-list\">\n<li>El Alcalde Enrique Galindo reafirma su compromiso con la preservaci\u00f3n del Centro Hist\u00f3rico, destacando acciones que posicionan a San Luis como referente global en sostenibilidad, inclusi\u00f3n y promoci\u00f3n cultural del Camino Real de Tierra Adentro.<\/li>\n\n\n\n<li>En la quinta Sesi\u00f3n Solemne de Cabildo, el Presidente Municipal Enrique Galindo Ceballos puntualiz\u00f3 en el XV Aniversario de la inscripci\u00f3n del Camino Real de Tierra Adentro y por tanto de San Luis Capital como Patrimonio Mundial de la Unesco, que la ciudad en los \u00faltimo a\u00f1os no s\u00f3lo conserva sino potencializa esta declaratoria con acciones concretas de preservaci\u00f3n del primer cuadro de San Luis Potos\u00ed. Ante personalidades representantes de Ciudades Patrimonio de M\u00e9xico y del Mundo, el Alcalde reafirm\u00f3 el compromiso de mantener &#8220;el Centro Hist\u00f3rico de manera vibrante, porque somos de las pocas ciudades en el pa\u00eds que tienen este nombramiento, por ello, la importancia de seguir creciendo con equilibrio, adem\u00e1s de ratificar nuestro compromiso con la conservaci\u00f3n y cuidado del Centro Hist\u00f3rico&#8221;.<\/li>\n<\/ul>\n\n\n\n<p>Al tomar la palabra en esta sesi\u00f3n Solemne, la Consultora Experta de la Organizaci\u00f3n de Ciudades Patrimonio Mundial, Berenice Vidal Castel\u00e1n resalt\u00f3 que se construye junto con San Luis Capital una nueva din\u00e1mica, acciones y una estrategia integral para implementarse en las m\u00e1s de 200 Ciudades Patrimonio Mundial, con el prop\u00f3sito de que sean incluyentes, sostenibles y sustentables, &#8220;no s\u00f3lo con discursos, sino con una aut\u00e9ntica participaci\u00f3n de la ciudadan\u00eda&#8221;. Celebr\u00f3 tambi\u00e9n la actualizacion del Programa Parcial de Conservaci\u00f3n y Desarrollo Urbano del Centro Hist\u00f3rico, al ser un documento fundamental para su preservaci\u00f3n.<\/p>\n\n\n\n<p>En su intervenci\u00f3n, el Director de la Asociaci\u00f3n Nacional de Ciudades Mexicanas del Patrimonio Mundial, Jorge Ortega Gonz\u00e1lez, destac\u00f3 los retos para tener un equilibrio entre la modernidad y historia y cultura, en estos espacios vitales para la ciudades contempor\u00e1neas, a la par del impulso al turismo cultural para que los centros hist\u00f3ricos sean m\u00e1s atractivos y competitivos no s\u00f3lo para trabajar sino para invertir y por supuesto para visitar. &#8220;Este aniversario brinda la oportunidad para resaltar el Centro Hist\u00f3rico de San Luis Capital, as\u00ed como el buen manejo por parte del Gobierno Municipal, que tambi\u00e9n se destaca en materia de&nbsp; inclusi\u00f3n y accesibilidad, puesto que el Alcalde, Enrique Galindo proyecta a San Luis de manera nacional e internacional, con pol\u00edticas que tienen como punto central la cultura&#8221;.<\/p>\n\n\n\n<p>Tanto la representante de la Organizaci\u00f3n de Ciudades Patrimonio Mundial y de la Asociaci\u00f3n Nacional de Ciudades Mexicanas del Patrimonio Mundial entregaron al Presidente Municipal Enrique Galindo reconocimientos por su liderazgo y acciones a favor del Centro Hist\u00f3rico Capitalino.<\/p>\n","protected":false},"excerpt":{"rendered":"<p>Al tomar la palabra en esta sesi\u00f3n Solemne, la Consultora Experta de la Organizaci\u00f3n de Ciudades Patrimonio Mundial, Berenice Vidal<\/p>\n","protected":false},"author":2,"featured_media":13862,"comment_status":"closed","ping_status":"closed","sticky":false,"template":"","format":"standard","meta":{"footnotes":""},"categories":[25,30],"tags":[],"class_list":["post-13861","post","type-post","status-publish","format-standard","has-post-thumbnail","hentry","category-local","category-portada"],"yoast_head":"<!-- This site is optimized with the Yoast SEO plugin v24.1 - https:\/\/yoast.com\/wordpress\/plugins\/seo\/ -->\n<title>San Luis Capital celebra con orgullo el XV Aniversario como Patrimonio Mundial de la Unesco - sanluisinforma.com<\/title>\n<meta name=\"robots\" content=\"index, follow, max-snippet:-1, max-image-preview:large, max-video-preview:-1\" \/>\n<link rel=\"canonical\" href=\"https:\/\/sanluisinforma.com\/?p=13861\" \/>\n<meta property=\"og:locale\" content=\"es_MX\" \/>\n<meta property=\"og:type\" content=\"article\" \/>\n<meta property=\"og:title\" content=\"San Luis Capital celebra con orgullo el XV Aniversario como Patrimonio Mundial de la Unesco - sanluisinforma.com\" \/>\n<meta property=\"og:description\" content=\"Al tomar la palabra en esta sesi\u00f3n Solemne, la Consultora Experta de la Organizaci\u00f3n de Ciudades Patrimonio Mundial, Berenice Vidal\" \/>\n<meta property=\"og:url\" content=\"https:\/\/sanluisinforma.com\/?p=13861\" \/>\n<meta property=\"og:site_name\" content=\"sanluisinforma.com\" \/>\n<meta property=\"article:published_time\" content=\"2025-07-31T06:50:00+00:00\" \/>\n<meta property=\"article:modified_time\" content=\"2025-07-31T02:39:39+00:00\" \/>\n<meta property=\"og:image\" content=\"https:\/\/sanluisinforma.com\/wp-content\/uploads\/2025\/07\/32e257fd-a66d-4410-888e-3580c03268bd.jpg\" \/>\n\t<meta property=\"og:image:width\" content=\"400\" \/>\n\t<meta property=\"og:image:height\" content=\"266\" \/>\n\t<meta property=\"og:image:type\" content=\"image\/jpeg\" \/>\n<meta name=\"author\" content=\"sanluisinforma.com\" \/>\n<meta name=\"twitter:card\" content=\"summary_large_image\" \/>\n<meta name=\"twitter:label1\" content=\"Escrito por\" \/>\n\t<meta name=\"twitter:data1\" content=\"sanluisinforma.com\" \/>\n\t<meta name=\"twitter:label2\" content=\"Tiempo de lectura\" \/>\n\t<meta name=\"twitter:data2\" content=\"3 minutos\" \/>\n<script type=\"application\/ld+json\" class=\"yoast-schema-graph\">{\"@context\":\"https:\/\/schema.org\",\"@graph\":[{\"@type\":\"Article\",\"@id\":\"https:\/\/sanluisinforma.com\/?p=13861#article\",\"isPartOf\":{\"@id\":\"https:\/\/sanluisinforma.com\/?p=13861\"},\"author\":{\"name\":\"sanluisinforma.com\",\"@id\":\"https:\/\/sanluisinforma.com\/#\/schema\/person\/c30648f71476be533b6f59d092905c8b\"},\"headline\":\"San Luis Capital celebra con orgullo el XV Aniversario como Patrimonio Mundial de la Unesco\",\"datePublished\":\"2025-07-31T06:50:00+00:00\",\"dateModified\":\"2025-07-31T02:39:39+00:00\",\"mainEntityOfPage\":{\"@id\":\"https:\/\/sanluisinforma.com\/?p=13861\"},\"wordCount\":478,\"publisher\":{\"@id\":\"https:\/\/sanluisinforma.com\/#organization\"},\"image\":{\"@id\":\"https:\/\/sanluisinforma.com\/?p=13861#primaryimage\"},\"thumbnailUrl\":\"https:\/\/sanluisinforma.com\/wp-content\/uploads\/2025\/07\/32e257fd-a66d-4410-888e-3580c03268bd.jpg\",\"articleSection\":[\"Local\",\"Portada\"],\"inLanguage\":\"es\"},{\"@type\":\"WebPage\",\"@id\":\"https:\/\/sanluisinforma.com\/?p=13861\",\"url\":\"https:\/\/sanluisinforma.com\/?p=13861\",\"name\":\"San Luis Capital celebra con orgullo el XV Aniversario como Patrimonio Mundial de la Unesco - sanluisinforma.com\",\"isPartOf\":{\"@id\":\"https:\/\/sanluisinforma.com\/#website\"},\"primaryImageOfPage\":{\"@id\":\"https:\/\/sanluisinforma.com\/?p=13861#primaryimage\"},\"image\":{\"@id\":\"https:\/\/sanluisinforma.com\/?p=13861#primaryimage\"},\"thumbnailUrl\":\"https:\/\/sanluisinforma.com\/wp-content\/uploads\/2025\/07\/32e257fd-a66d-4410-888e-3580c03268bd.jpg\",\"datePublished\":\"2025-07-31T06:50:00+00:00\",\"dateModified\":\"2025-07-31T02:39:39+00:00\",\"breadcrumb\":{\"@id\":\"https:\/\/sanluisinforma.com\/?p=13861#breadcrumb\"},\"inLanguage\":\"es\",\"potentialAction\":[{\"@type\":\"ReadAction\",\"target\":[\"https:\/\/sanluisinforma.com\/?p=13861\"]}]},{\"@type\":\"ImageObject\",\"inLanguage\":\"es\",\"@id\":\"https:\/\/sanluisinforma.com\/?p=13861#primaryimage\",\"url\":\"https:\/\/sanluisinforma.com\/wp-content\/uploads\/2025\/07\/32e257fd-a66d-4410-888e-3580c03268bd.jpg\",\"contentUrl\":\"https:\/\/sanluisinforma.com\/wp-content\/uploads\/2025\/07\/32e257fd-a66d-4410-888e-3580c03268bd.jpg\",\"width\":400,\"height\":266},{\"@type\":\"BreadcrumbList\",\"@id\":\"https:\/\/sanluisinforma.com\/?p=13861#breadcrumb\",\"itemListElement\":[{\"@type\":\"ListItem\",\"position\":1,\"name\":\"Inicio\",\"item\":\"https:\/\/sanluisinforma.com\/\"},{\"@type\":\"ListItem\",\"position\":2,\"name\":\"San Luis Capital celebra con orgullo el XV Aniversario como Patrimonio Mundial de la Unesco\"}]},{\"@type\":\"WebSite\",\"@id\":\"https:\/\/sanluisinforma.com\/#website\",\"url\":\"https:\/\/sanluisinforma.com\/\",\"name\":\"sanluisinforma.com\",\"description\":\"Periodico San Luis Informa\",\"publisher\":{\"@id\":\"https:\/\/sanluisinforma.com\/#organization\"},\"potentialAction\":[{\"@type\":\"SearchAction\",\"target\":{\"@type\":\"EntryPoint\",\"urlTemplate\":\"https:\/\/sanluisinforma.com\/?s={search_term_string}\"},\"query-input\":{\"@type\":\"PropertyValueSpecification\",\"valueRequired\":true,\"valueName\":\"search_term_string\"}}],\"inLanguage\":\"es\"},{\"@type\":\"Organization\",\"@id\":\"https:\/\/sanluisinforma.com\/#organization\",\"name\":\"sanluisinforma.com\",\"url\":\"https:\/\/sanluisinforma.com\/\",\"logo\":{\"@type\":\"ImageObject\",\"inLanguage\":\"es\",\"@id\":\"https:\/\/sanluisinforma.com\/#\/schema\/logo\/image\/\",\"url\":\"https:\/\/sanluisinforma.com\/wp-content\/uploads\/2026\/03\/sanluisinforma-V.jpg\",\"contentUrl\":\"https:\/\/sanluisinforma.com\/wp-content\/uploads\/2026\/03\/sanluisinforma-V.jpg\",\"width\":500,\"height\":156,\"caption\":\"sanluisinforma.com\"},\"image\":{\"@id\":\"https:\/\/sanluisinforma.com\/#\/schema\/logo\/image\/\"}},{\"@type\":\"Person\",\"@id\":\"https:\/\/sanluisinforma.com\/#\/schema\/person\/c30648f71476be533b6f59d092905c8b\",\"name\":\"sanluisinforma.com\",\"image\":{\"@type\":\"ImageObject\",\"inLanguage\":\"es\",\"@id\":\"https:\/\/sanluisinforma.com\/#\/schema\/person\/image\/\",\"url\":\"https:\/\/secure.gravatar.com\/avatar\/86e3114e34a1eecefb963e0a02f0093f93b092dddb2fe1517596343751081a87?s=96&d=mm&r=g\",\"contentUrl\":\"https:\/\/secure.gravatar.com\/avatar\/86e3114e34a1eecefb963e0a02f0093f93b092dddb2fe1517596343751081a87?s=96&d=mm&r=g\",\"caption\":\"sanluisinforma.com\"},\"url\":\"https:\/\/sanluisinforma.com\/?author=2\"}]}<\/script>\n<!-- \/ Yoast SEO plugin. -->","yoast_head_json":{"title":"San Luis Capital celebra con orgullo el XV Aniversario como Patrimonio Mundial de la Unesco - sanluisinforma.com","robots":{"index":"index","follow":"follow","max-snippet":"max-snippet:-1","max-image-preview":"max-image-preview:large","max-video-preview":"max-video-preview:-1"},"canonical":"https:\/\/sanluisinforma.com\/?p=13861","og_locale":"es_MX","og_type":"article","og_title":"San Luis Capital celebra con orgullo el XV Aniversario como Patrimonio Mundial de la Unesco - sanluisinforma.com","og_description":"Al tomar la palabra en esta sesi\u00f3n Solemne, la Consultora Experta de la Organizaci\u00f3n de Ciudades Patrimonio Mundial, Berenice Vidal","og_url":"https:\/\/sanluisinforma.com\/?p=13861","og_site_name":"sanluisinforma.com","article_published_time":"2025-07-31T06:50:00+00:00","article_modified_time":"2025-07-31T02:39:39+00:00","og_image":[{"width":400,"height":266,"url":"https:\/\/sanluisinforma.com\/wp-content\/uploads\/2025\/07\/32e257fd-a66d-4410-888e-3580c03268bd.jpg","type":"image\/jpeg"}],"author":"sanluisinforma.com","twitter_card":"summary_large_image","twitter_misc":{"Escrito por":"sanluisinforma.com","Tiempo de lectura":"3 minutos"},"schema":{"@context":"https:\/\/schema.org","@graph":[{"@type":"Article","@id":"https:\/\/sanluisinforma.com\/?p=13861#article","isPartOf":{"@id":"https:\/\/sanluisinforma.com\/?p=13861"},"author":{"name":"sanluisinforma.com","@id":"https:\/\/sanluisinforma.com\/#\/schema\/person\/c30648f71476be533b6f59d092905c8b"},"headline":"San Luis Capital celebra con orgullo el XV Aniversario como Patrimonio Mundial de la Unesco","datePublished":"2025-07-31T06:50:00+00:00","dateModified":"2025-07-31T02:39:39+00:00","mainEntityOfPage":{"@id":"https:\/\/sanluisinforma.com\/?p=13861"},"wordCount":478,"publisher":{"@id":"https:\/\/sanluisinforma.com\/#organization"},"image":{"@id":"https:\/\/sanluisinforma.com\/?p=13861#primaryimage"},"thumbnailUrl":"https:\/\/sanluisinforma.com\/wp-content\/uploads\/2025\/07\/32e257fd-a66d-4410-888e-3580c03268bd.jpg","articleSection":["Local","Portada"],"inLanguage":"es"},{"@type":"WebPage","@id":"https:\/\/sanluisinforma.com\/?p=13861","url":"https:\/\/sanluisinforma.com\/?p=13861","name":"San Luis Capital celebra con orgullo el XV Aniversario como Patrimonio Mundial de la Unesco - sanluisinforma.com","isPartOf":{"@id":"https:\/\/sanluisinforma.com\/#website"},"primaryImageOfPage":{"@id":"https:\/\/sanluisinforma.com\/?p=13861#primaryimage"},"image":{"@id":"https:\/\/sanluisinforma.com\/?p=13861#primaryimage"},"thumbnailUrl":"https:\/\/sanluisinforma.com\/wp-content\/uploads\/2025\/07\/32e257fd-a66d-4410-888e-3580c03268bd.jpg","datePublished":"2025-07-31T06:50:00+00:00","dateModified":"2025-07-31T02:39:39+00:00","breadcrumb":{"@id":"https:\/\/sanluisinforma.com\/?p=13861#breadcrumb"},"inLanguage":"es","potentialAction":[{"@type":"ReadAction","target":["https:\/\/sanluisinforma.com\/?p=13861"]}]},{"@type":"ImageObject","inLanguage":"es","@id":"https:\/\/sanluisinforma.com\/?p=13861#primaryimage","url":"https:\/\/sanluisinforma.com\/wp-content\/uploads\/2025\/07\/32e257fd-a66d-4410-888e-3580c03268bd.jpg","contentUrl":"https:\/\/sanluisinforma.com\/wp-content\/uploads\/2025\/07\/32e257fd-a66d-4410-888e-3580c03268bd.jpg","width":400,"height":266},{"@type":"BreadcrumbList","@id":"https:\/\/sanluisinforma.com\/?p=13861#breadcrumb","itemListElement":[{"@type":"ListItem","position":1,"name":"Inicio","item":"https:\/\/sanluisinforma.com\/"},{"@type":"ListItem","position":2,"name":"San Luis Capital celebra con orgullo el XV Aniversario como Patrimonio Mundial de la Unesco"}]},{"@type":"WebSite","@id":"https:\/\/sanluisinforma.com\/#website","url":"https:\/\/sanluisinforma.com\/","name":"sanluisinforma.com","description":"Periodico San Luis Informa","publisher":{"@id":"https:\/\/sanluisinforma.com\/#organization"},"potentialAction":[{"@type":"SearchAction","target":{"@type":"EntryPoint","urlTemplate":"https:\/\/sanluisinforma.com\/?s={search_term_string}"},"query-input":{"@type":"PropertyValueSpecification","valueRequired":true,"valueName":"search_term_string"}}],"inLanguage":"es"},{"@type":"Organization","@id":"https:\/\/sanluisinforma.com\/#organization","name":"sanluisinforma.com","url":"https:\/\/sanluisinforma.com\/","logo":{"@type":"ImageObject","inLanguage":"es","@id":"https:\/\/sanluisinforma.com\/#\/schema\/logo\/image\/","url":"https:\/\/sanluisinforma.com\/wp-content\/uploads\/2026\/03\/sanluisinforma-V.jpg","contentUrl":"https:\/\/sanluisinforma.com\/wp-content\/uploads\/2026\/03\/sanluisinforma-V.jpg","width":500,"height":156,"caption":"sanluisinforma.com"},"image":{"@id":"https:\/\/sanluisinforma.com\/#\/schema\/logo\/image\/"}},{"@type":"Person","@id":"https:\/\/sanluisinforma.com\/#\/schema\/person\/c30648f71476be533b6f59d092905c8b","name":"sanluisinforma.com","image":{"@type":"ImageObject","inLanguage":"es","@id":"https:\/\/sanluisinforma.com\/#\/schema\/person\/image\/","url":"https:\/\/secure.gravatar.com\/avatar\/86e3114e34a1eecefb963e0a02f0093f93b092dddb2fe1517596343751081a87?s=96&d=mm&r=g","contentUrl":"https:\/\/secure.gravatar.com\/avatar\/86e3114e34a1eecefb963e0a02f0093f93b092dddb2fe1517596343751081a87?s=96&d=mm&r=g","caption":"sanluisinforma.com"},"url":"https:\/\/sanluisinforma.com\/?author=2"}]}},"_links":{"self":[{"href":"https:\/\/sanluisinforma.com\/index.php?rest_route=\/wp\/v2\/posts\/13861","targetHints":{"allow":["GET"]}}],"collection":[{"href":"https:\/\/sanluisinforma.com\/index.php?rest_route=\/wp\/v2\/posts"}],"about":[{"href":"https:\/\/sanluisinforma.com\/index.php?rest_route=\/wp\/v2\/types\/post"}],"author":[{"embeddable":true,"href":"https:\/\/sanluisinforma.com\/index.php?rest_route=\/wp\/v2\/users\/2"}],"replies":[{"embeddable":true,"href":"https:\/\/sanluisinforma.com\/index.php?rest_route=%2Fwp%2Fv2%2Fcomments&post=13861"}],"version-history":[{"count":1,"href":"https:\/\/sanluisinforma.com\/index.php?rest_route=\/wp\/v2\/posts\/13861\/revisions"}],"predecessor-version":[{"id":13863,"href":"https:\/\/sanluisinforma.com\/index.php?rest_route=\/wp\/v2\/posts\/13861\/revisions\/13863"}],"wp:featuredmedia":[{"embeddable":true,"href":"https:\/\/sanluisinforma.com\/index.php?rest_route=\/wp\/v2\/media\/13862"}],"wp:attachment":[{"href":"https:\/\/sanluisinforma.com\/index.php?rest_route=%2Fwp%2Fv2%2Fmedia&parent=13861"}],"wp:term":[{"taxonomy":"category","embeddable":true,"href":"https:\/\/sanluisinforma.com\/index.php?rest_route=%2Fwp%2Fv2%2Fcategories&post=13861"},{"taxonomy":"post_tag","embeddable":true,"href":"https:\/\/sanluisinforma.com\/index.php?rest_route=%2Fwp%2Fv2%2Ftags&post=13861"}],"curies":[{"name":"wp","href":"https:\/\/api.w.org\/{rel}","templated":true}]}}