{"id":13864,"date":"2025-07-31T00:45:00","date_gmt":"2025-07-31T06:45:00","guid":{"rendered":"https:\/\/sanluisinforma.com\/?p=13864"},"modified":"2025-07-30T20:39:54","modified_gmt":"2025-07-31T02:39:54","slug":"mafalda-y-timoteo-se-encuentran-en-san-luis-amable-para-el-disfrute-de-la-ciudadania-potosina","status":"publish","type":"post","link":"https:\/\/sanluisinforma.com\/?p=13864","title":{"rendered":"\u201cMafalda y Timoteo se encuentran en San Luis Amable\u201d para el disfrute de la ciudadan\u00eda potosina"},"content":{"rendered":"\n<ul class=\"wp-block-list\">\n<li>El Alcalde Enrique Galindo subraya esta exposici\u00f3n como parte del nombramiento de SL como Capital Americana de la Cultura 2025.<\/li>\n\n\n\n<li>El escultor de Timo, Rodrigo de la Sierra resalt\u00f3 la importancia de esta exposici\u00f3n al aire libre en una ciudad llena de cultura como lo es SLP.<\/li>\n<\/ul>\n\n\n\n<p>\u201cMafalda y Timoteo se encuentran en San Luis Amable\u201d, por lo que el Alcalde Enrique Galindo Ceballos les dio la bienvenida junto con el Escultor de Timo, Rodrigo de la Sierra, y cientos de potosinas y potosinos que ya disfrutan de estos dos personajes que llenan de colorido la Plaza de Armas y la Arquer\u00eda de Palacio Municipal durante los pr\u00f3ximos meses. <\/p>\n\n\n\n<p>El El Presidente Municipal, Enrique Galindo subray\u00f3 que la presencia de estos visitantes tan distinguidos se enmarca en las acciones que se llevan a cabo por ser San Luis Potos\u00ed, Capital Americana de la Cultura 2025. Adem\u00e1s coment\u00f3 la relevancia de mantener este compromiso internacional con un amplio programa para acercar la cultura a la poblaci\u00f3n y en espacios p\u00fablicos. En el caso de las esculturas de Timotea se quedar\u00e1n en la ciudad hasta Navidad, mientras que Mafalda seguir\u00e1 permanentemente en San Luis Capital, en una banca de la Plaza de Armas.<\/p>\n\n\n\n<p>Acompa\u00f1ado por c\u00f3nsules de El Salvador y Guatemala, y el representante de la Asociaci\u00f3n Nacional de Ciudades Mexicanas del Patrimonio Mundial, el Alcalde Enrique Galindo Ceballos record\u00f3 a Daniel Garc\u00eda \u00c1lvarez de la Llera y entre sus objetivos era concretar la presencia de Timo y Mafalda, &#8220;con ideolog\u00edas diferentes pero ambos en una convivencia arm\u00f3nica&#8221;. Tambi\u00e9n reconoci\u00f3 al escultor potosino, Mario Cuevas, que tambi\u00e9n le ha dado renombre a San Luis a trav\u00e9s de su trabajo en las artes con sus creaciones como El Se\u00f1or de las Palomas.<\/p>\n\n\n\n<p>El renombrado creador de Timo, Rodrigo de la Sierra subray\u00f3 la importancia de esta exposici\u00f3n al aire libre, &#8220;para que Timoteo te sorprenda en el d\u00eda a d\u00eda, lo m\u00e1s entra\u00f1able es que la gente se tome un momento e incluso se quede con la gente en una foto&#8221;. Mencion\u00f3 que su intenci\u00f3n es mostrar clich\u00e9s, pero de manera divertida y explic\u00f3 que su personaje no tiene rasgos definidos para que se identifiquen en cada persona que lo disfrute. Agradeci\u00f3 al Presidente Municipal, Enrique Galindo, &#8220;y la recepci\u00f3n de la ciudad con una sonrisa y con un s\u00ed se puede. Por eso esta exposici\u00f3n es una realidad en una ciudad llena de cultura, compartiendo con el creador de Mafalda, Quino&#8221; .<\/p>\n\n\n\n<p>El titular de Cultura Municipal, Ulises Tello Balderas, pidi\u00f3 a la poblaci\u00f3n ver esta exposici\u00f3n con ojos cr\u00edticos, pero tambi\u00e9n de manera divertida, \u201cporque el arte no s\u00f3lo es para contemplar sino para disfrutarse y sentirse, esa es la esencia del creador,&nbsp; Rodrigo de la sierra y su personaje junto con Mafalda, da otro punto cr\u00edtico. Adem\u00e1s record\u00f3 que la escultura de Mafalda, celebra el 61 aniversario del ic\u00f3nico personaje, y fue realizada por el artista argentino Pablo Irrgang, con el aval del humorista gr\u00e1fico Joaqu\u00edn Salvador Lavado, mundialmente conocido como \u201cQuino\u201d.<\/p>\n","protected":false},"excerpt":{"rendered":"<p>\u201cMafalda y Timoteo se encuentran en San Luis Amable\u201d, por lo que el Alcalde Enrique Galindo Ceballos les dio la<\/p>\n","protected":false},"author":2,"featured_media":13865,"comment_status":"closed","ping_status":"closed","sticky":false,"template":"","format":"standard","meta":{"footnotes":""},"categories":[25,30],"tags":[],"class_list":["post-13864","post","type-post","status-publish","format-standard","has-post-thumbnail","hentry","category-local","category-portada"],"yoast_head":"<!-- This site is optimized with the Yoast SEO plugin v24.1 - https:\/\/yoast.com\/wordpress\/plugins\/seo\/ -->\n<title>\u201cMafalda y Timoteo se encuentran en San Luis Amable\u201d para el disfrute de la ciudadan\u00eda potosina - sanluisinforma.com<\/title>\n<meta name=\"robots\" content=\"index, follow, max-snippet:-1, max-image-preview:large, max-video-preview:-1\" \/>\n<link rel=\"canonical\" href=\"https:\/\/sanluisinforma.com\/?p=13864\" \/>\n<meta property=\"og:locale\" content=\"es_MX\" \/>\n<meta property=\"og:type\" content=\"article\" \/>\n<meta property=\"og:title\" content=\"\u201cMafalda y Timoteo se encuentran en San Luis Amable\u201d para el disfrute de la ciudadan\u00eda potosina - sanluisinforma.com\" \/>\n<meta property=\"og:description\" content=\"\u201cMafalda y Timoteo se encuentran en San Luis Amable\u201d, por lo que el Alcalde Enrique Galindo Ceballos les dio la\" \/>\n<meta property=\"og:url\" content=\"https:\/\/sanluisinforma.com\/?p=13864\" \/>\n<meta property=\"og:site_name\" content=\"sanluisinforma.com\" \/>\n<meta property=\"article:published_time\" content=\"2025-07-31T06:45:00+00:00\" \/>\n<meta property=\"article:modified_time\" content=\"2025-07-31T02:39:54+00:00\" \/>\n<meta property=\"og:image\" content=\"https:\/\/sanluisinforma.com\/wp-content\/uploads\/2025\/07\/45a99f4a-815f-4c6a-9c74-bbf9e2d94763.jpg\" \/>\n\t<meta property=\"og:image:width\" content=\"400\" \/>\n\t<meta property=\"og:image:height\" content=\"266\" \/>\n\t<meta property=\"og:image:type\" content=\"image\/jpeg\" \/>\n<meta name=\"author\" content=\"sanluisinforma.com\" \/>\n<meta name=\"twitter:card\" content=\"summary_large_image\" \/>\n<meta name=\"twitter:label1\" content=\"Escrito por\" \/>\n\t<meta name=\"twitter:data1\" content=\"sanluisinforma.com\" \/>\n\t<meta name=\"twitter:label2\" content=\"Tiempo de lectura\" \/>\n\t<meta name=\"twitter:data2\" content=\"3 minutos\" \/>\n<script type=\"application\/ld+json\" class=\"yoast-schema-graph\">{\"@context\":\"https:\/\/schema.org\",\"@graph\":[{\"@type\":\"Article\",\"@id\":\"https:\/\/sanluisinforma.com\/?p=13864#article\",\"isPartOf\":{\"@id\":\"https:\/\/sanluisinforma.com\/?p=13864\"},\"author\":{\"name\":\"sanluisinforma.com\",\"@id\":\"https:\/\/sanluisinforma.com\/#\/schema\/person\/c30648f71476be533b6f59d092905c8b\"},\"headline\":\"\u201cMafalda y Timoteo se encuentran en San Luis Amable\u201d para el disfrute de la ciudadan\u00eda potosina\",\"datePublished\":\"2025-07-31T06:45:00+00:00\",\"dateModified\":\"2025-07-31T02:39:54+00:00\",\"mainEntityOfPage\":{\"@id\":\"https:\/\/sanluisinforma.com\/?p=13864\"},\"wordCount\":553,\"publisher\":{\"@id\":\"https:\/\/sanluisinforma.com\/#organization\"},\"image\":{\"@id\":\"https:\/\/sanluisinforma.com\/?p=13864#primaryimage\"},\"thumbnailUrl\":\"https:\/\/sanluisinforma.com\/wp-content\/uploads\/2025\/07\/45a99f4a-815f-4c6a-9c74-bbf9e2d94763.jpg\",\"articleSection\":[\"Local\",\"Portada\"],\"inLanguage\":\"es\"},{\"@type\":\"WebPage\",\"@id\":\"https:\/\/sanluisinforma.com\/?p=13864\",\"url\":\"https:\/\/sanluisinforma.com\/?p=13864\",\"name\":\"\u201cMafalda y Timoteo se encuentran en San Luis Amable\u201d para el disfrute de la ciudadan\u00eda potosina - sanluisinforma.com\",\"isPartOf\":{\"@id\":\"https:\/\/sanluisinforma.com\/#website\"},\"primaryImageOfPage\":{\"@id\":\"https:\/\/sanluisinforma.com\/?p=13864#primaryimage\"},\"image\":{\"@id\":\"https:\/\/sanluisinforma.com\/?p=13864#primaryimage\"},\"thumbnailUrl\":\"https:\/\/sanluisinforma.com\/wp-content\/uploads\/2025\/07\/45a99f4a-815f-4c6a-9c74-bbf9e2d94763.jpg\",\"datePublished\":\"2025-07-31T06:45:00+00:00\",\"dateModified\":\"2025-07-31T02:39:54+00:00\",\"breadcrumb\":{\"@id\":\"https:\/\/sanluisinforma.com\/?p=13864#breadcrumb\"},\"inLanguage\":\"es\",\"potentialAction\":[{\"@type\":\"ReadAction\",\"target\":[\"https:\/\/sanluisinforma.com\/?p=13864\"]}]},{\"@type\":\"ImageObject\",\"inLanguage\":\"es\",\"@id\":\"https:\/\/sanluisinforma.com\/?p=13864#primaryimage\",\"url\":\"https:\/\/sanluisinforma.com\/wp-content\/uploads\/2025\/07\/45a99f4a-815f-4c6a-9c74-bbf9e2d94763.jpg\",\"contentUrl\":\"https:\/\/sanluisinforma.com\/wp-content\/uploads\/2025\/07\/45a99f4a-815f-4c6a-9c74-bbf9e2d94763.jpg\",\"width\":400,\"height\":266},{\"@type\":\"BreadcrumbList\",\"@id\":\"https:\/\/sanluisinforma.com\/?p=13864#breadcrumb\",\"itemListElement\":[{\"@type\":\"ListItem\",\"position\":1,\"name\":\"Inicio\",\"item\":\"https:\/\/sanluisinforma.com\/\"},{\"@type\":\"ListItem\",\"position\":2,\"name\":\"\u201cMafalda y Timoteo se encuentran en San Luis Amable\u201d para el disfrute de la ciudadan\u00eda potosina\"}]},{\"@type\":\"WebSite\",\"@id\":\"https:\/\/sanluisinforma.com\/#website\",\"url\":\"https:\/\/sanluisinforma.com\/\",\"name\":\"sanluisinforma.com\",\"description\":\"Periodico San Luis Informa\",\"publisher\":{\"@id\":\"https:\/\/sanluisinforma.com\/#organization\"},\"potentialAction\":[{\"@type\":\"SearchAction\",\"target\":{\"@type\":\"EntryPoint\",\"urlTemplate\":\"https:\/\/sanluisinforma.com\/?s={search_term_string}\"},\"query-input\":{\"@type\":\"PropertyValueSpecification\",\"valueRequired\":true,\"valueName\":\"search_term_string\"}}],\"inLanguage\":\"es\"},{\"@type\":\"Organization\",\"@id\":\"https:\/\/sanluisinforma.com\/#organization\",\"name\":\"sanluisinforma.com\",\"url\":\"https:\/\/sanluisinforma.com\/\",\"logo\":{\"@type\":\"ImageObject\",\"inLanguage\":\"es\",\"@id\":\"https:\/\/sanluisinforma.com\/#\/schema\/logo\/image\/\",\"url\":\"https:\/\/sanluisinforma.com\/wp-content\/uploads\/2026\/03\/sanluisinforma-V.jpg\",\"contentUrl\":\"https:\/\/sanluisinforma.com\/wp-content\/uploads\/2026\/03\/sanluisinforma-V.jpg\",\"width\":500,\"height\":156,\"caption\":\"sanluisinforma.com\"},\"image\":{\"@id\":\"https:\/\/sanluisinforma.com\/#\/schema\/logo\/image\/\"}},{\"@type\":\"Person\",\"@id\":\"https:\/\/sanluisinforma.com\/#\/schema\/person\/c30648f71476be533b6f59d092905c8b\",\"name\":\"sanluisinforma.com\",\"image\":{\"@type\":\"ImageObject\",\"inLanguage\":\"es\",\"@id\":\"https:\/\/sanluisinforma.com\/#\/schema\/person\/image\/\",\"url\":\"https:\/\/secure.gravatar.com\/avatar\/86e3114e34a1eecefb963e0a02f0093f93b092dddb2fe1517596343751081a87?s=96&d=mm&r=g\",\"contentUrl\":\"https:\/\/secure.gravatar.com\/avatar\/86e3114e34a1eecefb963e0a02f0093f93b092dddb2fe1517596343751081a87?s=96&d=mm&r=g\",\"caption\":\"sanluisinforma.com\"},\"url\":\"https:\/\/sanluisinforma.com\/?author=2\"}]}<\/script>\n<!-- \/ Yoast SEO plugin. -->","yoast_head_json":{"title":"\u201cMafalda y Timoteo se encuentran en San Luis Amable\u201d para el disfrute de la ciudadan\u00eda potosina - sanluisinforma.com","robots":{"index":"index","follow":"follow","max-snippet":"max-snippet:-1","max-image-preview":"max-image-preview:large","max-video-preview":"max-video-preview:-1"},"canonical":"https:\/\/sanluisinforma.com\/?p=13864","og_locale":"es_MX","og_type":"article","og_title":"\u201cMafalda y Timoteo se encuentran en San Luis Amable\u201d para el disfrute de la ciudadan\u00eda potosina - sanluisinforma.com","og_description":"\u201cMafalda y Timoteo se encuentran en San Luis Amable\u201d, por lo que el Alcalde Enrique Galindo Ceballos les dio la","og_url":"https:\/\/sanluisinforma.com\/?p=13864","og_site_name":"sanluisinforma.com","article_published_time":"2025-07-31T06:45:00+00:00","article_modified_time":"2025-07-31T02:39:54+00:00","og_image":[{"width":400,"height":266,"url":"https:\/\/sanluisinforma.com\/wp-content\/uploads\/2025\/07\/45a99f4a-815f-4c6a-9c74-bbf9e2d94763.jpg","type":"image\/jpeg"}],"author":"sanluisinforma.com","twitter_card":"summary_large_image","twitter_misc":{"Escrito por":"sanluisinforma.com","Tiempo de lectura":"3 minutos"},"schema":{"@context":"https:\/\/schema.org","@graph":[{"@type":"Article","@id":"https:\/\/sanluisinforma.com\/?p=13864#article","isPartOf":{"@id":"https:\/\/sanluisinforma.com\/?p=13864"},"author":{"name":"sanluisinforma.com","@id":"https:\/\/sanluisinforma.com\/#\/schema\/person\/c30648f71476be533b6f59d092905c8b"},"headline":"\u201cMafalda y Timoteo se encuentran en San Luis Amable\u201d para el disfrute de la ciudadan\u00eda potosina","datePublished":"2025-07-31T06:45:00+00:00","dateModified":"2025-07-31T02:39:54+00:00","mainEntityOfPage":{"@id":"https:\/\/sanluisinforma.com\/?p=13864"},"wordCount":553,"publisher":{"@id":"https:\/\/sanluisinforma.com\/#organization"},"image":{"@id":"https:\/\/sanluisinforma.com\/?p=13864#primaryimage"},"thumbnailUrl":"https:\/\/sanluisinforma.com\/wp-content\/uploads\/2025\/07\/45a99f4a-815f-4c6a-9c74-bbf9e2d94763.jpg","articleSection":["Local","Portada"],"inLanguage":"es"},{"@type":"WebPage","@id":"https:\/\/sanluisinforma.com\/?p=13864","url":"https:\/\/sanluisinforma.com\/?p=13864","name":"\u201cMafalda y Timoteo se encuentran en San Luis Amable\u201d para el disfrute de la ciudadan\u00eda potosina - sanluisinforma.com","isPartOf":{"@id":"https:\/\/sanluisinforma.com\/#website"},"primaryImageOfPage":{"@id":"https:\/\/sanluisinforma.com\/?p=13864#primaryimage"},"image":{"@id":"https:\/\/sanluisinforma.com\/?p=13864#primaryimage"},"thumbnailUrl":"https:\/\/sanluisinforma.com\/wp-content\/uploads\/2025\/07\/45a99f4a-815f-4c6a-9c74-bbf9e2d94763.jpg","datePublished":"2025-07-31T06:45:00+00:00","dateModified":"2025-07-31T02:39:54+00:00","breadcrumb":{"@id":"https:\/\/sanluisinforma.com\/?p=13864#breadcrumb"},"inLanguage":"es","potentialAction":[{"@type":"ReadAction","target":["https:\/\/sanluisinforma.com\/?p=13864"]}]},{"@type":"ImageObject","inLanguage":"es","@id":"https:\/\/sanluisinforma.com\/?p=13864#primaryimage","url":"https:\/\/sanluisinforma.com\/wp-content\/uploads\/2025\/07\/45a99f4a-815f-4c6a-9c74-bbf9e2d94763.jpg","contentUrl":"https:\/\/sanluisinforma.com\/wp-content\/uploads\/2025\/07\/45a99f4a-815f-4c6a-9c74-bbf9e2d94763.jpg","width":400,"height":266},{"@type":"BreadcrumbList","@id":"https:\/\/sanluisinforma.com\/?p=13864#breadcrumb","itemListElement":[{"@type":"ListItem","position":1,"name":"Inicio","item":"https:\/\/sanluisinforma.com\/"},{"@type":"ListItem","position":2,"name":"\u201cMafalda y Timoteo se encuentran en San Luis Amable\u201d para el disfrute de la ciudadan\u00eda potosina"}]},{"@type":"WebSite","@id":"https:\/\/sanluisinforma.com\/#website","url":"https:\/\/sanluisinforma.com\/","name":"sanluisinforma.com","description":"Periodico San Luis Informa","publisher":{"@id":"https:\/\/sanluisinforma.com\/#organization"},"potentialAction":[{"@type":"SearchAction","target":{"@type":"EntryPoint","urlTemplate":"https:\/\/sanluisinforma.com\/?s={search_term_string}"},"query-input":{"@type":"PropertyValueSpecification","valueRequired":true,"valueName":"search_term_string"}}],"inLanguage":"es"},{"@type":"Organization","@id":"https:\/\/sanluisinforma.com\/#organization","name":"sanluisinforma.com","url":"https:\/\/sanluisinforma.com\/","logo":{"@type":"ImageObject","inLanguage":"es","@id":"https:\/\/sanluisinforma.com\/#\/schema\/logo\/image\/","url":"https:\/\/sanluisinforma.com\/wp-content\/uploads\/2026\/03\/sanluisinforma-V.jpg","contentUrl":"https:\/\/sanluisinforma.com\/wp-content\/uploads\/2026\/03\/sanluisinforma-V.jpg","width":500,"height":156,"caption":"sanluisinforma.com"},"image":{"@id":"https:\/\/sanluisinforma.com\/#\/schema\/logo\/image\/"}},{"@type":"Person","@id":"https:\/\/sanluisinforma.com\/#\/schema\/person\/c30648f71476be533b6f59d092905c8b","name":"sanluisinforma.com","image":{"@type":"ImageObject","inLanguage":"es","@id":"https:\/\/sanluisinforma.com\/#\/schema\/person\/image\/","url":"https:\/\/secure.gravatar.com\/avatar\/86e3114e34a1eecefb963e0a02f0093f93b092dddb2fe1517596343751081a87?s=96&d=mm&r=g","contentUrl":"https:\/\/secure.gravatar.com\/avatar\/86e3114e34a1eecefb963e0a02f0093f93b092dddb2fe1517596343751081a87?s=96&d=mm&r=g","caption":"sanluisinforma.com"},"url":"https:\/\/sanluisinforma.com\/?author=2"}]}},"_links":{"self":[{"href":"https:\/\/sanluisinforma.com\/index.php?rest_route=\/wp\/v2\/posts\/13864","targetHints":{"allow":["GET"]}}],"collection":[{"href":"https:\/\/sanluisinforma.com\/index.php?rest_route=\/wp\/v2\/posts"}],"about":[{"href":"https:\/\/sanluisinforma.com\/index.php?rest_route=\/wp\/v2\/types\/post"}],"author":[{"embeddable":true,"href":"https:\/\/sanluisinforma.com\/index.php?rest_route=\/wp\/v2\/users\/2"}],"replies":[{"embeddable":true,"href":"https:\/\/sanluisinforma.com\/index.php?rest_route=%2Fwp%2Fv2%2Fcomments&post=13864"}],"version-history":[{"count":1,"href":"https:\/\/sanluisinforma.com\/index.php?rest_route=\/wp\/v2\/posts\/13864\/revisions"}],"predecessor-version":[{"id":13866,"href":"https:\/\/sanluisinforma.com\/index.php?rest_route=\/wp\/v2\/posts\/13864\/revisions\/13866"}],"wp:featuredmedia":[{"embeddable":true,"href":"https:\/\/sanluisinforma.com\/index.php?rest_route=\/wp\/v2\/media\/13865"}],"wp:attachment":[{"href":"https:\/\/sanluisinforma.com\/index.php?rest_route=%2Fwp%2Fv2%2Fmedia&parent=13864"}],"wp:term":[{"taxonomy":"category","embeddable":true,"href":"https:\/\/sanluisinforma.com\/index.php?rest_route=%2Fwp%2Fv2%2Fcategories&post=13864"},{"taxonomy":"post_tag","embeddable":true,"href":"https:\/\/sanluisinforma.com\/index.php?rest_route=%2Fwp%2Fv2%2Ftags&post=13864"}],"curies":[{"name":"wp","href":"https:\/\/api.w.org\/{rel}","templated":true}]}}