{"id":14510,"date":"2025-09-03T00:35:00","date_gmt":"2025-09-03T06:35:00","guid":{"rendered":"https:\/\/sanluisinforma.com\/?p=14510"},"modified":"2025-09-02T23:08:14","modified_gmt":"2025-09-03T05:08:14","slug":"water-environment-federation-entrega-el-premio-a-los-funcionarios-publicos-a-la-presidenta-de-mexico-claudia-sheinbaum-pardo","status":"publish","type":"post","link":"https:\/\/sanluisinforma.com\/?p=14510","title":{"rendered":"Water Environment Federation entrega el Premio a los Funcionarios P\u00fablicos a la Presidenta de M\u00e9xico, Claudia Sheinbaum Pardo"},"content":{"rendered":"\n<p>Un reconocimiento al liderazgo transformador en pol\u00edtica h\u00eddrica y protecci\u00f3n ambiental<\/p>\n\n\n\n<p>La Water Environment Federation (WEF), anunci\u00f3 que la presidenta de M\u00e9xico, Dra. Claudia Sheinbaum Pardo, fue seleccionada como una de las tres galardonadas con el prestigioso Premio a Funcionarios P\u00fablicos de la WEF.<\/p>\n\n\n\n<p>El Premio a los Funcionarios P\u00fablicos se otorga anualmente para reconocer a aquellos funcionarios p\u00fablicos cuyo liderazgo ha generado cambios positivos y duraderos en el entorno h\u00eddrico.<\/p>\n\n\n\n<p>El premio destaca el profundo impacto que las pol\u00edticas visionarias y la dedicaci\u00f3n al servicio p\u00fablico pueden tener en todos los niveles de gobierno, desde iniciativas locales hasta reformas nacionales.<\/p>\n\n\n\n<p>La presidenta Sheinbaum Pardo ha liderado una serie de iniciativas pioneras que han marcado nuevos est\u00e1ndares en la gesti\u00f3n de los recursos h\u00eddricos y la resiliencia ambiental:<\/p>\n\n\n\n<p>\u2022 Los sistemas de captaci\u00f3n de agua de lluvia instalados en m\u00e1s de 62,000 hogares empoderaron a comunidades marginadas y aliviaron la carga de las mujeres.<\/p>\n\n\n\n<p>\u2022 La pol\u00edtica h\u00eddrica de la Ciudad de M\u00e9xico obtuvo reconocimiento mundial por combinar tecnolog\u00eda, participaci\u00f3n ciudadana y colaboraci\u00f3n.<\/p>\n\n\n\n<p>\u2022 Las alianzas p\u00fablico-privadas garantizaron un suministro de agua confiable e inversi\u00f3n en infraestructura durante per\u00edodos cr\u00edticos.<\/p>\n\n\n\n<p>\u2022 Proyectos estrat\u00e9gicos ampliaron la capacidad de agua potable en 1,658 litros por segundo, fortaleciendo la resiliencia a largo plazo.<\/p>\n\n\n\n<p>\u2022 Firma del Acuerdo Nacional por el Derecho Humano al Agua y la Sustentabilidad, con la recuperaci\u00f3n de 3 mil millones de metros c\u00fabicos de agua para garantizar agua suficiente en calidad y cantidad para la poblaci\u00f3n.<\/p>\n\n\n\n<p>\u2022 Tecnificaci\u00f3n de 200 mil hect\u00e1reas de Distritos de Riego, para promover un uso m\u00e1s eficiente del agua en el sector agr\u00edcola.<\/p>\n\n\n\n<p>\u2022 Planificaci\u00f3n de m\u00e1s de 17 proyectos h\u00eddricos estrat\u00e9gicos en todo el pa\u00eds, con el objetivo de consolidar el acceso universal al agua.<\/p>\n\n\n\n<p>\u2022 Colocar en el centro de la pol\u00edtica h\u00eddrica nacional el compromiso n\u00famero 92 de la presidenta Claudia Sheinbaum, de sanear y restaurar los tres r\u00edos m\u00e1s contaminados de M\u00e9xico: el r\u00edo Santiago-Lerma, el r\u00edo Tula y el r\u00edo Atoyac.<\/p>\n\n\n\n<p>El enfoque integral de la presidenta Sheinbaum Pardo, que fusiona ciencia, pol\u00edticas y una s\u00f3lida participaci\u00f3n comunitaria, sirve como modelo internacional para la gesti\u00f3n eficaz y equitativa de los recursos h\u00eddricos.<\/p>\n\n\n\n<p>&#8220;Este premio representa lo mejor del servicio p\u00fablico y reconoce a los l\u00edderes cuyas acciones tienen un impacto positivo duradero tanto en las personas como en el planeta&#8221;, declar\u00f3 Howard Carter, presidente del WEF.<\/p>\n\n\n\n<p>&#8220;La visi\u00f3n, la pasi\u00f3n y la dedicaci\u00f3n de la presidenta Sheinbaum para mejorar la calidad del agua nos inspiran a todos en el sector a alcanzar mayores logros y trabajar juntos por un futuro m\u00e1s sostenible&#8221;.<\/p>\n\n\n\n<p>El premio se entregar\u00e1 en la WEFTEC, la Exhibici\u00f3n y Conferencia T\u00e9cnica de la Federaci\u00f3n del Medio Ambiente del Agua, en Chicago el 29 de septiembre.<\/p>\n","protected":false},"excerpt":{"rendered":"<p>Un reconocimiento al liderazgo transformador en pol\u00edtica h\u00eddrica y protecci\u00f3n ambiental La Water Environment Federation (WEF), anunci\u00f3 que la presidenta<\/p>\n","protected":false},"author":2,"featured_media":14511,"comment_status":"closed","ping_status":"closed","sticky":false,"template":"","format":"standard","meta":{"footnotes":""},"categories":[26],"tags":[],"class_list":["post-14510","post","type-post","status-publish","format-standard","has-post-thumbnail","hentry","category-nacional"],"yoast_head":"<!-- This site is optimized with the Yoast SEO plugin v24.1 - https:\/\/yoast.com\/wordpress\/plugins\/seo\/ -->\n<title>Water Environment Federation entrega el Premio a los Funcionarios P\u00fablicos a la Presidenta de M\u00e9xico, Claudia Sheinbaum Pardo - sanluisinforma.com<\/title>\n<meta name=\"robots\" content=\"index, follow, max-snippet:-1, max-image-preview:large, max-video-preview:-1\" \/>\n<link rel=\"canonical\" href=\"https:\/\/sanluisinforma.com\/?p=14510\" \/>\n<meta property=\"og:locale\" content=\"es_MX\" \/>\n<meta property=\"og:type\" content=\"article\" \/>\n<meta property=\"og:title\" content=\"Water Environment Federation entrega el Premio a los Funcionarios P\u00fablicos a la Presidenta de M\u00e9xico, Claudia Sheinbaum Pardo - sanluisinforma.com\" \/>\n<meta property=\"og:description\" content=\"Un reconocimiento al liderazgo transformador en pol\u00edtica h\u00eddrica y protecci\u00f3n ambiental La Water Environment Federation (WEF), anunci\u00f3 que la presidenta\" \/>\n<meta property=\"og:url\" content=\"https:\/\/sanluisinforma.com\/?p=14510\" \/>\n<meta property=\"og:site_name\" content=\"sanluisinforma.com\" \/>\n<meta property=\"article:published_time\" content=\"2025-09-03T06:35:00+00:00\" \/>\n<meta property=\"article:modified_time\" content=\"2025-09-03T05:08:14+00:00\" \/>\n<meta property=\"og:image\" content=\"https:\/\/sanluisinforma.com\/wp-content\/uploads\/2025\/09\/unnamed-4-1.jpg\" \/>\n\t<meta property=\"og:image:width\" content=\"400\" \/>\n\t<meta property=\"og:image:height\" content=\"547\" \/>\n\t<meta property=\"og:image:type\" content=\"image\/jpeg\" \/>\n<meta name=\"author\" content=\"sanluisinforma.com\" \/>\n<meta name=\"twitter:card\" content=\"summary_large_image\" \/>\n<meta name=\"twitter:label1\" content=\"Escrito por\" \/>\n\t<meta name=\"twitter:data1\" content=\"sanluisinforma.com\" \/>\n\t<meta name=\"twitter:label2\" content=\"Tiempo de lectura\" \/>\n\t<meta name=\"twitter:data2\" content=\"3 minutos\" \/>\n<script type=\"application\/ld+json\" class=\"yoast-schema-graph\">{\"@context\":\"https:\/\/schema.org\",\"@graph\":[{\"@type\":\"Article\",\"@id\":\"https:\/\/sanluisinforma.com\/?p=14510#article\",\"isPartOf\":{\"@id\":\"https:\/\/sanluisinforma.com\/?p=14510\"},\"author\":{\"name\":\"sanluisinforma.com\",\"@id\":\"https:\/\/sanluisinforma.com\/#\/schema\/person\/c30648f71476be533b6f59d092905c8b\"},\"headline\":\"Water Environment Federation entrega el Premio a los Funcionarios P\u00fablicos a la Presidenta de M\u00e9xico, Claudia Sheinbaum Pardo\",\"datePublished\":\"2025-09-03T06:35:00+00:00\",\"dateModified\":\"2025-09-03T05:08:14+00:00\",\"mainEntityOfPage\":{\"@id\":\"https:\/\/sanluisinforma.com\/?p=14510\"},\"wordCount\":526,\"publisher\":{\"@id\":\"https:\/\/sanluisinforma.com\/#organization\"},\"image\":{\"@id\":\"https:\/\/sanluisinforma.com\/?p=14510#primaryimage\"},\"thumbnailUrl\":\"https:\/\/sanluisinforma.com\/wp-content\/uploads\/2025\/09\/unnamed-4-1.jpg\",\"articleSection\":[\"Nacional\"],\"inLanguage\":\"es\"},{\"@type\":\"WebPage\",\"@id\":\"https:\/\/sanluisinforma.com\/?p=14510\",\"url\":\"https:\/\/sanluisinforma.com\/?p=14510\",\"name\":\"Water Environment Federation entrega el Premio a los Funcionarios P\u00fablicos a la Presidenta de M\u00e9xico, Claudia Sheinbaum Pardo - sanluisinforma.com\",\"isPartOf\":{\"@id\":\"https:\/\/sanluisinforma.com\/#website\"},\"primaryImageOfPage\":{\"@id\":\"https:\/\/sanluisinforma.com\/?p=14510#primaryimage\"},\"image\":{\"@id\":\"https:\/\/sanluisinforma.com\/?p=14510#primaryimage\"},\"thumbnailUrl\":\"https:\/\/sanluisinforma.com\/wp-content\/uploads\/2025\/09\/unnamed-4-1.jpg\",\"datePublished\":\"2025-09-03T06:35:00+00:00\",\"dateModified\":\"2025-09-03T05:08:14+00:00\",\"breadcrumb\":{\"@id\":\"https:\/\/sanluisinforma.com\/?p=14510#breadcrumb\"},\"inLanguage\":\"es\",\"potentialAction\":[{\"@type\":\"ReadAction\",\"target\":[\"https:\/\/sanluisinforma.com\/?p=14510\"]}]},{\"@type\":\"ImageObject\",\"inLanguage\":\"es\",\"@id\":\"https:\/\/sanluisinforma.com\/?p=14510#primaryimage\",\"url\":\"https:\/\/sanluisinforma.com\/wp-content\/uploads\/2025\/09\/unnamed-4-1.jpg\",\"contentUrl\":\"https:\/\/sanluisinforma.com\/wp-content\/uploads\/2025\/09\/unnamed-4-1.jpg\",\"width\":400,\"height\":547},{\"@type\":\"BreadcrumbList\",\"@id\":\"https:\/\/sanluisinforma.com\/?p=14510#breadcrumb\",\"itemListElement\":[{\"@type\":\"ListItem\",\"position\":1,\"name\":\"Inicio\",\"item\":\"https:\/\/sanluisinforma.com\/\"},{\"@type\":\"ListItem\",\"position\":2,\"name\":\"Water Environment Federation entrega el Premio a los Funcionarios P\u00fablicos a la Presidenta de M\u00e9xico, Claudia Sheinbaum Pardo\"}]},{\"@type\":\"WebSite\",\"@id\":\"https:\/\/sanluisinforma.com\/#website\",\"url\":\"https:\/\/sanluisinforma.com\/\",\"name\":\"sanluisinforma.com\",\"description\":\"Periodico San Luis Informa\",\"publisher\":{\"@id\":\"https:\/\/sanluisinforma.com\/#organization\"},\"potentialAction\":[{\"@type\":\"SearchAction\",\"target\":{\"@type\":\"EntryPoint\",\"urlTemplate\":\"https:\/\/sanluisinforma.com\/?s={search_term_string}\"},\"query-input\":{\"@type\":\"PropertyValueSpecification\",\"valueRequired\":true,\"valueName\":\"search_term_string\"}}],\"inLanguage\":\"es\"},{\"@type\":\"Organization\",\"@id\":\"https:\/\/sanluisinforma.com\/#organization\",\"name\":\"sanluisinforma.com\",\"url\":\"https:\/\/sanluisinforma.com\/\",\"logo\":{\"@type\":\"ImageObject\",\"inLanguage\":\"es\",\"@id\":\"https:\/\/sanluisinforma.com\/#\/schema\/logo\/image\/\",\"url\":\"https:\/\/sanluisinforma.com\/wp-content\/uploads\/2026\/03\/sanluisinforma-V.jpg\",\"contentUrl\":\"https:\/\/sanluisinforma.com\/wp-content\/uploads\/2026\/03\/sanluisinforma-V.jpg\",\"width\":500,\"height\":156,\"caption\":\"sanluisinforma.com\"},\"image\":{\"@id\":\"https:\/\/sanluisinforma.com\/#\/schema\/logo\/image\/\"}},{\"@type\":\"Person\",\"@id\":\"https:\/\/sanluisinforma.com\/#\/schema\/person\/c30648f71476be533b6f59d092905c8b\",\"name\":\"sanluisinforma.com\",\"image\":{\"@type\":\"ImageObject\",\"inLanguage\":\"es\",\"@id\":\"https:\/\/sanluisinforma.com\/#\/schema\/person\/image\/\",\"url\":\"https:\/\/secure.gravatar.com\/avatar\/86e3114e34a1eecefb963e0a02f0093f93b092dddb2fe1517596343751081a87?s=96&d=mm&r=g\",\"contentUrl\":\"https:\/\/secure.gravatar.com\/avatar\/86e3114e34a1eecefb963e0a02f0093f93b092dddb2fe1517596343751081a87?s=96&d=mm&r=g\",\"caption\":\"sanluisinforma.com\"},\"url\":\"https:\/\/sanluisinforma.com\/?author=2\"}]}<\/script>\n<!-- \/ Yoast SEO plugin. -->","yoast_head_json":{"title":"Water Environment Federation entrega el Premio a los Funcionarios P\u00fablicos a la Presidenta de M\u00e9xico, Claudia Sheinbaum Pardo - sanluisinforma.com","robots":{"index":"index","follow":"follow","max-snippet":"max-snippet:-1","max-image-preview":"max-image-preview:large","max-video-preview":"max-video-preview:-1"},"canonical":"https:\/\/sanluisinforma.com\/?p=14510","og_locale":"es_MX","og_type":"article","og_title":"Water Environment Federation entrega el Premio a los Funcionarios P\u00fablicos a la Presidenta de M\u00e9xico, Claudia Sheinbaum Pardo - sanluisinforma.com","og_description":"Un reconocimiento al liderazgo transformador en pol\u00edtica h\u00eddrica y protecci\u00f3n ambiental La Water Environment Federation (WEF), anunci\u00f3 que la presidenta","og_url":"https:\/\/sanluisinforma.com\/?p=14510","og_site_name":"sanluisinforma.com","article_published_time":"2025-09-03T06:35:00+00:00","article_modified_time":"2025-09-03T05:08:14+00:00","og_image":[{"width":400,"height":547,"url":"https:\/\/sanluisinforma.com\/wp-content\/uploads\/2025\/09\/unnamed-4-1.jpg","type":"image\/jpeg"}],"author":"sanluisinforma.com","twitter_card":"summary_large_image","twitter_misc":{"Escrito por":"sanluisinforma.com","Tiempo de lectura":"3 minutos"},"schema":{"@context":"https:\/\/schema.org","@graph":[{"@type":"Article","@id":"https:\/\/sanluisinforma.com\/?p=14510#article","isPartOf":{"@id":"https:\/\/sanluisinforma.com\/?p=14510"},"author":{"name":"sanluisinforma.com","@id":"https:\/\/sanluisinforma.com\/#\/schema\/person\/c30648f71476be533b6f59d092905c8b"},"headline":"Water Environment Federation entrega el Premio a los Funcionarios P\u00fablicos a la Presidenta de M\u00e9xico, Claudia Sheinbaum Pardo","datePublished":"2025-09-03T06:35:00+00:00","dateModified":"2025-09-03T05:08:14+00:00","mainEntityOfPage":{"@id":"https:\/\/sanluisinforma.com\/?p=14510"},"wordCount":526,"publisher":{"@id":"https:\/\/sanluisinforma.com\/#organization"},"image":{"@id":"https:\/\/sanluisinforma.com\/?p=14510#primaryimage"},"thumbnailUrl":"https:\/\/sanluisinforma.com\/wp-content\/uploads\/2025\/09\/unnamed-4-1.jpg","articleSection":["Nacional"],"inLanguage":"es"},{"@type":"WebPage","@id":"https:\/\/sanluisinforma.com\/?p=14510","url":"https:\/\/sanluisinforma.com\/?p=14510","name":"Water Environment Federation entrega el Premio a los Funcionarios P\u00fablicos a la Presidenta de M\u00e9xico, Claudia Sheinbaum Pardo - sanluisinforma.com","isPartOf":{"@id":"https:\/\/sanluisinforma.com\/#website"},"primaryImageOfPage":{"@id":"https:\/\/sanluisinforma.com\/?p=14510#primaryimage"},"image":{"@id":"https:\/\/sanluisinforma.com\/?p=14510#primaryimage"},"thumbnailUrl":"https:\/\/sanluisinforma.com\/wp-content\/uploads\/2025\/09\/unnamed-4-1.jpg","datePublished":"2025-09-03T06:35:00+00:00","dateModified":"2025-09-03T05:08:14+00:00","breadcrumb":{"@id":"https:\/\/sanluisinforma.com\/?p=14510#breadcrumb"},"inLanguage":"es","potentialAction":[{"@type":"ReadAction","target":["https:\/\/sanluisinforma.com\/?p=14510"]}]},{"@type":"ImageObject","inLanguage":"es","@id":"https:\/\/sanluisinforma.com\/?p=14510#primaryimage","url":"https:\/\/sanluisinforma.com\/wp-content\/uploads\/2025\/09\/unnamed-4-1.jpg","contentUrl":"https:\/\/sanluisinforma.com\/wp-content\/uploads\/2025\/09\/unnamed-4-1.jpg","width":400,"height":547},{"@type":"BreadcrumbList","@id":"https:\/\/sanluisinforma.com\/?p=14510#breadcrumb","itemListElement":[{"@type":"ListItem","position":1,"name":"Inicio","item":"https:\/\/sanluisinforma.com\/"},{"@type":"ListItem","position":2,"name":"Water Environment Federation entrega el Premio a los Funcionarios P\u00fablicos a la Presidenta de M\u00e9xico, Claudia Sheinbaum Pardo"}]},{"@type":"WebSite","@id":"https:\/\/sanluisinforma.com\/#website","url":"https:\/\/sanluisinforma.com\/","name":"sanluisinforma.com","description":"Periodico San Luis Informa","publisher":{"@id":"https:\/\/sanluisinforma.com\/#organization"},"potentialAction":[{"@type":"SearchAction","target":{"@type":"EntryPoint","urlTemplate":"https:\/\/sanluisinforma.com\/?s={search_term_string}"},"query-input":{"@type":"PropertyValueSpecification","valueRequired":true,"valueName":"search_term_string"}}],"inLanguage":"es"},{"@type":"Organization","@id":"https:\/\/sanluisinforma.com\/#organization","name":"sanluisinforma.com","url":"https:\/\/sanluisinforma.com\/","logo":{"@type":"ImageObject","inLanguage":"es","@id":"https:\/\/sanluisinforma.com\/#\/schema\/logo\/image\/","url":"https:\/\/sanluisinforma.com\/wp-content\/uploads\/2026\/03\/sanluisinforma-V.jpg","contentUrl":"https:\/\/sanluisinforma.com\/wp-content\/uploads\/2026\/03\/sanluisinforma-V.jpg","width":500,"height":156,"caption":"sanluisinforma.com"},"image":{"@id":"https:\/\/sanluisinforma.com\/#\/schema\/logo\/image\/"}},{"@type":"Person","@id":"https:\/\/sanluisinforma.com\/#\/schema\/person\/c30648f71476be533b6f59d092905c8b","name":"sanluisinforma.com","image":{"@type":"ImageObject","inLanguage":"es","@id":"https:\/\/sanluisinforma.com\/#\/schema\/person\/image\/","url":"https:\/\/secure.gravatar.com\/avatar\/86e3114e34a1eecefb963e0a02f0093f93b092dddb2fe1517596343751081a87?s=96&d=mm&r=g","contentUrl":"https:\/\/secure.gravatar.com\/avatar\/86e3114e34a1eecefb963e0a02f0093f93b092dddb2fe1517596343751081a87?s=96&d=mm&r=g","caption":"sanluisinforma.com"},"url":"https:\/\/sanluisinforma.com\/?author=2"}]}},"_links":{"self":[{"href":"https:\/\/sanluisinforma.com\/index.php?rest_route=\/wp\/v2\/posts\/14510","targetHints":{"allow":["GET"]}}],"collection":[{"href":"https:\/\/sanluisinforma.com\/index.php?rest_route=\/wp\/v2\/posts"}],"about":[{"href":"https:\/\/sanluisinforma.com\/index.php?rest_route=\/wp\/v2\/types\/post"}],"author":[{"embeddable":true,"href":"https:\/\/sanluisinforma.com\/index.php?rest_route=\/wp\/v2\/users\/2"}],"replies":[{"embeddable":true,"href":"https:\/\/sanluisinforma.com\/index.php?rest_route=%2Fwp%2Fv2%2Fcomments&post=14510"}],"version-history":[{"count":1,"href":"https:\/\/sanluisinforma.com\/index.php?rest_route=\/wp\/v2\/posts\/14510\/revisions"}],"predecessor-version":[{"id":14512,"href":"https:\/\/sanluisinforma.com\/index.php?rest_route=\/wp\/v2\/posts\/14510\/revisions\/14512"}],"wp:featuredmedia":[{"embeddable":true,"href":"https:\/\/sanluisinforma.com\/index.php?rest_route=\/wp\/v2\/media\/14511"}],"wp:attachment":[{"href":"https:\/\/sanluisinforma.com\/index.php?rest_route=%2Fwp%2Fv2%2Fmedia&parent=14510"}],"wp:term":[{"taxonomy":"category","embeddable":true,"href":"https:\/\/sanluisinforma.com\/index.php?rest_route=%2Fwp%2Fv2%2Fcategories&post=14510"},{"taxonomy":"post_tag","embeddable":true,"href":"https:\/\/sanluisinforma.com\/index.php?rest_route=%2Fwp%2Fv2%2Ftags&post=14510"}],"curies":[{"name":"wp","href":"https:\/\/api.w.org\/{rel}","templated":true}]}}