{"id":14539,"date":"2025-09-05T00:40:00","date_gmt":"2025-09-05T06:40:00","guid":{"rendered":"https:\/\/sanluisinforma.com\/?p=14539"},"modified":"2025-09-04T21:32:16","modified_gmt":"2025-09-05T03:32:16","slug":"se-presenta-decreto-en-apoyo-a-pequenos-productores-agricolasorden-en-concesiones-desprivatiza-4-mil-millones-de-m3-de-agua","status":"publish","type":"post","link":"https:\/\/sanluisinforma.com\/?p=14539","title":{"rendered":"Se presenta Decreto en apoyo a peque\u00f1os productores agr\u00edcolas;orden en concesiones desprivatiza 4 mil millones de m3 de agua."},"content":{"rendered":"\n<p>El decreto brinda facilidades a peque\u00f1os productores, de estados y municipios con t\u00edtulos hasta por 500 mil m3 de agua vencidos entre 1 de octubre 2017 al 1 de marzo 2025 para que se regularicen<\/p>\n\n\n\n<p>&nbsp;La desprivatizaci\u00f3n del agua, que es un recurso de la naci\u00f3n, equivale a cuatro veces lo que consume la Ciudad de M\u00e9xico<\/p>\n\n\n\n<p>El Gobierno de M\u00e9xico, a trav\u00e9s de la Comisi\u00f3n Nacional del Agua (Conagua), present\u00f3 el Decreto de Facilidades Administrativas para que peque\u00f1os y medianos productores agr\u00edcolas regularicen sus t\u00edtulos de agua, adem\u00e1s, inform\u00f3 que con la revisi\u00f3n y ordenamiento de concesiones se ha logrado la recuperaci\u00f3n de 4 mil millones de metros c\u00fabicos (m3) de agua, entregados, en su mayor\u00eda, de manera voluntaria por empresarios que devolvieron sus litros excedentes.<\/p>\n\n\n\n<p>La Presidenta de M\u00e9xico, Claudia Sheinbaum Pardo, destac\u00f3 que con el Decreto de Facilidades Administrativas se da cumplimiento a un compromiso de campa\u00f1a con el que se apoya a los productores agr\u00edcolas.<\/p>\n\n\n\n<p>\u201cEs muy importante para todos los peque\u00f1os productores que tienen un pozo o alg\u00fan uso de agua de riego, este Acuerdo de Facilidades, para que se pongan en orden de manera muy r\u00e1pida y puedan acceder a todos los apoyos, que es algo que desde la campa\u00f1a me estuvieron pidiendo muchos agricultores, productores agr\u00edcolas peque\u00f1os\u201d, destac\u00f3 en la conferencia matutina: \u201cLas ma\u00f1aneras del pueblo\u201d.<\/p>\n\n\n\n<p>La Jefa del Ejecutivo, puntualiz\u00f3 que la recuperaci\u00f3n de 4 mil millones de m3 de agua significa la desprivatizaci\u00f3n de un recurso que es de la naci\u00f3n y adem\u00e1s equivale cuatro veces lo que consume la capital del pa\u00eds.<\/p>\n\n\n\n<p>\u201cSon 4 mil millones de metros c\u00fabicos que se desprivatizaron, es equivalente a 3 veces, 4 veces lo que consume la Ciudad de M\u00e9xico, de desprivatizaci\u00f3n de concesiones de agua o poner en orden concesiones de agua\u201d, agreg\u00f3.<\/p>\n\n\n\n<p>El director general de la Conagua, Efra\u00edn Morales L\u00f3pez, inform\u00f3 que de los 17 proyectos estrat\u00e9gicos en materia de agua que forman parte del&nbsp;<strong>Plan Nacional H\u00eddrico \u2014los cuales est\u00e1n planteados para dar soluciones a largo plazo\u2014<\/strong>, en ocho ya se iniciaron obras; tres se encuentran en etapa final de contrataci\u00f3n y arrancan los trabajos la siguiente semana; y seis est\u00e1n en detalles finales t\u00e9cnicos y de socializaci\u00f3n, por lo que en los pr\u00f3ximos d\u00edas iniciar\u00e1n sus procesos de contrataci\u00f3n para posteriormente iniciar las obras.<\/p>\n\n\n\n<p>El subdirector general de Administraci\u00f3n del Agua, Mauricio Rodr\u00edguez Alonso, detall\u00f3 que la Conagua llev\u00f3 a cabo una revisi\u00f3n a 536 mil 533 t\u00edtulos de concesi\u00f3n, de los que se detect\u00f3 que 163 mil 689 est\u00e1n vencidos, por lo que el&nbsp;<strong>Decreto de Facilidades Administrativas<\/strong>, que forma parte del Plan Nacional H\u00eddrico, tiene como objetivo que peque\u00f1os y medianos productores, de estados y municipios que tengan t\u00edtulos hasta por vol\u00famenes de 500 mil m3 regularicen sus concesiones y con ello accedan a certeza jur\u00eddica, a cr\u00e9dito, subsidios y programas.<\/p>\n\n\n\n<p>Inform\u00f3 que, este decreto considerar\u00e1 los t\u00edtulos vencidos del 1 de octubre 2017 al 1 de marzo de 2025 y el tr\u00e1mite podr\u00e1 realizarse durante los tres meses posteriores a la publicaci\u00f3n decreto a trav\u00e9s de una solicitud que deber\u00e1 presentarse en la Ventanilla Digital \u00danica de Tr\u00e1mites del Agua o en los m\u00f3dulos que ser\u00e1n instalados en todo el pa\u00eds.<\/p>\n\n\n\n<p>El&nbsp; subdirector de Agua Potable, Drenaje y Saneamiento, Felipe Zatar\u00e1in Mendoza, inform\u00f3 que lo proyectos del Plan Nacional H\u00eddrico que ya est\u00e1n en marcha son: la Segunda l\u00ednea del Acueducto Guadalupe Victoria, Tamaulipas;&nbsp; el proyecto de Agua para Colima; el Acueducto Sol\u00eds\u2013Le\u00f3n, Guanajuato; el plan Acapulco se Transforma Contigo; el Plan integral de la Zona Oriente del Estado de M\u00e9xico; las Redes troncales de Agua Saludable para La Laguna; las Obras de Protecci\u00f3n contra Inundaciones en Tabasco; y el Proyecto de Agua Potable de la Zona Metropolitana del Valle de M\u00e9xico.<\/p>\n\n\n\n<p>Mientras que las obras por iniciar son: el Acuaf\u00e9rico Campeche y redes Xpujil; la Presa Tunal II, Durango; y el Acueducto La Cangrejera-Coatzacoalcos, Veracruz. Adicional a ello, se licitar\u00e1n: la Presa El Novillo en Baja California Sur; la Presa Margarita Maza de Ju\u00e1rez; la Desaladora de Rosarito; el proyecto Agua para San Luis Potos\u00ed; el Sistema de Presas para Hermosillo y la Presa Milpillas.<\/p>\n","protected":false},"excerpt":{"rendered":"<p>El decreto brinda facilidades a peque\u00f1os productores, de estados y municipios con t\u00edtulos hasta por 500 mil m3 de agua<\/p>\n","protected":false},"author":2,"featured_media":14541,"comment_status":"closed","ping_status":"closed","sticky":false,"template":"","format":"standard","meta":{"footnotes":""},"categories":[26],"tags":[],"class_list":["post-14539","post","type-post","status-publish","format-standard","has-post-thumbnail","hentry","category-nacional"],"yoast_head":"<!-- This site is optimized with the Yoast SEO plugin v24.1 - https:\/\/yoast.com\/wordpress\/plugins\/seo\/ -->\n<title>Se presenta Decreto en apoyo a peque\u00f1os productores agr\u00edcolas;orden en concesiones desprivatiza 4 mil millones de m3 de agua. - sanluisinforma.com<\/title>\n<meta name=\"robots\" content=\"index, follow, max-snippet:-1, max-image-preview:large, max-video-preview:-1\" \/>\n<link rel=\"canonical\" href=\"https:\/\/sanluisinforma.com\/?p=14539\" \/>\n<meta property=\"og:locale\" content=\"es_MX\" \/>\n<meta property=\"og:type\" content=\"article\" \/>\n<meta property=\"og:title\" content=\"Se presenta Decreto en apoyo a peque\u00f1os productores agr\u00edcolas;orden en concesiones desprivatiza 4 mil millones de m3 de agua. - sanluisinforma.com\" \/>\n<meta property=\"og:description\" content=\"El decreto brinda facilidades a peque\u00f1os productores, de estados y municipios con t\u00edtulos hasta por 500 mil m3 de agua\" \/>\n<meta property=\"og:url\" content=\"https:\/\/sanluisinforma.com\/?p=14539\" \/>\n<meta property=\"og:site_name\" content=\"sanluisinforma.com\" \/>\n<meta property=\"article:published_time\" content=\"2025-09-05T06:40:00+00:00\" \/>\n<meta property=\"article:modified_time\" content=\"2025-09-05T03:32:16+00:00\" \/>\n<meta property=\"og:image\" content=\"https:\/\/sanluisinforma.com\/wp-content\/uploads\/2025\/09\/post_WhatsApp_Image_2025-09-04_at_8.11.00_AM.jpg\" \/>\n\t<meta property=\"og:image:width\" content=\"400\" \/>\n\t<meta property=\"og:image:height\" content=\"233\" \/>\n\t<meta property=\"og:image:type\" content=\"image\/jpeg\" \/>\n<meta name=\"author\" content=\"sanluisinforma.com\" \/>\n<meta name=\"twitter:card\" content=\"summary_large_image\" \/>\n<meta name=\"twitter:label1\" content=\"Escrito por\" \/>\n\t<meta name=\"twitter:data1\" content=\"sanluisinforma.com\" \/>\n\t<meta name=\"twitter:label2\" content=\"Tiempo de lectura\" \/>\n\t<meta name=\"twitter:data2\" content=\"4 minutos\" \/>\n<script type=\"application\/ld+json\" class=\"yoast-schema-graph\">{\"@context\":\"https:\/\/schema.org\",\"@graph\":[{\"@type\":\"Article\",\"@id\":\"https:\/\/sanluisinforma.com\/?p=14539#article\",\"isPartOf\":{\"@id\":\"https:\/\/sanluisinforma.com\/?p=14539\"},\"author\":{\"name\":\"sanluisinforma.com\",\"@id\":\"https:\/\/sanluisinforma.com\/#\/schema\/person\/c30648f71476be533b6f59d092905c8b\"},\"headline\":\"Se presenta Decreto en apoyo a peque\u00f1os productores agr\u00edcolas;orden en concesiones desprivatiza 4 mil millones de m3 de agua.\",\"datePublished\":\"2025-09-05T06:40:00+00:00\",\"dateModified\":\"2025-09-05T03:32:16+00:00\",\"mainEntityOfPage\":{\"@id\":\"https:\/\/sanluisinforma.com\/?p=14539\"},\"wordCount\":776,\"publisher\":{\"@id\":\"https:\/\/sanluisinforma.com\/#organization\"},\"image\":{\"@id\":\"https:\/\/sanluisinforma.com\/?p=14539#primaryimage\"},\"thumbnailUrl\":\"https:\/\/sanluisinforma.com\/wp-content\/uploads\/2025\/09\/post_WhatsApp_Image_2025-09-04_at_8.11.00_AM.jpg\",\"articleSection\":[\"Nacional\"],\"inLanguage\":\"es\"},{\"@type\":\"WebPage\",\"@id\":\"https:\/\/sanluisinforma.com\/?p=14539\",\"url\":\"https:\/\/sanluisinforma.com\/?p=14539\",\"name\":\"Se presenta Decreto en apoyo a peque\u00f1os productores agr\u00edcolas;orden en concesiones desprivatiza 4 mil millones de m3 de agua. - sanluisinforma.com\",\"isPartOf\":{\"@id\":\"https:\/\/sanluisinforma.com\/#website\"},\"primaryImageOfPage\":{\"@id\":\"https:\/\/sanluisinforma.com\/?p=14539#primaryimage\"},\"image\":{\"@id\":\"https:\/\/sanluisinforma.com\/?p=14539#primaryimage\"},\"thumbnailUrl\":\"https:\/\/sanluisinforma.com\/wp-content\/uploads\/2025\/09\/post_WhatsApp_Image_2025-09-04_at_8.11.00_AM.jpg\",\"datePublished\":\"2025-09-05T06:40:00+00:00\",\"dateModified\":\"2025-09-05T03:32:16+00:00\",\"breadcrumb\":{\"@id\":\"https:\/\/sanluisinforma.com\/?p=14539#breadcrumb\"},\"inLanguage\":\"es\",\"potentialAction\":[{\"@type\":\"ReadAction\",\"target\":[\"https:\/\/sanluisinforma.com\/?p=14539\"]}]},{\"@type\":\"ImageObject\",\"inLanguage\":\"es\",\"@id\":\"https:\/\/sanluisinforma.com\/?p=14539#primaryimage\",\"url\":\"https:\/\/sanluisinforma.com\/wp-content\/uploads\/2025\/09\/post_WhatsApp_Image_2025-09-04_at_8.11.00_AM.jpg\",\"contentUrl\":\"https:\/\/sanluisinforma.com\/wp-content\/uploads\/2025\/09\/post_WhatsApp_Image_2025-09-04_at_8.11.00_AM.jpg\",\"width\":400,\"height\":233},{\"@type\":\"BreadcrumbList\",\"@id\":\"https:\/\/sanluisinforma.com\/?p=14539#breadcrumb\",\"itemListElement\":[{\"@type\":\"ListItem\",\"position\":1,\"name\":\"Inicio\",\"item\":\"https:\/\/sanluisinforma.com\/\"},{\"@type\":\"ListItem\",\"position\":2,\"name\":\"Se presenta Decreto en apoyo a peque\u00f1os productores agr\u00edcolas;orden en concesiones desprivatiza 4 mil millones de m3 de agua.\"}]},{\"@type\":\"WebSite\",\"@id\":\"https:\/\/sanluisinforma.com\/#website\",\"url\":\"https:\/\/sanluisinforma.com\/\",\"name\":\"sanluisinforma.com\",\"description\":\"Periodico San Luis Informa\",\"publisher\":{\"@id\":\"https:\/\/sanluisinforma.com\/#organization\"},\"potentialAction\":[{\"@type\":\"SearchAction\",\"target\":{\"@type\":\"EntryPoint\",\"urlTemplate\":\"https:\/\/sanluisinforma.com\/?s={search_term_string}\"},\"query-input\":{\"@type\":\"PropertyValueSpecification\",\"valueRequired\":true,\"valueName\":\"search_term_string\"}}],\"inLanguage\":\"es\"},{\"@type\":\"Organization\",\"@id\":\"https:\/\/sanluisinforma.com\/#organization\",\"name\":\"sanluisinforma.com\",\"url\":\"https:\/\/sanluisinforma.com\/\",\"logo\":{\"@type\":\"ImageObject\",\"inLanguage\":\"es\",\"@id\":\"https:\/\/sanluisinforma.com\/#\/schema\/logo\/image\/\",\"url\":\"https:\/\/sanluisinforma.com\/wp-content\/uploads\/2026\/03\/sanluisinforma-V.jpg\",\"contentUrl\":\"https:\/\/sanluisinforma.com\/wp-content\/uploads\/2026\/03\/sanluisinforma-V.jpg\",\"width\":500,\"height\":156,\"caption\":\"sanluisinforma.com\"},\"image\":{\"@id\":\"https:\/\/sanluisinforma.com\/#\/schema\/logo\/image\/\"}},{\"@type\":\"Person\",\"@id\":\"https:\/\/sanluisinforma.com\/#\/schema\/person\/c30648f71476be533b6f59d092905c8b\",\"name\":\"sanluisinforma.com\",\"image\":{\"@type\":\"ImageObject\",\"inLanguage\":\"es\",\"@id\":\"https:\/\/sanluisinforma.com\/#\/schema\/person\/image\/\",\"url\":\"https:\/\/secure.gravatar.com\/avatar\/86e3114e34a1eecefb963e0a02f0093f93b092dddb2fe1517596343751081a87?s=96&d=mm&r=g\",\"contentUrl\":\"https:\/\/secure.gravatar.com\/avatar\/86e3114e34a1eecefb963e0a02f0093f93b092dddb2fe1517596343751081a87?s=96&d=mm&r=g\",\"caption\":\"sanluisinforma.com\"},\"url\":\"https:\/\/sanluisinforma.com\/?author=2\"}]}<\/script>\n<!-- \/ Yoast SEO plugin. -->","yoast_head_json":{"title":"Se presenta Decreto en apoyo a peque\u00f1os productores agr\u00edcolas;orden en concesiones desprivatiza 4 mil millones de m3 de agua. - sanluisinforma.com","robots":{"index":"index","follow":"follow","max-snippet":"max-snippet:-1","max-image-preview":"max-image-preview:large","max-video-preview":"max-video-preview:-1"},"canonical":"https:\/\/sanluisinforma.com\/?p=14539","og_locale":"es_MX","og_type":"article","og_title":"Se presenta Decreto en apoyo a peque\u00f1os productores agr\u00edcolas;orden en concesiones desprivatiza 4 mil millones de m3 de agua. - sanluisinforma.com","og_description":"El decreto brinda facilidades a peque\u00f1os productores, de estados y municipios con t\u00edtulos hasta por 500 mil m3 de agua","og_url":"https:\/\/sanluisinforma.com\/?p=14539","og_site_name":"sanluisinforma.com","article_published_time":"2025-09-05T06:40:00+00:00","article_modified_time":"2025-09-05T03:32:16+00:00","og_image":[{"width":400,"height":233,"url":"https:\/\/sanluisinforma.com\/wp-content\/uploads\/2025\/09\/post_WhatsApp_Image_2025-09-04_at_8.11.00_AM.jpg","type":"image\/jpeg"}],"author":"sanluisinforma.com","twitter_card":"summary_large_image","twitter_misc":{"Escrito por":"sanluisinforma.com","Tiempo de lectura":"4 minutos"},"schema":{"@context":"https:\/\/schema.org","@graph":[{"@type":"Article","@id":"https:\/\/sanluisinforma.com\/?p=14539#article","isPartOf":{"@id":"https:\/\/sanluisinforma.com\/?p=14539"},"author":{"name":"sanluisinforma.com","@id":"https:\/\/sanluisinforma.com\/#\/schema\/person\/c30648f71476be533b6f59d092905c8b"},"headline":"Se presenta Decreto en apoyo a peque\u00f1os productores agr\u00edcolas;orden en concesiones desprivatiza 4 mil millones de m3 de agua.","datePublished":"2025-09-05T06:40:00+00:00","dateModified":"2025-09-05T03:32:16+00:00","mainEntityOfPage":{"@id":"https:\/\/sanluisinforma.com\/?p=14539"},"wordCount":776,"publisher":{"@id":"https:\/\/sanluisinforma.com\/#organization"},"image":{"@id":"https:\/\/sanluisinforma.com\/?p=14539#primaryimage"},"thumbnailUrl":"https:\/\/sanluisinforma.com\/wp-content\/uploads\/2025\/09\/post_WhatsApp_Image_2025-09-04_at_8.11.00_AM.jpg","articleSection":["Nacional"],"inLanguage":"es"},{"@type":"WebPage","@id":"https:\/\/sanluisinforma.com\/?p=14539","url":"https:\/\/sanluisinforma.com\/?p=14539","name":"Se presenta Decreto en apoyo a peque\u00f1os productores agr\u00edcolas;orden en concesiones desprivatiza 4 mil millones de m3 de agua. - sanluisinforma.com","isPartOf":{"@id":"https:\/\/sanluisinforma.com\/#website"},"primaryImageOfPage":{"@id":"https:\/\/sanluisinforma.com\/?p=14539#primaryimage"},"image":{"@id":"https:\/\/sanluisinforma.com\/?p=14539#primaryimage"},"thumbnailUrl":"https:\/\/sanluisinforma.com\/wp-content\/uploads\/2025\/09\/post_WhatsApp_Image_2025-09-04_at_8.11.00_AM.jpg","datePublished":"2025-09-05T06:40:00+00:00","dateModified":"2025-09-05T03:32:16+00:00","breadcrumb":{"@id":"https:\/\/sanluisinforma.com\/?p=14539#breadcrumb"},"inLanguage":"es","potentialAction":[{"@type":"ReadAction","target":["https:\/\/sanluisinforma.com\/?p=14539"]}]},{"@type":"ImageObject","inLanguage":"es","@id":"https:\/\/sanluisinforma.com\/?p=14539#primaryimage","url":"https:\/\/sanluisinforma.com\/wp-content\/uploads\/2025\/09\/post_WhatsApp_Image_2025-09-04_at_8.11.00_AM.jpg","contentUrl":"https:\/\/sanluisinforma.com\/wp-content\/uploads\/2025\/09\/post_WhatsApp_Image_2025-09-04_at_8.11.00_AM.jpg","width":400,"height":233},{"@type":"BreadcrumbList","@id":"https:\/\/sanluisinforma.com\/?p=14539#breadcrumb","itemListElement":[{"@type":"ListItem","position":1,"name":"Inicio","item":"https:\/\/sanluisinforma.com\/"},{"@type":"ListItem","position":2,"name":"Se presenta Decreto en apoyo a peque\u00f1os productores agr\u00edcolas;orden en concesiones desprivatiza 4 mil millones de m3 de agua."}]},{"@type":"WebSite","@id":"https:\/\/sanluisinforma.com\/#website","url":"https:\/\/sanluisinforma.com\/","name":"sanluisinforma.com","description":"Periodico San Luis Informa","publisher":{"@id":"https:\/\/sanluisinforma.com\/#organization"},"potentialAction":[{"@type":"SearchAction","target":{"@type":"EntryPoint","urlTemplate":"https:\/\/sanluisinforma.com\/?s={search_term_string}"},"query-input":{"@type":"PropertyValueSpecification","valueRequired":true,"valueName":"search_term_string"}}],"inLanguage":"es"},{"@type":"Organization","@id":"https:\/\/sanluisinforma.com\/#organization","name":"sanluisinforma.com","url":"https:\/\/sanluisinforma.com\/","logo":{"@type":"ImageObject","inLanguage":"es","@id":"https:\/\/sanluisinforma.com\/#\/schema\/logo\/image\/","url":"https:\/\/sanluisinforma.com\/wp-content\/uploads\/2026\/03\/sanluisinforma-V.jpg","contentUrl":"https:\/\/sanluisinforma.com\/wp-content\/uploads\/2026\/03\/sanluisinforma-V.jpg","width":500,"height":156,"caption":"sanluisinforma.com"},"image":{"@id":"https:\/\/sanluisinforma.com\/#\/schema\/logo\/image\/"}},{"@type":"Person","@id":"https:\/\/sanluisinforma.com\/#\/schema\/person\/c30648f71476be533b6f59d092905c8b","name":"sanluisinforma.com","image":{"@type":"ImageObject","inLanguage":"es","@id":"https:\/\/sanluisinforma.com\/#\/schema\/person\/image\/","url":"https:\/\/secure.gravatar.com\/avatar\/86e3114e34a1eecefb963e0a02f0093f93b092dddb2fe1517596343751081a87?s=96&d=mm&r=g","contentUrl":"https:\/\/secure.gravatar.com\/avatar\/86e3114e34a1eecefb963e0a02f0093f93b092dddb2fe1517596343751081a87?s=96&d=mm&r=g","caption":"sanluisinforma.com"},"url":"https:\/\/sanluisinforma.com\/?author=2"}]}},"_links":{"self":[{"href":"https:\/\/sanluisinforma.com\/index.php?rest_route=\/wp\/v2\/posts\/14539","targetHints":{"allow":["GET"]}}],"collection":[{"href":"https:\/\/sanluisinforma.com\/index.php?rest_route=\/wp\/v2\/posts"}],"about":[{"href":"https:\/\/sanluisinforma.com\/index.php?rest_route=\/wp\/v2\/types\/post"}],"author":[{"embeddable":true,"href":"https:\/\/sanluisinforma.com\/index.php?rest_route=\/wp\/v2\/users\/2"}],"replies":[{"embeddable":true,"href":"https:\/\/sanluisinforma.com\/index.php?rest_route=%2Fwp%2Fv2%2Fcomments&post=14539"}],"version-history":[{"count":1,"href":"https:\/\/sanluisinforma.com\/index.php?rest_route=\/wp\/v2\/posts\/14539\/revisions"}],"predecessor-version":[{"id":14542,"href":"https:\/\/sanluisinforma.com\/index.php?rest_route=\/wp\/v2\/posts\/14539\/revisions\/14542"}],"wp:featuredmedia":[{"embeddable":true,"href":"https:\/\/sanluisinforma.com\/index.php?rest_route=\/wp\/v2\/media\/14541"}],"wp:attachment":[{"href":"https:\/\/sanluisinforma.com\/index.php?rest_route=%2Fwp%2Fv2%2Fmedia&parent=14539"}],"wp:term":[{"taxonomy":"category","embeddable":true,"href":"https:\/\/sanluisinforma.com\/index.php?rest_route=%2Fwp%2Fv2%2Fcategories&post=14539"},{"taxonomy":"post_tag","embeddable":true,"href":"https:\/\/sanluisinforma.com\/index.php?rest_route=%2Fwp%2Fv2%2Ftags&post=14539"}],"curies":[{"name":"wp","href":"https:\/\/api.w.org\/{rel}","templated":true}]}}