{"id":14559,"date":"2025-09-06T00:55:00","date_gmt":"2025-09-06T06:55:00","guid":{"rendered":"https:\/\/sanluisinforma.com\/?p=14559"},"modified":"2025-09-05T20:27:48","modified_gmt":"2025-09-06T02:27:48","slug":"gobierno-estatal-fortalece-vigilancia-para-prevenir-la-rabia","status":"publish","type":"post","link":"https:\/\/sanluisinforma.com\/?p=14559","title":{"rendered":"Gobierno Estatal fortalece vigilancia para prevenir la rabia"},"content":{"rendered":"\n<p>&nbsp;La Subdirecci\u00f3n de Epidemiolog\u00eda de los Servicios de Salud coordina acciones de vigilancia en el Estado.<\/p>\n\n\n\n<p>San Luis Potos\u00ed tiene m\u00e1s de 20 a\u00f1os sin casos de rabia en humanos, y para seguir protegiendo sin l\u00edmites a las y los potosinos de esta enfermedad, el \u00e1rea de epidemiolog\u00eda de los Servicios de Salud reuni\u00f3 a diversas instituciones relacionadas con la sanidad animal para reforzar la vigilancia en el Estado.<\/p>\n\n\n\n<p>Derivado de la confirmaci\u00f3n de dos casos de rabia en humanos en el pa\u00eds y por instrucci\u00f3n del Gobernador del Estado Ricardo Gallardo Cardona, el subdirector de Epidemiolog\u00eda, Juan Luis Delgado inform\u00f3 que los Servicios de Salud contin\u00faan con vacunaci\u00f3n antirr\u00e1bica en mascotas, adem\u00e1s de reforzar la vacunaci\u00f3n contra la rabia paral\u00edtica en ganado bovino e informaci\u00f3n para advertir a la poblaci\u00f3n sobre el riesgo de manipular fauna silvestre sin conocimiento previo.<\/p>\n\n\n\n<p>A la reuni\u00f3n de trabajo asisti\u00f3 personal del Comit\u00e9 Pecuario, del Servicio Nacional de Sanidad, Inocuidad y Calidad Agroalimentaria de M\u00e9xico (Senasica), de la Procuradur\u00eda Federal de Protecci\u00f3n al Ambiente&nbsp; (Profepa) e integrantes de la Comisi\u00f3n M\u00e9xico-Estados Unidos para la Prevenci\u00f3n de la Fiebre Aftosa y otras enfermedades Ex\u00f3ticas de los Animales.<\/p>\n\n\n\n<p>La rabia, es una infecci\u00f3n viral que se propaga por medio de la saliva infectada de un animal a trav\u00e9s de una mordida o un corte en la piel; los s\u00edntomas en humanos aparecen tras d\u00edas o semanas, como fiebre, dolor de cabeza y malestar general similar a la gripe y progresan hasta neurol\u00f3gicos.<\/p>\n","protected":false},"excerpt":{"rendered":"<p>&nbsp;La Subdirecci\u00f3n de Epidemiolog\u00eda de los Servicios de Salud coordina acciones de vigilancia en el Estado. San Luis Potos\u00ed tiene<\/p>\n","protected":false},"author":2,"featured_media":0,"comment_status":"closed","ping_status":"closed","sticky":false,"template":"","format":"standard","meta":{"footnotes":""},"categories":[25,30],"tags":[],"class_list":["post-14559","post","type-post","status-publish","format-standard","hentry","category-local","category-portada"],"yoast_head":"<!-- This site is optimized with the Yoast SEO plugin v24.1 - https:\/\/yoast.com\/wordpress\/plugins\/seo\/ -->\n<title>Gobierno Estatal fortalece vigilancia para prevenir la rabia - sanluisinforma.com<\/title>\n<meta name=\"robots\" content=\"index, follow, max-snippet:-1, max-image-preview:large, max-video-preview:-1\" \/>\n<link rel=\"canonical\" href=\"https:\/\/sanluisinforma.com\/?p=14559\" \/>\n<meta property=\"og:locale\" content=\"es_MX\" \/>\n<meta property=\"og:type\" content=\"article\" \/>\n<meta property=\"og:title\" content=\"Gobierno Estatal fortalece vigilancia para prevenir la rabia - sanluisinforma.com\" \/>\n<meta property=\"og:description\" content=\"&nbsp;La Subdirecci\u00f3n de Epidemiolog\u00eda de los Servicios de Salud coordina acciones de vigilancia en el Estado. San Luis Potos\u00ed tiene\" \/>\n<meta property=\"og:url\" content=\"https:\/\/sanluisinforma.com\/?p=14559\" \/>\n<meta property=\"og:site_name\" content=\"sanluisinforma.com\" \/>\n<meta property=\"article:published_time\" content=\"2025-09-06T06:55:00+00:00\" \/>\n<meta property=\"article:modified_time\" content=\"2025-09-06T02:27:48+00:00\" \/>\n<meta name=\"author\" content=\"sanluisinforma.com\" \/>\n<meta name=\"twitter:card\" content=\"summary_large_image\" \/>\n<meta name=\"twitter:label1\" content=\"Escrito por\" \/>\n\t<meta name=\"twitter:data1\" content=\"sanluisinforma.com\" \/>\n\t<meta name=\"twitter:label2\" content=\"Tiempo de lectura\" \/>\n\t<meta name=\"twitter:data2\" content=\"2 minutos\" \/>\n<script type=\"application\/ld+json\" class=\"yoast-schema-graph\">{\"@context\":\"https:\/\/schema.org\",\"@graph\":[{\"@type\":\"Article\",\"@id\":\"https:\/\/sanluisinforma.com\/?p=14559#article\",\"isPartOf\":{\"@id\":\"https:\/\/sanluisinforma.com\/?p=14559\"},\"author\":{\"name\":\"sanluisinforma.com\",\"@id\":\"https:\/\/sanluisinforma.com\/#\/schema\/person\/c30648f71476be533b6f59d092905c8b\"},\"headline\":\"Gobierno Estatal fortalece vigilancia para prevenir la rabia\",\"datePublished\":\"2025-09-06T06:55:00+00:00\",\"dateModified\":\"2025-09-06T02:27:48+00:00\",\"mainEntityOfPage\":{\"@id\":\"https:\/\/sanluisinforma.com\/?p=14559\"},\"wordCount\":287,\"publisher\":{\"@id\":\"https:\/\/sanluisinforma.com\/#organization\"},\"articleSection\":[\"Local\",\"Portada\"],\"inLanguage\":\"es\"},{\"@type\":\"WebPage\",\"@id\":\"https:\/\/sanluisinforma.com\/?p=14559\",\"url\":\"https:\/\/sanluisinforma.com\/?p=14559\",\"name\":\"Gobierno Estatal fortalece vigilancia para prevenir la rabia - sanluisinforma.com\",\"isPartOf\":{\"@id\":\"https:\/\/sanluisinforma.com\/#website\"},\"datePublished\":\"2025-09-06T06:55:00+00:00\",\"dateModified\":\"2025-09-06T02:27:48+00:00\",\"breadcrumb\":{\"@id\":\"https:\/\/sanluisinforma.com\/?p=14559#breadcrumb\"},\"inLanguage\":\"es\",\"potentialAction\":[{\"@type\":\"ReadAction\",\"target\":[\"https:\/\/sanluisinforma.com\/?p=14559\"]}]},{\"@type\":\"BreadcrumbList\",\"@id\":\"https:\/\/sanluisinforma.com\/?p=14559#breadcrumb\",\"itemListElement\":[{\"@type\":\"ListItem\",\"position\":1,\"name\":\"Inicio\",\"item\":\"https:\/\/sanluisinforma.com\/\"},{\"@type\":\"ListItem\",\"position\":2,\"name\":\"Gobierno Estatal fortalece vigilancia para prevenir la rabia\"}]},{\"@type\":\"WebSite\",\"@id\":\"https:\/\/sanluisinforma.com\/#website\",\"url\":\"https:\/\/sanluisinforma.com\/\",\"name\":\"sanluisinforma.com\",\"description\":\"Periodico San Luis Informa\",\"publisher\":{\"@id\":\"https:\/\/sanluisinforma.com\/#organization\"},\"potentialAction\":[{\"@type\":\"SearchAction\",\"target\":{\"@type\":\"EntryPoint\",\"urlTemplate\":\"https:\/\/sanluisinforma.com\/?s={search_term_string}\"},\"query-input\":{\"@type\":\"PropertyValueSpecification\",\"valueRequired\":true,\"valueName\":\"search_term_string\"}}],\"inLanguage\":\"es\"},{\"@type\":\"Organization\",\"@id\":\"https:\/\/sanluisinforma.com\/#organization\",\"name\":\"sanluisinforma.com\",\"url\":\"https:\/\/sanluisinforma.com\/\",\"logo\":{\"@type\":\"ImageObject\",\"inLanguage\":\"es\",\"@id\":\"https:\/\/sanluisinforma.com\/#\/schema\/logo\/image\/\",\"url\":\"https:\/\/sanluisinforma.com\/wp-content\/uploads\/2026\/03\/sanluisinforma-V.jpg\",\"contentUrl\":\"https:\/\/sanluisinforma.com\/wp-content\/uploads\/2026\/03\/sanluisinforma-V.jpg\",\"width\":500,\"height\":156,\"caption\":\"sanluisinforma.com\"},\"image\":{\"@id\":\"https:\/\/sanluisinforma.com\/#\/schema\/logo\/image\/\"}},{\"@type\":\"Person\",\"@id\":\"https:\/\/sanluisinforma.com\/#\/schema\/person\/c30648f71476be533b6f59d092905c8b\",\"name\":\"sanluisinforma.com\",\"image\":{\"@type\":\"ImageObject\",\"inLanguage\":\"es\",\"@id\":\"https:\/\/sanluisinforma.com\/#\/schema\/person\/image\/\",\"url\":\"https:\/\/secure.gravatar.com\/avatar\/86e3114e34a1eecefb963e0a02f0093f93b092dddb2fe1517596343751081a87?s=96&d=mm&r=g\",\"contentUrl\":\"https:\/\/secure.gravatar.com\/avatar\/86e3114e34a1eecefb963e0a02f0093f93b092dddb2fe1517596343751081a87?s=96&d=mm&r=g\",\"caption\":\"sanluisinforma.com\"},\"url\":\"https:\/\/sanluisinforma.com\/?author=2\"}]}<\/script>\n<!-- \/ Yoast SEO plugin. -->","yoast_head_json":{"title":"Gobierno Estatal fortalece vigilancia para prevenir la rabia - sanluisinforma.com","robots":{"index":"index","follow":"follow","max-snippet":"max-snippet:-1","max-image-preview":"max-image-preview:large","max-video-preview":"max-video-preview:-1"},"canonical":"https:\/\/sanluisinforma.com\/?p=14559","og_locale":"es_MX","og_type":"article","og_title":"Gobierno Estatal fortalece vigilancia para prevenir la rabia - sanluisinforma.com","og_description":"&nbsp;La Subdirecci\u00f3n de Epidemiolog\u00eda de los Servicios de Salud coordina acciones de vigilancia en el Estado. San Luis Potos\u00ed tiene","og_url":"https:\/\/sanluisinforma.com\/?p=14559","og_site_name":"sanluisinforma.com","article_published_time":"2025-09-06T06:55:00+00:00","article_modified_time":"2025-09-06T02:27:48+00:00","author":"sanluisinforma.com","twitter_card":"summary_large_image","twitter_misc":{"Escrito por":"sanluisinforma.com","Tiempo de lectura":"2 minutos"},"schema":{"@context":"https:\/\/schema.org","@graph":[{"@type":"Article","@id":"https:\/\/sanluisinforma.com\/?p=14559#article","isPartOf":{"@id":"https:\/\/sanluisinforma.com\/?p=14559"},"author":{"name":"sanluisinforma.com","@id":"https:\/\/sanluisinforma.com\/#\/schema\/person\/c30648f71476be533b6f59d092905c8b"},"headline":"Gobierno Estatal fortalece vigilancia para prevenir la rabia","datePublished":"2025-09-06T06:55:00+00:00","dateModified":"2025-09-06T02:27:48+00:00","mainEntityOfPage":{"@id":"https:\/\/sanluisinforma.com\/?p=14559"},"wordCount":287,"publisher":{"@id":"https:\/\/sanluisinforma.com\/#organization"},"articleSection":["Local","Portada"],"inLanguage":"es"},{"@type":"WebPage","@id":"https:\/\/sanluisinforma.com\/?p=14559","url":"https:\/\/sanluisinforma.com\/?p=14559","name":"Gobierno Estatal fortalece vigilancia para prevenir la rabia - sanluisinforma.com","isPartOf":{"@id":"https:\/\/sanluisinforma.com\/#website"},"datePublished":"2025-09-06T06:55:00+00:00","dateModified":"2025-09-06T02:27:48+00:00","breadcrumb":{"@id":"https:\/\/sanluisinforma.com\/?p=14559#breadcrumb"},"inLanguage":"es","potentialAction":[{"@type":"ReadAction","target":["https:\/\/sanluisinforma.com\/?p=14559"]}]},{"@type":"BreadcrumbList","@id":"https:\/\/sanluisinforma.com\/?p=14559#breadcrumb","itemListElement":[{"@type":"ListItem","position":1,"name":"Inicio","item":"https:\/\/sanluisinforma.com\/"},{"@type":"ListItem","position":2,"name":"Gobierno Estatal fortalece vigilancia para prevenir la rabia"}]},{"@type":"WebSite","@id":"https:\/\/sanluisinforma.com\/#website","url":"https:\/\/sanluisinforma.com\/","name":"sanluisinforma.com","description":"Periodico San Luis Informa","publisher":{"@id":"https:\/\/sanluisinforma.com\/#organization"},"potentialAction":[{"@type":"SearchAction","target":{"@type":"EntryPoint","urlTemplate":"https:\/\/sanluisinforma.com\/?s={search_term_string}"},"query-input":{"@type":"PropertyValueSpecification","valueRequired":true,"valueName":"search_term_string"}}],"inLanguage":"es"},{"@type":"Organization","@id":"https:\/\/sanluisinforma.com\/#organization","name":"sanluisinforma.com","url":"https:\/\/sanluisinforma.com\/","logo":{"@type":"ImageObject","inLanguage":"es","@id":"https:\/\/sanluisinforma.com\/#\/schema\/logo\/image\/","url":"https:\/\/sanluisinforma.com\/wp-content\/uploads\/2026\/03\/sanluisinforma-V.jpg","contentUrl":"https:\/\/sanluisinforma.com\/wp-content\/uploads\/2026\/03\/sanluisinforma-V.jpg","width":500,"height":156,"caption":"sanluisinforma.com"},"image":{"@id":"https:\/\/sanluisinforma.com\/#\/schema\/logo\/image\/"}},{"@type":"Person","@id":"https:\/\/sanluisinforma.com\/#\/schema\/person\/c30648f71476be533b6f59d092905c8b","name":"sanluisinforma.com","image":{"@type":"ImageObject","inLanguage":"es","@id":"https:\/\/sanluisinforma.com\/#\/schema\/person\/image\/","url":"https:\/\/secure.gravatar.com\/avatar\/86e3114e34a1eecefb963e0a02f0093f93b092dddb2fe1517596343751081a87?s=96&d=mm&r=g","contentUrl":"https:\/\/secure.gravatar.com\/avatar\/86e3114e34a1eecefb963e0a02f0093f93b092dddb2fe1517596343751081a87?s=96&d=mm&r=g","caption":"sanluisinforma.com"},"url":"https:\/\/sanluisinforma.com\/?author=2"}]}},"_links":{"self":[{"href":"https:\/\/sanluisinforma.com\/index.php?rest_route=\/wp\/v2\/posts\/14559","targetHints":{"allow":["GET"]}}],"collection":[{"href":"https:\/\/sanluisinforma.com\/index.php?rest_route=\/wp\/v2\/posts"}],"about":[{"href":"https:\/\/sanluisinforma.com\/index.php?rest_route=\/wp\/v2\/types\/post"}],"author":[{"embeddable":true,"href":"https:\/\/sanluisinforma.com\/index.php?rest_route=\/wp\/v2\/users\/2"}],"replies":[{"embeddable":true,"href":"https:\/\/sanluisinforma.com\/index.php?rest_route=%2Fwp%2Fv2%2Fcomments&post=14559"}],"version-history":[{"count":1,"href":"https:\/\/sanluisinforma.com\/index.php?rest_route=\/wp\/v2\/posts\/14559\/revisions"}],"predecessor-version":[{"id":14560,"href":"https:\/\/sanluisinforma.com\/index.php?rest_route=\/wp\/v2\/posts\/14559\/revisions\/14560"}],"wp:attachment":[{"href":"https:\/\/sanluisinforma.com\/index.php?rest_route=%2Fwp%2Fv2%2Fmedia&parent=14559"}],"wp:term":[{"taxonomy":"category","embeddable":true,"href":"https:\/\/sanluisinforma.com\/index.php?rest_route=%2Fwp%2Fv2%2Fcategories&post=14559"},{"taxonomy":"post_tag","embeddable":true,"href":"https:\/\/sanluisinforma.com\/index.php?rest_route=%2Fwp%2Fv2%2Ftags&post=14559"}],"curies":[{"name":"wp","href":"https:\/\/api.w.org\/{rel}","templated":true}]}}