{"id":14599,"date":"2025-09-08T00:50:00","date_gmt":"2025-09-08T06:50:00","guid":{"rendered":"https:\/\/sanluisinforma.com\/?p=14599"},"modified":"2025-09-08T11:24:01","modified_gmt":"2025-09-08T17:24:01","slug":"con-masiva-y-extraordinaria-rodada-arranca-programa-san-luis-en-bici-del-gobierno-de-la-capital","status":"publish","type":"post","link":"https:\/\/sanluisinforma.com\/?p=14599","title":{"rendered":"Con masiva y extraordinaria rodada, arranca programa San Luis en Bici del Gobierno de la Capital"},"content":{"rendered":"\n<p>El Alcalde Enrique Galindo resalt\u00f3 la importancia de concientizar y sensibilizar en cuanto al uso de la bicicleta en la v\u00eda p\u00fablica; se suma la empresa Mercurio y su fundaci\u00f3n a este esfuerzo conjunto para promover una movilidad segura en la Capital potosina.<\/p>\n\n\n\n<p>A fin de sensibilizar y de promover la movilidad responsable y una Capital saludable y sostenible, el Alcalde capitalino, Enrique Galindo Ceballos puso en marcha el nuevo programa denominado: &#8220;San Luis en Bici&#8221;, en cuyo arranque reafirm\u00f3 la relevancia de promover una cultura tanto entre la poblaci\u00f3n ciclista, automovilistas y la ciudadan\u00eda en general. El Presidente Municipal puntualiz\u00f3 el respaldo de la empresa Mercurio y su Fundaci\u00f3n, la que inicialmente don\u00f3 350 bicicletas, aunque la meta es rebasar las mil antes de concluir este a\u00f1o.<\/p>\n\n\n\n<p>En el tradicional jard\u00edn de Tequis, el Alcalde Enrique Galindo Ceballos reiter\u00f3 la importancia de respetar los derechos de las y los ciclistas, pero tambi\u00e9n de quienes conducen y de las personas peatones. Adem\u00e1s anunci\u00f3 que habr\u00e1 un paquete de bicis para la ciclov\u00eda, otro para el personal municipal, pero el grueso de las bicicletas ser\u00e1 para la poblaci\u00f3n potosina, para en los pr\u00f3ximos a\u00f1os alcanzar las 3 mil bicis entregadas. Posterior al evento protocolario, el Alcalde y la Presidenta del DIF Capitalino, Estela Arriaga, se sumaron al contingente de &#8220;San Luis en Bici&#8221;, en una rodada masiva por avenida Carranza e Himno Nacional.<\/p>\n\n\n\n<p>El representante de Mercurio, Javier Noyola, calific\u00f3 este esfuerzo conjunto como &#8220;un gran impulso para el uso de la bicis hechas en San Luis. Es un orgullo ser parte de este programa municipal&#8221;. De ah\u00ed que el Alcalde Enrique Galindo entreg\u00f3 un reconocimiento a esta empresa y a su Fundaci\u00f3n por su apoyo. Adem\u00e1s, tambi\u00e9n don\u00f3 de manera simb\u00f3lica bicicletas a potosinas y potosinos.<\/p>\n\n\n\n<p>Por su parte, el Secretario de Bienestar de la Capital, Edmundo Torrescano, subray\u00f3 esta alianza estrat\u00e9gica con la que se difunde el saber circular en bici, y anunci\u00f3 que habr\u00e1 varias convocatorias para que m\u00e1s personas se sumen a este programa. En el marco del 193 &#8220;Domingo de Pilas&#8221;, el Director de Servicios Municipales, Christian Azuara Azuara, dio a conocer que ya son m\u00e1s de 30 mil nuevas plantas sembradas en el Centro Hist\u00f3rico, que incluye Tequis, adem\u00e1s de la puesta en operaci\u00f3n de sistema de riego por aspersi\u00f3n, tambi\u00e9n se est\u00e1 por entregar &#8220;Carranza T\u00e1ctica&#8221;, con alumbrado que mejora la seguridad y visibilidad de esta zona, adem\u00e1s de otros trabajos en el citado jard\u00edn y sus inmediaciones.<\/p>\n\n\n\n<p><\/p>\n\n\n\n<p><\/p>\n","protected":false},"excerpt":{"rendered":"<p>El Alcalde Enrique Galindo resalt\u00f3 la importancia de concientizar y sensibilizar en cuanto al uso de la bicicleta en la<\/p>\n","protected":false},"author":2,"featured_media":14600,"comment_status":"closed","ping_status":"closed","sticky":false,"template":"","format":"standard","meta":{"footnotes":""},"categories":[25,30],"tags":[],"class_list":["post-14599","post","type-post","status-publish","format-standard","has-post-thumbnail","hentry","category-local","category-portada"],"yoast_head":"<!-- This site is optimized with the Yoast SEO plugin v24.1 - https:\/\/yoast.com\/wordpress\/plugins\/seo\/ -->\n<title>Con masiva y extraordinaria rodada, arranca programa San Luis en Bici del Gobierno de la Capital - sanluisinforma.com<\/title>\n<meta name=\"robots\" content=\"index, follow, max-snippet:-1, max-image-preview:large, max-video-preview:-1\" \/>\n<link rel=\"canonical\" href=\"https:\/\/sanluisinforma.com\/?p=14599\" \/>\n<meta property=\"og:locale\" content=\"es_MX\" \/>\n<meta property=\"og:type\" content=\"article\" \/>\n<meta property=\"og:title\" content=\"Con masiva y extraordinaria rodada, arranca programa San Luis en Bici del Gobierno de la Capital - sanluisinforma.com\" \/>\n<meta property=\"og:description\" content=\"El Alcalde Enrique Galindo resalt\u00f3 la importancia de concientizar y sensibilizar en cuanto al uso de la bicicleta en la\" \/>\n<meta property=\"og:url\" content=\"https:\/\/sanluisinforma.com\/?p=14599\" \/>\n<meta property=\"og:site_name\" content=\"sanluisinforma.com\" \/>\n<meta property=\"article:published_time\" content=\"2025-09-08T06:50:00+00:00\" \/>\n<meta property=\"article:modified_time\" content=\"2025-09-08T17:24:01+00:00\" \/>\n<meta property=\"og:image\" content=\"https:\/\/sanluisinforma.com\/wp-content\/uploads\/2025\/09\/unnamed-3-8muni.jpg\" \/>\n\t<meta property=\"og:image:width\" content=\"400\" \/>\n\t<meta property=\"og:image:height\" content=\"266\" \/>\n\t<meta property=\"og:image:type\" content=\"image\/jpeg\" \/>\n<meta name=\"author\" content=\"sanluisinforma.com\" \/>\n<meta name=\"twitter:card\" content=\"summary_large_image\" \/>\n<meta name=\"twitter:label1\" content=\"Escrito por\" \/>\n\t<meta name=\"twitter:data1\" content=\"sanluisinforma.com\" \/>\n\t<meta name=\"twitter:label2\" content=\"Tiempo de lectura\" \/>\n\t<meta name=\"twitter:data2\" content=\"3 minutos\" \/>\n<script type=\"application\/ld+json\" class=\"yoast-schema-graph\">{\"@context\":\"https:\/\/schema.org\",\"@graph\":[{\"@type\":\"Article\",\"@id\":\"https:\/\/sanluisinforma.com\/?p=14599#article\",\"isPartOf\":{\"@id\":\"https:\/\/sanluisinforma.com\/?p=14599\"},\"author\":{\"name\":\"sanluisinforma.com\",\"@id\":\"https:\/\/sanluisinforma.com\/#\/schema\/person\/c30648f71476be533b6f59d092905c8b\"},\"headline\":\"Con masiva y extraordinaria rodada, arranca programa San Luis en Bici del Gobierno de la Capital\",\"datePublished\":\"2025-09-08T06:50:00+00:00\",\"dateModified\":\"2025-09-08T17:24:01+00:00\",\"mainEntityOfPage\":{\"@id\":\"https:\/\/sanluisinforma.com\/?p=14599\"},\"wordCount\":455,\"publisher\":{\"@id\":\"https:\/\/sanluisinforma.com\/#organization\"},\"image\":{\"@id\":\"https:\/\/sanluisinforma.com\/?p=14599#primaryimage\"},\"thumbnailUrl\":\"https:\/\/sanluisinforma.com\/wp-content\/uploads\/2025\/09\/unnamed-3-8muni.jpg\",\"articleSection\":[\"Local\",\"Portada\"],\"inLanguage\":\"es\"},{\"@type\":\"WebPage\",\"@id\":\"https:\/\/sanluisinforma.com\/?p=14599\",\"url\":\"https:\/\/sanluisinforma.com\/?p=14599\",\"name\":\"Con masiva y extraordinaria rodada, arranca programa San Luis en Bici del Gobierno de la Capital - sanluisinforma.com\",\"isPartOf\":{\"@id\":\"https:\/\/sanluisinforma.com\/#website\"},\"primaryImageOfPage\":{\"@id\":\"https:\/\/sanluisinforma.com\/?p=14599#primaryimage\"},\"image\":{\"@id\":\"https:\/\/sanluisinforma.com\/?p=14599#primaryimage\"},\"thumbnailUrl\":\"https:\/\/sanluisinforma.com\/wp-content\/uploads\/2025\/09\/unnamed-3-8muni.jpg\",\"datePublished\":\"2025-09-08T06:50:00+00:00\",\"dateModified\":\"2025-09-08T17:24:01+00:00\",\"breadcrumb\":{\"@id\":\"https:\/\/sanluisinforma.com\/?p=14599#breadcrumb\"},\"inLanguage\":\"es\",\"potentialAction\":[{\"@type\":\"ReadAction\",\"target\":[\"https:\/\/sanluisinforma.com\/?p=14599\"]}]},{\"@type\":\"ImageObject\",\"inLanguage\":\"es\",\"@id\":\"https:\/\/sanluisinforma.com\/?p=14599#primaryimage\",\"url\":\"https:\/\/sanluisinforma.com\/wp-content\/uploads\/2025\/09\/unnamed-3-8muni.jpg\",\"contentUrl\":\"https:\/\/sanluisinforma.com\/wp-content\/uploads\/2025\/09\/unnamed-3-8muni.jpg\",\"width\":400,\"height\":266},{\"@type\":\"BreadcrumbList\",\"@id\":\"https:\/\/sanluisinforma.com\/?p=14599#breadcrumb\",\"itemListElement\":[{\"@type\":\"ListItem\",\"position\":1,\"name\":\"Inicio\",\"item\":\"https:\/\/sanluisinforma.com\/\"},{\"@type\":\"ListItem\",\"position\":2,\"name\":\"Con masiva y extraordinaria rodada, arranca programa San Luis en Bici del Gobierno de la Capital\"}]},{\"@type\":\"WebSite\",\"@id\":\"https:\/\/sanluisinforma.com\/#website\",\"url\":\"https:\/\/sanluisinforma.com\/\",\"name\":\"sanluisinforma.com\",\"description\":\"Periodico San Luis Informa\",\"publisher\":{\"@id\":\"https:\/\/sanluisinforma.com\/#organization\"},\"potentialAction\":[{\"@type\":\"SearchAction\",\"target\":{\"@type\":\"EntryPoint\",\"urlTemplate\":\"https:\/\/sanluisinforma.com\/?s={search_term_string}\"},\"query-input\":{\"@type\":\"PropertyValueSpecification\",\"valueRequired\":true,\"valueName\":\"search_term_string\"}}],\"inLanguage\":\"es\"},{\"@type\":\"Organization\",\"@id\":\"https:\/\/sanluisinforma.com\/#organization\",\"name\":\"sanluisinforma.com\",\"url\":\"https:\/\/sanluisinforma.com\/\",\"logo\":{\"@type\":\"ImageObject\",\"inLanguage\":\"es\",\"@id\":\"https:\/\/sanluisinforma.com\/#\/schema\/logo\/image\/\",\"url\":\"https:\/\/sanluisinforma.com\/wp-content\/uploads\/2026\/03\/sanluisinforma-V.jpg\",\"contentUrl\":\"https:\/\/sanluisinforma.com\/wp-content\/uploads\/2026\/03\/sanluisinforma-V.jpg\",\"width\":500,\"height\":156,\"caption\":\"sanluisinforma.com\"},\"image\":{\"@id\":\"https:\/\/sanluisinforma.com\/#\/schema\/logo\/image\/\"}},{\"@type\":\"Person\",\"@id\":\"https:\/\/sanluisinforma.com\/#\/schema\/person\/c30648f71476be533b6f59d092905c8b\",\"name\":\"sanluisinforma.com\",\"image\":{\"@type\":\"ImageObject\",\"inLanguage\":\"es\",\"@id\":\"https:\/\/sanluisinforma.com\/#\/schema\/person\/image\/\",\"url\":\"https:\/\/secure.gravatar.com\/avatar\/86e3114e34a1eecefb963e0a02f0093f93b092dddb2fe1517596343751081a87?s=96&d=mm&r=g\",\"contentUrl\":\"https:\/\/secure.gravatar.com\/avatar\/86e3114e34a1eecefb963e0a02f0093f93b092dddb2fe1517596343751081a87?s=96&d=mm&r=g\",\"caption\":\"sanluisinforma.com\"},\"url\":\"https:\/\/sanluisinforma.com\/?author=2\"}]}<\/script>\n<!-- \/ Yoast SEO plugin. -->","yoast_head_json":{"title":"Con masiva y extraordinaria rodada, arranca programa San Luis en Bici del Gobierno de la Capital - sanluisinforma.com","robots":{"index":"index","follow":"follow","max-snippet":"max-snippet:-1","max-image-preview":"max-image-preview:large","max-video-preview":"max-video-preview:-1"},"canonical":"https:\/\/sanluisinforma.com\/?p=14599","og_locale":"es_MX","og_type":"article","og_title":"Con masiva y extraordinaria rodada, arranca programa San Luis en Bici del Gobierno de la Capital - sanluisinforma.com","og_description":"El Alcalde Enrique Galindo resalt\u00f3 la importancia de concientizar y sensibilizar en cuanto al uso de la bicicleta en la","og_url":"https:\/\/sanluisinforma.com\/?p=14599","og_site_name":"sanluisinforma.com","article_published_time":"2025-09-08T06:50:00+00:00","article_modified_time":"2025-09-08T17:24:01+00:00","og_image":[{"width":400,"height":266,"url":"https:\/\/sanluisinforma.com\/wp-content\/uploads\/2025\/09\/unnamed-3-8muni.jpg","type":"image\/jpeg"}],"author":"sanluisinforma.com","twitter_card":"summary_large_image","twitter_misc":{"Escrito por":"sanluisinforma.com","Tiempo de lectura":"3 minutos"},"schema":{"@context":"https:\/\/schema.org","@graph":[{"@type":"Article","@id":"https:\/\/sanluisinforma.com\/?p=14599#article","isPartOf":{"@id":"https:\/\/sanluisinforma.com\/?p=14599"},"author":{"name":"sanluisinforma.com","@id":"https:\/\/sanluisinforma.com\/#\/schema\/person\/c30648f71476be533b6f59d092905c8b"},"headline":"Con masiva y extraordinaria rodada, arranca programa San Luis en Bici del Gobierno de la Capital","datePublished":"2025-09-08T06:50:00+00:00","dateModified":"2025-09-08T17:24:01+00:00","mainEntityOfPage":{"@id":"https:\/\/sanluisinforma.com\/?p=14599"},"wordCount":455,"publisher":{"@id":"https:\/\/sanluisinforma.com\/#organization"},"image":{"@id":"https:\/\/sanluisinforma.com\/?p=14599#primaryimage"},"thumbnailUrl":"https:\/\/sanluisinforma.com\/wp-content\/uploads\/2025\/09\/unnamed-3-8muni.jpg","articleSection":["Local","Portada"],"inLanguage":"es"},{"@type":"WebPage","@id":"https:\/\/sanluisinforma.com\/?p=14599","url":"https:\/\/sanluisinforma.com\/?p=14599","name":"Con masiva y extraordinaria rodada, arranca programa San Luis en Bici del Gobierno de la Capital - sanluisinforma.com","isPartOf":{"@id":"https:\/\/sanluisinforma.com\/#website"},"primaryImageOfPage":{"@id":"https:\/\/sanluisinforma.com\/?p=14599#primaryimage"},"image":{"@id":"https:\/\/sanluisinforma.com\/?p=14599#primaryimage"},"thumbnailUrl":"https:\/\/sanluisinforma.com\/wp-content\/uploads\/2025\/09\/unnamed-3-8muni.jpg","datePublished":"2025-09-08T06:50:00+00:00","dateModified":"2025-09-08T17:24:01+00:00","breadcrumb":{"@id":"https:\/\/sanluisinforma.com\/?p=14599#breadcrumb"},"inLanguage":"es","potentialAction":[{"@type":"ReadAction","target":["https:\/\/sanluisinforma.com\/?p=14599"]}]},{"@type":"ImageObject","inLanguage":"es","@id":"https:\/\/sanluisinforma.com\/?p=14599#primaryimage","url":"https:\/\/sanluisinforma.com\/wp-content\/uploads\/2025\/09\/unnamed-3-8muni.jpg","contentUrl":"https:\/\/sanluisinforma.com\/wp-content\/uploads\/2025\/09\/unnamed-3-8muni.jpg","width":400,"height":266},{"@type":"BreadcrumbList","@id":"https:\/\/sanluisinforma.com\/?p=14599#breadcrumb","itemListElement":[{"@type":"ListItem","position":1,"name":"Inicio","item":"https:\/\/sanluisinforma.com\/"},{"@type":"ListItem","position":2,"name":"Con masiva y extraordinaria rodada, arranca programa San Luis en Bici del Gobierno de la Capital"}]},{"@type":"WebSite","@id":"https:\/\/sanluisinforma.com\/#website","url":"https:\/\/sanluisinforma.com\/","name":"sanluisinforma.com","description":"Periodico San Luis Informa","publisher":{"@id":"https:\/\/sanluisinforma.com\/#organization"},"potentialAction":[{"@type":"SearchAction","target":{"@type":"EntryPoint","urlTemplate":"https:\/\/sanluisinforma.com\/?s={search_term_string}"},"query-input":{"@type":"PropertyValueSpecification","valueRequired":true,"valueName":"search_term_string"}}],"inLanguage":"es"},{"@type":"Organization","@id":"https:\/\/sanluisinforma.com\/#organization","name":"sanluisinforma.com","url":"https:\/\/sanluisinforma.com\/","logo":{"@type":"ImageObject","inLanguage":"es","@id":"https:\/\/sanluisinforma.com\/#\/schema\/logo\/image\/","url":"https:\/\/sanluisinforma.com\/wp-content\/uploads\/2026\/03\/sanluisinforma-V.jpg","contentUrl":"https:\/\/sanluisinforma.com\/wp-content\/uploads\/2026\/03\/sanluisinforma-V.jpg","width":500,"height":156,"caption":"sanluisinforma.com"},"image":{"@id":"https:\/\/sanluisinforma.com\/#\/schema\/logo\/image\/"}},{"@type":"Person","@id":"https:\/\/sanluisinforma.com\/#\/schema\/person\/c30648f71476be533b6f59d092905c8b","name":"sanluisinforma.com","image":{"@type":"ImageObject","inLanguage":"es","@id":"https:\/\/sanluisinforma.com\/#\/schema\/person\/image\/","url":"https:\/\/secure.gravatar.com\/avatar\/86e3114e34a1eecefb963e0a02f0093f93b092dddb2fe1517596343751081a87?s=96&d=mm&r=g","contentUrl":"https:\/\/secure.gravatar.com\/avatar\/86e3114e34a1eecefb963e0a02f0093f93b092dddb2fe1517596343751081a87?s=96&d=mm&r=g","caption":"sanluisinforma.com"},"url":"https:\/\/sanluisinforma.com\/?author=2"}]}},"_links":{"self":[{"href":"https:\/\/sanluisinforma.com\/index.php?rest_route=\/wp\/v2\/posts\/14599","targetHints":{"allow":["GET"]}}],"collection":[{"href":"https:\/\/sanluisinforma.com\/index.php?rest_route=\/wp\/v2\/posts"}],"about":[{"href":"https:\/\/sanluisinforma.com\/index.php?rest_route=\/wp\/v2\/types\/post"}],"author":[{"embeddable":true,"href":"https:\/\/sanluisinforma.com\/index.php?rest_route=\/wp\/v2\/users\/2"}],"replies":[{"embeddable":true,"href":"https:\/\/sanluisinforma.com\/index.php?rest_route=%2Fwp%2Fv2%2Fcomments&post=14599"}],"version-history":[{"count":1,"href":"https:\/\/sanluisinforma.com\/index.php?rest_route=\/wp\/v2\/posts\/14599\/revisions"}],"predecessor-version":[{"id":14601,"href":"https:\/\/sanluisinforma.com\/index.php?rest_route=\/wp\/v2\/posts\/14599\/revisions\/14601"}],"wp:featuredmedia":[{"embeddable":true,"href":"https:\/\/sanluisinforma.com\/index.php?rest_route=\/wp\/v2\/media\/14600"}],"wp:attachment":[{"href":"https:\/\/sanluisinforma.com\/index.php?rest_route=%2Fwp%2Fv2%2Fmedia&parent=14599"}],"wp:term":[{"taxonomy":"category","embeddable":true,"href":"https:\/\/sanluisinforma.com\/index.php?rest_route=%2Fwp%2Fv2%2Fcategories&post=14599"},{"taxonomy":"post_tag","embeddable":true,"href":"https:\/\/sanluisinforma.com\/index.php?rest_route=%2Fwp%2Fv2%2Ftags&post=14599"}],"curies":[{"name":"wp","href":"https:\/\/api.w.org\/{rel}","templated":true}]}}