{"id":14613,"date":"2025-09-09T00:58:00","date_gmt":"2025-09-09T06:58:00","guid":{"rendered":"https:\/\/sanluisinforma.com\/?p=14613"},"modified":"2025-09-08T21:26:10","modified_gmt":"2025-09-09T03:26:10","slug":"anuncia-ricardo-gallardo-nueva-visita-de-claudia-sheinbaum-a-san-luis-potosi","status":"publish","type":"post","link":"https:\/\/sanluisinforma.com\/?p=14613","title":{"rendered":"Anuncia Ricardo Gallardo nueva visita de Claudia Sheinbaum a San luis Potos\u00ed"},"content":{"rendered":"\n<p> El Gobernador del Estado dio a conocer que la Presidenta de M\u00e9xico vendr\u00e1 a la entidad en el marco de su Primer Informe de Gobierno.<\/p>\n\n\n\n<p>El Gobernador del Estado Ricardo Gallardo Cardona, inform\u00f3 que este s\u00e1bado 13 de septiembre, San Luis Potos\u00ed recibir\u00e1 de nueva cuenta a la Presidenta de M\u00e9xico Claudia Sheinbaum Pardo, como parte de la gira por su Primer Informe de Gobierno, lo que reafirma el respaldo al trabajo sin l\u00edmites que la administraci\u00f3n Estatal realiza para impulsar proyectos de desarrollo econ\u00f3mico y social.<\/p>\n\n\n\n<p>El Mandatario potosino destac\u00f3 que la visita presidencial confirma la coordinaci\u00f3n para acercar apoyos a las cuatro regiones, en obras estrat\u00e9gicas de infraestructura, seguridad, salud, educaci\u00f3n y programas sociales, con resultados hist\u00f3ricos promovidos por el Gobierno Estatal y con el respaldo del Gobierno de Claudia Sheinbaum.<\/p>\n\n\n\n<p>El Gobernador del Estado coment\u00f3 que San Luis Potos\u00ed recibe con los brazos abiertos a la Presidenta de la Republica y resalt\u00f3 que es la cuarta visita al Estado en un a\u00f1o, lo que demuestra el apoyo a los resultados en todos los rubros por parte del Gobierno Estatal y que consolida a la Entidad como un referente nacional.<\/p>\n\n\n\n<p>En su mensaje Gallardo Cardona tambi\u00e9n adelant\u00f3 que esta semana realizar\u00e1 una intensa gira que incluir\u00e1 las regiones Huasteca, Altiplano y Media, con actividades en Ciudad Valles donde inaugurar\u00e1 el nuevo sistema de transporte de Red Metro, que conectar\u00e1 a miles de familias de la regi\u00f3n de forma gratuita y sustentable con unidades 100 por ciento el\u00e9ctricas.<br><\/p>\n\n\n\n<p><\/p>\n","protected":false},"excerpt":{"rendered":"<p>El Gobernador del Estado dio a conocer que la Presidenta de M\u00e9xico vendr\u00e1 a la entidad en el marco de<\/p>\n","protected":false},"author":2,"featured_media":14614,"comment_status":"closed","ping_status":"closed","sticky":false,"template":"","format":"standard","meta":{"footnotes":""},"categories":[25,30],"tags":[],"class_list":["post-14613","post","type-post","status-publish","format-standard","has-post-thumbnail","hentry","category-local","category-portada"],"yoast_head":"<!-- This site is optimized with the Yoast SEO plugin v24.1 - https:\/\/yoast.com\/wordpress\/plugins\/seo\/ -->\n<title>Anuncia Ricardo Gallardo nueva visita de Claudia Sheinbaum a San luis Potos\u00ed - sanluisinforma.com<\/title>\n<meta name=\"robots\" content=\"index, follow, max-snippet:-1, max-image-preview:large, max-video-preview:-1\" \/>\n<link rel=\"canonical\" href=\"https:\/\/sanluisinforma.com\/?p=14613\" \/>\n<meta property=\"og:locale\" content=\"es_MX\" \/>\n<meta property=\"og:type\" content=\"article\" \/>\n<meta property=\"og:title\" content=\"Anuncia Ricardo Gallardo nueva visita de Claudia Sheinbaum a San luis Potos\u00ed - sanluisinforma.com\" \/>\n<meta property=\"og:description\" content=\"El Gobernador del Estado dio a conocer que la Presidenta de M\u00e9xico vendr\u00e1 a la entidad en el marco de\" \/>\n<meta property=\"og:url\" content=\"https:\/\/sanluisinforma.com\/?p=14613\" \/>\n<meta property=\"og:site_name\" content=\"sanluisinforma.com\" \/>\n<meta property=\"article:published_time\" content=\"2025-09-09T06:58:00+00:00\" \/>\n<meta property=\"article:modified_time\" content=\"2025-09-09T03:26:10+00:00\" \/>\n<meta property=\"og:image\" content=\"https:\/\/sanluisinforma.com\/wp-content\/uploads\/2025\/09\/unnamed-10.jpg\" \/>\n\t<meta property=\"og:image:width\" content=\"400\" \/>\n\t<meta property=\"og:image:height\" content=\"533\" \/>\n\t<meta property=\"og:image:type\" content=\"image\/jpeg\" \/>\n<meta name=\"author\" content=\"sanluisinforma.com\" \/>\n<meta name=\"twitter:card\" content=\"summary_large_image\" \/>\n<meta name=\"twitter:label1\" content=\"Escrito por\" \/>\n\t<meta name=\"twitter:data1\" content=\"sanluisinforma.com\" \/>\n\t<meta name=\"twitter:label2\" content=\"Tiempo de lectura\" \/>\n\t<meta name=\"twitter:data2\" content=\"2 minutos\" \/>\n<script type=\"application\/ld+json\" class=\"yoast-schema-graph\">{\"@context\":\"https:\/\/schema.org\",\"@graph\":[{\"@type\":\"Article\",\"@id\":\"https:\/\/sanluisinforma.com\/?p=14613#article\",\"isPartOf\":{\"@id\":\"https:\/\/sanluisinforma.com\/?p=14613\"},\"author\":{\"name\":\"sanluisinforma.com\",\"@id\":\"https:\/\/sanluisinforma.com\/#\/schema\/person\/c30648f71476be533b6f59d092905c8b\"},\"headline\":\"Anuncia Ricardo Gallardo nueva visita de Claudia Sheinbaum a San luis Potos\u00ed\",\"datePublished\":\"2025-09-09T06:58:00+00:00\",\"dateModified\":\"2025-09-09T03:26:10+00:00\",\"mainEntityOfPage\":{\"@id\":\"https:\/\/sanluisinforma.com\/?p=14613\"},\"wordCount\":273,\"publisher\":{\"@id\":\"https:\/\/sanluisinforma.com\/#organization\"},\"image\":{\"@id\":\"https:\/\/sanluisinforma.com\/?p=14613#primaryimage\"},\"thumbnailUrl\":\"https:\/\/sanluisinforma.com\/wp-content\/uploads\/2025\/09\/unnamed-10.jpg\",\"articleSection\":[\"Local\",\"Portada\"],\"inLanguage\":\"es\"},{\"@type\":\"WebPage\",\"@id\":\"https:\/\/sanluisinforma.com\/?p=14613\",\"url\":\"https:\/\/sanluisinforma.com\/?p=14613\",\"name\":\"Anuncia Ricardo Gallardo nueva visita de Claudia Sheinbaum a San luis Potos\u00ed - sanluisinforma.com\",\"isPartOf\":{\"@id\":\"https:\/\/sanluisinforma.com\/#website\"},\"primaryImageOfPage\":{\"@id\":\"https:\/\/sanluisinforma.com\/?p=14613#primaryimage\"},\"image\":{\"@id\":\"https:\/\/sanluisinforma.com\/?p=14613#primaryimage\"},\"thumbnailUrl\":\"https:\/\/sanluisinforma.com\/wp-content\/uploads\/2025\/09\/unnamed-10.jpg\",\"datePublished\":\"2025-09-09T06:58:00+00:00\",\"dateModified\":\"2025-09-09T03:26:10+00:00\",\"breadcrumb\":{\"@id\":\"https:\/\/sanluisinforma.com\/?p=14613#breadcrumb\"},\"inLanguage\":\"es\",\"potentialAction\":[{\"@type\":\"ReadAction\",\"target\":[\"https:\/\/sanluisinforma.com\/?p=14613\"]}]},{\"@type\":\"ImageObject\",\"inLanguage\":\"es\",\"@id\":\"https:\/\/sanluisinforma.com\/?p=14613#primaryimage\",\"url\":\"https:\/\/sanluisinforma.com\/wp-content\/uploads\/2025\/09\/unnamed-10.jpg\",\"contentUrl\":\"https:\/\/sanluisinforma.com\/wp-content\/uploads\/2025\/09\/unnamed-10.jpg\",\"width\":400,\"height\":533},{\"@type\":\"BreadcrumbList\",\"@id\":\"https:\/\/sanluisinforma.com\/?p=14613#breadcrumb\",\"itemListElement\":[{\"@type\":\"ListItem\",\"position\":1,\"name\":\"Inicio\",\"item\":\"https:\/\/sanluisinforma.com\/\"},{\"@type\":\"ListItem\",\"position\":2,\"name\":\"Anuncia Ricardo Gallardo nueva visita de Claudia Sheinbaum a San luis Potos\u00ed\"}]},{\"@type\":\"WebSite\",\"@id\":\"https:\/\/sanluisinforma.com\/#website\",\"url\":\"https:\/\/sanluisinforma.com\/\",\"name\":\"sanluisinforma.com\",\"description\":\"Periodico San Luis Informa\",\"publisher\":{\"@id\":\"https:\/\/sanluisinforma.com\/#organization\"},\"potentialAction\":[{\"@type\":\"SearchAction\",\"target\":{\"@type\":\"EntryPoint\",\"urlTemplate\":\"https:\/\/sanluisinforma.com\/?s={search_term_string}\"},\"query-input\":{\"@type\":\"PropertyValueSpecification\",\"valueRequired\":true,\"valueName\":\"search_term_string\"}}],\"inLanguage\":\"es\"},{\"@type\":\"Organization\",\"@id\":\"https:\/\/sanluisinforma.com\/#organization\",\"name\":\"sanluisinforma.com\",\"url\":\"https:\/\/sanluisinforma.com\/\",\"logo\":{\"@type\":\"ImageObject\",\"inLanguage\":\"es\",\"@id\":\"https:\/\/sanluisinforma.com\/#\/schema\/logo\/image\/\",\"url\":\"https:\/\/sanluisinforma.com\/wp-content\/uploads\/2026\/03\/sanluisinforma-V.jpg\",\"contentUrl\":\"https:\/\/sanluisinforma.com\/wp-content\/uploads\/2026\/03\/sanluisinforma-V.jpg\",\"width\":500,\"height\":156,\"caption\":\"sanluisinforma.com\"},\"image\":{\"@id\":\"https:\/\/sanluisinforma.com\/#\/schema\/logo\/image\/\"}},{\"@type\":\"Person\",\"@id\":\"https:\/\/sanluisinforma.com\/#\/schema\/person\/c30648f71476be533b6f59d092905c8b\",\"name\":\"sanluisinforma.com\",\"image\":{\"@type\":\"ImageObject\",\"inLanguage\":\"es\",\"@id\":\"https:\/\/sanluisinforma.com\/#\/schema\/person\/image\/\",\"url\":\"https:\/\/secure.gravatar.com\/avatar\/86e3114e34a1eecefb963e0a02f0093f93b092dddb2fe1517596343751081a87?s=96&d=mm&r=g\",\"contentUrl\":\"https:\/\/secure.gravatar.com\/avatar\/86e3114e34a1eecefb963e0a02f0093f93b092dddb2fe1517596343751081a87?s=96&d=mm&r=g\",\"caption\":\"sanluisinforma.com\"},\"url\":\"https:\/\/sanluisinforma.com\/?author=2\"}]}<\/script>\n<!-- \/ Yoast SEO plugin. -->","yoast_head_json":{"title":"Anuncia Ricardo Gallardo nueva visita de Claudia Sheinbaum a San luis Potos\u00ed - sanluisinforma.com","robots":{"index":"index","follow":"follow","max-snippet":"max-snippet:-1","max-image-preview":"max-image-preview:large","max-video-preview":"max-video-preview:-1"},"canonical":"https:\/\/sanluisinforma.com\/?p=14613","og_locale":"es_MX","og_type":"article","og_title":"Anuncia Ricardo Gallardo nueva visita de Claudia Sheinbaum a San luis Potos\u00ed - sanluisinforma.com","og_description":"El Gobernador del Estado dio a conocer que la Presidenta de M\u00e9xico vendr\u00e1 a la entidad en el marco de","og_url":"https:\/\/sanluisinforma.com\/?p=14613","og_site_name":"sanluisinforma.com","article_published_time":"2025-09-09T06:58:00+00:00","article_modified_time":"2025-09-09T03:26:10+00:00","og_image":[{"width":400,"height":533,"url":"https:\/\/sanluisinforma.com\/wp-content\/uploads\/2025\/09\/unnamed-10.jpg","type":"image\/jpeg"}],"author":"sanluisinforma.com","twitter_card":"summary_large_image","twitter_misc":{"Escrito por":"sanluisinforma.com","Tiempo de lectura":"2 minutos"},"schema":{"@context":"https:\/\/schema.org","@graph":[{"@type":"Article","@id":"https:\/\/sanluisinforma.com\/?p=14613#article","isPartOf":{"@id":"https:\/\/sanluisinforma.com\/?p=14613"},"author":{"name":"sanluisinforma.com","@id":"https:\/\/sanluisinforma.com\/#\/schema\/person\/c30648f71476be533b6f59d092905c8b"},"headline":"Anuncia Ricardo Gallardo nueva visita de Claudia Sheinbaum a San luis Potos\u00ed","datePublished":"2025-09-09T06:58:00+00:00","dateModified":"2025-09-09T03:26:10+00:00","mainEntityOfPage":{"@id":"https:\/\/sanluisinforma.com\/?p=14613"},"wordCount":273,"publisher":{"@id":"https:\/\/sanluisinforma.com\/#organization"},"image":{"@id":"https:\/\/sanluisinforma.com\/?p=14613#primaryimage"},"thumbnailUrl":"https:\/\/sanluisinforma.com\/wp-content\/uploads\/2025\/09\/unnamed-10.jpg","articleSection":["Local","Portada"],"inLanguage":"es"},{"@type":"WebPage","@id":"https:\/\/sanluisinforma.com\/?p=14613","url":"https:\/\/sanluisinforma.com\/?p=14613","name":"Anuncia Ricardo Gallardo nueva visita de Claudia Sheinbaum a San luis Potos\u00ed - sanluisinforma.com","isPartOf":{"@id":"https:\/\/sanluisinforma.com\/#website"},"primaryImageOfPage":{"@id":"https:\/\/sanluisinforma.com\/?p=14613#primaryimage"},"image":{"@id":"https:\/\/sanluisinforma.com\/?p=14613#primaryimage"},"thumbnailUrl":"https:\/\/sanluisinforma.com\/wp-content\/uploads\/2025\/09\/unnamed-10.jpg","datePublished":"2025-09-09T06:58:00+00:00","dateModified":"2025-09-09T03:26:10+00:00","breadcrumb":{"@id":"https:\/\/sanluisinforma.com\/?p=14613#breadcrumb"},"inLanguage":"es","potentialAction":[{"@type":"ReadAction","target":["https:\/\/sanluisinforma.com\/?p=14613"]}]},{"@type":"ImageObject","inLanguage":"es","@id":"https:\/\/sanluisinforma.com\/?p=14613#primaryimage","url":"https:\/\/sanluisinforma.com\/wp-content\/uploads\/2025\/09\/unnamed-10.jpg","contentUrl":"https:\/\/sanluisinforma.com\/wp-content\/uploads\/2025\/09\/unnamed-10.jpg","width":400,"height":533},{"@type":"BreadcrumbList","@id":"https:\/\/sanluisinforma.com\/?p=14613#breadcrumb","itemListElement":[{"@type":"ListItem","position":1,"name":"Inicio","item":"https:\/\/sanluisinforma.com\/"},{"@type":"ListItem","position":2,"name":"Anuncia Ricardo Gallardo nueva visita de Claudia Sheinbaum a San luis Potos\u00ed"}]},{"@type":"WebSite","@id":"https:\/\/sanluisinforma.com\/#website","url":"https:\/\/sanluisinforma.com\/","name":"sanluisinforma.com","description":"Periodico San Luis Informa","publisher":{"@id":"https:\/\/sanluisinforma.com\/#organization"},"potentialAction":[{"@type":"SearchAction","target":{"@type":"EntryPoint","urlTemplate":"https:\/\/sanluisinforma.com\/?s={search_term_string}"},"query-input":{"@type":"PropertyValueSpecification","valueRequired":true,"valueName":"search_term_string"}}],"inLanguage":"es"},{"@type":"Organization","@id":"https:\/\/sanluisinforma.com\/#organization","name":"sanluisinforma.com","url":"https:\/\/sanluisinforma.com\/","logo":{"@type":"ImageObject","inLanguage":"es","@id":"https:\/\/sanluisinforma.com\/#\/schema\/logo\/image\/","url":"https:\/\/sanluisinforma.com\/wp-content\/uploads\/2026\/03\/sanluisinforma-V.jpg","contentUrl":"https:\/\/sanluisinforma.com\/wp-content\/uploads\/2026\/03\/sanluisinforma-V.jpg","width":500,"height":156,"caption":"sanluisinforma.com"},"image":{"@id":"https:\/\/sanluisinforma.com\/#\/schema\/logo\/image\/"}},{"@type":"Person","@id":"https:\/\/sanluisinforma.com\/#\/schema\/person\/c30648f71476be533b6f59d092905c8b","name":"sanluisinforma.com","image":{"@type":"ImageObject","inLanguage":"es","@id":"https:\/\/sanluisinforma.com\/#\/schema\/person\/image\/","url":"https:\/\/secure.gravatar.com\/avatar\/86e3114e34a1eecefb963e0a02f0093f93b092dddb2fe1517596343751081a87?s=96&d=mm&r=g","contentUrl":"https:\/\/secure.gravatar.com\/avatar\/86e3114e34a1eecefb963e0a02f0093f93b092dddb2fe1517596343751081a87?s=96&d=mm&r=g","caption":"sanluisinforma.com"},"url":"https:\/\/sanluisinforma.com\/?author=2"}]}},"_links":{"self":[{"href":"https:\/\/sanluisinforma.com\/index.php?rest_route=\/wp\/v2\/posts\/14613","targetHints":{"allow":["GET"]}}],"collection":[{"href":"https:\/\/sanluisinforma.com\/index.php?rest_route=\/wp\/v2\/posts"}],"about":[{"href":"https:\/\/sanluisinforma.com\/index.php?rest_route=\/wp\/v2\/types\/post"}],"author":[{"embeddable":true,"href":"https:\/\/sanluisinforma.com\/index.php?rest_route=\/wp\/v2\/users\/2"}],"replies":[{"embeddable":true,"href":"https:\/\/sanluisinforma.com\/index.php?rest_route=%2Fwp%2Fv2%2Fcomments&post=14613"}],"version-history":[{"count":1,"href":"https:\/\/sanluisinforma.com\/index.php?rest_route=\/wp\/v2\/posts\/14613\/revisions"}],"predecessor-version":[{"id":14615,"href":"https:\/\/sanluisinforma.com\/index.php?rest_route=\/wp\/v2\/posts\/14613\/revisions\/14615"}],"wp:featuredmedia":[{"embeddable":true,"href":"https:\/\/sanluisinforma.com\/index.php?rest_route=\/wp\/v2\/media\/14614"}],"wp:attachment":[{"href":"https:\/\/sanluisinforma.com\/index.php?rest_route=%2Fwp%2Fv2%2Fmedia&parent=14613"}],"wp:term":[{"taxonomy":"category","embeddable":true,"href":"https:\/\/sanluisinforma.com\/index.php?rest_route=%2Fwp%2Fv2%2Fcategories&post=14613"},{"taxonomy":"post_tag","embeddable":true,"href":"https:\/\/sanluisinforma.com\/index.php?rest_route=%2Fwp%2Fv2%2Ftags&post=14613"}],"curies":[{"name":"wp","href":"https:\/\/api.w.org\/{rel}","templated":true}]}}