{"id":14626,"date":"2025-09-10T00:50:00","date_gmt":"2025-09-10T06:50:00","guid":{"rendered":"https:\/\/sanluisinforma.com\/?p=14626"},"modified":"2025-09-09T20:40:03","modified_gmt":"2025-09-10T02:40:03","slug":"despues-de-40-anos-gobierno-de-la-capital-lleva-agua-potable-a-tierra-blanca","status":"publish","type":"post","link":"https:\/\/sanluisinforma.com\/?p=14626","title":{"rendered":"Despu\u00e9s de 40 a\u00f1os, \u00a0Gobierno de la capital lleva agua potable a Tierra Blanca"},"content":{"rendered":"\n<ul class=\"wp-block-list\">\n<li>Arranca el alcalde Enrique Galindo una nueva obra de infraestructura hidr\u00e1ulica en Tierra Blanca.<\/li>\n<\/ul>\n\n\n\n<ul class=\"wp-block-list\">\n<li>Con proyectos como este, se fortalece la salud p\u00fablica y se eleva la calidad de vida en zonas que esperaron d\u00e9cadas para ser atendidas.<\/li>\n<\/ul>\n\n\n\n<p>Al iniciar la construcci\u00f3n de la red de agua potable en Tierra Blanca, el Presidente Municipal, Enrique Galindo Ceballos, destac\u00f3 que, despu\u00e9s de 40 a\u00f1os de espera, por fin llega agua potable a esta zona de la Capital. Subray\u00f3 que con estas obras se impulsa la salud p\u00fablica y se eleva la calidad de vida de las y los potosinos, adem\u00e1s de cumplir con las disposiciones del Ramo 33 para desarrollar proyectos sociales en beneficio de quienes m\u00e1s lo necesitan.<\/p>\n\n\n\n<p>El Alcalde de San Luis Potos\u00ed a\u00f1adi\u00f3 que esta obra hab\u00eda esperado cuatro d\u00e9cadas para que se relizara y que, gracias al respaldo del Consejo de Desarrollo Social, finalmente fue aprobada, tambi\u00e9n reconoci\u00f3 el trabajo del personal municipal, que se mantiene listo ante las lluvias at\u00edpicas, y pidi\u00f3 a la ciudadan\u00eda reportar alcantarillas tapadas para poder aplicar la limpieza necesaria y oportuna.<\/p>\n\n\n\n<p>En representaci\u00f3n de las personas beneficiadas, Martha Leticia Menchaca destac\u00f3 la apertura del Gobierno Municipal para atender esta petici\u00f3n que llevaba a\u00f1os sin respuesta, pero que ahora por fin se concreta.<\/p>\n\n\n\n<p>Por su parte, el director de Obras, Eustorgio Ch\u00e1vez Garza, explic\u00f3 que los trabajos en la Privada Xicot\u00e9ncatl consisten en la modernizaci\u00f3n de 180 metros lineales de la red de agua potable, lo que permitir\u00e1 renovar m\u00e1s de una veintena de tomas domiciliarias y posteriormente colocar una nueva pavimentaci\u00f3n. \u201cEs una obra que significa dignidad y salud p\u00fablica, tras 40 a\u00f1os de espera\u201d, enfatiz\u00f3.<\/p>\n\n\n\n<p>Finalmente, el titular de Servicios Municipales, Christian Azuara Azuara, dio a conocer los alcances del programa \u201cCapital al 100\u201d en su edici\u00f3n 339, que incluyen el rescate de espacios p\u00fablicos olvidados por administraciones anteriores, la ampliaci\u00f3n del alumbrado p\u00fablico y la limpieza constante de alcantarillas para prevenir riesgos a la poblaci\u00f3n.<\/p>\n\n\n\n<p><\/p>\n","protected":false},"excerpt":{"rendered":"<p>Al iniciar la construcci\u00f3n de la red de agua potable en Tierra Blanca, el Presidente Municipal, Enrique Galindo Ceballos, destac\u00f3<\/p>\n","protected":false},"author":2,"featured_media":14628,"comment_status":"closed","ping_status":"closed","sticky":false,"template":"","format":"standard","meta":{"footnotes":""},"categories":[25,30],"tags":[],"class_list":["post-14626","post","type-post","status-publish","format-standard","has-post-thumbnail","hentry","category-local","category-portada"],"yoast_head":"<!-- This site is optimized with the Yoast SEO plugin v24.1 - https:\/\/yoast.com\/wordpress\/plugins\/seo\/ -->\n<title>Despu\u00e9s de 40 a\u00f1os, \u00a0Gobierno de la capital lleva agua potable a Tierra Blanca - sanluisinforma.com<\/title>\n<meta name=\"robots\" content=\"index, follow, max-snippet:-1, max-image-preview:large, max-video-preview:-1\" \/>\n<link rel=\"canonical\" href=\"https:\/\/sanluisinforma.com\/?p=14626\" \/>\n<meta property=\"og:locale\" content=\"es_MX\" \/>\n<meta property=\"og:type\" content=\"article\" \/>\n<meta property=\"og:title\" content=\"Despu\u00e9s de 40 a\u00f1os, \u00a0Gobierno de la capital lleva agua potable a Tierra Blanca - sanluisinforma.com\" \/>\n<meta property=\"og:description\" content=\"Al iniciar la construcci\u00f3n de la red de agua potable en Tierra Blanca, el Presidente Municipal, Enrique Galindo Ceballos, destac\u00f3\" \/>\n<meta property=\"og:url\" content=\"https:\/\/sanluisinforma.com\/?p=14626\" \/>\n<meta property=\"og:site_name\" content=\"sanluisinforma.com\" \/>\n<meta property=\"article:published_time\" content=\"2025-09-10T06:50:00+00:00\" \/>\n<meta property=\"article:modified_time\" content=\"2025-09-10T02:40:03+00:00\" \/>\n<meta property=\"og:image\" content=\"https:\/\/sanluisinforma.com\/wp-content\/uploads\/2025\/09\/Enrique-Galindo.jpg\" \/>\n\t<meta property=\"og:image:width\" content=\"400\" \/>\n\t<meta property=\"og:image:height\" content=\"266\" \/>\n\t<meta property=\"og:image:type\" content=\"image\/jpeg\" \/>\n<meta name=\"author\" content=\"sanluisinforma.com\" \/>\n<meta name=\"twitter:card\" content=\"summary_large_image\" \/>\n<meta name=\"twitter:label1\" content=\"Escrito por\" \/>\n\t<meta name=\"twitter:data1\" content=\"sanluisinforma.com\" \/>\n\t<meta name=\"twitter:label2\" content=\"Tiempo de lectura\" \/>\n\t<meta name=\"twitter:data2\" content=\"2 minutos\" \/>\n<script type=\"application\/ld+json\" class=\"yoast-schema-graph\">{\"@context\":\"https:\/\/schema.org\",\"@graph\":[{\"@type\":\"Article\",\"@id\":\"https:\/\/sanluisinforma.com\/?p=14626#article\",\"isPartOf\":{\"@id\":\"https:\/\/sanluisinforma.com\/?p=14626\"},\"author\":{\"name\":\"sanluisinforma.com\",\"@id\":\"https:\/\/sanluisinforma.com\/#\/schema\/person\/c30648f71476be533b6f59d092905c8b\"},\"headline\":\"Despu\u00e9s de 40 a\u00f1os, \u00a0Gobierno de la capital lleva agua potable a Tierra Blanca\",\"datePublished\":\"2025-09-10T06:50:00+00:00\",\"dateModified\":\"2025-09-10T02:40:03+00:00\",\"mainEntityOfPage\":{\"@id\":\"https:\/\/sanluisinforma.com\/?p=14626\"},\"wordCount\":365,\"publisher\":{\"@id\":\"https:\/\/sanluisinforma.com\/#organization\"},\"image\":{\"@id\":\"https:\/\/sanluisinforma.com\/?p=14626#primaryimage\"},\"thumbnailUrl\":\"https:\/\/sanluisinforma.com\/wp-content\/uploads\/2025\/09\/Enrique-Galindo.jpg\",\"articleSection\":[\"Local\",\"Portada\"],\"inLanguage\":\"es\"},{\"@type\":\"WebPage\",\"@id\":\"https:\/\/sanluisinforma.com\/?p=14626\",\"url\":\"https:\/\/sanluisinforma.com\/?p=14626\",\"name\":\"Despu\u00e9s de 40 a\u00f1os, \u00a0Gobierno de la capital lleva agua potable a Tierra Blanca - sanluisinforma.com\",\"isPartOf\":{\"@id\":\"https:\/\/sanluisinforma.com\/#website\"},\"primaryImageOfPage\":{\"@id\":\"https:\/\/sanluisinforma.com\/?p=14626#primaryimage\"},\"image\":{\"@id\":\"https:\/\/sanluisinforma.com\/?p=14626#primaryimage\"},\"thumbnailUrl\":\"https:\/\/sanluisinforma.com\/wp-content\/uploads\/2025\/09\/Enrique-Galindo.jpg\",\"datePublished\":\"2025-09-10T06:50:00+00:00\",\"dateModified\":\"2025-09-10T02:40:03+00:00\",\"breadcrumb\":{\"@id\":\"https:\/\/sanluisinforma.com\/?p=14626#breadcrumb\"},\"inLanguage\":\"es\",\"potentialAction\":[{\"@type\":\"ReadAction\",\"target\":[\"https:\/\/sanluisinforma.com\/?p=14626\"]}]},{\"@type\":\"ImageObject\",\"inLanguage\":\"es\",\"@id\":\"https:\/\/sanluisinforma.com\/?p=14626#primaryimage\",\"url\":\"https:\/\/sanluisinforma.com\/wp-content\/uploads\/2025\/09\/Enrique-Galindo.jpg\",\"contentUrl\":\"https:\/\/sanluisinforma.com\/wp-content\/uploads\/2025\/09\/Enrique-Galindo.jpg\",\"width\":400,\"height\":266},{\"@type\":\"BreadcrumbList\",\"@id\":\"https:\/\/sanluisinforma.com\/?p=14626#breadcrumb\",\"itemListElement\":[{\"@type\":\"ListItem\",\"position\":1,\"name\":\"Inicio\",\"item\":\"https:\/\/sanluisinforma.com\/\"},{\"@type\":\"ListItem\",\"position\":2,\"name\":\"Despu\u00e9s de 40 a\u00f1os, \u00a0Gobierno de la capital lleva agua potable a Tierra Blanca\"}]},{\"@type\":\"WebSite\",\"@id\":\"https:\/\/sanluisinforma.com\/#website\",\"url\":\"https:\/\/sanluisinforma.com\/\",\"name\":\"sanluisinforma.com\",\"description\":\"Periodico San Luis Informa\",\"publisher\":{\"@id\":\"https:\/\/sanluisinforma.com\/#organization\"},\"potentialAction\":[{\"@type\":\"SearchAction\",\"target\":{\"@type\":\"EntryPoint\",\"urlTemplate\":\"https:\/\/sanluisinforma.com\/?s={search_term_string}\"},\"query-input\":{\"@type\":\"PropertyValueSpecification\",\"valueRequired\":true,\"valueName\":\"search_term_string\"}}],\"inLanguage\":\"es\"},{\"@type\":\"Organization\",\"@id\":\"https:\/\/sanluisinforma.com\/#organization\",\"name\":\"sanluisinforma.com\",\"url\":\"https:\/\/sanluisinforma.com\/\",\"logo\":{\"@type\":\"ImageObject\",\"inLanguage\":\"es\",\"@id\":\"https:\/\/sanluisinforma.com\/#\/schema\/logo\/image\/\",\"url\":\"https:\/\/sanluisinforma.com\/wp-content\/uploads\/2026\/03\/sanluisinforma-V.jpg\",\"contentUrl\":\"https:\/\/sanluisinforma.com\/wp-content\/uploads\/2026\/03\/sanluisinforma-V.jpg\",\"width\":500,\"height\":156,\"caption\":\"sanluisinforma.com\"},\"image\":{\"@id\":\"https:\/\/sanluisinforma.com\/#\/schema\/logo\/image\/\"}},{\"@type\":\"Person\",\"@id\":\"https:\/\/sanluisinforma.com\/#\/schema\/person\/c30648f71476be533b6f59d092905c8b\",\"name\":\"sanluisinforma.com\",\"image\":{\"@type\":\"ImageObject\",\"inLanguage\":\"es\",\"@id\":\"https:\/\/sanluisinforma.com\/#\/schema\/person\/image\/\",\"url\":\"https:\/\/secure.gravatar.com\/avatar\/86e3114e34a1eecefb963e0a02f0093f93b092dddb2fe1517596343751081a87?s=96&d=mm&r=g\",\"contentUrl\":\"https:\/\/secure.gravatar.com\/avatar\/86e3114e34a1eecefb963e0a02f0093f93b092dddb2fe1517596343751081a87?s=96&d=mm&r=g\",\"caption\":\"sanluisinforma.com\"},\"url\":\"https:\/\/sanluisinforma.com\/?author=2\"}]}<\/script>\n<!-- \/ Yoast SEO plugin. -->","yoast_head_json":{"title":"Despu\u00e9s de 40 a\u00f1os, \u00a0Gobierno de la capital lleva agua potable a Tierra Blanca - sanluisinforma.com","robots":{"index":"index","follow":"follow","max-snippet":"max-snippet:-1","max-image-preview":"max-image-preview:large","max-video-preview":"max-video-preview:-1"},"canonical":"https:\/\/sanluisinforma.com\/?p=14626","og_locale":"es_MX","og_type":"article","og_title":"Despu\u00e9s de 40 a\u00f1os, \u00a0Gobierno de la capital lleva agua potable a Tierra Blanca - sanluisinforma.com","og_description":"Al iniciar la construcci\u00f3n de la red de agua potable en Tierra Blanca, el Presidente Municipal, Enrique Galindo Ceballos, destac\u00f3","og_url":"https:\/\/sanluisinforma.com\/?p=14626","og_site_name":"sanluisinforma.com","article_published_time":"2025-09-10T06:50:00+00:00","article_modified_time":"2025-09-10T02:40:03+00:00","og_image":[{"width":400,"height":266,"url":"https:\/\/sanluisinforma.com\/wp-content\/uploads\/2025\/09\/Enrique-Galindo.jpg","type":"image\/jpeg"}],"author":"sanluisinforma.com","twitter_card":"summary_large_image","twitter_misc":{"Escrito por":"sanluisinforma.com","Tiempo de lectura":"2 minutos"},"schema":{"@context":"https:\/\/schema.org","@graph":[{"@type":"Article","@id":"https:\/\/sanluisinforma.com\/?p=14626#article","isPartOf":{"@id":"https:\/\/sanluisinforma.com\/?p=14626"},"author":{"name":"sanluisinforma.com","@id":"https:\/\/sanluisinforma.com\/#\/schema\/person\/c30648f71476be533b6f59d092905c8b"},"headline":"Despu\u00e9s de 40 a\u00f1os, \u00a0Gobierno de la capital lleva agua potable a Tierra Blanca","datePublished":"2025-09-10T06:50:00+00:00","dateModified":"2025-09-10T02:40:03+00:00","mainEntityOfPage":{"@id":"https:\/\/sanluisinforma.com\/?p=14626"},"wordCount":365,"publisher":{"@id":"https:\/\/sanluisinforma.com\/#organization"},"image":{"@id":"https:\/\/sanluisinforma.com\/?p=14626#primaryimage"},"thumbnailUrl":"https:\/\/sanluisinforma.com\/wp-content\/uploads\/2025\/09\/Enrique-Galindo.jpg","articleSection":["Local","Portada"],"inLanguage":"es"},{"@type":"WebPage","@id":"https:\/\/sanluisinforma.com\/?p=14626","url":"https:\/\/sanluisinforma.com\/?p=14626","name":"Despu\u00e9s de 40 a\u00f1os, \u00a0Gobierno de la capital lleva agua potable a Tierra Blanca - sanluisinforma.com","isPartOf":{"@id":"https:\/\/sanluisinforma.com\/#website"},"primaryImageOfPage":{"@id":"https:\/\/sanluisinforma.com\/?p=14626#primaryimage"},"image":{"@id":"https:\/\/sanluisinforma.com\/?p=14626#primaryimage"},"thumbnailUrl":"https:\/\/sanluisinforma.com\/wp-content\/uploads\/2025\/09\/Enrique-Galindo.jpg","datePublished":"2025-09-10T06:50:00+00:00","dateModified":"2025-09-10T02:40:03+00:00","breadcrumb":{"@id":"https:\/\/sanluisinforma.com\/?p=14626#breadcrumb"},"inLanguage":"es","potentialAction":[{"@type":"ReadAction","target":["https:\/\/sanluisinforma.com\/?p=14626"]}]},{"@type":"ImageObject","inLanguage":"es","@id":"https:\/\/sanluisinforma.com\/?p=14626#primaryimage","url":"https:\/\/sanluisinforma.com\/wp-content\/uploads\/2025\/09\/Enrique-Galindo.jpg","contentUrl":"https:\/\/sanluisinforma.com\/wp-content\/uploads\/2025\/09\/Enrique-Galindo.jpg","width":400,"height":266},{"@type":"BreadcrumbList","@id":"https:\/\/sanluisinforma.com\/?p=14626#breadcrumb","itemListElement":[{"@type":"ListItem","position":1,"name":"Inicio","item":"https:\/\/sanluisinforma.com\/"},{"@type":"ListItem","position":2,"name":"Despu\u00e9s de 40 a\u00f1os, \u00a0Gobierno de la capital lleva agua potable a Tierra Blanca"}]},{"@type":"WebSite","@id":"https:\/\/sanluisinforma.com\/#website","url":"https:\/\/sanluisinforma.com\/","name":"sanluisinforma.com","description":"Periodico San Luis Informa","publisher":{"@id":"https:\/\/sanluisinforma.com\/#organization"},"potentialAction":[{"@type":"SearchAction","target":{"@type":"EntryPoint","urlTemplate":"https:\/\/sanluisinforma.com\/?s={search_term_string}"},"query-input":{"@type":"PropertyValueSpecification","valueRequired":true,"valueName":"search_term_string"}}],"inLanguage":"es"},{"@type":"Organization","@id":"https:\/\/sanluisinforma.com\/#organization","name":"sanluisinforma.com","url":"https:\/\/sanluisinforma.com\/","logo":{"@type":"ImageObject","inLanguage":"es","@id":"https:\/\/sanluisinforma.com\/#\/schema\/logo\/image\/","url":"https:\/\/sanluisinforma.com\/wp-content\/uploads\/2026\/03\/sanluisinforma-V.jpg","contentUrl":"https:\/\/sanluisinforma.com\/wp-content\/uploads\/2026\/03\/sanluisinforma-V.jpg","width":500,"height":156,"caption":"sanluisinforma.com"},"image":{"@id":"https:\/\/sanluisinforma.com\/#\/schema\/logo\/image\/"}},{"@type":"Person","@id":"https:\/\/sanluisinforma.com\/#\/schema\/person\/c30648f71476be533b6f59d092905c8b","name":"sanluisinforma.com","image":{"@type":"ImageObject","inLanguage":"es","@id":"https:\/\/sanluisinforma.com\/#\/schema\/person\/image\/","url":"https:\/\/secure.gravatar.com\/avatar\/86e3114e34a1eecefb963e0a02f0093f93b092dddb2fe1517596343751081a87?s=96&d=mm&r=g","contentUrl":"https:\/\/secure.gravatar.com\/avatar\/86e3114e34a1eecefb963e0a02f0093f93b092dddb2fe1517596343751081a87?s=96&d=mm&r=g","caption":"sanluisinforma.com"},"url":"https:\/\/sanluisinforma.com\/?author=2"}]}},"_links":{"self":[{"href":"https:\/\/sanluisinforma.com\/index.php?rest_route=\/wp\/v2\/posts\/14626","targetHints":{"allow":["GET"]}}],"collection":[{"href":"https:\/\/sanluisinforma.com\/index.php?rest_route=\/wp\/v2\/posts"}],"about":[{"href":"https:\/\/sanluisinforma.com\/index.php?rest_route=\/wp\/v2\/types\/post"}],"author":[{"embeddable":true,"href":"https:\/\/sanluisinforma.com\/index.php?rest_route=\/wp\/v2\/users\/2"}],"replies":[{"embeddable":true,"href":"https:\/\/sanluisinforma.com\/index.php?rest_route=%2Fwp%2Fv2%2Fcomments&post=14626"}],"version-history":[{"count":1,"href":"https:\/\/sanluisinforma.com\/index.php?rest_route=\/wp\/v2\/posts\/14626\/revisions"}],"predecessor-version":[{"id":14629,"href":"https:\/\/sanluisinforma.com\/index.php?rest_route=\/wp\/v2\/posts\/14626\/revisions\/14629"}],"wp:featuredmedia":[{"embeddable":true,"href":"https:\/\/sanluisinforma.com\/index.php?rest_route=\/wp\/v2\/media\/14628"}],"wp:attachment":[{"href":"https:\/\/sanluisinforma.com\/index.php?rest_route=%2Fwp%2Fv2%2Fmedia&parent=14626"}],"wp:term":[{"taxonomy":"category","embeddable":true,"href":"https:\/\/sanluisinforma.com\/index.php?rest_route=%2Fwp%2Fv2%2Fcategories&post=14626"},{"taxonomy":"post_tag","embeddable":true,"href":"https:\/\/sanluisinforma.com\/index.php?rest_route=%2Fwp%2Fv2%2Ftags&post=14626"}],"curies":[{"name":"wp","href":"https:\/\/api.w.org\/{rel}","templated":true}]}}