{"id":14630,"date":"2025-09-10T00:45:00","date_gmt":"2025-09-10T06:45:00","guid":{"rendered":"https:\/\/sanluisinforma.com\/?p=14630"},"modified":"2025-09-09T20:40:44","modified_gmt":"2025-09-10T02:40:44","slug":"gobierno-de-la-capital-celebra-la-feria-de-la-pila-2025","status":"publish","type":"post","link":"https:\/\/sanluisinforma.com\/?p=14630","title":{"rendered":"Gobierno de la Capital celebra la Feria de la Pila 2025"},"content":{"rendered":"\n<p>\u201cFEREPI 2025: tradici\u00f3n, m\u00fasica, gastronom\u00eda y deporte para toda la familia\u201d<\/p>\n\n\n\n<p><\/p>\n\n\n\n<p>La Delegaci\u00f3n La Pila se encontrar\u00e1 de fiesta con la llegada de la Feria Regional de La Pila 2025 (FEREPI), un encuentro que a\u00f1o con a\u00f1o fortalece las tradiciones y que este 2025 promete superar todas las expectativas con un programa lleno de m\u00fasica, gastronom\u00eda, deporte y uni\u00f3n familiar.<\/p>\n\n\n\n<p>El esp\u00edritu de la feria se saborea desde el primer momento, pues el 12 de septiembre, de 09:00 a 14:00 horas, se vivir\u00e1 el tradicional pabell\u00f3n de gorditas, donde comerciantes locales ofrecer\u00e1n la m\u00e1s amplia variedad de sabores que distinguen a a la demarcaci\u00f3n. El ambiente deportivo tambi\u00e9n estar\u00e1 presente con torneos que llenar\u00e1n de energ\u00eda las canchas de la delegaci\u00f3n el s\u00e1bado 13, y que continuar\u00e1n el d\u00eda 16 con el esperado torneo de futbol de veteranos, donde generaciones de jugadores pile\u00f1os se reencuentran para celebrar en la cancha.<\/p>\n\n\n\n<p>El fervor patrio alcanzar\u00e1 su punto m\u00e1s alto el lunes 15 de septiembre, cuando La Pila celebre el tradicional Grito de Independencia en una noche llena de orgullo y m\u00fasica. La fiesta estar\u00e1 engalanada con la presentaci\u00f3n de grandes agrupaciones como Los Internacionales Carlos y Jos\u00e9 Jr., Acorde Norte\u00f1o y La Fuerza, quienes har\u00e1n vibrar a la delegaci\u00f3n con su talento y alegr\u00eda.<\/p>\n\n\n\n<p>Al respecto, la delegada municipal de La Pila, Daniela Cid Gonz\u00e1lez, destac\u00f3 que la FEREPI 2025 se realiza con el firme compromiso de fortalecer las tradiciones y generar espacios de uni\u00f3n para la comunidad.<\/p>\n\n\n\n<p>\u201cCon la visi\u00f3n del alcalde Enrique Galindo Ceballos, trabajamos para que cada familia de La Pila cuente con eventos de calidad, donde la cultura, el deporte y la convivencia fortalezcan nuestro sentido de identidad y pertenencia\u201d, se\u00f1al\u00f3.<\/p>\n","protected":false},"excerpt":{"rendered":"<p>\u201cFEREPI 2025: tradici\u00f3n, m\u00fasica, gastronom\u00eda y deporte para toda la familia\u201d La Delegaci\u00f3n La Pila se encontrar\u00e1 de fiesta con<\/p>\n","protected":false},"author":2,"featured_media":14631,"comment_status":"closed","ping_status":"closed","sticky":false,"template":"","format":"standard","meta":{"footnotes":""},"categories":[25,30],"tags":[],"class_list":["post-14630","post","type-post","status-publish","format-standard","has-post-thumbnail","hentry","category-local","category-portada"],"yoast_head":"<!-- This site is optimized with the Yoast SEO plugin v24.1 - https:\/\/yoast.com\/wordpress\/plugins\/seo\/ -->\n<title>Gobierno de la Capital celebra la Feria de la Pila 2025 - sanluisinforma.com<\/title>\n<meta name=\"robots\" content=\"index, follow, max-snippet:-1, max-image-preview:large, max-video-preview:-1\" \/>\n<link rel=\"canonical\" href=\"https:\/\/sanluisinforma.com\/?p=14630\" \/>\n<meta property=\"og:locale\" content=\"es_MX\" \/>\n<meta property=\"og:type\" content=\"article\" \/>\n<meta property=\"og:title\" content=\"Gobierno de la Capital celebra la Feria de la Pila 2025 - sanluisinforma.com\" \/>\n<meta property=\"og:description\" content=\"\u201cFEREPI 2025: tradici\u00f3n, m\u00fasica, gastronom\u00eda y deporte para toda la familia\u201d La Delegaci\u00f3n La Pila se encontrar\u00e1 de fiesta con\" \/>\n<meta property=\"og:url\" content=\"https:\/\/sanluisinforma.com\/?p=14630\" \/>\n<meta property=\"og:site_name\" content=\"sanluisinforma.com\" \/>\n<meta property=\"article:published_time\" content=\"2025-09-10T06:45:00+00:00\" \/>\n<meta property=\"article:modified_time\" content=\"2025-09-10T02:40:44+00:00\" \/>\n<meta property=\"og:image\" content=\"https:\/\/sanluisinforma.com\/wp-content\/uploads\/2025\/09\/unnamed-11.jpg\" \/>\n\t<meta property=\"og:image:width\" content=\"400\" \/>\n\t<meta property=\"og:image:height\" content=\"715\" \/>\n\t<meta property=\"og:image:type\" content=\"image\/jpeg\" \/>\n<meta name=\"author\" content=\"sanluisinforma.com\" \/>\n<meta name=\"twitter:card\" content=\"summary_large_image\" \/>\n<meta name=\"twitter:label1\" content=\"Escrito por\" \/>\n\t<meta name=\"twitter:data1\" content=\"sanluisinforma.com\" \/>\n\t<meta name=\"twitter:label2\" content=\"Tiempo de lectura\" \/>\n\t<meta name=\"twitter:data2\" content=\"2 minutos\" \/>\n<script type=\"application\/ld+json\" class=\"yoast-schema-graph\">{\"@context\":\"https:\/\/schema.org\",\"@graph\":[{\"@type\":\"Article\",\"@id\":\"https:\/\/sanluisinforma.com\/?p=14630#article\",\"isPartOf\":{\"@id\":\"https:\/\/sanluisinforma.com\/?p=14630\"},\"author\":{\"name\":\"sanluisinforma.com\",\"@id\":\"https:\/\/sanluisinforma.com\/#\/schema\/person\/c30648f71476be533b6f59d092905c8b\"},\"headline\":\"Gobierno de la Capital celebra la Feria de la Pila 2025\",\"datePublished\":\"2025-09-10T06:45:00+00:00\",\"dateModified\":\"2025-09-10T02:40:44+00:00\",\"mainEntityOfPage\":{\"@id\":\"https:\/\/sanluisinforma.com\/?p=14630\"},\"wordCount\":317,\"publisher\":{\"@id\":\"https:\/\/sanluisinforma.com\/#organization\"},\"image\":{\"@id\":\"https:\/\/sanluisinforma.com\/?p=14630#primaryimage\"},\"thumbnailUrl\":\"https:\/\/sanluisinforma.com\/wp-content\/uploads\/2025\/09\/unnamed-11.jpg\",\"articleSection\":[\"Local\",\"Portada\"],\"inLanguage\":\"es\"},{\"@type\":\"WebPage\",\"@id\":\"https:\/\/sanluisinforma.com\/?p=14630\",\"url\":\"https:\/\/sanluisinforma.com\/?p=14630\",\"name\":\"Gobierno de la Capital celebra la Feria de la Pila 2025 - sanluisinforma.com\",\"isPartOf\":{\"@id\":\"https:\/\/sanluisinforma.com\/#website\"},\"primaryImageOfPage\":{\"@id\":\"https:\/\/sanluisinforma.com\/?p=14630#primaryimage\"},\"image\":{\"@id\":\"https:\/\/sanluisinforma.com\/?p=14630#primaryimage\"},\"thumbnailUrl\":\"https:\/\/sanluisinforma.com\/wp-content\/uploads\/2025\/09\/unnamed-11.jpg\",\"datePublished\":\"2025-09-10T06:45:00+00:00\",\"dateModified\":\"2025-09-10T02:40:44+00:00\",\"breadcrumb\":{\"@id\":\"https:\/\/sanluisinforma.com\/?p=14630#breadcrumb\"},\"inLanguage\":\"es\",\"potentialAction\":[{\"@type\":\"ReadAction\",\"target\":[\"https:\/\/sanluisinforma.com\/?p=14630\"]}]},{\"@type\":\"ImageObject\",\"inLanguage\":\"es\",\"@id\":\"https:\/\/sanluisinforma.com\/?p=14630#primaryimage\",\"url\":\"https:\/\/sanluisinforma.com\/wp-content\/uploads\/2025\/09\/unnamed-11.jpg\",\"contentUrl\":\"https:\/\/sanluisinforma.com\/wp-content\/uploads\/2025\/09\/unnamed-11.jpg\",\"width\":400,\"height\":715},{\"@type\":\"BreadcrumbList\",\"@id\":\"https:\/\/sanluisinforma.com\/?p=14630#breadcrumb\",\"itemListElement\":[{\"@type\":\"ListItem\",\"position\":1,\"name\":\"Inicio\",\"item\":\"https:\/\/sanluisinforma.com\/\"},{\"@type\":\"ListItem\",\"position\":2,\"name\":\"Gobierno de la Capital celebra la Feria de la Pila 2025\"}]},{\"@type\":\"WebSite\",\"@id\":\"https:\/\/sanluisinforma.com\/#website\",\"url\":\"https:\/\/sanluisinforma.com\/\",\"name\":\"sanluisinforma.com\",\"description\":\"Periodico San Luis Informa\",\"publisher\":{\"@id\":\"https:\/\/sanluisinforma.com\/#organization\"},\"potentialAction\":[{\"@type\":\"SearchAction\",\"target\":{\"@type\":\"EntryPoint\",\"urlTemplate\":\"https:\/\/sanluisinforma.com\/?s={search_term_string}\"},\"query-input\":{\"@type\":\"PropertyValueSpecification\",\"valueRequired\":true,\"valueName\":\"search_term_string\"}}],\"inLanguage\":\"es\"},{\"@type\":\"Organization\",\"@id\":\"https:\/\/sanluisinforma.com\/#organization\",\"name\":\"sanluisinforma.com\",\"url\":\"https:\/\/sanluisinforma.com\/\",\"logo\":{\"@type\":\"ImageObject\",\"inLanguage\":\"es\",\"@id\":\"https:\/\/sanluisinforma.com\/#\/schema\/logo\/image\/\",\"url\":\"https:\/\/sanluisinforma.com\/wp-content\/uploads\/2026\/03\/sanluisinforma-V.jpg\",\"contentUrl\":\"https:\/\/sanluisinforma.com\/wp-content\/uploads\/2026\/03\/sanluisinforma-V.jpg\",\"width\":500,\"height\":156,\"caption\":\"sanluisinforma.com\"},\"image\":{\"@id\":\"https:\/\/sanluisinforma.com\/#\/schema\/logo\/image\/\"}},{\"@type\":\"Person\",\"@id\":\"https:\/\/sanluisinforma.com\/#\/schema\/person\/c30648f71476be533b6f59d092905c8b\",\"name\":\"sanluisinforma.com\",\"image\":{\"@type\":\"ImageObject\",\"inLanguage\":\"es\",\"@id\":\"https:\/\/sanluisinforma.com\/#\/schema\/person\/image\/\",\"url\":\"https:\/\/secure.gravatar.com\/avatar\/86e3114e34a1eecefb963e0a02f0093f93b092dddb2fe1517596343751081a87?s=96&d=mm&r=g\",\"contentUrl\":\"https:\/\/secure.gravatar.com\/avatar\/86e3114e34a1eecefb963e0a02f0093f93b092dddb2fe1517596343751081a87?s=96&d=mm&r=g\",\"caption\":\"sanluisinforma.com\"},\"url\":\"https:\/\/sanluisinforma.com\/?author=2\"}]}<\/script>\n<!-- \/ Yoast SEO plugin. -->","yoast_head_json":{"title":"Gobierno de la Capital celebra la Feria de la Pila 2025 - sanluisinforma.com","robots":{"index":"index","follow":"follow","max-snippet":"max-snippet:-1","max-image-preview":"max-image-preview:large","max-video-preview":"max-video-preview:-1"},"canonical":"https:\/\/sanluisinforma.com\/?p=14630","og_locale":"es_MX","og_type":"article","og_title":"Gobierno de la Capital celebra la Feria de la Pila 2025 - sanluisinforma.com","og_description":"\u201cFEREPI 2025: tradici\u00f3n, m\u00fasica, gastronom\u00eda y deporte para toda la familia\u201d La Delegaci\u00f3n La Pila se encontrar\u00e1 de fiesta con","og_url":"https:\/\/sanluisinforma.com\/?p=14630","og_site_name":"sanluisinforma.com","article_published_time":"2025-09-10T06:45:00+00:00","article_modified_time":"2025-09-10T02:40:44+00:00","og_image":[{"width":400,"height":715,"url":"https:\/\/sanluisinforma.com\/wp-content\/uploads\/2025\/09\/unnamed-11.jpg","type":"image\/jpeg"}],"author":"sanluisinforma.com","twitter_card":"summary_large_image","twitter_misc":{"Escrito por":"sanluisinforma.com","Tiempo de lectura":"2 minutos"},"schema":{"@context":"https:\/\/schema.org","@graph":[{"@type":"Article","@id":"https:\/\/sanluisinforma.com\/?p=14630#article","isPartOf":{"@id":"https:\/\/sanluisinforma.com\/?p=14630"},"author":{"name":"sanluisinforma.com","@id":"https:\/\/sanluisinforma.com\/#\/schema\/person\/c30648f71476be533b6f59d092905c8b"},"headline":"Gobierno de la Capital celebra la Feria de la Pila 2025","datePublished":"2025-09-10T06:45:00+00:00","dateModified":"2025-09-10T02:40:44+00:00","mainEntityOfPage":{"@id":"https:\/\/sanluisinforma.com\/?p=14630"},"wordCount":317,"publisher":{"@id":"https:\/\/sanluisinforma.com\/#organization"},"image":{"@id":"https:\/\/sanluisinforma.com\/?p=14630#primaryimage"},"thumbnailUrl":"https:\/\/sanluisinforma.com\/wp-content\/uploads\/2025\/09\/unnamed-11.jpg","articleSection":["Local","Portada"],"inLanguage":"es"},{"@type":"WebPage","@id":"https:\/\/sanluisinforma.com\/?p=14630","url":"https:\/\/sanluisinforma.com\/?p=14630","name":"Gobierno de la Capital celebra la Feria de la Pila 2025 - sanluisinforma.com","isPartOf":{"@id":"https:\/\/sanluisinforma.com\/#website"},"primaryImageOfPage":{"@id":"https:\/\/sanluisinforma.com\/?p=14630#primaryimage"},"image":{"@id":"https:\/\/sanluisinforma.com\/?p=14630#primaryimage"},"thumbnailUrl":"https:\/\/sanluisinforma.com\/wp-content\/uploads\/2025\/09\/unnamed-11.jpg","datePublished":"2025-09-10T06:45:00+00:00","dateModified":"2025-09-10T02:40:44+00:00","breadcrumb":{"@id":"https:\/\/sanluisinforma.com\/?p=14630#breadcrumb"},"inLanguage":"es","potentialAction":[{"@type":"ReadAction","target":["https:\/\/sanluisinforma.com\/?p=14630"]}]},{"@type":"ImageObject","inLanguage":"es","@id":"https:\/\/sanluisinforma.com\/?p=14630#primaryimage","url":"https:\/\/sanluisinforma.com\/wp-content\/uploads\/2025\/09\/unnamed-11.jpg","contentUrl":"https:\/\/sanluisinforma.com\/wp-content\/uploads\/2025\/09\/unnamed-11.jpg","width":400,"height":715},{"@type":"BreadcrumbList","@id":"https:\/\/sanluisinforma.com\/?p=14630#breadcrumb","itemListElement":[{"@type":"ListItem","position":1,"name":"Inicio","item":"https:\/\/sanluisinforma.com\/"},{"@type":"ListItem","position":2,"name":"Gobierno de la Capital celebra la Feria de la Pila 2025"}]},{"@type":"WebSite","@id":"https:\/\/sanluisinforma.com\/#website","url":"https:\/\/sanluisinforma.com\/","name":"sanluisinforma.com","description":"Periodico San Luis Informa","publisher":{"@id":"https:\/\/sanluisinforma.com\/#organization"},"potentialAction":[{"@type":"SearchAction","target":{"@type":"EntryPoint","urlTemplate":"https:\/\/sanluisinforma.com\/?s={search_term_string}"},"query-input":{"@type":"PropertyValueSpecification","valueRequired":true,"valueName":"search_term_string"}}],"inLanguage":"es"},{"@type":"Organization","@id":"https:\/\/sanluisinforma.com\/#organization","name":"sanluisinforma.com","url":"https:\/\/sanluisinforma.com\/","logo":{"@type":"ImageObject","inLanguage":"es","@id":"https:\/\/sanluisinforma.com\/#\/schema\/logo\/image\/","url":"https:\/\/sanluisinforma.com\/wp-content\/uploads\/2026\/03\/sanluisinforma-V.jpg","contentUrl":"https:\/\/sanluisinforma.com\/wp-content\/uploads\/2026\/03\/sanluisinforma-V.jpg","width":500,"height":156,"caption":"sanluisinforma.com"},"image":{"@id":"https:\/\/sanluisinforma.com\/#\/schema\/logo\/image\/"}},{"@type":"Person","@id":"https:\/\/sanluisinforma.com\/#\/schema\/person\/c30648f71476be533b6f59d092905c8b","name":"sanluisinforma.com","image":{"@type":"ImageObject","inLanguage":"es","@id":"https:\/\/sanluisinforma.com\/#\/schema\/person\/image\/","url":"https:\/\/secure.gravatar.com\/avatar\/86e3114e34a1eecefb963e0a02f0093f93b092dddb2fe1517596343751081a87?s=96&d=mm&r=g","contentUrl":"https:\/\/secure.gravatar.com\/avatar\/86e3114e34a1eecefb963e0a02f0093f93b092dddb2fe1517596343751081a87?s=96&d=mm&r=g","caption":"sanluisinforma.com"},"url":"https:\/\/sanluisinforma.com\/?author=2"}]}},"_links":{"self":[{"href":"https:\/\/sanluisinforma.com\/index.php?rest_route=\/wp\/v2\/posts\/14630","targetHints":{"allow":["GET"]}}],"collection":[{"href":"https:\/\/sanluisinforma.com\/index.php?rest_route=\/wp\/v2\/posts"}],"about":[{"href":"https:\/\/sanluisinforma.com\/index.php?rest_route=\/wp\/v2\/types\/post"}],"author":[{"embeddable":true,"href":"https:\/\/sanluisinforma.com\/index.php?rest_route=\/wp\/v2\/users\/2"}],"replies":[{"embeddable":true,"href":"https:\/\/sanluisinforma.com\/index.php?rest_route=%2Fwp%2Fv2%2Fcomments&post=14630"}],"version-history":[{"count":1,"href":"https:\/\/sanluisinforma.com\/index.php?rest_route=\/wp\/v2\/posts\/14630\/revisions"}],"predecessor-version":[{"id":14632,"href":"https:\/\/sanluisinforma.com\/index.php?rest_route=\/wp\/v2\/posts\/14630\/revisions\/14632"}],"wp:featuredmedia":[{"embeddable":true,"href":"https:\/\/sanluisinforma.com\/index.php?rest_route=\/wp\/v2\/media\/14631"}],"wp:attachment":[{"href":"https:\/\/sanluisinforma.com\/index.php?rest_route=%2Fwp%2Fv2%2Fmedia&parent=14630"}],"wp:term":[{"taxonomy":"category","embeddable":true,"href":"https:\/\/sanluisinforma.com\/index.php?rest_route=%2Fwp%2Fv2%2Fcategories&post=14630"},{"taxonomy":"post_tag","embeddable":true,"href":"https:\/\/sanluisinforma.com\/index.php?rest_route=%2Fwp%2Fv2%2Ftags&post=14630"}],"curies":[{"name":"wp","href":"https:\/\/api.w.org\/{rel}","templated":true}]}}