{"id":14654,"date":"2025-09-11T00:50:00","date_gmt":"2025-09-11T06:50:00","guid":{"rendered":"https:\/\/sanluisinforma.com\/?p=14654"},"modified":"2025-09-10T21:35:20","modified_gmt":"2025-09-11T03:35:20","slug":"san-luis-potosi-consolida-liderazgo-ambiental-con-la-town-hall-cop-2025","status":"publish","type":"post","link":"https:\/\/sanluisinforma.com\/?p=14654","title":{"rendered":"San Luis Potos\u00ed consolida liderazgo ambiental con la Town Hall COP 2025"},"content":{"rendered":"\n<p><\/p>\n\n\n\n<p>El alcalde Enrique Galindo Ceballos destac\u00f3 que este ejercicio permitir\u00e1 tomar decisiones con base en la voz ciudadana para enfrentar el cambio clim\u00e1tico.<\/p>\n\n\n\n<p>El documento es resultado de foros con la participaci\u00f3n de sociedad civil, j\u00f3venes, ni\u00f1os, acad\u00e9micos y la iniciativa privada, y ser\u00e1 presentado en la reuni\u00f3n mundial de ICLEI en Bel\u00e9m, Brasil. San Luis Potos\u00ed capital fue el municipio de Latinoam\u00e9rica con la mayor participaci\u00f3n en estos foros.<\/p>\n\n\n\n<p>San Luis Potos\u00ed se coloc\u00f3 en el centro del debate clim\u00e1tico al clausurar la primera Town Hall COP 2025, realizada en coordinaci\u00f3n con ICLEI \u2013 Gobiernos Locales por la Sustentabilidad. El evento, encabezado por el presidente municipal Enrique Galindo Ceballos, reuni\u00f3 a autoridades, empresarios, acad\u00e9micos y ciudadan\u00eda en el patio del Centro Cultural Palacio Municipal, consolidando un ejercicio in\u00e9dito de consulta y colaboraci\u00f3n.<\/p>\n\n\n\n<p>Durante el proceso se desarrollaron tres foros tem\u00e1ticos que integraron m\u00e1s de 769 aportaciones ciudadanas. Entre las principales preocupaciones destacan la escasez y contaminaci\u00f3n del agua, los efectos del calor extremo en la salud, el manejo de residuos y la p\u00e9rdida de \u00e1reas verdes. Estas inquietudes se tradujeron en propuestas concretas como la captaci\u00f3n de agua pluvial, el fomento a energ\u00edas renovables, la reforestaci\u00f3n y la generaci\u00f3n de empleos verdes.<\/p>\n\n\n\n<p>En su mensaje, el alcalde Enrique Galindo enfatiz\u00f3 que \u201cSan Luis capital es un reflejo del cambio clim\u00e1tico: hace dos a\u00f1os vivimos la peor crisis h\u00eddrica y hoy enfrentamos lluvias at\u00edpicas e intensas\u201d. Se\u00f1al\u00f3 que este ejercicio permitir\u00e1 dise\u00f1ar pol\u00edticas p\u00fablicas basadas no solo en la visi\u00f3n de la autoridad, sino en la de ni\u00f1os, j\u00f3venes y adultos que expresaron su preocupaci\u00f3n por la desaparici\u00f3n de \u00e1reas verdes, el agua y el futuro del campo.<\/p>\n\n\n\n<p>Galindo Ceballos entreg\u00f3 los resultados al maestro Edgar Villase\u00f1or Franco, secretario regional de ICLEI, quien reconoci\u00f3 a San Luis Potos\u00ed como pionero en metodolog\u00edas de consulta ciudadana con est\u00e1ndares internacionales. Destac\u00f3 que la capital potosina fue el municipio de toda Latinoam\u00e9rica que logr\u00f3 la mayor participaci\u00f3n ciudadana en estos foros, lo que la coloca como ejemplo en la regi\u00f3n.<\/p>\n\n\n\n<p>Con la Town Hall COP, San Luis Potos\u00ed se perfila como referente nacional en gobernanza clim\u00e1tica local. Los insumos ser\u00e1n presentados en la pr\u00f3xima COP30 en Brasil, lo que permitir\u00e1 que la voz de la ciudadan\u00eda potosina trascienda a nivel internacional y contribuya al cumplimiento de los Objetivos de Desarrollo Sostenible en materia de acci\u00f3n por el clima y ciudades sostenibles.<\/p>\n","protected":false},"excerpt":{"rendered":"<p>El alcalde Enrique Galindo Ceballos destac\u00f3 que este ejercicio permitir\u00e1 tomar decisiones con base en la voz ciudadana para enfrentar<\/p>\n","protected":false},"author":2,"featured_media":14655,"comment_status":"closed","ping_status":"closed","sticky":false,"template":"","format":"standard","meta":{"footnotes":""},"categories":[25,30],"tags":[],"class_list":["post-14654","post","type-post","status-publish","format-standard","has-post-thumbnail","hentry","category-local","category-portada"],"yoast_head":"<!-- This site is optimized with the Yoast SEO plugin v24.1 - https:\/\/yoast.com\/wordpress\/plugins\/seo\/ -->\n<title>San Luis Potos\u00ed consolida liderazgo ambiental con la Town Hall COP 2025 - sanluisinforma.com<\/title>\n<meta name=\"robots\" content=\"index, follow, max-snippet:-1, max-image-preview:large, max-video-preview:-1\" \/>\n<link rel=\"canonical\" href=\"https:\/\/sanluisinforma.com\/?p=14654\" \/>\n<meta property=\"og:locale\" content=\"es_MX\" \/>\n<meta property=\"og:type\" content=\"article\" \/>\n<meta property=\"og:title\" content=\"San Luis Potos\u00ed consolida liderazgo ambiental con la Town Hall COP 2025 - sanluisinforma.com\" \/>\n<meta property=\"og:description\" content=\"El alcalde Enrique Galindo Ceballos destac\u00f3 que este ejercicio permitir\u00e1 tomar decisiones con base en la voz ciudadana para enfrentar\" \/>\n<meta property=\"og:url\" content=\"https:\/\/sanluisinforma.com\/?p=14654\" \/>\n<meta property=\"og:site_name\" content=\"sanluisinforma.com\" \/>\n<meta property=\"article:published_time\" content=\"2025-09-11T06:50:00+00:00\" \/>\n<meta property=\"article:modified_time\" content=\"2025-09-11T03:35:20+00:00\" \/>\n<meta property=\"og:image\" content=\"https:\/\/sanluisinforma.com\/wp-content\/uploads\/2025\/09\/unnamed-1-muni.jpg\" \/>\n\t<meta property=\"og:image:width\" content=\"400\" \/>\n\t<meta property=\"og:image:height\" content=\"266\" \/>\n\t<meta property=\"og:image:type\" content=\"image\/jpeg\" \/>\n<meta name=\"author\" content=\"sanluisinforma.com\" \/>\n<meta name=\"twitter:card\" content=\"summary_large_image\" \/>\n<meta name=\"twitter:label1\" content=\"Escrito por\" \/>\n\t<meta name=\"twitter:data1\" content=\"sanluisinforma.com\" \/>\n\t<meta name=\"twitter:label2\" content=\"Tiempo de lectura\" \/>\n\t<meta name=\"twitter:data2\" content=\"3 minutos\" \/>\n<script type=\"application\/ld+json\" class=\"yoast-schema-graph\">{\"@context\":\"https:\/\/schema.org\",\"@graph\":[{\"@type\":\"Article\",\"@id\":\"https:\/\/sanluisinforma.com\/?p=14654#article\",\"isPartOf\":{\"@id\":\"https:\/\/sanluisinforma.com\/?p=14654\"},\"author\":{\"name\":\"sanluisinforma.com\",\"@id\":\"https:\/\/sanluisinforma.com\/#\/schema\/person\/c30648f71476be533b6f59d092905c8b\"},\"headline\":\"San Luis Potos\u00ed consolida liderazgo ambiental con la Town Hall COP 2025\",\"datePublished\":\"2025-09-11T06:50:00+00:00\",\"dateModified\":\"2025-09-11T03:35:20+00:00\",\"mainEntityOfPage\":{\"@id\":\"https:\/\/sanluisinforma.com\/?p=14654\"},\"wordCount\":453,\"publisher\":{\"@id\":\"https:\/\/sanluisinforma.com\/#organization\"},\"image\":{\"@id\":\"https:\/\/sanluisinforma.com\/?p=14654#primaryimage\"},\"thumbnailUrl\":\"https:\/\/sanluisinforma.com\/wp-content\/uploads\/2025\/09\/unnamed-1-muni.jpg\",\"articleSection\":[\"Local\",\"Portada\"],\"inLanguage\":\"es\"},{\"@type\":\"WebPage\",\"@id\":\"https:\/\/sanluisinforma.com\/?p=14654\",\"url\":\"https:\/\/sanluisinforma.com\/?p=14654\",\"name\":\"San Luis Potos\u00ed consolida liderazgo ambiental con la Town Hall COP 2025 - sanluisinforma.com\",\"isPartOf\":{\"@id\":\"https:\/\/sanluisinforma.com\/#website\"},\"primaryImageOfPage\":{\"@id\":\"https:\/\/sanluisinforma.com\/?p=14654#primaryimage\"},\"image\":{\"@id\":\"https:\/\/sanluisinforma.com\/?p=14654#primaryimage\"},\"thumbnailUrl\":\"https:\/\/sanluisinforma.com\/wp-content\/uploads\/2025\/09\/unnamed-1-muni.jpg\",\"datePublished\":\"2025-09-11T06:50:00+00:00\",\"dateModified\":\"2025-09-11T03:35:20+00:00\",\"breadcrumb\":{\"@id\":\"https:\/\/sanluisinforma.com\/?p=14654#breadcrumb\"},\"inLanguage\":\"es\",\"potentialAction\":[{\"@type\":\"ReadAction\",\"target\":[\"https:\/\/sanluisinforma.com\/?p=14654\"]}]},{\"@type\":\"ImageObject\",\"inLanguage\":\"es\",\"@id\":\"https:\/\/sanluisinforma.com\/?p=14654#primaryimage\",\"url\":\"https:\/\/sanluisinforma.com\/wp-content\/uploads\/2025\/09\/unnamed-1-muni.jpg\",\"contentUrl\":\"https:\/\/sanluisinforma.com\/wp-content\/uploads\/2025\/09\/unnamed-1-muni.jpg\",\"width\":400,\"height\":266},{\"@type\":\"BreadcrumbList\",\"@id\":\"https:\/\/sanluisinforma.com\/?p=14654#breadcrumb\",\"itemListElement\":[{\"@type\":\"ListItem\",\"position\":1,\"name\":\"Inicio\",\"item\":\"https:\/\/sanluisinforma.com\/\"},{\"@type\":\"ListItem\",\"position\":2,\"name\":\"San Luis Potos\u00ed consolida liderazgo ambiental con la Town Hall COP 2025\"}]},{\"@type\":\"WebSite\",\"@id\":\"https:\/\/sanluisinforma.com\/#website\",\"url\":\"https:\/\/sanluisinforma.com\/\",\"name\":\"sanluisinforma.com\",\"description\":\"Periodico San Luis Informa\",\"publisher\":{\"@id\":\"https:\/\/sanluisinforma.com\/#organization\"},\"potentialAction\":[{\"@type\":\"SearchAction\",\"target\":{\"@type\":\"EntryPoint\",\"urlTemplate\":\"https:\/\/sanluisinforma.com\/?s={search_term_string}\"},\"query-input\":{\"@type\":\"PropertyValueSpecification\",\"valueRequired\":true,\"valueName\":\"search_term_string\"}}],\"inLanguage\":\"es\"},{\"@type\":\"Organization\",\"@id\":\"https:\/\/sanluisinforma.com\/#organization\",\"name\":\"sanluisinforma.com\",\"url\":\"https:\/\/sanluisinforma.com\/\",\"logo\":{\"@type\":\"ImageObject\",\"inLanguage\":\"es\",\"@id\":\"https:\/\/sanluisinforma.com\/#\/schema\/logo\/image\/\",\"url\":\"https:\/\/sanluisinforma.com\/wp-content\/uploads\/2026\/03\/sanluisinforma-V.jpg\",\"contentUrl\":\"https:\/\/sanluisinforma.com\/wp-content\/uploads\/2026\/03\/sanluisinforma-V.jpg\",\"width\":500,\"height\":156,\"caption\":\"sanluisinforma.com\"},\"image\":{\"@id\":\"https:\/\/sanluisinforma.com\/#\/schema\/logo\/image\/\"}},{\"@type\":\"Person\",\"@id\":\"https:\/\/sanluisinforma.com\/#\/schema\/person\/c30648f71476be533b6f59d092905c8b\",\"name\":\"sanluisinforma.com\",\"image\":{\"@type\":\"ImageObject\",\"inLanguage\":\"es\",\"@id\":\"https:\/\/sanluisinforma.com\/#\/schema\/person\/image\/\",\"url\":\"https:\/\/secure.gravatar.com\/avatar\/86e3114e34a1eecefb963e0a02f0093f93b092dddb2fe1517596343751081a87?s=96&d=mm&r=g\",\"contentUrl\":\"https:\/\/secure.gravatar.com\/avatar\/86e3114e34a1eecefb963e0a02f0093f93b092dddb2fe1517596343751081a87?s=96&d=mm&r=g\",\"caption\":\"sanluisinforma.com\"},\"url\":\"https:\/\/sanluisinforma.com\/?author=2\"}]}<\/script>\n<!-- \/ Yoast SEO plugin. -->","yoast_head_json":{"title":"San Luis Potos\u00ed consolida liderazgo ambiental con la Town Hall COP 2025 - sanluisinforma.com","robots":{"index":"index","follow":"follow","max-snippet":"max-snippet:-1","max-image-preview":"max-image-preview:large","max-video-preview":"max-video-preview:-1"},"canonical":"https:\/\/sanluisinforma.com\/?p=14654","og_locale":"es_MX","og_type":"article","og_title":"San Luis Potos\u00ed consolida liderazgo ambiental con la Town Hall COP 2025 - sanluisinforma.com","og_description":"El alcalde Enrique Galindo Ceballos destac\u00f3 que este ejercicio permitir\u00e1 tomar decisiones con base en la voz ciudadana para enfrentar","og_url":"https:\/\/sanluisinforma.com\/?p=14654","og_site_name":"sanluisinforma.com","article_published_time":"2025-09-11T06:50:00+00:00","article_modified_time":"2025-09-11T03:35:20+00:00","og_image":[{"width":400,"height":266,"url":"https:\/\/sanluisinforma.com\/wp-content\/uploads\/2025\/09\/unnamed-1-muni.jpg","type":"image\/jpeg"}],"author":"sanluisinforma.com","twitter_card":"summary_large_image","twitter_misc":{"Escrito por":"sanluisinforma.com","Tiempo de lectura":"3 minutos"},"schema":{"@context":"https:\/\/schema.org","@graph":[{"@type":"Article","@id":"https:\/\/sanluisinforma.com\/?p=14654#article","isPartOf":{"@id":"https:\/\/sanluisinforma.com\/?p=14654"},"author":{"name":"sanluisinforma.com","@id":"https:\/\/sanluisinforma.com\/#\/schema\/person\/c30648f71476be533b6f59d092905c8b"},"headline":"San Luis Potos\u00ed consolida liderazgo ambiental con la Town Hall COP 2025","datePublished":"2025-09-11T06:50:00+00:00","dateModified":"2025-09-11T03:35:20+00:00","mainEntityOfPage":{"@id":"https:\/\/sanluisinforma.com\/?p=14654"},"wordCount":453,"publisher":{"@id":"https:\/\/sanluisinforma.com\/#organization"},"image":{"@id":"https:\/\/sanluisinforma.com\/?p=14654#primaryimage"},"thumbnailUrl":"https:\/\/sanluisinforma.com\/wp-content\/uploads\/2025\/09\/unnamed-1-muni.jpg","articleSection":["Local","Portada"],"inLanguage":"es"},{"@type":"WebPage","@id":"https:\/\/sanluisinforma.com\/?p=14654","url":"https:\/\/sanluisinforma.com\/?p=14654","name":"San Luis Potos\u00ed consolida liderazgo ambiental con la Town Hall COP 2025 - sanluisinforma.com","isPartOf":{"@id":"https:\/\/sanluisinforma.com\/#website"},"primaryImageOfPage":{"@id":"https:\/\/sanluisinforma.com\/?p=14654#primaryimage"},"image":{"@id":"https:\/\/sanluisinforma.com\/?p=14654#primaryimage"},"thumbnailUrl":"https:\/\/sanluisinforma.com\/wp-content\/uploads\/2025\/09\/unnamed-1-muni.jpg","datePublished":"2025-09-11T06:50:00+00:00","dateModified":"2025-09-11T03:35:20+00:00","breadcrumb":{"@id":"https:\/\/sanluisinforma.com\/?p=14654#breadcrumb"},"inLanguage":"es","potentialAction":[{"@type":"ReadAction","target":["https:\/\/sanluisinforma.com\/?p=14654"]}]},{"@type":"ImageObject","inLanguage":"es","@id":"https:\/\/sanluisinforma.com\/?p=14654#primaryimage","url":"https:\/\/sanluisinforma.com\/wp-content\/uploads\/2025\/09\/unnamed-1-muni.jpg","contentUrl":"https:\/\/sanluisinforma.com\/wp-content\/uploads\/2025\/09\/unnamed-1-muni.jpg","width":400,"height":266},{"@type":"BreadcrumbList","@id":"https:\/\/sanluisinforma.com\/?p=14654#breadcrumb","itemListElement":[{"@type":"ListItem","position":1,"name":"Inicio","item":"https:\/\/sanluisinforma.com\/"},{"@type":"ListItem","position":2,"name":"San Luis Potos\u00ed consolida liderazgo ambiental con la Town Hall COP 2025"}]},{"@type":"WebSite","@id":"https:\/\/sanluisinforma.com\/#website","url":"https:\/\/sanluisinforma.com\/","name":"sanluisinforma.com","description":"Periodico San Luis Informa","publisher":{"@id":"https:\/\/sanluisinforma.com\/#organization"},"potentialAction":[{"@type":"SearchAction","target":{"@type":"EntryPoint","urlTemplate":"https:\/\/sanluisinforma.com\/?s={search_term_string}"},"query-input":{"@type":"PropertyValueSpecification","valueRequired":true,"valueName":"search_term_string"}}],"inLanguage":"es"},{"@type":"Organization","@id":"https:\/\/sanluisinforma.com\/#organization","name":"sanluisinforma.com","url":"https:\/\/sanluisinforma.com\/","logo":{"@type":"ImageObject","inLanguage":"es","@id":"https:\/\/sanluisinforma.com\/#\/schema\/logo\/image\/","url":"https:\/\/sanluisinforma.com\/wp-content\/uploads\/2026\/03\/sanluisinforma-V.jpg","contentUrl":"https:\/\/sanluisinforma.com\/wp-content\/uploads\/2026\/03\/sanluisinforma-V.jpg","width":500,"height":156,"caption":"sanluisinforma.com"},"image":{"@id":"https:\/\/sanluisinforma.com\/#\/schema\/logo\/image\/"}},{"@type":"Person","@id":"https:\/\/sanluisinforma.com\/#\/schema\/person\/c30648f71476be533b6f59d092905c8b","name":"sanluisinforma.com","image":{"@type":"ImageObject","inLanguage":"es","@id":"https:\/\/sanluisinforma.com\/#\/schema\/person\/image\/","url":"https:\/\/secure.gravatar.com\/avatar\/86e3114e34a1eecefb963e0a02f0093f93b092dddb2fe1517596343751081a87?s=96&d=mm&r=g","contentUrl":"https:\/\/secure.gravatar.com\/avatar\/86e3114e34a1eecefb963e0a02f0093f93b092dddb2fe1517596343751081a87?s=96&d=mm&r=g","caption":"sanluisinforma.com"},"url":"https:\/\/sanluisinforma.com\/?author=2"}]}},"_links":{"self":[{"href":"https:\/\/sanluisinforma.com\/index.php?rest_route=\/wp\/v2\/posts\/14654","targetHints":{"allow":["GET"]}}],"collection":[{"href":"https:\/\/sanluisinforma.com\/index.php?rest_route=\/wp\/v2\/posts"}],"about":[{"href":"https:\/\/sanluisinforma.com\/index.php?rest_route=\/wp\/v2\/types\/post"}],"author":[{"embeddable":true,"href":"https:\/\/sanluisinforma.com\/index.php?rest_route=\/wp\/v2\/users\/2"}],"replies":[{"embeddable":true,"href":"https:\/\/sanluisinforma.com\/index.php?rest_route=%2Fwp%2Fv2%2Fcomments&post=14654"}],"version-history":[{"count":1,"href":"https:\/\/sanluisinforma.com\/index.php?rest_route=\/wp\/v2\/posts\/14654\/revisions"}],"predecessor-version":[{"id":14656,"href":"https:\/\/sanluisinforma.com\/index.php?rest_route=\/wp\/v2\/posts\/14654\/revisions\/14656"}],"wp:featuredmedia":[{"embeddable":true,"href":"https:\/\/sanluisinforma.com\/index.php?rest_route=\/wp\/v2\/media\/14655"}],"wp:attachment":[{"href":"https:\/\/sanluisinforma.com\/index.php?rest_route=%2Fwp%2Fv2%2Fmedia&parent=14654"}],"wp:term":[{"taxonomy":"category","embeddable":true,"href":"https:\/\/sanluisinforma.com\/index.php?rest_route=%2Fwp%2Fv2%2Fcategories&post=14654"},{"taxonomy":"post_tag","embeddable":true,"href":"https:\/\/sanluisinforma.com\/index.php?rest_route=%2Fwp%2Fv2%2Ftags&post=14654"}],"curies":[{"name":"wp","href":"https:\/\/api.w.org\/{rel}","templated":true}]}}