{"id":14678,"date":"2025-09-12T00:50:00","date_gmt":"2025-09-12T06:50:00","guid":{"rendered":"https:\/\/sanluisinforma.com\/?p=14678"},"modified":"2025-09-11T23:20:43","modified_gmt":"2025-09-12T05:20:43","slug":"conmemoran-a-la-mujer-indigena-y-promueven-el-respeto-a-los-derechos-de-la-ninez-en-escuelas-municipales","status":"publish","type":"post","link":"https:\/\/sanluisinforma.com\/?p=14678","title":{"rendered":"Conmemoran a la mujer ind\u00edgena y promueven el respeto a los derechos de la ni\u00f1ez en escuelas municipales"},"content":{"rendered":"\n<p>Actos c\u00edvicos integrales fortalecen la identidad nacional y fomentan la conciencia sobre la importancia de la diversidad cultural y la protecci\u00f3n infantil.<\/p>\n\n\n\n<p>Por instrucci\u00f3n del alcalde Enrique Galindo Ceballos y en cumplimiento con el calendario escolar, el Sistema Municipal de Educaci\u00f3n llev\u00f3 a cabo actos c\u00edvicos en todos los planteles educativos municipales, desde nivel preescolar hasta media superior, con el objetivo de honrar los valores c\u00edvicos y los s\u00edmbolos patrios que fortalecen la identidad nacional.<\/p>\n\n\n\n<p>Durante estas ceremonias se hizo \u00e9nfasis en la importancia de la educaci\u00f3n c\u00edvica y el respeto a los s\u00edmbolos que nos unen como naci\u00f3n, promoviendo en la comunidad estudiantil una cultura de participaci\u00f3n y pertenencia.<\/p>\n\n\n\n<p>Adem\u00e1s, en el marco del D\u00eda Internacional de la Mujer Ind\u00edgena, se llevaron a cabo diversas actividades conmemorativas para reconocer el papel fundamental de estas mujeres en la preservaci\u00f3n de las culturas, lenguas y saberes ancestrales. Estudiantes present\u00f3 una muestra de carteles, personificaciones y un marat\u00f3n de lectura en homenaje a su legado.<\/p>\n\n\n\n<p>De igual forma, docentes y alumnado presentaron los trabajos realizados durante la Jornada Nacional de Concientizaci\u00f3n sobre la Gravedad del Abuso Sexual y el Maltrato Infantil. Los materiales did\u00e1cticos elaborados fueron expuestos durante los honores a la bandera, reflejando el compromiso de la comunidad educativa con la protecci\u00f3n y bienestar de la ni\u00f1ez.<\/p>\n\n\n\n<p>El Gobierno de la Capital reafirma su compromiso con una educaci\u00f3n integral que promueva los valores c\u00edvicos, el respeto a la diversidad cultural y la defensa de los derechos humanos, formando ciudadanos conscientes y solidarios.<\/p>\n","protected":false},"excerpt":{"rendered":"<p>Actos c\u00edvicos integrales fortalecen la identidad nacional y fomentan la conciencia sobre la importancia de la diversidad cultural y la<\/p>\n","protected":false},"author":2,"featured_media":14679,"comment_status":"closed","ping_status":"closed","sticky":false,"template":"","format":"standard","meta":{"footnotes":""},"categories":[25,30],"tags":[],"class_list":["post-14678","post","type-post","status-publish","format-standard","has-post-thumbnail","hentry","category-local","category-portada"],"yoast_head":"<!-- This site is optimized with the Yoast SEO plugin v24.1 - https:\/\/yoast.com\/wordpress\/plugins\/seo\/ -->\n<title>Conmemoran a la mujer ind\u00edgena y promueven el respeto a los derechos de la ni\u00f1ez en escuelas municipales - sanluisinforma.com<\/title>\n<meta name=\"robots\" content=\"index, follow, max-snippet:-1, max-image-preview:large, max-video-preview:-1\" \/>\n<link rel=\"canonical\" href=\"https:\/\/sanluisinforma.com\/?p=14678\" \/>\n<meta property=\"og:locale\" content=\"es_MX\" \/>\n<meta property=\"og:type\" content=\"article\" \/>\n<meta property=\"og:title\" content=\"Conmemoran a la mujer ind\u00edgena y promueven el respeto a los derechos de la ni\u00f1ez en escuelas municipales - sanluisinforma.com\" \/>\n<meta property=\"og:description\" content=\"Actos c\u00edvicos integrales fortalecen la identidad nacional y fomentan la conciencia sobre la importancia de la diversidad cultural y la\" \/>\n<meta property=\"og:url\" content=\"https:\/\/sanluisinforma.com\/?p=14678\" \/>\n<meta property=\"og:site_name\" content=\"sanluisinforma.com\" \/>\n<meta property=\"article:published_time\" content=\"2025-09-12T06:50:00+00:00\" \/>\n<meta property=\"article:modified_time\" content=\"2025-09-12T05:20:43+00:00\" \/>\n<meta property=\"og:image\" content=\"https:\/\/sanluisinforma.com\/wp-content\/uploads\/2025\/09\/unnamed-2-muni.jpg\" \/>\n\t<meta property=\"og:image:width\" content=\"400\" \/>\n\t<meta property=\"og:image:height\" content=\"257\" \/>\n\t<meta property=\"og:image:type\" content=\"image\/jpeg\" \/>\n<meta name=\"author\" content=\"sanluisinforma.com\" \/>\n<meta name=\"twitter:card\" content=\"summary_large_image\" \/>\n<meta name=\"twitter:label1\" content=\"Escrito por\" \/>\n\t<meta name=\"twitter:data1\" content=\"sanluisinforma.com\" \/>\n\t<meta name=\"twitter:label2\" content=\"Tiempo de lectura\" \/>\n\t<meta name=\"twitter:data2\" content=\"2 minutos\" \/>\n<script type=\"application\/ld+json\" class=\"yoast-schema-graph\">{\"@context\":\"https:\/\/schema.org\",\"@graph\":[{\"@type\":\"Article\",\"@id\":\"https:\/\/sanluisinforma.com\/?p=14678#article\",\"isPartOf\":{\"@id\":\"https:\/\/sanluisinforma.com\/?p=14678\"},\"author\":{\"name\":\"sanluisinforma.com\",\"@id\":\"https:\/\/sanluisinforma.com\/#\/schema\/person\/c30648f71476be533b6f59d092905c8b\"},\"headline\":\"Conmemoran a la mujer ind\u00edgena y promueven el respeto a los derechos de la ni\u00f1ez en escuelas municipales\",\"datePublished\":\"2025-09-12T06:50:00+00:00\",\"dateModified\":\"2025-09-12T05:20:43+00:00\",\"mainEntityOfPage\":{\"@id\":\"https:\/\/sanluisinforma.com\/?p=14678\"},\"wordCount\":294,\"publisher\":{\"@id\":\"https:\/\/sanluisinforma.com\/#organization\"},\"image\":{\"@id\":\"https:\/\/sanluisinforma.com\/?p=14678#primaryimage\"},\"thumbnailUrl\":\"https:\/\/sanluisinforma.com\/wp-content\/uploads\/2025\/09\/unnamed-2-muni.jpg\",\"articleSection\":[\"Local\",\"Portada\"],\"inLanguage\":\"es\"},{\"@type\":\"WebPage\",\"@id\":\"https:\/\/sanluisinforma.com\/?p=14678\",\"url\":\"https:\/\/sanluisinforma.com\/?p=14678\",\"name\":\"Conmemoran a la mujer ind\u00edgena y promueven el respeto a los derechos de la ni\u00f1ez en escuelas municipales - sanluisinforma.com\",\"isPartOf\":{\"@id\":\"https:\/\/sanluisinforma.com\/#website\"},\"primaryImageOfPage\":{\"@id\":\"https:\/\/sanluisinforma.com\/?p=14678#primaryimage\"},\"image\":{\"@id\":\"https:\/\/sanluisinforma.com\/?p=14678#primaryimage\"},\"thumbnailUrl\":\"https:\/\/sanluisinforma.com\/wp-content\/uploads\/2025\/09\/unnamed-2-muni.jpg\",\"datePublished\":\"2025-09-12T06:50:00+00:00\",\"dateModified\":\"2025-09-12T05:20:43+00:00\",\"breadcrumb\":{\"@id\":\"https:\/\/sanluisinforma.com\/?p=14678#breadcrumb\"},\"inLanguage\":\"es\",\"potentialAction\":[{\"@type\":\"ReadAction\",\"target\":[\"https:\/\/sanluisinforma.com\/?p=14678\"]}]},{\"@type\":\"ImageObject\",\"inLanguage\":\"es\",\"@id\":\"https:\/\/sanluisinforma.com\/?p=14678#primaryimage\",\"url\":\"https:\/\/sanluisinforma.com\/wp-content\/uploads\/2025\/09\/unnamed-2-muni.jpg\",\"contentUrl\":\"https:\/\/sanluisinforma.com\/wp-content\/uploads\/2025\/09\/unnamed-2-muni.jpg\",\"width\":400,\"height\":257},{\"@type\":\"BreadcrumbList\",\"@id\":\"https:\/\/sanluisinforma.com\/?p=14678#breadcrumb\",\"itemListElement\":[{\"@type\":\"ListItem\",\"position\":1,\"name\":\"Inicio\",\"item\":\"https:\/\/sanluisinforma.com\/\"},{\"@type\":\"ListItem\",\"position\":2,\"name\":\"Conmemoran a la mujer ind\u00edgena y promueven el respeto a los derechos de la ni\u00f1ez en escuelas municipales\"}]},{\"@type\":\"WebSite\",\"@id\":\"https:\/\/sanluisinforma.com\/#website\",\"url\":\"https:\/\/sanluisinforma.com\/\",\"name\":\"sanluisinforma.com\",\"description\":\"Periodico San Luis Informa\",\"publisher\":{\"@id\":\"https:\/\/sanluisinforma.com\/#organization\"},\"potentialAction\":[{\"@type\":\"SearchAction\",\"target\":{\"@type\":\"EntryPoint\",\"urlTemplate\":\"https:\/\/sanluisinforma.com\/?s={search_term_string}\"},\"query-input\":{\"@type\":\"PropertyValueSpecification\",\"valueRequired\":true,\"valueName\":\"search_term_string\"}}],\"inLanguage\":\"es\"},{\"@type\":\"Organization\",\"@id\":\"https:\/\/sanluisinforma.com\/#organization\",\"name\":\"sanluisinforma.com\",\"url\":\"https:\/\/sanluisinforma.com\/\",\"logo\":{\"@type\":\"ImageObject\",\"inLanguage\":\"es\",\"@id\":\"https:\/\/sanluisinforma.com\/#\/schema\/logo\/image\/\",\"url\":\"https:\/\/sanluisinforma.com\/wp-content\/uploads\/2026\/03\/sanluisinforma-V.jpg\",\"contentUrl\":\"https:\/\/sanluisinforma.com\/wp-content\/uploads\/2026\/03\/sanluisinforma-V.jpg\",\"width\":500,\"height\":156,\"caption\":\"sanluisinforma.com\"},\"image\":{\"@id\":\"https:\/\/sanluisinforma.com\/#\/schema\/logo\/image\/\"}},{\"@type\":\"Person\",\"@id\":\"https:\/\/sanluisinforma.com\/#\/schema\/person\/c30648f71476be533b6f59d092905c8b\",\"name\":\"sanluisinforma.com\",\"image\":{\"@type\":\"ImageObject\",\"inLanguage\":\"es\",\"@id\":\"https:\/\/sanluisinforma.com\/#\/schema\/person\/image\/\",\"url\":\"https:\/\/secure.gravatar.com\/avatar\/86e3114e34a1eecefb963e0a02f0093f93b092dddb2fe1517596343751081a87?s=96&d=mm&r=g\",\"contentUrl\":\"https:\/\/secure.gravatar.com\/avatar\/86e3114e34a1eecefb963e0a02f0093f93b092dddb2fe1517596343751081a87?s=96&d=mm&r=g\",\"caption\":\"sanluisinforma.com\"},\"url\":\"https:\/\/sanluisinforma.com\/?author=2\"}]}<\/script>\n<!-- \/ Yoast SEO plugin. -->","yoast_head_json":{"title":"Conmemoran a la mujer ind\u00edgena y promueven el respeto a los derechos de la ni\u00f1ez en escuelas municipales - sanluisinforma.com","robots":{"index":"index","follow":"follow","max-snippet":"max-snippet:-1","max-image-preview":"max-image-preview:large","max-video-preview":"max-video-preview:-1"},"canonical":"https:\/\/sanluisinforma.com\/?p=14678","og_locale":"es_MX","og_type":"article","og_title":"Conmemoran a la mujer ind\u00edgena y promueven el respeto a los derechos de la ni\u00f1ez en escuelas municipales - sanluisinforma.com","og_description":"Actos c\u00edvicos integrales fortalecen la identidad nacional y fomentan la conciencia sobre la importancia de la diversidad cultural y la","og_url":"https:\/\/sanluisinforma.com\/?p=14678","og_site_name":"sanluisinforma.com","article_published_time":"2025-09-12T06:50:00+00:00","article_modified_time":"2025-09-12T05:20:43+00:00","og_image":[{"width":400,"height":257,"url":"https:\/\/sanluisinforma.com\/wp-content\/uploads\/2025\/09\/unnamed-2-muni.jpg","type":"image\/jpeg"}],"author":"sanluisinforma.com","twitter_card":"summary_large_image","twitter_misc":{"Escrito por":"sanluisinforma.com","Tiempo de lectura":"2 minutos"},"schema":{"@context":"https:\/\/schema.org","@graph":[{"@type":"Article","@id":"https:\/\/sanluisinforma.com\/?p=14678#article","isPartOf":{"@id":"https:\/\/sanluisinforma.com\/?p=14678"},"author":{"name":"sanluisinforma.com","@id":"https:\/\/sanluisinforma.com\/#\/schema\/person\/c30648f71476be533b6f59d092905c8b"},"headline":"Conmemoran a la mujer ind\u00edgena y promueven el respeto a los derechos de la ni\u00f1ez en escuelas municipales","datePublished":"2025-09-12T06:50:00+00:00","dateModified":"2025-09-12T05:20:43+00:00","mainEntityOfPage":{"@id":"https:\/\/sanluisinforma.com\/?p=14678"},"wordCount":294,"publisher":{"@id":"https:\/\/sanluisinforma.com\/#organization"},"image":{"@id":"https:\/\/sanluisinforma.com\/?p=14678#primaryimage"},"thumbnailUrl":"https:\/\/sanluisinforma.com\/wp-content\/uploads\/2025\/09\/unnamed-2-muni.jpg","articleSection":["Local","Portada"],"inLanguage":"es"},{"@type":"WebPage","@id":"https:\/\/sanluisinforma.com\/?p=14678","url":"https:\/\/sanluisinforma.com\/?p=14678","name":"Conmemoran a la mujer ind\u00edgena y promueven el respeto a los derechos de la ni\u00f1ez en escuelas municipales - sanluisinforma.com","isPartOf":{"@id":"https:\/\/sanluisinforma.com\/#website"},"primaryImageOfPage":{"@id":"https:\/\/sanluisinforma.com\/?p=14678#primaryimage"},"image":{"@id":"https:\/\/sanluisinforma.com\/?p=14678#primaryimage"},"thumbnailUrl":"https:\/\/sanluisinforma.com\/wp-content\/uploads\/2025\/09\/unnamed-2-muni.jpg","datePublished":"2025-09-12T06:50:00+00:00","dateModified":"2025-09-12T05:20:43+00:00","breadcrumb":{"@id":"https:\/\/sanluisinforma.com\/?p=14678#breadcrumb"},"inLanguage":"es","potentialAction":[{"@type":"ReadAction","target":["https:\/\/sanluisinforma.com\/?p=14678"]}]},{"@type":"ImageObject","inLanguage":"es","@id":"https:\/\/sanluisinforma.com\/?p=14678#primaryimage","url":"https:\/\/sanluisinforma.com\/wp-content\/uploads\/2025\/09\/unnamed-2-muni.jpg","contentUrl":"https:\/\/sanluisinforma.com\/wp-content\/uploads\/2025\/09\/unnamed-2-muni.jpg","width":400,"height":257},{"@type":"BreadcrumbList","@id":"https:\/\/sanluisinforma.com\/?p=14678#breadcrumb","itemListElement":[{"@type":"ListItem","position":1,"name":"Inicio","item":"https:\/\/sanluisinforma.com\/"},{"@type":"ListItem","position":2,"name":"Conmemoran a la mujer ind\u00edgena y promueven el respeto a los derechos de la ni\u00f1ez en escuelas municipales"}]},{"@type":"WebSite","@id":"https:\/\/sanluisinforma.com\/#website","url":"https:\/\/sanluisinforma.com\/","name":"sanluisinforma.com","description":"Periodico San Luis Informa","publisher":{"@id":"https:\/\/sanluisinforma.com\/#organization"},"potentialAction":[{"@type":"SearchAction","target":{"@type":"EntryPoint","urlTemplate":"https:\/\/sanluisinforma.com\/?s={search_term_string}"},"query-input":{"@type":"PropertyValueSpecification","valueRequired":true,"valueName":"search_term_string"}}],"inLanguage":"es"},{"@type":"Organization","@id":"https:\/\/sanluisinforma.com\/#organization","name":"sanluisinforma.com","url":"https:\/\/sanluisinforma.com\/","logo":{"@type":"ImageObject","inLanguage":"es","@id":"https:\/\/sanluisinforma.com\/#\/schema\/logo\/image\/","url":"https:\/\/sanluisinforma.com\/wp-content\/uploads\/2026\/03\/sanluisinforma-V.jpg","contentUrl":"https:\/\/sanluisinforma.com\/wp-content\/uploads\/2026\/03\/sanluisinforma-V.jpg","width":500,"height":156,"caption":"sanluisinforma.com"},"image":{"@id":"https:\/\/sanluisinforma.com\/#\/schema\/logo\/image\/"}},{"@type":"Person","@id":"https:\/\/sanluisinforma.com\/#\/schema\/person\/c30648f71476be533b6f59d092905c8b","name":"sanluisinforma.com","image":{"@type":"ImageObject","inLanguage":"es","@id":"https:\/\/sanluisinforma.com\/#\/schema\/person\/image\/","url":"https:\/\/secure.gravatar.com\/avatar\/86e3114e34a1eecefb963e0a02f0093f93b092dddb2fe1517596343751081a87?s=96&d=mm&r=g","contentUrl":"https:\/\/secure.gravatar.com\/avatar\/86e3114e34a1eecefb963e0a02f0093f93b092dddb2fe1517596343751081a87?s=96&d=mm&r=g","caption":"sanluisinforma.com"},"url":"https:\/\/sanluisinforma.com\/?author=2"}]}},"_links":{"self":[{"href":"https:\/\/sanluisinforma.com\/index.php?rest_route=\/wp\/v2\/posts\/14678","targetHints":{"allow":["GET"]}}],"collection":[{"href":"https:\/\/sanluisinforma.com\/index.php?rest_route=\/wp\/v2\/posts"}],"about":[{"href":"https:\/\/sanluisinforma.com\/index.php?rest_route=\/wp\/v2\/types\/post"}],"author":[{"embeddable":true,"href":"https:\/\/sanluisinforma.com\/index.php?rest_route=\/wp\/v2\/users\/2"}],"replies":[{"embeddable":true,"href":"https:\/\/sanluisinforma.com\/index.php?rest_route=%2Fwp%2Fv2%2Fcomments&post=14678"}],"version-history":[{"count":1,"href":"https:\/\/sanluisinforma.com\/index.php?rest_route=\/wp\/v2\/posts\/14678\/revisions"}],"predecessor-version":[{"id":14680,"href":"https:\/\/sanluisinforma.com\/index.php?rest_route=\/wp\/v2\/posts\/14678\/revisions\/14680"}],"wp:featuredmedia":[{"embeddable":true,"href":"https:\/\/sanluisinforma.com\/index.php?rest_route=\/wp\/v2\/media\/14679"}],"wp:attachment":[{"href":"https:\/\/sanluisinforma.com\/index.php?rest_route=%2Fwp%2Fv2%2Fmedia&parent=14678"}],"wp:term":[{"taxonomy":"category","embeddable":true,"href":"https:\/\/sanluisinforma.com\/index.php?rest_route=%2Fwp%2Fv2%2Fcategories&post=14678"},{"taxonomy":"post_tag","embeddable":true,"href":"https:\/\/sanluisinforma.com\/index.php?rest_route=%2Fwp%2Fv2%2Ftags&post=14678"}],"curies":[{"name":"wp","href":"https:\/\/api.w.org\/{rel}","templated":true}]}}