{"id":14701,"date":"2025-09-13T00:45:00","date_gmt":"2025-09-13T06:45:00","guid":{"rendered":"https:\/\/sanluisinforma.com\/?p=14701"},"modified":"2025-09-12T21:17:29","modified_gmt":"2025-09-13T03:17:29","slug":"aprueba-cabildo-por-unanimidad-incorporacion-de-san-luis-capital-al-programa-nacional-de-viviendas-para-el-bienestar","status":"publish","type":"post","link":"https:\/\/sanluisinforma.com\/?p=14701","title":{"rendered":"Aprueba Cabildo por unanimidad incorporaci\u00f3n de San Luis Capital al Programa Nacional de Viviendas para el Bienestar"},"content":{"rendered":"\n<p> De manera un\u00e1nime, se dona un predio municipal para apoyar esta acci\u00f3n de la Presidenta, Claudia Sheinbaum, a favor de familias de escasos recursos.<\/p>\n\n\n\n<p>Tambi\u00e9n en Sesi\u00f3n Extraordinaria, se vot\u00f3 a favor de la publicaci\u00f3n de la convocatoria para el &#8220;Premio Municipal al M\u00e9rito Ecol\u00f3gico 2025\u201d.<\/p>\n\n\n\n<p>En sesiones extraordinarias consecutivas, el Cabildo de San Luis Potos\u00ed aprob\u00f3 por unanimidad la incorporaci\u00f3n del Municipio al Programa Nacional de Viviendas para el Bienestar, iniciativa impulsada por la Presidenta de M\u00e9xico, Claudia Sheinbaum. Como parte de esta acci\u00f3n, se autoriz\u00f3 la donaci\u00f3n de un predio municipal cercano a la Zona Industrial para la construcci\u00f3n de casas destinadas a familias de escasos recursos.<\/p>\n\n\n\n<p>La Comisi\u00f3n de Hacienda detall\u00f3 que este terreno permitir\u00e1 la edificaci\u00f3n, en una primera etapa, de m\u00e1s de un centenar de viviendas a trav\u00e9s del INFONAVIT, dentro de un plan nacional que contempla un mill\u00f3n de hogares en todo el pa\u00eds. Para ello, la Direcci\u00f3n General de Gesti\u00f3n Territorial sostuvo mesas t\u00e9cnicas con la dependencia federal, logrando avanzar en factibilidades y requisitos para iniciar la obra en San Luis Capital.<\/p>\n\n\n\n<p>Durante la misma sesi\u00f3n, el Cabildo aprob\u00f3 por unanimidad la publicaci\u00f3n de la convocatoria para otorgar el &#8220;Premio Municipal al M\u00e9rito Ecol\u00f3gico 2025&#8221;, que reconocer\u00e1 proyectos, acciones y programas con resultados comprobables en favor del medio ambiente. Podr\u00e1n participar ciudadanos, colectivos, organizaciones no gubernamentales e instituciones acad\u00e9micas que cuenten con evidencias de impacto positivo en la ciudad.<\/p>\n\n\n\n<p>Este galard\u00f3n hist\u00f3rico incluir\u00e1, adem\u00e1s de un reconocimiento institucional, un incentivo econ\u00f3mico que se entregar\u00e1 en el mes de octubre. Las autoridades municipales exhortaron a la poblaci\u00f3n interesada a revisar las bases y categor\u00edas una vez que se publique la convocatoria oficial.<\/p>\n\n\n\n<p>Entre otros acuerdos aprobados, destacan la donaci\u00f3n de un predio municipal a la C\u00e1mara Mexicana de la Industria de la Construcci\u00f3n (CMIC), delegaci\u00f3n San Luis Potos\u00ed, para la creaci\u00f3n de un parque p\u00fablico, y otro a favor de la empresa Edumerk para establecer una guarder\u00eda gratuita, ambos con el objetivo de fortalecer el desarrollo social y urbano de la Capital.<\/p>\n\n\n\n<p>El Cabildo aprob\u00f3 la convocatoria para elegir dirigente de la Unidad Especializada para la Atenci\u00f3n de los Pueblos y Comunidades Ind\u00edgenas. Esta propuesta, presentada por la Comisi\u00f3n Permanente de Desarrollo Rural y Asuntos Ind\u00edgenas, se aval\u00f3 por unanimidad como un paso fundamental para garantizar el respeto pleno de los derechos de los pueblos originarios asentados en San Luis Potos\u00ed.<\/p>\n\n\n\n<p>En otro punto, el Cabildo de la Capital vot\u00f3 en contra de la creaci\u00f3n de una asignaci\u00f3n presupuestal para el pago de una sentencia proveniente de anteriores administraciones. El alcalde Galindo detall\u00f3 que la decisi\u00f3n del Cabildo busca proteger los servicios p\u00fablicos esenciales de la ciudad, sin dejar de asumir la responsabilidad legal que representa la sentencia. Precis\u00f3 que el Gobierno Municipal establecer\u00e1 un convenio y un programa de pagos con los acreedores, de manera ordenada y responsable, para garantizar el cumplimiento sin afectar la operaci\u00f3n cotidiana ni las prioridades presupuestales ya definidas para este a\u00f1o.<\/p>\n","protected":false},"excerpt":{"rendered":"<p>De manera un\u00e1nime, se dona un predio municipal para apoyar esta acci\u00f3n de la Presidenta, Claudia Sheinbaum, a favor de<\/p>\n","protected":false},"author":2,"featured_media":14702,"comment_status":"closed","ping_status":"closed","sticky":false,"template":"","format":"standard","meta":{"footnotes":""},"categories":[25,30],"tags":[],"class_list":["post-14701","post","type-post","status-publish","format-standard","has-post-thumbnail","hentry","category-local","category-portada"],"yoast_head":"<!-- This site is optimized with the Yoast SEO plugin v24.1 - https:\/\/yoast.com\/wordpress\/plugins\/seo\/ -->\n<title>Aprueba Cabildo por unanimidad incorporaci\u00f3n de San Luis Capital al Programa Nacional de Viviendas para el Bienestar - sanluisinforma.com<\/title>\n<meta name=\"robots\" content=\"index, follow, max-snippet:-1, max-image-preview:large, max-video-preview:-1\" \/>\n<link rel=\"canonical\" href=\"https:\/\/sanluisinforma.com\/?p=14701\" \/>\n<meta property=\"og:locale\" content=\"es_MX\" \/>\n<meta property=\"og:type\" content=\"article\" \/>\n<meta property=\"og:title\" content=\"Aprueba Cabildo por unanimidad incorporaci\u00f3n de San Luis Capital al Programa Nacional de Viviendas para el Bienestar - sanluisinforma.com\" \/>\n<meta property=\"og:description\" content=\"De manera un\u00e1nime, se dona un predio municipal para apoyar esta acci\u00f3n de la Presidenta, Claudia Sheinbaum, a favor de\" \/>\n<meta property=\"og:url\" content=\"https:\/\/sanluisinforma.com\/?p=14701\" \/>\n<meta property=\"og:site_name\" content=\"sanluisinforma.com\" \/>\n<meta property=\"article:published_time\" content=\"2025-09-13T06:45:00+00:00\" \/>\n<meta property=\"article:modified_time\" content=\"2025-09-13T03:17:29+00:00\" \/>\n<meta property=\"og:image\" content=\"https:\/\/sanluisinforma.com\/wp-content\/uploads\/2025\/09\/unnamed-1-2-1.jpg\" \/>\n\t<meta property=\"og:image:width\" content=\"400\" \/>\n\t<meta property=\"og:image:height\" content=\"266\" \/>\n\t<meta property=\"og:image:type\" content=\"image\/jpeg\" \/>\n<meta name=\"author\" content=\"sanluisinforma.com\" \/>\n<meta name=\"twitter:card\" content=\"summary_large_image\" \/>\n<meta name=\"twitter:label1\" content=\"Escrito por\" \/>\n\t<meta name=\"twitter:data1\" content=\"sanluisinforma.com\" \/>\n\t<meta name=\"twitter:label2\" content=\"Tiempo de lectura\" \/>\n\t<meta name=\"twitter:data2\" content=\"3 minutos\" \/>\n<script type=\"application\/ld+json\" class=\"yoast-schema-graph\">{\"@context\":\"https:\/\/schema.org\",\"@graph\":[{\"@type\":\"Article\",\"@id\":\"https:\/\/sanluisinforma.com\/?p=14701#article\",\"isPartOf\":{\"@id\":\"https:\/\/sanluisinforma.com\/?p=14701\"},\"author\":{\"name\":\"sanluisinforma.com\",\"@id\":\"https:\/\/sanluisinforma.com\/#\/schema\/person\/c30648f71476be533b6f59d092905c8b\"},\"headline\":\"Aprueba Cabildo por unanimidad incorporaci\u00f3n de San Luis Capital al Programa Nacional de Viviendas para el Bienestar\",\"datePublished\":\"2025-09-13T06:45:00+00:00\",\"dateModified\":\"2025-09-13T03:17:29+00:00\",\"mainEntityOfPage\":{\"@id\":\"https:\/\/sanluisinforma.com\/?p=14701\"},\"wordCount\":559,\"publisher\":{\"@id\":\"https:\/\/sanluisinforma.com\/#organization\"},\"image\":{\"@id\":\"https:\/\/sanluisinforma.com\/?p=14701#primaryimage\"},\"thumbnailUrl\":\"https:\/\/sanluisinforma.com\/wp-content\/uploads\/2025\/09\/unnamed-1-2-1.jpg\",\"articleSection\":[\"Local\",\"Portada\"],\"inLanguage\":\"es\"},{\"@type\":\"WebPage\",\"@id\":\"https:\/\/sanluisinforma.com\/?p=14701\",\"url\":\"https:\/\/sanluisinforma.com\/?p=14701\",\"name\":\"Aprueba Cabildo por unanimidad incorporaci\u00f3n de San Luis Capital al Programa Nacional de Viviendas para el Bienestar - sanluisinforma.com\",\"isPartOf\":{\"@id\":\"https:\/\/sanluisinforma.com\/#website\"},\"primaryImageOfPage\":{\"@id\":\"https:\/\/sanluisinforma.com\/?p=14701#primaryimage\"},\"image\":{\"@id\":\"https:\/\/sanluisinforma.com\/?p=14701#primaryimage\"},\"thumbnailUrl\":\"https:\/\/sanluisinforma.com\/wp-content\/uploads\/2025\/09\/unnamed-1-2-1.jpg\",\"datePublished\":\"2025-09-13T06:45:00+00:00\",\"dateModified\":\"2025-09-13T03:17:29+00:00\",\"breadcrumb\":{\"@id\":\"https:\/\/sanluisinforma.com\/?p=14701#breadcrumb\"},\"inLanguage\":\"es\",\"potentialAction\":[{\"@type\":\"ReadAction\",\"target\":[\"https:\/\/sanluisinforma.com\/?p=14701\"]}]},{\"@type\":\"ImageObject\",\"inLanguage\":\"es\",\"@id\":\"https:\/\/sanluisinforma.com\/?p=14701#primaryimage\",\"url\":\"https:\/\/sanluisinforma.com\/wp-content\/uploads\/2025\/09\/unnamed-1-2-1.jpg\",\"contentUrl\":\"https:\/\/sanluisinforma.com\/wp-content\/uploads\/2025\/09\/unnamed-1-2-1.jpg\",\"width\":400,\"height\":266},{\"@type\":\"BreadcrumbList\",\"@id\":\"https:\/\/sanluisinforma.com\/?p=14701#breadcrumb\",\"itemListElement\":[{\"@type\":\"ListItem\",\"position\":1,\"name\":\"Inicio\",\"item\":\"https:\/\/sanluisinforma.com\/\"},{\"@type\":\"ListItem\",\"position\":2,\"name\":\"Aprueba Cabildo por unanimidad incorporaci\u00f3n de San Luis Capital al Programa Nacional de Viviendas para el Bienestar\"}]},{\"@type\":\"WebSite\",\"@id\":\"https:\/\/sanluisinforma.com\/#website\",\"url\":\"https:\/\/sanluisinforma.com\/\",\"name\":\"sanluisinforma.com\",\"description\":\"Periodico San Luis Informa\",\"publisher\":{\"@id\":\"https:\/\/sanluisinforma.com\/#organization\"},\"potentialAction\":[{\"@type\":\"SearchAction\",\"target\":{\"@type\":\"EntryPoint\",\"urlTemplate\":\"https:\/\/sanluisinforma.com\/?s={search_term_string}\"},\"query-input\":{\"@type\":\"PropertyValueSpecification\",\"valueRequired\":true,\"valueName\":\"search_term_string\"}}],\"inLanguage\":\"es\"},{\"@type\":\"Organization\",\"@id\":\"https:\/\/sanluisinforma.com\/#organization\",\"name\":\"sanluisinforma.com\",\"url\":\"https:\/\/sanluisinforma.com\/\",\"logo\":{\"@type\":\"ImageObject\",\"inLanguage\":\"es\",\"@id\":\"https:\/\/sanluisinforma.com\/#\/schema\/logo\/image\/\",\"url\":\"https:\/\/sanluisinforma.com\/wp-content\/uploads\/2026\/03\/sanluisinforma-V.jpg\",\"contentUrl\":\"https:\/\/sanluisinforma.com\/wp-content\/uploads\/2026\/03\/sanluisinforma-V.jpg\",\"width\":500,\"height\":156,\"caption\":\"sanluisinforma.com\"},\"image\":{\"@id\":\"https:\/\/sanluisinforma.com\/#\/schema\/logo\/image\/\"}},{\"@type\":\"Person\",\"@id\":\"https:\/\/sanluisinforma.com\/#\/schema\/person\/c30648f71476be533b6f59d092905c8b\",\"name\":\"sanluisinforma.com\",\"image\":{\"@type\":\"ImageObject\",\"inLanguage\":\"es\",\"@id\":\"https:\/\/sanluisinforma.com\/#\/schema\/person\/image\/\",\"url\":\"https:\/\/secure.gravatar.com\/avatar\/86e3114e34a1eecefb963e0a02f0093f93b092dddb2fe1517596343751081a87?s=96&d=mm&r=g\",\"contentUrl\":\"https:\/\/secure.gravatar.com\/avatar\/86e3114e34a1eecefb963e0a02f0093f93b092dddb2fe1517596343751081a87?s=96&d=mm&r=g\",\"caption\":\"sanluisinforma.com\"},\"url\":\"https:\/\/sanluisinforma.com\/?author=2\"}]}<\/script>\n<!-- \/ Yoast SEO plugin. -->","yoast_head_json":{"title":"Aprueba Cabildo por unanimidad incorporaci\u00f3n de San Luis Capital al Programa Nacional de Viviendas para el Bienestar - sanluisinforma.com","robots":{"index":"index","follow":"follow","max-snippet":"max-snippet:-1","max-image-preview":"max-image-preview:large","max-video-preview":"max-video-preview:-1"},"canonical":"https:\/\/sanluisinforma.com\/?p=14701","og_locale":"es_MX","og_type":"article","og_title":"Aprueba Cabildo por unanimidad incorporaci\u00f3n de San Luis Capital al Programa Nacional de Viviendas para el Bienestar - sanluisinforma.com","og_description":"De manera un\u00e1nime, se dona un predio municipal para apoyar esta acci\u00f3n de la Presidenta, Claudia Sheinbaum, a favor de","og_url":"https:\/\/sanluisinforma.com\/?p=14701","og_site_name":"sanluisinforma.com","article_published_time":"2025-09-13T06:45:00+00:00","article_modified_time":"2025-09-13T03:17:29+00:00","og_image":[{"width":400,"height":266,"url":"https:\/\/sanluisinforma.com\/wp-content\/uploads\/2025\/09\/unnamed-1-2-1.jpg","type":"image\/jpeg"}],"author":"sanluisinforma.com","twitter_card":"summary_large_image","twitter_misc":{"Escrito por":"sanluisinforma.com","Tiempo de lectura":"3 minutos"},"schema":{"@context":"https:\/\/schema.org","@graph":[{"@type":"Article","@id":"https:\/\/sanluisinforma.com\/?p=14701#article","isPartOf":{"@id":"https:\/\/sanluisinforma.com\/?p=14701"},"author":{"name":"sanluisinforma.com","@id":"https:\/\/sanluisinforma.com\/#\/schema\/person\/c30648f71476be533b6f59d092905c8b"},"headline":"Aprueba Cabildo por unanimidad incorporaci\u00f3n de San Luis Capital al Programa Nacional de Viviendas para el Bienestar","datePublished":"2025-09-13T06:45:00+00:00","dateModified":"2025-09-13T03:17:29+00:00","mainEntityOfPage":{"@id":"https:\/\/sanluisinforma.com\/?p=14701"},"wordCount":559,"publisher":{"@id":"https:\/\/sanluisinforma.com\/#organization"},"image":{"@id":"https:\/\/sanluisinforma.com\/?p=14701#primaryimage"},"thumbnailUrl":"https:\/\/sanluisinforma.com\/wp-content\/uploads\/2025\/09\/unnamed-1-2-1.jpg","articleSection":["Local","Portada"],"inLanguage":"es"},{"@type":"WebPage","@id":"https:\/\/sanluisinforma.com\/?p=14701","url":"https:\/\/sanluisinforma.com\/?p=14701","name":"Aprueba Cabildo por unanimidad incorporaci\u00f3n de San Luis Capital al Programa Nacional de Viviendas para el Bienestar - sanluisinforma.com","isPartOf":{"@id":"https:\/\/sanluisinforma.com\/#website"},"primaryImageOfPage":{"@id":"https:\/\/sanluisinforma.com\/?p=14701#primaryimage"},"image":{"@id":"https:\/\/sanluisinforma.com\/?p=14701#primaryimage"},"thumbnailUrl":"https:\/\/sanluisinforma.com\/wp-content\/uploads\/2025\/09\/unnamed-1-2-1.jpg","datePublished":"2025-09-13T06:45:00+00:00","dateModified":"2025-09-13T03:17:29+00:00","breadcrumb":{"@id":"https:\/\/sanluisinforma.com\/?p=14701#breadcrumb"},"inLanguage":"es","potentialAction":[{"@type":"ReadAction","target":["https:\/\/sanluisinforma.com\/?p=14701"]}]},{"@type":"ImageObject","inLanguage":"es","@id":"https:\/\/sanluisinforma.com\/?p=14701#primaryimage","url":"https:\/\/sanluisinforma.com\/wp-content\/uploads\/2025\/09\/unnamed-1-2-1.jpg","contentUrl":"https:\/\/sanluisinforma.com\/wp-content\/uploads\/2025\/09\/unnamed-1-2-1.jpg","width":400,"height":266},{"@type":"BreadcrumbList","@id":"https:\/\/sanluisinforma.com\/?p=14701#breadcrumb","itemListElement":[{"@type":"ListItem","position":1,"name":"Inicio","item":"https:\/\/sanluisinforma.com\/"},{"@type":"ListItem","position":2,"name":"Aprueba Cabildo por unanimidad incorporaci\u00f3n de San Luis Capital al Programa Nacional de Viviendas para el Bienestar"}]},{"@type":"WebSite","@id":"https:\/\/sanluisinforma.com\/#website","url":"https:\/\/sanluisinforma.com\/","name":"sanluisinforma.com","description":"Periodico San Luis Informa","publisher":{"@id":"https:\/\/sanluisinforma.com\/#organization"},"potentialAction":[{"@type":"SearchAction","target":{"@type":"EntryPoint","urlTemplate":"https:\/\/sanluisinforma.com\/?s={search_term_string}"},"query-input":{"@type":"PropertyValueSpecification","valueRequired":true,"valueName":"search_term_string"}}],"inLanguage":"es"},{"@type":"Organization","@id":"https:\/\/sanluisinforma.com\/#organization","name":"sanluisinforma.com","url":"https:\/\/sanluisinforma.com\/","logo":{"@type":"ImageObject","inLanguage":"es","@id":"https:\/\/sanluisinforma.com\/#\/schema\/logo\/image\/","url":"https:\/\/sanluisinforma.com\/wp-content\/uploads\/2026\/03\/sanluisinforma-V.jpg","contentUrl":"https:\/\/sanluisinforma.com\/wp-content\/uploads\/2026\/03\/sanluisinforma-V.jpg","width":500,"height":156,"caption":"sanluisinforma.com"},"image":{"@id":"https:\/\/sanluisinforma.com\/#\/schema\/logo\/image\/"}},{"@type":"Person","@id":"https:\/\/sanluisinforma.com\/#\/schema\/person\/c30648f71476be533b6f59d092905c8b","name":"sanluisinforma.com","image":{"@type":"ImageObject","inLanguage":"es","@id":"https:\/\/sanluisinforma.com\/#\/schema\/person\/image\/","url":"https:\/\/secure.gravatar.com\/avatar\/86e3114e34a1eecefb963e0a02f0093f93b092dddb2fe1517596343751081a87?s=96&d=mm&r=g","contentUrl":"https:\/\/secure.gravatar.com\/avatar\/86e3114e34a1eecefb963e0a02f0093f93b092dddb2fe1517596343751081a87?s=96&d=mm&r=g","caption":"sanluisinforma.com"},"url":"https:\/\/sanluisinforma.com\/?author=2"}]}},"_links":{"self":[{"href":"https:\/\/sanluisinforma.com\/index.php?rest_route=\/wp\/v2\/posts\/14701","targetHints":{"allow":["GET"]}}],"collection":[{"href":"https:\/\/sanluisinforma.com\/index.php?rest_route=\/wp\/v2\/posts"}],"about":[{"href":"https:\/\/sanluisinforma.com\/index.php?rest_route=\/wp\/v2\/types\/post"}],"author":[{"embeddable":true,"href":"https:\/\/sanluisinforma.com\/index.php?rest_route=\/wp\/v2\/users\/2"}],"replies":[{"embeddable":true,"href":"https:\/\/sanluisinforma.com\/index.php?rest_route=%2Fwp%2Fv2%2Fcomments&post=14701"}],"version-history":[{"count":1,"href":"https:\/\/sanluisinforma.com\/index.php?rest_route=\/wp\/v2\/posts\/14701\/revisions"}],"predecessor-version":[{"id":14703,"href":"https:\/\/sanluisinforma.com\/index.php?rest_route=\/wp\/v2\/posts\/14701\/revisions\/14703"}],"wp:featuredmedia":[{"embeddable":true,"href":"https:\/\/sanluisinforma.com\/index.php?rest_route=\/wp\/v2\/media\/14702"}],"wp:attachment":[{"href":"https:\/\/sanluisinforma.com\/index.php?rest_route=%2Fwp%2Fv2%2Fmedia&parent=14701"}],"wp:term":[{"taxonomy":"category","embeddable":true,"href":"https:\/\/sanluisinforma.com\/index.php?rest_route=%2Fwp%2Fv2%2Fcategories&post=14701"},{"taxonomy":"post_tag","embeddable":true,"href":"https:\/\/sanluisinforma.com\/index.php?rest_route=%2Fwp%2Fv2%2Ftags&post=14701"}],"curies":[{"name":"wp","href":"https:\/\/api.w.org\/{rel}","templated":true}]}}