{"id":14704,"date":"2025-09-13T00:40:00","date_gmt":"2025-09-13T06:40:00","guid":{"rendered":"https:\/\/sanluisinforma.com\/?p=14704"},"modified":"2025-09-12T21:34:50","modified_gmt":"2025-09-13T03:34:50","slug":"en-tlaxcalapresidenta-claudia-sheinbaum-anuncia-que-el-domingo-5-de-octubre-cerrara-en-el-zocalo-su-gira-nacional-de-rendicion-de-cuentas","status":"publish","type":"post","link":"https:\/\/sanluisinforma.com\/?p=14704","title":{"rendered":"En Tlaxcala,Presidenta Claudia Sheinbaum anuncia que el domingo 5 de octubre cerrar\u00e1 en el Z\u00f3calo su Gira Nacional de Rendici\u00f3n de Cuentas\u00a0"},"content":{"rendered":"\n<p>Inform\u00f3 que en dicha entidad 370 mil 664 habitantes son beneficiarios de los Programas para el Bienestar, lo que representan una inversi\u00f3n de 9 mil 222 millones de pesos<br> Destac\u00f3 adem\u00e1s la construcci\u00f3n del Distribuidor Vial de Santa Ana; de 18 mil viviendas a trav\u00e9s de Conavi e Infonavit; de tres preparatorias, un plantel de la UNRC, un campus del IPN; el Hospital de la Mujer; el saneamiento del R\u00edo Atoyac, entre otras obras<br><\/p>\n\n\n\n<p>Apizaco, Tlaxcala, 12 de septiembre de 2025.-* En Tlaxcala, la Presidenta Claudia Sheinbaum Pardo anunci\u00f3 que el domingo 5 de octubre, en el Z\u00f3calo de la Ciudad de M\u00e9xico, llevar\u00e1 a cabo el cierre de su gira nacional de rendici\u00f3n de cuentas, para informar las acciones realizadas en su primer a\u00f1o de gobierno.&nbsp;<\/p>\n\n\n\n<p>\u201cEntregamos nuestro Informe al Congreso y dirigimos un informe a la naci\u00f3n, desde Palacio Nacional. Pero en este caso dije: \u00bfPor qu\u00e9 solo en la Ciudad de M\u00e9xico? Hay que ir a todos los estados de la Rep\u00fablica a dar el informe, a dar la cara, a rendir cuentas al pueblo. Venimos hoy de Puebla y estamos aqu\u00ed en Tlaxcala; el fin de semana pasado estuvimos en nueve estados. Y as\u00ed, hasta cerrar en el Z\u00f3calo de la Ciudad de M\u00e9xico, el pr\u00f3ximo 5 de octubre; domingo 5 de octubre, vamos a cerrar esta gira de Informe\u201d, inform\u00f3.&nbsp;<\/p>\n\n\n\n<p>Desde el Parque And\u00e9n, en Apizaco, destac\u00f3 que con la Cuarta Transformaci\u00f3n, M\u00e9xico florece gracias a que se riega la econom\u00eda desde abajo, a trav\u00e9s de acciones como la entrega directa de apoyos con los Programas para el Bienestar que en esta entidad benefician a 370 mil 664 habitantes, lo que representa una inversi\u00f3n social de 9 mil 222 millones de pesos (mdp).<\/p>\n\n\n\n<p>\u201cAqu\u00ed en M\u00e9xico, regamos la econom\u00eda desde abajo, se dan los recursos a las mayor\u00edas, y cuando se riega desde abajo, como los \u00e1rboles, entonces florece, por eso M\u00e9xico est\u00e1 floreciendo con la Cuarta Transformaci\u00f3n de la vida p\u00fablica de M\u00e9xico\u201d, destac\u00f3.&nbsp;<\/p>\n\n\n\n<p>Detall\u00f3 que de los Programas para el Bienestar: 119 mil 773 personas reciben la Pensi\u00f3n para el Bienestar de las Personas Adultas Mayores; 19 mil 258 personas la Pensi\u00f3n para el Bienestar de las Personas con Discapacidad; 23 mil 570 derechohabientes de J\u00f3venes Construyendo el Futuro; 3 mil 66 de J\u00f3venes Escribiendo el Futuro; 53 mil 477 de la Beca \u201cBenito Ju\u00e1rez\u201d; &nbsp;26 mil 301 con becas para ni\u00f1os y ni\u00f1as; 27 mil 827 de Producci\u00f3n para el Bienestar; 30 mil con Fertilizantes Gratuitos; 4 mil 406 de Sembrando Vida; 109 mil 301 con Leche para el Bienestar; mientras que, 671 escuelas de educaci\u00f3n b\u00e1sica y 47 preparatorias fueron intervenidas con el programa La Escuela es Nuestra; adem\u00e1s de que este a\u00f1o todas las mexicanas de 60 a 64 a\u00f1os ser\u00e1n beneficiarias de la Pensi\u00f3n Mujeres Bienestar; en 2026 arranca la inscripci\u00f3n de estudiantes de primaria a la Beca Universal Rita Cetina y personas adultas mayores, as\u00ed como con discapacidad, ya son visitados en sus domicilios con Salud Casa por Casa.&nbsp;<\/p>\n\n\n\n<p>Agreg\u00f3 que la econom\u00eda tambi\u00e9n florece gracias a que, del 2018 al 2025, el salario m\u00ednimo se ha incrementado en 135 por ciento, contrario a lo que sucedi\u00f3 durante los 36 a\u00f1os del periodo neoliberal donde se gobern\u00f3 para unos cuantos y se invitaba a invertir presumiendo que el mayor atributo de M\u00e9xico era la mano de obra barata.<\/p>\n\n\n\n<p>Destac\u00f3 que en Tlaxcala adem\u00e1s se trabaja en el Distribuidor Vial en Santa Ana; en la repavimentaci\u00f3n de todas las carreteras federales; el saneamiento del r\u00edo Atoyac; adem\u00e1s como parte de Vivienda para el Bienestar se impulsa la construcci\u00f3n de 18 mil viviendas: 6 mil a trav\u00e9s de la Comisi\u00f3n Nacional de Vivienda (Conavi) y 12 mil del &nbsp;Instituto del Fondo Nacional de la Vivienda para los Trabajadores (Infonavit); tambi\u00e9n en el estado 38 mil personas son beneficiarios con quitas, congelamientos y la entrega de sus escrituras de forma gratuita. Asimismo, se construir\u00e1n tres preparatorias, un plantel de la Universidad Nacional Rosario Castellanos (UNRC) y el pr\u00f3ximo a\u00f1o se iniciar\u00e1 la construcci\u00f3n de un campus del Instituto Polit\u00e9cnico Nacional (IPN). Tambi\u00e9n, se edificar\u00e1 el Hospital de la Mujer, se ampliar\u00e1 el Hospital Infantil, el Polo de Desarrollo Econ\u00f3mico para el Bienestar (PODECOBI) en Huamantla; de 14 Centros de Educaci\u00f3n y Cuidado Infantil (CECI), de los cuales ocho arrancan su construcci\u00f3n el pr\u00f3ximo a\u00f1o y en cada municipio habr\u00e1 un Centro LIBRE para las mujeres.<\/p>\n\n\n\n<p>La Jefa del Ejecutivo Federal, agreg\u00f3 que gracias al trabajo de la secretaria de Turismo, Josefina Rodr\u00edguez Zamora, el turismo creci\u00f3 en 13 por ciento durante el verano 2025, respecto al verano 2024.<\/p>\n\n\n\n<p>La gobernadora de Tlaxcala, Lorena Cu\u00e9llar Cisneros, celebr\u00f3 los avances del Segundo Piso de la Cuarta Transformaci\u00f3n y agradeci\u00f3 las obras que se impulsan en el estado. Adem\u00e1s, celebr\u00f3 la valent\u00eda y la determinaci\u00f3n de la Presidenta, quien ha hecho que M\u00e9xico contin\u00fae siendo un pa\u00eds soberano y al que se trata con respeto.&nbsp;<\/p>\n\n\n\n<figure class=\"wp-block-table\"><table class=\"has-fixed-layout\"><tbody><tr><td><\/td><td><\/td><\/tr><\/tbody><\/table><\/figure>\n\n\n\n<p><\/p>\n","protected":false},"excerpt":{"rendered":"<p>Inform\u00f3 que en dicha entidad 370 mil 664 habitantes son beneficiarios de los Programas para el Bienestar, lo que representan<\/p>\n","protected":false},"author":2,"featured_media":14705,"comment_status":"closed","ping_status":"closed","sticky":false,"template":"","format":"standard","meta":{"footnotes":""},"categories":[26],"tags":[],"class_list":["post-14704","post","type-post","status-publish","format-standard","has-post-thumbnail","hentry","category-nacional"],"yoast_head":"<!-- This site is optimized with the Yoast SEO plugin v24.1 - https:\/\/yoast.com\/wordpress\/plugins\/seo\/ -->\n<title>En Tlaxcala,Presidenta Claudia Sheinbaum anuncia que el domingo 5 de octubre cerrar\u00e1 en el Z\u00f3calo su Gira Nacional de Rendici\u00f3n de Cuentas\u00a0 - sanluisinforma.com<\/title>\n<meta name=\"robots\" content=\"index, follow, max-snippet:-1, max-image-preview:large, max-video-preview:-1\" \/>\n<link rel=\"canonical\" href=\"https:\/\/sanluisinforma.com\/?p=14704\" \/>\n<meta property=\"og:locale\" content=\"es_MX\" \/>\n<meta property=\"og:type\" content=\"article\" \/>\n<meta property=\"og:title\" content=\"En Tlaxcala,Presidenta Claudia Sheinbaum anuncia que el domingo 5 de octubre cerrar\u00e1 en el Z\u00f3calo su Gira Nacional de Rendici\u00f3n de Cuentas\u00a0 - sanluisinforma.com\" \/>\n<meta property=\"og:description\" content=\"Inform\u00f3 que en dicha entidad 370 mil 664 habitantes son beneficiarios de los Programas para el Bienestar, lo que representan\" \/>\n<meta property=\"og:url\" content=\"https:\/\/sanluisinforma.com\/?p=14704\" \/>\n<meta property=\"og:site_name\" content=\"sanluisinforma.com\" \/>\n<meta property=\"article:published_time\" content=\"2025-09-13T06:40:00+00:00\" \/>\n<meta property=\"article:modified_time\" content=\"2025-09-13T03:34:50+00:00\" \/>\n<meta property=\"og:image\" content=\"https:\/\/sanluisinforma.com\/wp-content\/uploads\/2025\/09\/unnamed-1-7.jpg\" \/>\n\t<meta property=\"og:image:width\" content=\"400\" \/>\n\t<meta property=\"og:image:height\" content=\"266\" \/>\n\t<meta property=\"og:image:type\" content=\"image\/jpeg\" \/>\n<meta name=\"author\" content=\"sanluisinforma.com\" \/>\n<meta name=\"twitter:card\" content=\"summary_large_image\" \/>\n<meta name=\"twitter:label1\" content=\"Escrito por\" \/>\n\t<meta name=\"twitter:data1\" content=\"sanluisinforma.com\" \/>\n\t<meta name=\"twitter:label2\" content=\"Tiempo de lectura\" \/>\n\t<meta name=\"twitter:data2\" content=\"4 minutos\" \/>\n<script type=\"application\/ld+json\" class=\"yoast-schema-graph\">{\"@context\":\"https:\/\/schema.org\",\"@graph\":[{\"@type\":\"Article\",\"@id\":\"https:\/\/sanluisinforma.com\/?p=14704#article\",\"isPartOf\":{\"@id\":\"https:\/\/sanluisinforma.com\/?p=14704\"},\"author\":{\"name\":\"sanluisinforma.com\",\"@id\":\"https:\/\/sanluisinforma.com\/#\/schema\/person\/c30648f71476be533b6f59d092905c8b\"},\"headline\":\"En Tlaxcala,Presidenta Claudia Sheinbaum anuncia que el domingo 5 de octubre cerrar\u00e1 en el Z\u00f3calo su Gira Nacional de Rendici\u00f3n de Cuentas\u00a0\",\"datePublished\":\"2025-09-13T06:40:00+00:00\",\"dateModified\":\"2025-09-13T03:34:50+00:00\",\"mainEntityOfPage\":{\"@id\":\"https:\/\/sanluisinforma.com\/?p=14704\"},\"wordCount\":880,\"publisher\":{\"@id\":\"https:\/\/sanluisinforma.com\/#organization\"},\"image\":{\"@id\":\"https:\/\/sanluisinforma.com\/?p=14704#primaryimage\"},\"thumbnailUrl\":\"https:\/\/sanluisinforma.com\/wp-content\/uploads\/2025\/09\/unnamed-1-7.jpg\",\"articleSection\":[\"Nacional\"],\"inLanguage\":\"es\"},{\"@type\":\"WebPage\",\"@id\":\"https:\/\/sanluisinforma.com\/?p=14704\",\"url\":\"https:\/\/sanluisinforma.com\/?p=14704\",\"name\":\"En Tlaxcala,Presidenta Claudia Sheinbaum anuncia que el domingo 5 de octubre cerrar\u00e1 en el Z\u00f3calo su Gira Nacional de Rendici\u00f3n de Cuentas\u00a0 - sanluisinforma.com\",\"isPartOf\":{\"@id\":\"https:\/\/sanluisinforma.com\/#website\"},\"primaryImageOfPage\":{\"@id\":\"https:\/\/sanluisinforma.com\/?p=14704#primaryimage\"},\"image\":{\"@id\":\"https:\/\/sanluisinforma.com\/?p=14704#primaryimage\"},\"thumbnailUrl\":\"https:\/\/sanluisinforma.com\/wp-content\/uploads\/2025\/09\/unnamed-1-7.jpg\",\"datePublished\":\"2025-09-13T06:40:00+00:00\",\"dateModified\":\"2025-09-13T03:34:50+00:00\",\"breadcrumb\":{\"@id\":\"https:\/\/sanluisinforma.com\/?p=14704#breadcrumb\"},\"inLanguage\":\"es\",\"potentialAction\":[{\"@type\":\"ReadAction\",\"target\":[\"https:\/\/sanluisinforma.com\/?p=14704\"]}]},{\"@type\":\"ImageObject\",\"inLanguage\":\"es\",\"@id\":\"https:\/\/sanluisinforma.com\/?p=14704#primaryimage\",\"url\":\"https:\/\/sanluisinforma.com\/wp-content\/uploads\/2025\/09\/unnamed-1-7.jpg\",\"contentUrl\":\"https:\/\/sanluisinforma.com\/wp-content\/uploads\/2025\/09\/unnamed-1-7.jpg\",\"width\":400,\"height\":266},{\"@type\":\"BreadcrumbList\",\"@id\":\"https:\/\/sanluisinforma.com\/?p=14704#breadcrumb\",\"itemListElement\":[{\"@type\":\"ListItem\",\"position\":1,\"name\":\"Inicio\",\"item\":\"https:\/\/sanluisinforma.com\/\"},{\"@type\":\"ListItem\",\"position\":2,\"name\":\"En Tlaxcala,Presidenta Claudia Sheinbaum anuncia que el domingo 5 de octubre cerrar\u00e1 en el Z\u00f3calo su Gira Nacional de Rendici\u00f3n de Cuentas\u00a0\"}]},{\"@type\":\"WebSite\",\"@id\":\"https:\/\/sanluisinforma.com\/#website\",\"url\":\"https:\/\/sanluisinforma.com\/\",\"name\":\"sanluisinforma.com\",\"description\":\"Periodico San Luis Informa\",\"publisher\":{\"@id\":\"https:\/\/sanluisinforma.com\/#organization\"},\"potentialAction\":[{\"@type\":\"SearchAction\",\"target\":{\"@type\":\"EntryPoint\",\"urlTemplate\":\"https:\/\/sanluisinforma.com\/?s={search_term_string}\"},\"query-input\":{\"@type\":\"PropertyValueSpecification\",\"valueRequired\":true,\"valueName\":\"search_term_string\"}}],\"inLanguage\":\"es\"},{\"@type\":\"Organization\",\"@id\":\"https:\/\/sanluisinforma.com\/#organization\",\"name\":\"sanluisinforma.com\",\"url\":\"https:\/\/sanluisinforma.com\/\",\"logo\":{\"@type\":\"ImageObject\",\"inLanguage\":\"es\",\"@id\":\"https:\/\/sanluisinforma.com\/#\/schema\/logo\/image\/\",\"url\":\"https:\/\/sanluisinforma.com\/wp-content\/uploads\/2026\/03\/sanluisinforma-V.jpg\",\"contentUrl\":\"https:\/\/sanluisinforma.com\/wp-content\/uploads\/2026\/03\/sanluisinforma-V.jpg\",\"width\":500,\"height\":156,\"caption\":\"sanluisinforma.com\"},\"image\":{\"@id\":\"https:\/\/sanluisinforma.com\/#\/schema\/logo\/image\/\"}},{\"@type\":\"Person\",\"@id\":\"https:\/\/sanluisinforma.com\/#\/schema\/person\/c30648f71476be533b6f59d092905c8b\",\"name\":\"sanluisinforma.com\",\"image\":{\"@type\":\"ImageObject\",\"inLanguage\":\"es\",\"@id\":\"https:\/\/sanluisinforma.com\/#\/schema\/person\/image\/\",\"url\":\"https:\/\/secure.gravatar.com\/avatar\/86e3114e34a1eecefb963e0a02f0093f93b092dddb2fe1517596343751081a87?s=96&d=mm&r=g\",\"contentUrl\":\"https:\/\/secure.gravatar.com\/avatar\/86e3114e34a1eecefb963e0a02f0093f93b092dddb2fe1517596343751081a87?s=96&d=mm&r=g\",\"caption\":\"sanluisinforma.com\"},\"url\":\"https:\/\/sanluisinforma.com\/?author=2\"}]}<\/script>\n<!-- \/ Yoast SEO plugin. -->","yoast_head_json":{"title":"En Tlaxcala,Presidenta Claudia Sheinbaum anuncia que el domingo 5 de octubre cerrar\u00e1 en el Z\u00f3calo su Gira Nacional de Rendici\u00f3n de Cuentas\u00a0 - sanluisinforma.com","robots":{"index":"index","follow":"follow","max-snippet":"max-snippet:-1","max-image-preview":"max-image-preview:large","max-video-preview":"max-video-preview:-1"},"canonical":"https:\/\/sanluisinforma.com\/?p=14704","og_locale":"es_MX","og_type":"article","og_title":"En Tlaxcala,Presidenta Claudia Sheinbaum anuncia que el domingo 5 de octubre cerrar\u00e1 en el Z\u00f3calo su Gira Nacional de Rendici\u00f3n de Cuentas\u00a0 - sanluisinforma.com","og_description":"Inform\u00f3 que en dicha entidad 370 mil 664 habitantes son beneficiarios de los Programas para el Bienestar, lo que representan","og_url":"https:\/\/sanluisinforma.com\/?p=14704","og_site_name":"sanluisinforma.com","article_published_time":"2025-09-13T06:40:00+00:00","article_modified_time":"2025-09-13T03:34:50+00:00","og_image":[{"width":400,"height":266,"url":"https:\/\/sanluisinforma.com\/wp-content\/uploads\/2025\/09\/unnamed-1-7.jpg","type":"image\/jpeg"}],"author":"sanluisinforma.com","twitter_card":"summary_large_image","twitter_misc":{"Escrito por":"sanluisinforma.com","Tiempo de lectura":"4 minutos"},"schema":{"@context":"https:\/\/schema.org","@graph":[{"@type":"Article","@id":"https:\/\/sanluisinforma.com\/?p=14704#article","isPartOf":{"@id":"https:\/\/sanluisinforma.com\/?p=14704"},"author":{"name":"sanluisinforma.com","@id":"https:\/\/sanluisinforma.com\/#\/schema\/person\/c30648f71476be533b6f59d092905c8b"},"headline":"En Tlaxcala,Presidenta Claudia Sheinbaum anuncia que el domingo 5 de octubre cerrar\u00e1 en el Z\u00f3calo su Gira Nacional de Rendici\u00f3n de Cuentas\u00a0","datePublished":"2025-09-13T06:40:00+00:00","dateModified":"2025-09-13T03:34:50+00:00","mainEntityOfPage":{"@id":"https:\/\/sanluisinforma.com\/?p=14704"},"wordCount":880,"publisher":{"@id":"https:\/\/sanluisinforma.com\/#organization"},"image":{"@id":"https:\/\/sanluisinforma.com\/?p=14704#primaryimage"},"thumbnailUrl":"https:\/\/sanluisinforma.com\/wp-content\/uploads\/2025\/09\/unnamed-1-7.jpg","articleSection":["Nacional"],"inLanguage":"es"},{"@type":"WebPage","@id":"https:\/\/sanluisinforma.com\/?p=14704","url":"https:\/\/sanluisinforma.com\/?p=14704","name":"En Tlaxcala,Presidenta Claudia Sheinbaum anuncia que el domingo 5 de octubre cerrar\u00e1 en el Z\u00f3calo su Gira Nacional de Rendici\u00f3n de Cuentas\u00a0 - sanluisinforma.com","isPartOf":{"@id":"https:\/\/sanluisinforma.com\/#website"},"primaryImageOfPage":{"@id":"https:\/\/sanluisinforma.com\/?p=14704#primaryimage"},"image":{"@id":"https:\/\/sanluisinforma.com\/?p=14704#primaryimage"},"thumbnailUrl":"https:\/\/sanluisinforma.com\/wp-content\/uploads\/2025\/09\/unnamed-1-7.jpg","datePublished":"2025-09-13T06:40:00+00:00","dateModified":"2025-09-13T03:34:50+00:00","breadcrumb":{"@id":"https:\/\/sanluisinforma.com\/?p=14704#breadcrumb"},"inLanguage":"es","potentialAction":[{"@type":"ReadAction","target":["https:\/\/sanluisinforma.com\/?p=14704"]}]},{"@type":"ImageObject","inLanguage":"es","@id":"https:\/\/sanluisinforma.com\/?p=14704#primaryimage","url":"https:\/\/sanluisinforma.com\/wp-content\/uploads\/2025\/09\/unnamed-1-7.jpg","contentUrl":"https:\/\/sanluisinforma.com\/wp-content\/uploads\/2025\/09\/unnamed-1-7.jpg","width":400,"height":266},{"@type":"BreadcrumbList","@id":"https:\/\/sanluisinforma.com\/?p=14704#breadcrumb","itemListElement":[{"@type":"ListItem","position":1,"name":"Inicio","item":"https:\/\/sanluisinforma.com\/"},{"@type":"ListItem","position":2,"name":"En Tlaxcala,Presidenta Claudia Sheinbaum anuncia que el domingo 5 de octubre cerrar\u00e1 en el Z\u00f3calo su Gira Nacional de Rendici\u00f3n de Cuentas\u00a0"}]},{"@type":"WebSite","@id":"https:\/\/sanluisinforma.com\/#website","url":"https:\/\/sanluisinforma.com\/","name":"sanluisinforma.com","description":"Periodico San Luis Informa","publisher":{"@id":"https:\/\/sanluisinforma.com\/#organization"},"potentialAction":[{"@type":"SearchAction","target":{"@type":"EntryPoint","urlTemplate":"https:\/\/sanluisinforma.com\/?s={search_term_string}"},"query-input":{"@type":"PropertyValueSpecification","valueRequired":true,"valueName":"search_term_string"}}],"inLanguage":"es"},{"@type":"Organization","@id":"https:\/\/sanluisinforma.com\/#organization","name":"sanluisinforma.com","url":"https:\/\/sanluisinforma.com\/","logo":{"@type":"ImageObject","inLanguage":"es","@id":"https:\/\/sanluisinforma.com\/#\/schema\/logo\/image\/","url":"https:\/\/sanluisinforma.com\/wp-content\/uploads\/2026\/03\/sanluisinforma-V.jpg","contentUrl":"https:\/\/sanluisinforma.com\/wp-content\/uploads\/2026\/03\/sanluisinforma-V.jpg","width":500,"height":156,"caption":"sanluisinforma.com"},"image":{"@id":"https:\/\/sanluisinforma.com\/#\/schema\/logo\/image\/"}},{"@type":"Person","@id":"https:\/\/sanluisinforma.com\/#\/schema\/person\/c30648f71476be533b6f59d092905c8b","name":"sanluisinforma.com","image":{"@type":"ImageObject","inLanguage":"es","@id":"https:\/\/sanluisinforma.com\/#\/schema\/person\/image\/","url":"https:\/\/secure.gravatar.com\/avatar\/86e3114e34a1eecefb963e0a02f0093f93b092dddb2fe1517596343751081a87?s=96&d=mm&r=g","contentUrl":"https:\/\/secure.gravatar.com\/avatar\/86e3114e34a1eecefb963e0a02f0093f93b092dddb2fe1517596343751081a87?s=96&d=mm&r=g","caption":"sanluisinforma.com"},"url":"https:\/\/sanluisinforma.com\/?author=2"}]}},"_links":{"self":[{"href":"https:\/\/sanluisinforma.com\/index.php?rest_route=\/wp\/v2\/posts\/14704","targetHints":{"allow":["GET"]}}],"collection":[{"href":"https:\/\/sanluisinforma.com\/index.php?rest_route=\/wp\/v2\/posts"}],"about":[{"href":"https:\/\/sanluisinforma.com\/index.php?rest_route=\/wp\/v2\/types\/post"}],"author":[{"embeddable":true,"href":"https:\/\/sanluisinforma.com\/index.php?rest_route=\/wp\/v2\/users\/2"}],"replies":[{"embeddable":true,"href":"https:\/\/sanluisinforma.com\/index.php?rest_route=%2Fwp%2Fv2%2Fcomments&post=14704"}],"version-history":[{"count":1,"href":"https:\/\/sanluisinforma.com\/index.php?rest_route=\/wp\/v2\/posts\/14704\/revisions"}],"predecessor-version":[{"id":14706,"href":"https:\/\/sanluisinforma.com\/index.php?rest_route=\/wp\/v2\/posts\/14704\/revisions\/14706"}],"wp:featuredmedia":[{"embeddable":true,"href":"https:\/\/sanluisinforma.com\/index.php?rest_route=\/wp\/v2\/media\/14705"}],"wp:attachment":[{"href":"https:\/\/sanluisinforma.com\/index.php?rest_route=%2Fwp%2Fv2%2Fmedia&parent=14704"}],"wp:term":[{"taxonomy":"category","embeddable":true,"href":"https:\/\/sanluisinforma.com\/index.php?rest_route=%2Fwp%2Fv2%2Fcategories&post=14704"},{"taxonomy":"post_tag","embeddable":true,"href":"https:\/\/sanluisinforma.com\/index.php?rest_route=%2Fwp%2Fv2%2Ftags&post=14704"}],"curies":[{"name":"wp","href":"https:\/\/api.w.org\/{rel}","templated":true}]}}