{"id":14707,"date":"2025-09-14T00:58:00","date_gmt":"2025-09-14T06:58:00","guid":{"rendered":"https:\/\/sanluisinforma.com\/?p=14707"},"modified":"2025-09-13T23:19:43","modified_gmt":"2025-09-14T05:19:43","slug":"claudia-sheinbaum-y-ricardo-gallardo-van-juntos-por-mas-para-san-luis-potosi","status":"publish","type":"post","link":"https:\/\/sanluisinforma.com\/?p=14707","title":{"rendered":"Claudia Sheinbaum y Ricardo Gallardo van juntos por mas para San Luis Potos\u00ed"},"content":{"rendered":"\n<p><\/p>\n\n\n\n<p>La Presidenta de M\u00e9xico y el Gobernador del Estado refrendan su amistad y su colaboraci\u00f3n institucional a favor de las y los potosinos.Durante el primer informe del Gobierno de M\u00e9xico desde San Luis Potos\u00ed, acompa\u00f1ada del Gobernador del Estado Ricardo Gallardo Cardona, la Presidenta de M\u00e9xico Claudia Sheinbaum Pardo, reafirm\u00f3 proyectos estrat\u00e9gicos para impulsar un crecimiento sin l\u00edmites entre los que destacan la contrucci\u00f3n del tren de pasajeros de San Luis Potos\u00ed a Quer\u00e9taro y a Nuevo Laredo, las supercarreteras Ciudad Valles-Tampico y Tamazunchale-Huejutla y el aeropuerto de Tamu\u00edn.<br>Al recibir a la Presidenta de la Rep\u00fablica en el centro de Negocios Potos\u00ed, el Mandatario potosino Ricardo Gallardo destac\u00f3 que, &#8220;M\u00e9xico y San Luis Potos\u00ed viven su mejor momento, seguiremos caminando con usted en esta gran transformaci\u00f3n&#8221;, al agregar que el trabajo en el primer a\u00f1o se siente en cada rinc\u00f3n de San Luis Potos\u00ed.<br>Durante su mensaje a las y los asistentes que se dieron cita este s\u00e1bado 13 de septiembre, Sheinbaum Pardo dio a conocer que actualmente se beneficia a m\u00e1s de 785 mil potosinas y potosinos con los programas del bienestar, quienes tambi\u00e9n reciben beneficios de los programas sociales estatales.<br>Adicionalmente adelant\u00f3 proyectos en infraestructura como la contrucci\u00f3n del tren de pasajeros, las supercarreteras Ciudad Valles-Tampico y Tamazunchale-Huejutla, la construcci\u00f3n de m\u00e1s de 40 mil viviendas por parte del Infonavit, nuevas escuelas preparatorias, el proyecto del hospital para Ciudad Valles y la construcci\u00f3n del aeropuerto de Tamu\u00edn, proyectos de infraestructura Federal que refuerzan el trabajo del Gobernador Ricardo Gallardo que en 4 a\u00f1os ha invertido m\u00e1s de 22 mil millones de pesos para importantes obras de infraestructura.<br>Finalmente la Presidenta de M\u00e9xico dijo que se dispondr\u00e1n recursos federales para pagar los adeudos hist\u00f3ricos que se tienen con los maestros de telesecundarias resultado de la gesti\u00f3n del Gobernador Ricardo Gallardo.<\/p>\n\n\n\n<figure class=\"wp-block-table\"><table class=\"has-fixed-layout\"><tbody><tr><td><img decoding=\"async\" src=\"https:\/\/lh3.googleusercontent.com\/a\/ACg8ocJxTcUSr9UJ2igxScl9yzRDj37CTdxf21yc_WRkkmTtPNeyqg=s40-p-mo\"><\/td><td>ResponderReenviarA\u00f1adir reacci\u00f3n<\/td><\/tr><\/tbody><\/table><\/figure>\n","protected":false},"excerpt":{"rendered":"<p>La Presidenta de M\u00e9xico y el Gobernador del Estado refrendan su amistad y su colaboraci\u00f3n institucional a favor de las<\/p>\n","protected":false},"author":2,"featured_media":14709,"comment_status":"closed","ping_status":"closed","sticky":false,"template":"","format":"standard","meta":{"footnotes":""},"categories":[25,30],"tags":[],"class_list":["post-14707","post","type-post","status-publish","format-standard","has-post-thumbnail","hentry","category-local","category-portada"],"yoast_head":"<!-- This site is optimized with the Yoast SEO plugin v24.1 - https:\/\/yoast.com\/wordpress\/plugins\/seo\/ -->\n<title>Claudia Sheinbaum y Ricardo Gallardo van juntos por mas para San Luis Potos\u00ed - sanluisinforma.com<\/title>\n<meta name=\"robots\" content=\"index, follow, max-snippet:-1, max-image-preview:large, max-video-preview:-1\" \/>\n<link rel=\"canonical\" href=\"https:\/\/sanluisinforma.com\/?p=14707\" \/>\n<meta property=\"og:locale\" content=\"es_MX\" \/>\n<meta property=\"og:type\" content=\"article\" \/>\n<meta property=\"og:title\" content=\"Claudia Sheinbaum y Ricardo Gallardo van juntos por mas para San Luis Potos\u00ed - sanluisinforma.com\" \/>\n<meta property=\"og:description\" content=\"La Presidenta de M\u00e9xico y el Gobernador del Estado refrendan su amistad y su colaboraci\u00f3n institucional a favor de las\" \/>\n<meta property=\"og:url\" content=\"https:\/\/sanluisinforma.com\/?p=14707\" \/>\n<meta property=\"og:site_name\" content=\"sanluisinforma.com\" \/>\n<meta property=\"article:published_time\" content=\"2025-09-14T06:58:00+00:00\" \/>\n<meta property=\"article:modified_time\" content=\"2025-09-14T05:19:43+00:00\" \/>\n<meta property=\"og:image\" content=\"https:\/\/sanluisinforma.com\/wp-content\/uploads\/2025\/09\/descarga-1.jpg\" \/>\n\t<meta property=\"og:image:width\" content=\"400\" \/>\n\t<meta property=\"og:image:height\" content=\"280\" \/>\n\t<meta property=\"og:image:type\" content=\"image\/jpeg\" \/>\n<meta name=\"author\" content=\"sanluisinforma.com\" \/>\n<meta name=\"twitter:card\" content=\"summary_large_image\" \/>\n<meta name=\"twitter:label1\" content=\"Escrito por\" \/>\n\t<meta name=\"twitter:data1\" content=\"sanluisinforma.com\" \/>\n\t<meta name=\"twitter:label2\" content=\"Tiempo de lectura\" \/>\n\t<meta name=\"twitter:data2\" content=\"2 minutos\" \/>\n<script type=\"application\/ld+json\" class=\"yoast-schema-graph\">{\"@context\":\"https:\/\/schema.org\",\"@graph\":[{\"@type\":\"Article\",\"@id\":\"https:\/\/sanluisinforma.com\/?p=14707#article\",\"isPartOf\":{\"@id\":\"https:\/\/sanluisinforma.com\/?p=14707\"},\"author\":{\"name\":\"sanluisinforma.com\",\"@id\":\"https:\/\/sanluisinforma.com\/#\/schema\/person\/c30648f71476be533b6f59d092905c8b\"},\"headline\":\"Claudia Sheinbaum y Ricardo Gallardo van juntos por mas para San Luis Potos\u00ed\",\"datePublished\":\"2025-09-14T06:58:00+00:00\",\"dateModified\":\"2025-09-14T05:19:43+00:00\",\"mainEntityOfPage\":{\"@id\":\"https:\/\/sanluisinforma.com\/?p=14707\"},\"wordCount\":344,\"publisher\":{\"@id\":\"https:\/\/sanluisinforma.com\/#organization\"},\"image\":{\"@id\":\"https:\/\/sanluisinforma.com\/?p=14707#primaryimage\"},\"thumbnailUrl\":\"https:\/\/sanluisinforma.com\/wp-content\/uploads\/2025\/09\/descarga-1.jpg\",\"articleSection\":[\"Local\",\"Portada\"],\"inLanguage\":\"es\"},{\"@type\":\"WebPage\",\"@id\":\"https:\/\/sanluisinforma.com\/?p=14707\",\"url\":\"https:\/\/sanluisinforma.com\/?p=14707\",\"name\":\"Claudia Sheinbaum y Ricardo Gallardo van juntos por mas para San Luis Potos\u00ed - sanluisinforma.com\",\"isPartOf\":{\"@id\":\"https:\/\/sanluisinforma.com\/#website\"},\"primaryImageOfPage\":{\"@id\":\"https:\/\/sanluisinforma.com\/?p=14707#primaryimage\"},\"image\":{\"@id\":\"https:\/\/sanluisinforma.com\/?p=14707#primaryimage\"},\"thumbnailUrl\":\"https:\/\/sanluisinforma.com\/wp-content\/uploads\/2025\/09\/descarga-1.jpg\",\"datePublished\":\"2025-09-14T06:58:00+00:00\",\"dateModified\":\"2025-09-14T05:19:43+00:00\",\"breadcrumb\":{\"@id\":\"https:\/\/sanluisinforma.com\/?p=14707#breadcrumb\"},\"inLanguage\":\"es\",\"potentialAction\":[{\"@type\":\"ReadAction\",\"target\":[\"https:\/\/sanluisinforma.com\/?p=14707\"]}]},{\"@type\":\"ImageObject\",\"inLanguage\":\"es\",\"@id\":\"https:\/\/sanluisinforma.com\/?p=14707#primaryimage\",\"url\":\"https:\/\/sanluisinforma.com\/wp-content\/uploads\/2025\/09\/descarga-1.jpg\",\"contentUrl\":\"https:\/\/sanluisinforma.com\/wp-content\/uploads\/2025\/09\/descarga-1.jpg\",\"width\":400,\"height\":280},{\"@type\":\"BreadcrumbList\",\"@id\":\"https:\/\/sanluisinforma.com\/?p=14707#breadcrumb\",\"itemListElement\":[{\"@type\":\"ListItem\",\"position\":1,\"name\":\"Inicio\",\"item\":\"https:\/\/sanluisinforma.com\/\"},{\"@type\":\"ListItem\",\"position\":2,\"name\":\"Claudia Sheinbaum y Ricardo Gallardo van juntos por mas para San Luis Potos\u00ed\"}]},{\"@type\":\"WebSite\",\"@id\":\"https:\/\/sanluisinforma.com\/#website\",\"url\":\"https:\/\/sanluisinforma.com\/\",\"name\":\"sanluisinforma.com\",\"description\":\"Periodico San Luis Informa\",\"publisher\":{\"@id\":\"https:\/\/sanluisinforma.com\/#organization\"},\"potentialAction\":[{\"@type\":\"SearchAction\",\"target\":{\"@type\":\"EntryPoint\",\"urlTemplate\":\"https:\/\/sanluisinforma.com\/?s={search_term_string}\"},\"query-input\":{\"@type\":\"PropertyValueSpecification\",\"valueRequired\":true,\"valueName\":\"search_term_string\"}}],\"inLanguage\":\"es\"},{\"@type\":\"Organization\",\"@id\":\"https:\/\/sanluisinforma.com\/#organization\",\"name\":\"sanluisinforma.com\",\"url\":\"https:\/\/sanluisinforma.com\/\",\"logo\":{\"@type\":\"ImageObject\",\"inLanguage\":\"es\",\"@id\":\"https:\/\/sanluisinforma.com\/#\/schema\/logo\/image\/\",\"url\":\"https:\/\/sanluisinforma.com\/wp-content\/uploads\/2026\/03\/sanluisinforma-V.jpg\",\"contentUrl\":\"https:\/\/sanluisinforma.com\/wp-content\/uploads\/2026\/03\/sanluisinforma-V.jpg\",\"width\":500,\"height\":156,\"caption\":\"sanluisinforma.com\"},\"image\":{\"@id\":\"https:\/\/sanluisinforma.com\/#\/schema\/logo\/image\/\"}},{\"@type\":\"Person\",\"@id\":\"https:\/\/sanluisinforma.com\/#\/schema\/person\/c30648f71476be533b6f59d092905c8b\",\"name\":\"sanluisinforma.com\",\"image\":{\"@type\":\"ImageObject\",\"inLanguage\":\"es\",\"@id\":\"https:\/\/sanluisinforma.com\/#\/schema\/person\/image\/\",\"url\":\"https:\/\/secure.gravatar.com\/avatar\/86e3114e34a1eecefb963e0a02f0093f93b092dddb2fe1517596343751081a87?s=96&d=mm&r=g\",\"contentUrl\":\"https:\/\/secure.gravatar.com\/avatar\/86e3114e34a1eecefb963e0a02f0093f93b092dddb2fe1517596343751081a87?s=96&d=mm&r=g\",\"caption\":\"sanluisinforma.com\"},\"url\":\"https:\/\/sanluisinforma.com\/?author=2\"}]}<\/script>\n<!-- \/ Yoast SEO plugin. -->","yoast_head_json":{"title":"Claudia Sheinbaum y Ricardo Gallardo van juntos por mas para San Luis Potos\u00ed - sanluisinforma.com","robots":{"index":"index","follow":"follow","max-snippet":"max-snippet:-1","max-image-preview":"max-image-preview:large","max-video-preview":"max-video-preview:-1"},"canonical":"https:\/\/sanluisinforma.com\/?p=14707","og_locale":"es_MX","og_type":"article","og_title":"Claudia Sheinbaum y Ricardo Gallardo van juntos por mas para San Luis Potos\u00ed - sanluisinforma.com","og_description":"La Presidenta de M\u00e9xico y el Gobernador del Estado refrendan su amistad y su colaboraci\u00f3n institucional a favor de las","og_url":"https:\/\/sanluisinforma.com\/?p=14707","og_site_name":"sanluisinforma.com","article_published_time":"2025-09-14T06:58:00+00:00","article_modified_time":"2025-09-14T05:19:43+00:00","og_image":[{"width":400,"height":280,"url":"https:\/\/sanluisinforma.com\/wp-content\/uploads\/2025\/09\/descarga-1.jpg","type":"image\/jpeg"}],"author":"sanluisinforma.com","twitter_card":"summary_large_image","twitter_misc":{"Escrito por":"sanluisinforma.com","Tiempo de lectura":"2 minutos"},"schema":{"@context":"https:\/\/schema.org","@graph":[{"@type":"Article","@id":"https:\/\/sanluisinforma.com\/?p=14707#article","isPartOf":{"@id":"https:\/\/sanluisinforma.com\/?p=14707"},"author":{"name":"sanluisinforma.com","@id":"https:\/\/sanluisinforma.com\/#\/schema\/person\/c30648f71476be533b6f59d092905c8b"},"headline":"Claudia Sheinbaum y Ricardo Gallardo van juntos por mas para San Luis Potos\u00ed","datePublished":"2025-09-14T06:58:00+00:00","dateModified":"2025-09-14T05:19:43+00:00","mainEntityOfPage":{"@id":"https:\/\/sanluisinforma.com\/?p=14707"},"wordCount":344,"publisher":{"@id":"https:\/\/sanluisinforma.com\/#organization"},"image":{"@id":"https:\/\/sanluisinforma.com\/?p=14707#primaryimage"},"thumbnailUrl":"https:\/\/sanluisinforma.com\/wp-content\/uploads\/2025\/09\/descarga-1.jpg","articleSection":["Local","Portada"],"inLanguage":"es"},{"@type":"WebPage","@id":"https:\/\/sanluisinforma.com\/?p=14707","url":"https:\/\/sanluisinforma.com\/?p=14707","name":"Claudia Sheinbaum y Ricardo Gallardo van juntos por mas para San Luis Potos\u00ed - sanluisinforma.com","isPartOf":{"@id":"https:\/\/sanluisinforma.com\/#website"},"primaryImageOfPage":{"@id":"https:\/\/sanluisinforma.com\/?p=14707#primaryimage"},"image":{"@id":"https:\/\/sanluisinforma.com\/?p=14707#primaryimage"},"thumbnailUrl":"https:\/\/sanluisinforma.com\/wp-content\/uploads\/2025\/09\/descarga-1.jpg","datePublished":"2025-09-14T06:58:00+00:00","dateModified":"2025-09-14T05:19:43+00:00","breadcrumb":{"@id":"https:\/\/sanluisinforma.com\/?p=14707#breadcrumb"},"inLanguage":"es","potentialAction":[{"@type":"ReadAction","target":["https:\/\/sanluisinforma.com\/?p=14707"]}]},{"@type":"ImageObject","inLanguage":"es","@id":"https:\/\/sanluisinforma.com\/?p=14707#primaryimage","url":"https:\/\/sanluisinforma.com\/wp-content\/uploads\/2025\/09\/descarga-1.jpg","contentUrl":"https:\/\/sanluisinforma.com\/wp-content\/uploads\/2025\/09\/descarga-1.jpg","width":400,"height":280},{"@type":"BreadcrumbList","@id":"https:\/\/sanluisinforma.com\/?p=14707#breadcrumb","itemListElement":[{"@type":"ListItem","position":1,"name":"Inicio","item":"https:\/\/sanluisinforma.com\/"},{"@type":"ListItem","position":2,"name":"Claudia Sheinbaum y Ricardo Gallardo van juntos por mas para San Luis Potos\u00ed"}]},{"@type":"WebSite","@id":"https:\/\/sanluisinforma.com\/#website","url":"https:\/\/sanluisinforma.com\/","name":"sanluisinforma.com","description":"Periodico San Luis Informa","publisher":{"@id":"https:\/\/sanluisinforma.com\/#organization"},"potentialAction":[{"@type":"SearchAction","target":{"@type":"EntryPoint","urlTemplate":"https:\/\/sanluisinforma.com\/?s={search_term_string}"},"query-input":{"@type":"PropertyValueSpecification","valueRequired":true,"valueName":"search_term_string"}}],"inLanguage":"es"},{"@type":"Organization","@id":"https:\/\/sanluisinforma.com\/#organization","name":"sanluisinforma.com","url":"https:\/\/sanluisinforma.com\/","logo":{"@type":"ImageObject","inLanguage":"es","@id":"https:\/\/sanluisinforma.com\/#\/schema\/logo\/image\/","url":"https:\/\/sanluisinforma.com\/wp-content\/uploads\/2026\/03\/sanluisinforma-V.jpg","contentUrl":"https:\/\/sanluisinforma.com\/wp-content\/uploads\/2026\/03\/sanluisinforma-V.jpg","width":500,"height":156,"caption":"sanluisinforma.com"},"image":{"@id":"https:\/\/sanluisinforma.com\/#\/schema\/logo\/image\/"}},{"@type":"Person","@id":"https:\/\/sanluisinforma.com\/#\/schema\/person\/c30648f71476be533b6f59d092905c8b","name":"sanluisinforma.com","image":{"@type":"ImageObject","inLanguage":"es","@id":"https:\/\/sanluisinforma.com\/#\/schema\/person\/image\/","url":"https:\/\/secure.gravatar.com\/avatar\/86e3114e34a1eecefb963e0a02f0093f93b092dddb2fe1517596343751081a87?s=96&d=mm&r=g","contentUrl":"https:\/\/secure.gravatar.com\/avatar\/86e3114e34a1eecefb963e0a02f0093f93b092dddb2fe1517596343751081a87?s=96&d=mm&r=g","caption":"sanluisinforma.com"},"url":"https:\/\/sanluisinforma.com\/?author=2"}]}},"_links":{"self":[{"href":"https:\/\/sanluisinforma.com\/index.php?rest_route=\/wp\/v2\/posts\/14707","targetHints":{"allow":["GET"]}}],"collection":[{"href":"https:\/\/sanluisinforma.com\/index.php?rest_route=\/wp\/v2\/posts"}],"about":[{"href":"https:\/\/sanluisinforma.com\/index.php?rest_route=\/wp\/v2\/types\/post"}],"author":[{"embeddable":true,"href":"https:\/\/sanluisinforma.com\/index.php?rest_route=\/wp\/v2\/users\/2"}],"replies":[{"embeddable":true,"href":"https:\/\/sanluisinforma.com\/index.php?rest_route=%2Fwp%2Fv2%2Fcomments&post=14707"}],"version-history":[{"count":1,"href":"https:\/\/sanluisinforma.com\/index.php?rest_route=\/wp\/v2\/posts\/14707\/revisions"}],"predecessor-version":[{"id":14710,"href":"https:\/\/sanluisinforma.com\/index.php?rest_route=\/wp\/v2\/posts\/14707\/revisions\/14710"}],"wp:featuredmedia":[{"embeddable":true,"href":"https:\/\/sanluisinforma.com\/index.php?rest_route=\/wp\/v2\/media\/14709"}],"wp:attachment":[{"href":"https:\/\/sanluisinforma.com\/index.php?rest_route=%2Fwp%2Fv2%2Fmedia&parent=14707"}],"wp:term":[{"taxonomy":"category","embeddable":true,"href":"https:\/\/sanluisinforma.com\/index.php?rest_route=%2Fwp%2Fv2%2Fcategories&post=14707"},{"taxonomy":"post_tag","embeddable":true,"href":"https:\/\/sanluisinforma.com\/index.php?rest_route=%2Fwp%2Fv2%2Ftags&post=14707"}],"curies":[{"name":"wp","href":"https:\/\/api.w.org\/{rel}","templated":true}]}}