{"id":14742,"date":"2025-09-15T00:40:00","date_gmt":"2025-09-15T06:40:00","guid":{"rendered":"https:\/\/sanluisinforma.com\/?p=14742"},"modified":"2025-09-14T21:20:34","modified_gmt":"2025-09-15T03:20:34","slug":"la-independencia-se-conquista-todos-los-diaspresidenta-claudia-sheinbaum-desde-edomex-en-el-marco-de-los-festejos-por-el-15-de-septiembre","status":"publish","type":"post","link":"https:\/\/sanluisinforma.com\/?p=14742","title":{"rendered":"La Independencia  se conquista todos los dias:Presidenta Claudia Sheinbaum desde Edomex en el Marco de los Festejos por el 15 de septiembre"},"content":{"rendered":"\n<p><\/p>\n\n\n\n<p> \u201cM\u00e9xico es un pa\u00eds libre, independiente y soberano, y que as\u00ed lo va a seguir siendo por voluntad de su pueblo\u201d, asegur\u00f3 a un d\u00eda del Grito de Independencia&#8221;<\/p>\n\n\n\n<p>\u00a0En el Estado de M\u00e9xico, 3 millones 800 mil personas reciben apoyo de alguno de los Programas para el Bienestar<br> El Estado de M\u00e9xico es la entidad n\u00famero 16 que la Jefa del Ejecutivo Federal visita en su gira nacional de rendici\u00f3n de cuentas<\/p>\n\n\n\n<p>En Toluca, Estado de M\u00e9xico, la Presidenta Claudia Sheinbaum Pardo resalt\u00f3, a un d\u00eda de encabezar los festejos patrios y de realizar el *Grito de Independencia*, que M\u00e9xico es y ser\u00e1 un pa\u00eds libre, independiente y soberano.*\u201cHoy, a un d\u00eda de celebrar el Grito de Independencia, en este mes de la patria sabemos las mexicanas y los mexicanos que la independencia se conquista todos los d\u00edas y que en nuestra mente, nuestro coraz\u00f3n y en la historia de M\u00e9xico sabemos que M\u00e9xico es un pa\u00eds libre, independiente y soberano, y que as\u00ed lo va a seguir siendo por voluntad de su pueblo\u201d*, expres\u00f3.<\/p>\n\n\n\n<p>Record\u00f3 que este 14 de septiembre, como parte de la reivindicaci\u00f3n de las mujeres en la historia, se incorpor\u00f3 al calendario c\u00edvico el *D\u00eda de las Hero\u00ednas An\u00f3nimas de la Patria* y destac\u00f3 el caso de Manuela Molina \u201cLa Capitana\u201d, hero\u00edna ind\u00edgena de la Independencia que comand\u00f3 tropas y dio la vida por su pa\u00eds.<\/p>\n\n\n\n<p>*\u201cUna hermosa mujer que hoy reconocemos, a Manuela Molina. Pues como ella, muchas mujeres en la historia de M\u00e9xico. Y es importante para las ni\u00f1as, para las j\u00f3venes, saber que M\u00e9xico se ha construido con grandes h\u00e9roes, pero tambi\u00e9n grandes hero\u00ednas que forjaron a nuestro pa\u00eds\u201d*, agreg\u00f3.<\/p>\n\n\n\n<p>Como parte de su gira nacional de rendici\u00f3n de cuentas, inform\u00f3 que, en el Estado de M\u00e9xico, \u2014entidad n\u00famero 16 que visita\u2014 3 millones 800 mil personas reciben alg\u00fan *Programa para el Bienestar*, de manera directa, sin intermediarios y sin condicionamientos pol\u00edticos como se hac\u00eda en los gobiernos neoliberales.<br><br>Detall\u00f3 que en esta entidad, un mill\u00f3n 509 mil personas reciben la Pensi\u00f3n para el Bienestar de las Personas Adultas Mayores; 145 mil 452 la Pensi\u00f3n para Personas con Discapacidad; 565 mil 516 la beca Benito Ju\u00e1rez; 41 mil 154 la beca J\u00f3venes Escribiendo el Futuro; 275 mil becas para ni\u00f1as y ni\u00f1os de preescolar y primaria; 157 mil 556 de Producci\u00f3n para el Bienestar; 157 mil 121 Fertilizantes Gratuitos; un mill\u00f3n 752 mil 358 Leche para el Bienestar; 4 mil 613 escuelas de educaci\u00f3n b\u00e1sica y 647 preparatorias apoyos de La Escuela es Nuestra; 401 mil 160 la Pensi\u00f3n Mujeres Bienestar; adem\u00e1s de las y los derechohabientes de la beca Rita Cetina y Salud Casa por Casa.<\/p>\n\n\n\n<p>Sobre obra p\u00fablica, destac\u00f3 la ampliaci\u00f3n del Tren El Insurgente hasta la estaci\u00f3n Observatorio; el tren de la Ciudad de M\u00e9xico al Aeropuerto Internacional Felipe \u00c1ngeles (AIFA), que en diciembre se inaugura y el cual pasa por los municipios de Nextlalpan y Tec\u00e1mac; el Tren AIFA-Pachuca, que pasa por Tultitl\u00e1n y Tultepec; y los trenes M\u00e9xico-Pachuca y M\u00e9xico-Quer\u00e9taro, cuyo recorrido pasa por el Estado de M\u00e9xico y que estar\u00e1n listos en 2027; la repavimentaci\u00f3n de todas las carreteras federales, la construcci\u00f3n de m\u00e1s preparatorias, hospitales y Unidades de Medicina Familiar (UMF) de los tres sistemas de salud p\u00fablica: IMSS, ISSSTE e IMSS Bienestar.<\/p>\n\n\n\n<p>Resalt\u00f3 la implementaci\u00f3n del *Plan Integral de la Zona Oriente del Estado de M\u00e9xico* en 10 municipios que hist\u00f3ricamente fueron olvidados en gobiernos neoliberales; el Plan Integral de Agua y el saneamiento del r\u00edo Lerma; la ampliaci\u00f3n del programa de Laboratorio en tu Cl\u00ednica, que naci\u00f3 en el Estado de M\u00e9xico y se va a replicar en todo el pa\u00eds.<\/p>\n\n\n\n<p>Para garantizar el derecho a la vivienda inform\u00f3 la construcci\u00f3n de 68 mil viviendas del Instituto del Fondo Nacional de la Vivienda para los Trabajadores (Infonavit) y 36 mil de la Comisi\u00f3n Nacional de Vivienda (Conavi), que viene acompa\u00f1ado de la reducci\u00f3n de cr\u00e9ditos impagables, acciones que forman parte de Vivienda para el Bienestar.<\/p>\n\n\n\n<p>La gobernadora del Estado de M\u00e9xico, Delfina G\u00f3mez \u00c1lvarez, agradeci\u00f3 acciones como la puesta en marcha del Plan Integral para la Zona Oriente del Estado de M\u00e9xico, la asignaci\u00f3n de presupuesto directo a los pueblos originarios y la capacidad de la Presidenta para lograr un objetivo com\u00fan: garantizar el bienestar de las y los mexiquenses.<\/p>\n","protected":false},"excerpt":{"rendered":"<p>\u201cM\u00e9xico es un pa\u00eds libre, independiente y soberano, y que as\u00ed lo va a seguir siendo por voluntad de su<\/p>\n","protected":false},"author":2,"featured_media":14743,"comment_status":"closed","ping_status":"closed","sticky":false,"template":"","format":"standard","meta":{"footnotes":""},"categories":[26],"tags":[],"class_list":["post-14742","post","type-post","status-publish","format-standard","has-post-thumbnail","hentry","category-nacional"],"yoast_head":"<!-- This site is optimized with the Yoast SEO plugin v24.1 - https:\/\/yoast.com\/wordpress\/plugins\/seo\/ -->\n<title>La Independencia se conquista todos los dias:Presidenta Claudia Sheinbaum desde Edomex en el Marco de los Festejos por el 15 de septiembre - sanluisinforma.com<\/title>\n<meta name=\"robots\" content=\"index, follow, max-snippet:-1, max-image-preview:large, max-video-preview:-1\" \/>\n<link rel=\"canonical\" href=\"https:\/\/sanluisinforma.com\/?p=14742\" \/>\n<meta property=\"og:locale\" content=\"es_MX\" \/>\n<meta property=\"og:type\" content=\"article\" \/>\n<meta property=\"og:title\" content=\"La Independencia se conquista todos los dias:Presidenta Claudia Sheinbaum desde Edomex en el Marco de los Festejos por el 15 de septiembre - sanluisinforma.com\" \/>\n<meta property=\"og:description\" content=\"\u201cM\u00e9xico es un pa\u00eds libre, independiente y soberano, y que as\u00ed lo va a seguir siendo por voluntad de su\" \/>\n<meta property=\"og:url\" content=\"https:\/\/sanluisinforma.com\/?p=14742\" \/>\n<meta property=\"og:site_name\" content=\"sanluisinforma.com\" \/>\n<meta property=\"article:published_time\" content=\"2025-09-15T06:40:00+00:00\" \/>\n<meta property=\"article:modified_time\" content=\"2025-09-15T03:20:34+00:00\" \/>\n<meta property=\"og:image\" content=\"https:\/\/sanluisinforma.com\/wp-content\/uploads\/2025\/09\/Claudia-Shinbaum.jpg\" \/>\n\t<meta property=\"og:image:width\" content=\"400\" \/>\n\t<meta property=\"og:image:height\" content=\"233\" \/>\n\t<meta property=\"og:image:type\" content=\"image\/jpeg\" \/>\n<meta name=\"author\" content=\"sanluisinforma.com\" \/>\n<meta name=\"twitter:card\" content=\"summary_large_image\" \/>\n<meta name=\"twitter:label1\" content=\"Escrito por\" \/>\n\t<meta name=\"twitter:data1\" content=\"sanluisinforma.com\" \/>\n\t<meta name=\"twitter:label2\" content=\"Tiempo de lectura\" \/>\n\t<meta name=\"twitter:data2\" content=\"4 minutos\" \/>\n<script type=\"application\/ld+json\" class=\"yoast-schema-graph\">{\"@context\":\"https:\/\/schema.org\",\"@graph\":[{\"@type\":\"Article\",\"@id\":\"https:\/\/sanluisinforma.com\/?p=14742#article\",\"isPartOf\":{\"@id\":\"https:\/\/sanluisinforma.com\/?p=14742\"},\"author\":{\"name\":\"sanluisinforma.com\",\"@id\":\"https:\/\/sanluisinforma.com\/#\/schema\/person\/c30648f71476be533b6f59d092905c8b\"},\"headline\":\"La Independencia se conquista todos los dias:Presidenta Claudia Sheinbaum desde Edomex en el Marco de los Festejos por el 15 de septiembre\",\"datePublished\":\"2025-09-15T06:40:00+00:00\",\"dateModified\":\"2025-09-15T03:20:34+00:00\",\"mainEntityOfPage\":{\"@id\":\"https:\/\/sanluisinforma.com\/?p=14742\"},\"wordCount\":795,\"publisher\":{\"@id\":\"https:\/\/sanluisinforma.com\/#organization\"},\"image\":{\"@id\":\"https:\/\/sanluisinforma.com\/?p=14742#primaryimage\"},\"thumbnailUrl\":\"https:\/\/sanluisinforma.com\/wp-content\/uploads\/2025\/09\/Claudia-Shinbaum.jpg\",\"articleSection\":[\"Nacional\"],\"inLanguage\":\"es\"},{\"@type\":\"WebPage\",\"@id\":\"https:\/\/sanluisinforma.com\/?p=14742\",\"url\":\"https:\/\/sanluisinforma.com\/?p=14742\",\"name\":\"La Independencia se conquista todos los dias:Presidenta Claudia Sheinbaum desde Edomex en el Marco de los Festejos por el 15 de septiembre - sanluisinforma.com\",\"isPartOf\":{\"@id\":\"https:\/\/sanluisinforma.com\/#website\"},\"primaryImageOfPage\":{\"@id\":\"https:\/\/sanluisinforma.com\/?p=14742#primaryimage\"},\"image\":{\"@id\":\"https:\/\/sanluisinforma.com\/?p=14742#primaryimage\"},\"thumbnailUrl\":\"https:\/\/sanluisinforma.com\/wp-content\/uploads\/2025\/09\/Claudia-Shinbaum.jpg\",\"datePublished\":\"2025-09-15T06:40:00+00:00\",\"dateModified\":\"2025-09-15T03:20:34+00:00\",\"breadcrumb\":{\"@id\":\"https:\/\/sanluisinforma.com\/?p=14742#breadcrumb\"},\"inLanguage\":\"es\",\"potentialAction\":[{\"@type\":\"ReadAction\",\"target\":[\"https:\/\/sanluisinforma.com\/?p=14742\"]}]},{\"@type\":\"ImageObject\",\"inLanguage\":\"es\",\"@id\":\"https:\/\/sanluisinforma.com\/?p=14742#primaryimage\",\"url\":\"https:\/\/sanluisinforma.com\/wp-content\/uploads\/2025\/09\/Claudia-Shinbaum.jpg\",\"contentUrl\":\"https:\/\/sanluisinforma.com\/wp-content\/uploads\/2025\/09\/Claudia-Shinbaum.jpg\",\"width\":400,\"height\":233,\"caption\":\"Toluca, Estado de M\u00e9xico, M\u00e9xico. 14 de septiembre 2025. La presidenta constitucional de los Estados Unidos Mexicanos, la Doctora Claudia Sheinbaum Pardo en La transformaci\u00f3n avanza en Michoac\u00e1n. Acompa\u00f1anan a la mandataria: Delfina G\u00f3mez \u00c1lvarez, Gobernadora del Estado de M\u00e9xico; Rosa Icela Rodr\u00edguez Vel\u00e1zquez, secretaria de Gobernaci\u00f3n; Claudia Curiel de Icaza, secretaria de Cultura; Alicia B\u00e1rcena Ibarra, secretaria de Medio Ambiente y Recursos Naturales (Semarnat); Citlalli Hern\u00e1ndez Mora, secretaria de la Secretar\u00eda de las Mujeres; Mario Delgado Carrillo, secretario de Educaci\u00f3n P\u00fablica; Torres Rosas, Coordinador general de programas para el Bienestar y Leticia Ramirez coordinadora de asuntos gubernamentales. Foto: Sa\u00fal L\u00f3pez Escorcia \/Presidencia\"},{\"@type\":\"BreadcrumbList\",\"@id\":\"https:\/\/sanluisinforma.com\/?p=14742#breadcrumb\",\"itemListElement\":[{\"@type\":\"ListItem\",\"position\":1,\"name\":\"Inicio\",\"item\":\"https:\/\/sanluisinforma.com\/\"},{\"@type\":\"ListItem\",\"position\":2,\"name\":\"La Independencia se conquista todos los dias:Presidenta Claudia Sheinbaum desde Edomex en el Marco de los Festejos por el 15 de septiembre\"}]},{\"@type\":\"WebSite\",\"@id\":\"https:\/\/sanluisinforma.com\/#website\",\"url\":\"https:\/\/sanluisinforma.com\/\",\"name\":\"sanluisinforma.com\",\"description\":\"Periodico San Luis Informa\",\"publisher\":{\"@id\":\"https:\/\/sanluisinforma.com\/#organization\"},\"potentialAction\":[{\"@type\":\"SearchAction\",\"target\":{\"@type\":\"EntryPoint\",\"urlTemplate\":\"https:\/\/sanluisinforma.com\/?s={search_term_string}\"},\"query-input\":{\"@type\":\"PropertyValueSpecification\",\"valueRequired\":true,\"valueName\":\"search_term_string\"}}],\"inLanguage\":\"es\"},{\"@type\":\"Organization\",\"@id\":\"https:\/\/sanluisinforma.com\/#organization\",\"name\":\"sanluisinforma.com\",\"url\":\"https:\/\/sanluisinforma.com\/\",\"logo\":{\"@type\":\"ImageObject\",\"inLanguage\":\"es\",\"@id\":\"https:\/\/sanluisinforma.com\/#\/schema\/logo\/image\/\",\"url\":\"https:\/\/sanluisinforma.com\/wp-content\/uploads\/2026\/03\/sanluisinforma-V.jpg\",\"contentUrl\":\"https:\/\/sanluisinforma.com\/wp-content\/uploads\/2026\/03\/sanluisinforma-V.jpg\",\"width\":500,\"height\":156,\"caption\":\"sanluisinforma.com\"},\"image\":{\"@id\":\"https:\/\/sanluisinforma.com\/#\/schema\/logo\/image\/\"}},{\"@type\":\"Person\",\"@id\":\"https:\/\/sanluisinforma.com\/#\/schema\/person\/c30648f71476be533b6f59d092905c8b\",\"name\":\"sanluisinforma.com\",\"image\":{\"@type\":\"ImageObject\",\"inLanguage\":\"es\",\"@id\":\"https:\/\/sanluisinforma.com\/#\/schema\/person\/image\/\",\"url\":\"https:\/\/secure.gravatar.com\/avatar\/86e3114e34a1eecefb963e0a02f0093f93b092dddb2fe1517596343751081a87?s=96&d=mm&r=g\",\"contentUrl\":\"https:\/\/secure.gravatar.com\/avatar\/86e3114e34a1eecefb963e0a02f0093f93b092dddb2fe1517596343751081a87?s=96&d=mm&r=g\",\"caption\":\"sanluisinforma.com\"},\"url\":\"https:\/\/sanluisinforma.com\/?author=2\"}]}<\/script>\n<!-- \/ Yoast SEO plugin. -->","yoast_head_json":{"title":"La Independencia se conquista todos los dias:Presidenta Claudia Sheinbaum desde Edomex en el Marco de los Festejos por el 15 de septiembre - sanluisinforma.com","robots":{"index":"index","follow":"follow","max-snippet":"max-snippet:-1","max-image-preview":"max-image-preview:large","max-video-preview":"max-video-preview:-1"},"canonical":"https:\/\/sanluisinforma.com\/?p=14742","og_locale":"es_MX","og_type":"article","og_title":"La Independencia se conquista todos los dias:Presidenta Claudia Sheinbaum desde Edomex en el Marco de los Festejos por el 15 de septiembre - sanluisinforma.com","og_description":"\u201cM\u00e9xico es un pa\u00eds libre, independiente y soberano, y que as\u00ed lo va a seguir siendo por voluntad de su","og_url":"https:\/\/sanluisinforma.com\/?p=14742","og_site_name":"sanluisinforma.com","article_published_time":"2025-09-15T06:40:00+00:00","article_modified_time":"2025-09-15T03:20:34+00:00","og_image":[{"width":400,"height":233,"url":"https:\/\/sanluisinforma.com\/wp-content\/uploads\/2025\/09\/Claudia-Shinbaum.jpg","type":"image\/jpeg"}],"author":"sanluisinforma.com","twitter_card":"summary_large_image","twitter_misc":{"Escrito por":"sanluisinforma.com","Tiempo de lectura":"4 minutos"},"schema":{"@context":"https:\/\/schema.org","@graph":[{"@type":"Article","@id":"https:\/\/sanluisinforma.com\/?p=14742#article","isPartOf":{"@id":"https:\/\/sanluisinforma.com\/?p=14742"},"author":{"name":"sanluisinforma.com","@id":"https:\/\/sanluisinforma.com\/#\/schema\/person\/c30648f71476be533b6f59d092905c8b"},"headline":"La Independencia se conquista todos los dias:Presidenta Claudia Sheinbaum desde Edomex en el Marco de los Festejos por el 15 de septiembre","datePublished":"2025-09-15T06:40:00+00:00","dateModified":"2025-09-15T03:20:34+00:00","mainEntityOfPage":{"@id":"https:\/\/sanluisinforma.com\/?p=14742"},"wordCount":795,"publisher":{"@id":"https:\/\/sanluisinforma.com\/#organization"},"image":{"@id":"https:\/\/sanluisinforma.com\/?p=14742#primaryimage"},"thumbnailUrl":"https:\/\/sanluisinforma.com\/wp-content\/uploads\/2025\/09\/Claudia-Shinbaum.jpg","articleSection":["Nacional"],"inLanguage":"es"},{"@type":"WebPage","@id":"https:\/\/sanluisinforma.com\/?p=14742","url":"https:\/\/sanluisinforma.com\/?p=14742","name":"La Independencia se conquista todos los dias:Presidenta Claudia Sheinbaum desde Edomex en el Marco de los Festejos por el 15 de septiembre - sanluisinforma.com","isPartOf":{"@id":"https:\/\/sanluisinforma.com\/#website"},"primaryImageOfPage":{"@id":"https:\/\/sanluisinforma.com\/?p=14742#primaryimage"},"image":{"@id":"https:\/\/sanluisinforma.com\/?p=14742#primaryimage"},"thumbnailUrl":"https:\/\/sanluisinforma.com\/wp-content\/uploads\/2025\/09\/Claudia-Shinbaum.jpg","datePublished":"2025-09-15T06:40:00+00:00","dateModified":"2025-09-15T03:20:34+00:00","breadcrumb":{"@id":"https:\/\/sanluisinforma.com\/?p=14742#breadcrumb"},"inLanguage":"es","potentialAction":[{"@type":"ReadAction","target":["https:\/\/sanluisinforma.com\/?p=14742"]}]},{"@type":"ImageObject","inLanguage":"es","@id":"https:\/\/sanluisinforma.com\/?p=14742#primaryimage","url":"https:\/\/sanluisinforma.com\/wp-content\/uploads\/2025\/09\/Claudia-Shinbaum.jpg","contentUrl":"https:\/\/sanluisinforma.com\/wp-content\/uploads\/2025\/09\/Claudia-Shinbaum.jpg","width":400,"height":233,"caption":"Toluca, Estado de M\u00e9xico, M\u00e9xico. 14 de septiembre 2025. La presidenta constitucional de los Estados Unidos Mexicanos, la Doctora Claudia Sheinbaum Pardo en La transformaci\u00f3n avanza en Michoac\u00e1n. Acompa\u00f1anan a la mandataria: Delfina G\u00f3mez \u00c1lvarez, Gobernadora del Estado de M\u00e9xico; Rosa Icela Rodr\u00edguez Vel\u00e1zquez, secretaria de Gobernaci\u00f3n; Claudia Curiel de Icaza, secretaria de Cultura; Alicia B\u00e1rcena Ibarra, secretaria de Medio Ambiente y Recursos Naturales (Semarnat); Citlalli Hern\u00e1ndez Mora, secretaria de la Secretar\u00eda de las Mujeres; Mario Delgado Carrillo, secretario de Educaci\u00f3n P\u00fablica; Torres Rosas, Coordinador general de programas para el Bienestar y Leticia Ramirez coordinadora de asuntos gubernamentales. Foto: Sa\u00fal L\u00f3pez Escorcia \/Presidencia"},{"@type":"BreadcrumbList","@id":"https:\/\/sanluisinforma.com\/?p=14742#breadcrumb","itemListElement":[{"@type":"ListItem","position":1,"name":"Inicio","item":"https:\/\/sanluisinforma.com\/"},{"@type":"ListItem","position":2,"name":"La Independencia se conquista todos los dias:Presidenta Claudia Sheinbaum desde Edomex en el Marco de los Festejos por el 15 de septiembre"}]},{"@type":"WebSite","@id":"https:\/\/sanluisinforma.com\/#website","url":"https:\/\/sanluisinforma.com\/","name":"sanluisinforma.com","description":"Periodico San Luis Informa","publisher":{"@id":"https:\/\/sanluisinforma.com\/#organization"},"potentialAction":[{"@type":"SearchAction","target":{"@type":"EntryPoint","urlTemplate":"https:\/\/sanluisinforma.com\/?s={search_term_string}"},"query-input":{"@type":"PropertyValueSpecification","valueRequired":true,"valueName":"search_term_string"}}],"inLanguage":"es"},{"@type":"Organization","@id":"https:\/\/sanluisinforma.com\/#organization","name":"sanluisinforma.com","url":"https:\/\/sanluisinforma.com\/","logo":{"@type":"ImageObject","inLanguage":"es","@id":"https:\/\/sanluisinforma.com\/#\/schema\/logo\/image\/","url":"https:\/\/sanluisinforma.com\/wp-content\/uploads\/2026\/03\/sanluisinforma-V.jpg","contentUrl":"https:\/\/sanluisinforma.com\/wp-content\/uploads\/2026\/03\/sanluisinforma-V.jpg","width":500,"height":156,"caption":"sanluisinforma.com"},"image":{"@id":"https:\/\/sanluisinforma.com\/#\/schema\/logo\/image\/"}},{"@type":"Person","@id":"https:\/\/sanluisinforma.com\/#\/schema\/person\/c30648f71476be533b6f59d092905c8b","name":"sanluisinforma.com","image":{"@type":"ImageObject","inLanguage":"es","@id":"https:\/\/sanluisinforma.com\/#\/schema\/person\/image\/","url":"https:\/\/secure.gravatar.com\/avatar\/86e3114e34a1eecefb963e0a02f0093f93b092dddb2fe1517596343751081a87?s=96&d=mm&r=g","contentUrl":"https:\/\/secure.gravatar.com\/avatar\/86e3114e34a1eecefb963e0a02f0093f93b092dddb2fe1517596343751081a87?s=96&d=mm&r=g","caption":"sanluisinforma.com"},"url":"https:\/\/sanluisinforma.com\/?author=2"}]}},"_links":{"self":[{"href":"https:\/\/sanluisinforma.com\/index.php?rest_route=\/wp\/v2\/posts\/14742","targetHints":{"allow":["GET"]}}],"collection":[{"href":"https:\/\/sanluisinforma.com\/index.php?rest_route=\/wp\/v2\/posts"}],"about":[{"href":"https:\/\/sanluisinforma.com\/index.php?rest_route=\/wp\/v2\/types\/post"}],"author":[{"embeddable":true,"href":"https:\/\/sanluisinforma.com\/index.php?rest_route=\/wp\/v2\/users\/2"}],"replies":[{"embeddable":true,"href":"https:\/\/sanluisinforma.com\/index.php?rest_route=%2Fwp%2Fv2%2Fcomments&post=14742"}],"version-history":[{"count":1,"href":"https:\/\/sanluisinforma.com\/index.php?rest_route=\/wp\/v2\/posts\/14742\/revisions"}],"predecessor-version":[{"id":14744,"href":"https:\/\/sanluisinforma.com\/index.php?rest_route=\/wp\/v2\/posts\/14742\/revisions\/14744"}],"wp:featuredmedia":[{"embeddable":true,"href":"https:\/\/sanluisinforma.com\/index.php?rest_route=\/wp\/v2\/media\/14743"}],"wp:attachment":[{"href":"https:\/\/sanluisinforma.com\/index.php?rest_route=%2Fwp%2Fv2%2Fmedia&parent=14742"}],"wp:term":[{"taxonomy":"category","embeddable":true,"href":"https:\/\/sanluisinforma.com\/index.php?rest_route=%2Fwp%2Fv2%2Fcategories&post=14742"},{"taxonomy":"post_tag","embeddable":true,"href":"https:\/\/sanluisinforma.com\/index.php?rest_route=%2Fwp%2Fv2%2Ftags&post=14742"}],"curies":[{"name":"wp","href":"https:\/\/api.w.org\/{rel}","templated":true}]}}