{"id":14745,"date":"2025-09-15T00:45:00","date_gmt":"2025-09-15T06:45:00","guid":{"rendered":"https:\/\/sanluisinforma.com\/?p=14745"},"modified":"2025-09-15T13:56:39","modified_gmt":"2025-09-15T19:56:39","slug":"detienen-a-hernan-bermudez-requena-ex-secretario-de-seguridad-del-senador-adan-augusto-lopez-hernandez","status":"publish","type":"post","link":"https:\/\/sanluisinforma.com\/?p=14745","title":{"rendered":"Detienen a Hern\u00e1n Berm\u00fadez Requena,\u00a0 ex secretario de seguridad, del senador Ad\u00e1n Augusto L\u00f3pez \u00a0Hern\u00e1ndez"},"content":{"rendered":"\n<p>    Ad\u00e1n Agusto L\u00f3pez Hern\u00e1ndez; que se castigue a los panistas , a Calder\u00f3n, \u00a0encubrieron las asesinatos de sus\u00a0 ex secretarios de gobernaci\u00f3n, revir\u00f3. <\/p>\n\n\n\n<p>Hernan Bermudez Requena,  es la cabeza del grupo criminal &#8220;La Barredora&#8221; en el Estado de Tabaco, M\u00e9xico  <\/p>\n\n\n\n<p>En la ciudad&nbsp; de Mariano Roque Alonso &nbsp;fue detenido el &nbsp;13 de septiembre de 2025, &nbsp;Hern\u00e1n Berm\u00fadez Requena, exsecretario de seguridad del estado mexicano de Tabasco, quien fue custodiado por miembros de la SENAD tras su arresto en la localidad de &nbsp;Mariano Roque Alonso, cerca de Asunci\u00f3n.<\/p>\n\n\n\n<p>Por ese motivo el tambien &nbsp;coordinador de Morena, Ad\u00e1n Augusto L\u00f3pez Hern\u00e1ndez, dijo &nbsp;que la detenci\u00f3n de Hern\u00e1n Berm\u00fadez Requena, quien fue responsable de seguridad en el gobierno de Tabasco que \u00e9l encabez\u00f3, muestra que en los gobiernos de la 4T \u201chay cero encubrimientos y cero impunidad\u201d,&nbsp; inoformo que \u00e9l mismo solicit\u00f3 que se investigue a fondo el caso y reiter\u00f3 su \u201c disposici\u00f3n plena\u201d para comparecer ante las autoridades competentes, en caso de que sea requerido., este tipo de expresiones, van varias veces&nbsp; que las pronuncia, en p\u00fablico o en privado.<\/p>\n\n\n\n<p>En un comunicado a los medios, L\u00f3pez Hern\u00e1ndez , exigi\u00f3 a quienes lo critican desde la oposici\u00f3n &nbsp;de ser el responsable del l\u00edder de la Barredora, &nbsp;por haberlo nombrado secretario de seguridad cuando Ad\u00e1n Augusto fue gobernador de Tabasco, &nbsp;\u201ccongruencia pol\u00edtica y memoria hist\u00f3rica\u201d, porque cuando gobernaron protegieron a corruptos.<\/p>\n\n\n\n<p>\u201cQuienes hoy piden investigaciones, que empiecen por responderle al pueblo de M\u00e9xico si ya se determin\u00f3 el no ejercicio penal en las averiguaciones en las que est\u00e1 involucrado el propio panista &nbsp;Ricardo Anaya, actual coordinador del PAN, y su familia\u201d.<\/p>\n\n\n\n<p>&nbsp;\u201clos mismos que hoy exigen transparencia, como Anaya, fueron los que guardaron silencio c\u00f3mplice cuando no se investigaron los sospechosos accidentes en los que perdieron la vida el ex secretario de Gobernaci\u00f3n, Juan Camilo Mouri\u00f1o, y Ram\u00f3n Mart\u00edn Huerta. En aquel tiempo, Ricardo Anaya y su partido eligieron proteger a los suyos antes que decirle la verdad al pa\u00eds\u201d.<\/p>\n\n\n\n<p>&nbsp;\u201cel gobierno de la Cuarta Transformaci\u00f3n est\u00e1 cumpliendo con su deber de trabajar para los ciudadanos, de aplicar la justicia sin distinciones y de no encubrir absolutamente a nadie. Esa es la diferencia con el pasado: los que participamos en este movimiento no somos c\u00f3mplices de corrupciones\u201d El senador de Morena record\u00f3 que Anaya pas\u00f3 varios a\u00f1os fuera del pa\u00eds tras perder la contienda presidencial, y que s\u00f3lo regres\u00f3 bajo el amparo del fuero que hoy lo protege en el Senado. \u201cHuy\u00f3 para evadir la justicia, ahora pretende erigirse como juez.\u201d.<\/p>\n\n\n\n<p>&nbsp;\u201cel verdadero rostro de la hipocres\u00eda pol\u00edtica: el de quien se esconde cuando debe rendir cuentas, y aparece s\u00f3lo cuando est\u00e1 seguro de que lo cubre un fuero. Resulta c\u00ednico que quienes no tuvieron la capacidad ni la voluntad de investigar los cr\u00edmenes m\u00e1s oscuros de los gobiernos del PAN, hoy pretendan erigirse como fiscales\u201d.<\/p>\n\n\n\n<p>Ellos callaron \u201cporque fueron parte de un sistema podrido de complicidades y corrupci\u00f3n que sumi\u00f3 a M\u00e9xico en la violencia y en la impunidad\u201d. En cambio, &nbsp;desde el gobierno de la presidenta Claudia Sheinbaum, se ha emprendido una transformaci\u00f3n profunda para que nunca m\u00e1s la impunidad sea la norma en M\u00e9xico. \u201cCero encubrimiento y cero complicidades\u201d<\/p>\n\n\n\n<p><\/p>\n","protected":false},"excerpt":{"rendered":"<p>Ad\u00e1n Agusto L\u00f3pez Hern\u00e1ndez; que se castigue a los panistas , a Calder\u00f3n, \u00a0encubrieron las asesinatos de sus\u00a0 ex secretarios<\/p>\n","protected":false},"author":2,"featured_media":0,"comment_status":"closed","ping_status":"closed","sticky":false,"template":"","format":"standard","meta":{"footnotes":""},"categories":[25],"tags":[],"class_list":["post-14745","post","type-post","status-publish","format-standard","hentry","category-local"],"yoast_head":"<!-- This site is optimized with the Yoast SEO plugin v24.1 - https:\/\/yoast.com\/wordpress\/plugins\/seo\/ -->\n<title>Detienen a Hern\u00e1n Berm\u00fadez Requena,\u00a0 ex secretario de seguridad, del senador Ad\u00e1n Augusto L\u00f3pez \u00a0Hern\u00e1ndez - sanluisinforma.com<\/title>\n<meta name=\"robots\" content=\"index, follow, max-snippet:-1, max-image-preview:large, max-video-preview:-1\" \/>\n<link rel=\"canonical\" href=\"https:\/\/sanluisinforma.com\/?p=14745\" \/>\n<meta property=\"og:locale\" content=\"es_MX\" \/>\n<meta property=\"og:type\" content=\"article\" \/>\n<meta property=\"og:title\" content=\"Detienen a Hern\u00e1n Berm\u00fadez Requena,\u00a0 ex secretario de seguridad, del senador Ad\u00e1n Augusto L\u00f3pez \u00a0Hern\u00e1ndez - sanluisinforma.com\" \/>\n<meta property=\"og:description\" content=\"Ad\u00e1n Agusto L\u00f3pez Hern\u00e1ndez; que se castigue a los panistas , a Calder\u00f3n, \u00a0encubrieron las asesinatos de sus\u00a0 ex secretarios\" \/>\n<meta property=\"og:url\" content=\"https:\/\/sanluisinforma.com\/?p=14745\" \/>\n<meta property=\"og:site_name\" content=\"sanluisinforma.com\" \/>\n<meta property=\"article:published_time\" content=\"2025-09-15T06:45:00+00:00\" \/>\n<meta property=\"article:modified_time\" content=\"2025-09-15T19:56:39+00:00\" \/>\n<meta name=\"author\" content=\"sanluisinforma.com\" \/>\n<meta name=\"twitter:card\" content=\"summary_large_image\" \/>\n<meta name=\"twitter:label1\" content=\"Escrito por\" \/>\n\t<meta name=\"twitter:data1\" content=\"sanluisinforma.com\" \/>\n\t<meta name=\"twitter:label2\" content=\"Tiempo de lectura\" \/>\n\t<meta name=\"twitter:data2\" content=\"3 minutos\" \/>\n<script type=\"application\/ld+json\" class=\"yoast-schema-graph\">{\"@context\":\"https:\/\/schema.org\",\"@graph\":[{\"@type\":\"Article\",\"@id\":\"https:\/\/sanluisinforma.com\/?p=14745#article\",\"isPartOf\":{\"@id\":\"https:\/\/sanluisinforma.com\/?p=14745\"},\"author\":{\"name\":\"sanluisinforma.com\",\"@id\":\"https:\/\/sanluisinforma.com\/#\/schema\/person\/c30648f71476be533b6f59d092905c8b\"},\"headline\":\"Detienen a Hern\u00e1n Berm\u00fadez Requena,\u00a0 ex secretario de seguridad, del senador Ad\u00e1n Augusto L\u00f3pez \u00a0Hern\u00e1ndez\",\"datePublished\":\"2025-09-15T06:45:00+00:00\",\"dateModified\":\"2025-09-15T19:56:39+00:00\",\"mainEntityOfPage\":{\"@id\":\"https:\/\/sanluisinforma.com\/?p=14745\"},\"wordCount\":609,\"publisher\":{\"@id\":\"https:\/\/sanluisinforma.com\/#organization\"},\"articleSection\":[\"Local\"],\"inLanguage\":\"es\"},{\"@type\":\"WebPage\",\"@id\":\"https:\/\/sanluisinforma.com\/?p=14745\",\"url\":\"https:\/\/sanluisinforma.com\/?p=14745\",\"name\":\"Detienen a Hern\u00e1n Berm\u00fadez Requena,\u00a0 ex secretario de seguridad, del senador Ad\u00e1n Augusto L\u00f3pez \u00a0Hern\u00e1ndez - sanluisinforma.com\",\"isPartOf\":{\"@id\":\"https:\/\/sanluisinforma.com\/#website\"},\"datePublished\":\"2025-09-15T06:45:00+00:00\",\"dateModified\":\"2025-09-15T19:56:39+00:00\",\"breadcrumb\":{\"@id\":\"https:\/\/sanluisinforma.com\/?p=14745#breadcrumb\"},\"inLanguage\":\"es\",\"potentialAction\":[{\"@type\":\"ReadAction\",\"target\":[\"https:\/\/sanluisinforma.com\/?p=14745\"]}]},{\"@type\":\"BreadcrumbList\",\"@id\":\"https:\/\/sanluisinforma.com\/?p=14745#breadcrumb\",\"itemListElement\":[{\"@type\":\"ListItem\",\"position\":1,\"name\":\"Inicio\",\"item\":\"https:\/\/sanluisinforma.com\/\"},{\"@type\":\"ListItem\",\"position\":2,\"name\":\"Detienen a Hern\u00e1n Berm\u00fadez Requena,\u00a0 ex secretario de seguridad, del senador Ad\u00e1n Augusto L\u00f3pez \u00a0Hern\u00e1ndez\"}]},{\"@type\":\"WebSite\",\"@id\":\"https:\/\/sanluisinforma.com\/#website\",\"url\":\"https:\/\/sanluisinforma.com\/\",\"name\":\"sanluisinforma.com\",\"description\":\"Periodico San Luis Informa\",\"publisher\":{\"@id\":\"https:\/\/sanluisinforma.com\/#organization\"},\"potentialAction\":[{\"@type\":\"SearchAction\",\"target\":{\"@type\":\"EntryPoint\",\"urlTemplate\":\"https:\/\/sanluisinforma.com\/?s={search_term_string}\"},\"query-input\":{\"@type\":\"PropertyValueSpecification\",\"valueRequired\":true,\"valueName\":\"search_term_string\"}}],\"inLanguage\":\"es\"},{\"@type\":\"Organization\",\"@id\":\"https:\/\/sanluisinforma.com\/#organization\",\"name\":\"sanluisinforma.com\",\"url\":\"https:\/\/sanluisinforma.com\/\",\"logo\":{\"@type\":\"ImageObject\",\"inLanguage\":\"es\",\"@id\":\"https:\/\/sanluisinforma.com\/#\/schema\/logo\/image\/\",\"url\":\"https:\/\/sanluisinforma.com\/wp-content\/uploads\/2026\/03\/sanluisinforma-V.jpg\",\"contentUrl\":\"https:\/\/sanluisinforma.com\/wp-content\/uploads\/2026\/03\/sanluisinforma-V.jpg\",\"width\":500,\"height\":156,\"caption\":\"sanluisinforma.com\"},\"image\":{\"@id\":\"https:\/\/sanluisinforma.com\/#\/schema\/logo\/image\/\"}},{\"@type\":\"Person\",\"@id\":\"https:\/\/sanluisinforma.com\/#\/schema\/person\/c30648f71476be533b6f59d092905c8b\",\"name\":\"sanluisinforma.com\",\"image\":{\"@type\":\"ImageObject\",\"inLanguage\":\"es\",\"@id\":\"https:\/\/sanluisinforma.com\/#\/schema\/person\/image\/\",\"url\":\"https:\/\/secure.gravatar.com\/avatar\/86e3114e34a1eecefb963e0a02f0093f93b092dddb2fe1517596343751081a87?s=96&d=mm&r=g\",\"contentUrl\":\"https:\/\/secure.gravatar.com\/avatar\/86e3114e34a1eecefb963e0a02f0093f93b092dddb2fe1517596343751081a87?s=96&d=mm&r=g\",\"caption\":\"sanluisinforma.com\"},\"url\":\"https:\/\/sanluisinforma.com\/?author=2\"}]}<\/script>\n<!-- \/ Yoast SEO plugin. -->","yoast_head_json":{"title":"Detienen a Hern\u00e1n Berm\u00fadez Requena,\u00a0 ex secretario de seguridad, del senador Ad\u00e1n Augusto L\u00f3pez \u00a0Hern\u00e1ndez - sanluisinforma.com","robots":{"index":"index","follow":"follow","max-snippet":"max-snippet:-1","max-image-preview":"max-image-preview:large","max-video-preview":"max-video-preview:-1"},"canonical":"https:\/\/sanluisinforma.com\/?p=14745","og_locale":"es_MX","og_type":"article","og_title":"Detienen a Hern\u00e1n Berm\u00fadez Requena,\u00a0 ex secretario de seguridad, del senador Ad\u00e1n Augusto L\u00f3pez \u00a0Hern\u00e1ndez - sanluisinforma.com","og_description":"Ad\u00e1n Agusto L\u00f3pez Hern\u00e1ndez; que se castigue a los panistas , a Calder\u00f3n, \u00a0encubrieron las asesinatos de sus\u00a0 ex secretarios","og_url":"https:\/\/sanluisinforma.com\/?p=14745","og_site_name":"sanluisinforma.com","article_published_time":"2025-09-15T06:45:00+00:00","article_modified_time":"2025-09-15T19:56:39+00:00","author":"sanluisinforma.com","twitter_card":"summary_large_image","twitter_misc":{"Escrito por":"sanluisinforma.com","Tiempo de lectura":"3 minutos"},"schema":{"@context":"https:\/\/schema.org","@graph":[{"@type":"Article","@id":"https:\/\/sanluisinforma.com\/?p=14745#article","isPartOf":{"@id":"https:\/\/sanluisinforma.com\/?p=14745"},"author":{"name":"sanluisinforma.com","@id":"https:\/\/sanluisinforma.com\/#\/schema\/person\/c30648f71476be533b6f59d092905c8b"},"headline":"Detienen a Hern\u00e1n Berm\u00fadez Requena,\u00a0 ex secretario de seguridad, del senador Ad\u00e1n Augusto L\u00f3pez \u00a0Hern\u00e1ndez","datePublished":"2025-09-15T06:45:00+00:00","dateModified":"2025-09-15T19:56:39+00:00","mainEntityOfPage":{"@id":"https:\/\/sanluisinforma.com\/?p=14745"},"wordCount":609,"publisher":{"@id":"https:\/\/sanluisinforma.com\/#organization"},"articleSection":["Local"],"inLanguage":"es"},{"@type":"WebPage","@id":"https:\/\/sanluisinforma.com\/?p=14745","url":"https:\/\/sanluisinforma.com\/?p=14745","name":"Detienen a Hern\u00e1n Berm\u00fadez Requena,\u00a0 ex secretario de seguridad, del senador Ad\u00e1n Augusto L\u00f3pez \u00a0Hern\u00e1ndez - sanluisinforma.com","isPartOf":{"@id":"https:\/\/sanluisinforma.com\/#website"},"datePublished":"2025-09-15T06:45:00+00:00","dateModified":"2025-09-15T19:56:39+00:00","breadcrumb":{"@id":"https:\/\/sanluisinforma.com\/?p=14745#breadcrumb"},"inLanguage":"es","potentialAction":[{"@type":"ReadAction","target":["https:\/\/sanluisinforma.com\/?p=14745"]}]},{"@type":"BreadcrumbList","@id":"https:\/\/sanluisinforma.com\/?p=14745#breadcrumb","itemListElement":[{"@type":"ListItem","position":1,"name":"Inicio","item":"https:\/\/sanluisinforma.com\/"},{"@type":"ListItem","position":2,"name":"Detienen a Hern\u00e1n Berm\u00fadez Requena,\u00a0 ex secretario de seguridad, del senador Ad\u00e1n Augusto L\u00f3pez \u00a0Hern\u00e1ndez"}]},{"@type":"WebSite","@id":"https:\/\/sanluisinforma.com\/#website","url":"https:\/\/sanluisinforma.com\/","name":"sanluisinforma.com","description":"Periodico San Luis Informa","publisher":{"@id":"https:\/\/sanluisinforma.com\/#organization"},"potentialAction":[{"@type":"SearchAction","target":{"@type":"EntryPoint","urlTemplate":"https:\/\/sanluisinforma.com\/?s={search_term_string}"},"query-input":{"@type":"PropertyValueSpecification","valueRequired":true,"valueName":"search_term_string"}}],"inLanguage":"es"},{"@type":"Organization","@id":"https:\/\/sanluisinforma.com\/#organization","name":"sanluisinforma.com","url":"https:\/\/sanluisinforma.com\/","logo":{"@type":"ImageObject","inLanguage":"es","@id":"https:\/\/sanluisinforma.com\/#\/schema\/logo\/image\/","url":"https:\/\/sanluisinforma.com\/wp-content\/uploads\/2026\/03\/sanluisinforma-V.jpg","contentUrl":"https:\/\/sanluisinforma.com\/wp-content\/uploads\/2026\/03\/sanluisinforma-V.jpg","width":500,"height":156,"caption":"sanluisinforma.com"},"image":{"@id":"https:\/\/sanluisinforma.com\/#\/schema\/logo\/image\/"}},{"@type":"Person","@id":"https:\/\/sanluisinforma.com\/#\/schema\/person\/c30648f71476be533b6f59d092905c8b","name":"sanluisinforma.com","image":{"@type":"ImageObject","inLanguage":"es","@id":"https:\/\/sanluisinforma.com\/#\/schema\/person\/image\/","url":"https:\/\/secure.gravatar.com\/avatar\/86e3114e34a1eecefb963e0a02f0093f93b092dddb2fe1517596343751081a87?s=96&d=mm&r=g","contentUrl":"https:\/\/secure.gravatar.com\/avatar\/86e3114e34a1eecefb963e0a02f0093f93b092dddb2fe1517596343751081a87?s=96&d=mm&r=g","caption":"sanluisinforma.com"},"url":"https:\/\/sanluisinforma.com\/?author=2"}]}},"_links":{"self":[{"href":"https:\/\/sanluisinforma.com\/index.php?rest_route=\/wp\/v2\/posts\/14745","targetHints":{"allow":["GET"]}}],"collection":[{"href":"https:\/\/sanluisinforma.com\/index.php?rest_route=\/wp\/v2\/posts"}],"about":[{"href":"https:\/\/sanluisinforma.com\/index.php?rest_route=\/wp\/v2\/types\/post"}],"author":[{"embeddable":true,"href":"https:\/\/sanluisinforma.com\/index.php?rest_route=\/wp\/v2\/users\/2"}],"replies":[{"embeddable":true,"href":"https:\/\/sanluisinforma.com\/index.php?rest_route=%2Fwp%2Fv2%2Fcomments&post=14745"}],"version-history":[{"count":1,"href":"https:\/\/sanluisinforma.com\/index.php?rest_route=\/wp\/v2\/posts\/14745\/revisions"}],"predecessor-version":[{"id":14746,"href":"https:\/\/sanluisinforma.com\/index.php?rest_route=\/wp\/v2\/posts\/14745\/revisions\/14746"}],"wp:attachment":[{"href":"https:\/\/sanluisinforma.com\/index.php?rest_route=%2Fwp%2Fv2%2Fmedia&parent=14745"}],"wp:term":[{"taxonomy":"category","embeddable":true,"href":"https:\/\/sanluisinforma.com\/index.php?rest_route=%2Fwp%2Fv2%2Fcategories&post=14745"},{"taxonomy":"post_tag","embeddable":true,"href":"https:\/\/sanluisinforma.com\/index.php?rest_route=%2Fwp%2Fv2%2Ftags&post=14745"}],"curies":[{"name":"wp","href":"https:\/\/api.w.org\/{rel}","templated":true}]}}