{"id":14754,"date":"2025-09-16T00:50:00","date_gmt":"2025-09-16T06:50:00","guid":{"rendered":"https:\/\/sanluisinforma.com\/?p=14754"},"modified":"2025-09-15T23:38:32","modified_gmt":"2025-09-16T05:38:32","slug":"alcalde-enrique-galindo-inauguro-la-copa-internacional-azteca-de-futbol-para-ciegos-en-san-luis-capital","status":"publish","type":"post","link":"https:\/\/sanluisinforma.com\/?p=14754","title":{"rendered":"Alcalde Enrique Galindo inaugur\u00f3 la Copa Internacional Azteca de Futbol para Ciegos en San Luis Capital"},"content":{"rendered":"\n<p>Este evento internacional, donde participan las selecciones de Brasil, Estados Unidos, Canad\u00e1, Per\u00fa, Chile y M\u00e9xico, nuevamente pone a la Capital a la vanguardia en impulso al deporte y la atenci\u00f3n a personas con discapacidad<\/p>\n\n\n\n<p><\/p>\n\n\n\n<p>Con la entusiasta participaci\u00f3n de las selecciones de Brasil, Estados Unidos, Canad\u00e1, Per\u00fa, M\u00e9xico y Chile, el Alcalde Enrique Galindo puso en marcha la Copa Internacional Azteca de Futbol para Ciegos, que pone nuevamente a San Luis Potos\u00ed a la vanguardia en el impulso al deporte y se consolida al Ayuntamiento de SLP como un gobierno incluyente.<\/p>\n\n\n\n<p>Al dar la bienvenida a las delegaciones participantes, el Alcalde Enrique Galindo Ceballos refrend\u00f3 la pol\u00edtica del Gobierno Municipal de abrir espacios para personas con discapacidad no solo en el deporte, sino tambi\u00e9n en otros aspectos como la cultura, el turismo, la gastronom\u00eda \u201c\u00e1reas en las que la Capital potosina tiene mucho que ofrecer\u201d.<\/p>\n\n\n\n<p>Durante la inauguraci\u00f3n del evento, el Presidente y el Secretario de la Federaci\u00f3n Mexicana de Deportes para Ciegos y D\u00e9biles Visuales (FEMEDECIDEVI) Efra\u00edn Mora Garc\u00eda y Pablo Mill\u00e1n, respectivamente, reconocieron que San Luis Capital ha destacado a nivel nacional no s\u00f3lo por el impulso que le ha dado al deporte en todas sus modalidades, sino tambi\u00e9n por sus pol\u00edticas de atenci\u00f3n a las personas con discapacidad.<\/p>\n\n\n\n<p>Por su parte, la Presidenta del Sistema Municipal DIF, Estela Arriaga M\u00e1rquez, afirm\u00f3 que \u00fanicamente por participar en esta competencia, \u201ctodos los deportistas son ganadores, pues dan un ejemplo de c\u00f3mo se puede superar cualquier barrera cuando hay voluntad\u201d. En el evento inaugural, tambi\u00e9n se destac\u00f3 la participaci\u00f3n del cuerpo arbitral que dirigir\u00e1 todo el torneo, encabezado por Jos\u00e9 Alfredo Mart\u00ednez Ibarra, Arbitro Internacional por IBSA (International Blind Sport Association).<\/p>\n","protected":false},"excerpt":{"rendered":"<p>Este evento internacional, donde participan las selecciones de Brasil, Estados Unidos, Canad\u00e1, Per\u00fa, Chile y M\u00e9xico, nuevamente pone a la<\/p>\n","protected":false},"author":2,"featured_media":14755,"comment_status":"closed","ping_status":"closed","sticky":false,"template":"","format":"standard","meta":{"footnotes":""},"categories":[25,30],"tags":[],"class_list":["post-14754","post","type-post","status-publish","format-standard","has-post-thumbnail","hentry","category-local","category-portada"],"yoast_head":"<!-- This site is optimized with the Yoast SEO plugin v24.1 - https:\/\/yoast.com\/wordpress\/plugins\/seo\/ -->\n<title>Alcalde Enrique Galindo inaugur\u00f3 la Copa Internacional Azteca de Futbol para Ciegos en San Luis Capital - sanluisinforma.com<\/title>\n<meta name=\"robots\" content=\"index, follow, max-snippet:-1, max-image-preview:large, max-video-preview:-1\" \/>\n<link rel=\"canonical\" href=\"https:\/\/sanluisinforma.com\/?p=14754\" \/>\n<meta property=\"og:locale\" content=\"es_MX\" \/>\n<meta property=\"og:type\" content=\"article\" \/>\n<meta property=\"og:title\" content=\"Alcalde Enrique Galindo inaugur\u00f3 la Copa Internacional Azteca de Futbol para Ciegos en San Luis Capital - sanluisinforma.com\" \/>\n<meta property=\"og:description\" content=\"Este evento internacional, donde participan las selecciones de Brasil, Estados Unidos, Canad\u00e1, Per\u00fa, Chile y M\u00e9xico, nuevamente pone a la\" \/>\n<meta property=\"og:url\" content=\"https:\/\/sanluisinforma.com\/?p=14754\" \/>\n<meta property=\"og:site_name\" content=\"sanluisinforma.com\" \/>\n<meta property=\"article:published_time\" content=\"2025-09-16T06:50:00+00:00\" \/>\n<meta property=\"article:modified_time\" content=\"2025-09-16T05:38:32+00:00\" \/>\n<meta property=\"og:image\" content=\"https:\/\/sanluisinforma.com\/wp-content\/uploads\/2025\/09\/unnamed-1-10.jpg\" \/>\n\t<meta property=\"og:image:width\" content=\"400\" \/>\n\t<meta property=\"og:image:height\" content=\"314\" \/>\n\t<meta property=\"og:image:type\" content=\"image\/jpeg\" \/>\n<meta name=\"author\" content=\"sanluisinforma.com\" \/>\n<meta name=\"twitter:card\" content=\"summary_large_image\" \/>\n<meta name=\"twitter:label1\" content=\"Escrito por\" \/>\n\t<meta name=\"twitter:data1\" content=\"sanluisinforma.com\" \/>\n\t<meta name=\"twitter:label2\" content=\"Tiempo de lectura\" \/>\n\t<meta name=\"twitter:data2\" content=\"2 minutos\" \/>\n<script type=\"application\/ld+json\" class=\"yoast-schema-graph\">{\"@context\":\"https:\/\/schema.org\",\"@graph\":[{\"@type\":\"Article\",\"@id\":\"https:\/\/sanluisinforma.com\/?p=14754#article\",\"isPartOf\":{\"@id\":\"https:\/\/sanluisinforma.com\/?p=14754\"},\"author\":{\"name\":\"sanluisinforma.com\",\"@id\":\"https:\/\/sanluisinforma.com\/#\/schema\/person\/c30648f71476be533b6f59d092905c8b\"},\"headline\":\"Alcalde Enrique Galindo inaugur\u00f3 la Copa Internacional Azteca de Futbol para Ciegos en San Luis Capital\",\"datePublished\":\"2025-09-16T06:50:00+00:00\",\"dateModified\":\"2025-09-16T05:38:32+00:00\",\"mainEntityOfPage\":{\"@id\":\"https:\/\/sanluisinforma.com\/?p=14754\"},\"wordCount\":320,\"publisher\":{\"@id\":\"https:\/\/sanluisinforma.com\/#organization\"},\"image\":{\"@id\":\"https:\/\/sanluisinforma.com\/?p=14754#primaryimage\"},\"thumbnailUrl\":\"https:\/\/sanluisinforma.com\/wp-content\/uploads\/2025\/09\/unnamed-1-10.jpg\",\"articleSection\":[\"Local\",\"Portada\"],\"inLanguage\":\"es\"},{\"@type\":\"WebPage\",\"@id\":\"https:\/\/sanluisinforma.com\/?p=14754\",\"url\":\"https:\/\/sanluisinforma.com\/?p=14754\",\"name\":\"Alcalde Enrique Galindo inaugur\u00f3 la Copa Internacional Azteca de Futbol para Ciegos en San Luis Capital - sanluisinforma.com\",\"isPartOf\":{\"@id\":\"https:\/\/sanluisinforma.com\/#website\"},\"primaryImageOfPage\":{\"@id\":\"https:\/\/sanluisinforma.com\/?p=14754#primaryimage\"},\"image\":{\"@id\":\"https:\/\/sanluisinforma.com\/?p=14754#primaryimage\"},\"thumbnailUrl\":\"https:\/\/sanluisinforma.com\/wp-content\/uploads\/2025\/09\/unnamed-1-10.jpg\",\"datePublished\":\"2025-09-16T06:50:00+00:00\",\"dateModified\":\"2025-09-16T05:38:32+00:00\",\"breadcrumb\":{\"@id\":\"https:\/\/sanluisinforma.com\/?p=14754#breadcrumb\"},\"inLanguage\":\"es\",\"potentialAction\":[{\"@type\":\"ReadAction\",\"target\":[\"https:\/\/sanluisinforma.com\/?p=14754\"]}]},{\"@type\":\"ImageObject\",\"inLanguage\":\"es\",\"@id\":\"https:\/\/sanluisinforma.com\/?p=14754#primaryimage\",\"url\":\"https:\/\/sanluisinforma.com\/wp-content\/uploads\/2025\/09\/unnamed-1-10.jpg\",\"contentUrl\":\"https:\/\/sanluisinforma.com\/wp-content\/uploads\/2025\/09\/unnamed-1-10.jpg\",\"width\":400,\"height\":314},{\"@type\":\"BreadcrumbList\",\"@id\":\"https:\/\/sanluisinforma.com\/?p=14754#breadcrumb\",\"itemListElement\":[{\"@type\":\"ListItem\",\"position\":1,\"name\":\"Inicio\",\"item\":\"https:\/\/sanluisinforma.com\/\"},{\"@type\":\"ListItem\",\"position\":2,\"name\":\"Alcalde Enrique Galindo inaugur\u00f3 la Copa Internacional Azteca de Futbol para Ciegos en San Luis Capital\"}]},{\"@type\":\"WebSite\",\"@id\":\"https:\/\/sanluisinforma.com\/#website\",\"url\":\"https:\/\/sanluisinforma.com\/\",\"name\":\"sanluisinforma.com\",\"description\":\"Periodico San Luis Informa\",\"publisher\":{\"@id\":\"https:\/\/sanluisinforma.com\/#organization\"},\"potentialAction\":[{\"@type\":\"SearchAction\",\"target\":{\"@type\":\"EntryPoint\",\"urlTemplate\":\"https:\/\/sanluisinforma.com\/?s={search_term_string}\"},\"query-input\":{\"@type\":\"PropertyValueSpecification\",\"valueRequired\":true,\"valueName\":\"search_term_string\"}}],\"inLanguage\":\"es\"},{\"@type\":\"Organization\",\"@id\":\"https:\/\/sanluisinforma.com\/#organization\",\"name\":\"sanluisinforma.com\",\"url\":\"https:\/\/sanluisinforma.com\/\",\"logo\":{\"@type\":\"ImageObject\",\"inLanguage\":\"es\",\"@id\":\"https:\/\/sanluisinforma.com\/#\/schema\/logo\/image\/\",\"url\":\"https:\/\/sanluisinforma.com\/wp-content\/uploads\/2026\/03\/sanluisinforma-V.jpg\",\"contentUrl\":\"https:\/\/sanluisinforma.com\/wp-content\/uploads\/2026\/03\/sanluisinforma-V.jpg\",\"width\":500,\"height\":156,\"caption\":\"sanluisinforma.com\"},\"image\":{\"@id\":\"https:\/\/sanluisinforma.com\/#\/schema\/logo\/image\/\"}},{\"@type\":\"Person\",\"@id\":\"https:\/\/sanluisinforma.com\/#\/schema\/person\/c30648f71476be533b6f59d092905c8b\",\"name\":\"sanluisinforma.com\",\"image\":{\"@type\":\"ImageObject\",\"inLanguage\":\"es\",\"@id\":\"https:\/\/sanluisinforma.com\/#\/schema\/person\/image\/\",\"url\":\"https:\/\/secure.gravatar.com\/avatar\/86e3114e34a1eecefb963e0a02f0093f93b092dddb2fe1517596343751081a87?s=96&d=mm&r=g\",\"contentUrl\":\"https:\/\/secure.gravatar.com\/avatar\/86e3114e34a1eecefb963e0a02f0093f93b092dddb2fe1517596343751081a87?s=96&d=mm&r=g\",\"caption\":\"sanluisinforma.com\"},\"url\":\"https:\/\/sanluisinforma.com\/?author=2\"}]}<\/script>\n<!-- \/ Yoast SEO plugin. -->","yoast_head_json":{"title":"Alcalde Enrique Galindo inaugur\u00f3 la Copa Internacional Azteca de Futbol para Ciegos en San Luis Capital - sanluisinforma.com","robots":{"index":"index","follow":"follow","max-snippet":"max-snippet:-1","max-image-preview":"max-image-preview:large","max-video-preview":"max-video-preview:-1"},"canonical":"https:\/\/sanluisinforma.com\/?p=14754","og_locale":"es_MX","og_type":"article","og_title":"Alcalde Enrique Galindo inaugur\u00f3 la Copa Internacional Azteca de Futbol para Ciegos en San Luis Capital - sanluisinforma.com","og_description":"Este evento internacional, donde participan las selecciones de Brasil, Estados Unidos, Canad\u00e1, Per\u00fa, Chile y M\u00e9xico, nuevamente pone a la","og_url":"https:\/\/sanluisinforma.com\/?p=14754","og_site_name":"sanluisinforma.com","article_published_time":"2025-09-16T06:50:00+00:00","article_modified_time":"2025-09-16T05:38:32+00:00","og_image":[{"width":400,"height":314,"url":"https:\/\/sanluisinforma.com\/wp-content\/uploads\/2025\/09\/unnamed-1-10.jpg","type":"image\/jpeg"}],"author":"sanluisinforma.com","twitter_card":"summary_large_image","twitter_misc":{"Escrito por":"sanluisinforma.com","Tiempo de lectura":"2 minutos"},"schema":{"@context":"https:\/\/schema.org","@graph":[{"@type":"Article","@id":"https:\/\/sanluisinforma.com\/?p=14754#article","isPartOf":{"@id":"https:\/\/sanluisinforma.com\/?p=14754"},"author":{"name":"sanluisinforma.com","@id":"https:\/\/sanluisinforma.com\/#\/schema\/person\/c30648f71476be533b6f59d092905c8b"},"headline":"Alcalde Enrique Galindo inaugur\u00f3 la Copa Internacional Azteca de Futbol para Ciegos en San Luis Capital","datePublished":"2025-09-16T06:50:00+00:00","dateModified":"2025-09-16T05:38:32+00:00","mainEntityOfPage":{"@id":"https:\/\/sanluisinforma.com\/?p=14754"},"wordCount":320,"publisher":{"@id":"https:\/\/sanluisinforma.com\/#organization"},"image":{"@id":"https:\/\/sanluisinforma.com\/?p=14754#primaryimage"},"thumbnailUrl":"https:\/\/sanluisinforma.com\/wp-content\/uploads\/2025\/09\/unnamed-1-10.jpg","articleSection":["Local","Portada"],"inLanguage":"es"},{"@type":"WebPage","@id":"https:\/\/sanluisinforma.com\/?p=14754","url":"https:\/\/sanluisinforma.com\/?p=14754","name":"Alcalde Enrique Galindo inaugur\u00f3 la Copa Internacional Azteca de Futbol para Ciegos en San Luis Capital - sanluisinforma.com","isPartOf":{"@id":"https:\/\/sanluisinforma.com\/#website"},"primaryImageOfPage":{"@id":"https:\/\/sanluisinforma.com\/?p=14754#primaryimage"},"image":{"@id":"https:\/\/sanluisinforma.com\/?p=14754#primaryimage"},"thumbnailUrl":"https:\/\/sanluisinforma.com\/wp-content\/uploads\/2025\/09\/unnamed-1-10.jpg","datePublished":"2025-09-16T06:50:00+00:00","dateModified":"2025-09-16T05:38:32+00:00","breadcrumb":{"@id":"https:\/\/sanluisinforma.com\/?p=14754#breadcrumb"},"inLanguage":"es","potentialAction":[{"@type":"ReadAction","target":["https:\/\/sanluisinforma.com\/?p=14754"]}]},{"@type":"ImageObject","inLanguage":"es","@id":"https:\/\/sanluisinforma.com\/?p=14754#primaryimage","url":"https:\/\/sanluisinforma.com\/wp-content\/uploads\/2025\/09\/unnamed-1-10.jpg","contentUrl":"https:\/\/sanluisinforma.com\/wp-content\/uploads\/2025\/09\/unnamed-1-10.jpg","width":400,"height":314},{"@type":"BreadcrumbList","@id":"https:\/\/sanluisinforma.com\/?p=14754#breadcrumb","itemListElement":[{"@type":"ListItem","position":1,"name":"Inicio","item":"https:\/\/sanluisinforma.com\/"},{"@type":"ListItem","position":2,"name":"Alcalde Enrique Galindo inaugur\u00f3 la Copa Internacional Azteca de Futbol para Ciegos en San Luis Capital"}]},{"@type":"WebSite","@id":"https:\/\/sanluisinforma.com\/#website","url":"https:\/\/sanluisinforma.com\/","name":"sanluisinforma.com","description":"Periodico San Luis Informa","publisher":{"@id":"https:\/\/sanluisinforma.com\/#organization"},"potentialAction":[{"@type":"SearchAction","target":{"@type":"EntryPoint","urlTemplate":"https:\/\/sanluisinforma.com\/?s={search_term_string}"},"query-input":{"@type":"PropertyValueSpecification","valueRequired":true,"valueName":"search_term_string"}}],"inLanguage":"es"},{"@type":"Organization","@id":"https:\/\/sanluisinforma.com\/#organization","name":"sanluisinforma.com","url":"https:\/\/sanluisinforma.com\/","logo":{"@type":"ImageObject","inLanguage":"es","@id":"https:\/\/sanluisinforma.com\/#\/schema\/logo\/image\/","url":"https:\/\/sanluisinforma.com\/wp-content\/uploads\/2026\/03\/sanluisinforma-V.jpg","contentUrl":"https:\/\/sanluisinforma.com\/wp-content\/uploads\/2026\/03\/sanluisinforma-V.jpg","width":500,"height":156,"caption":"sanluisinforma.com"},"image":{"@id":"https:\/\/sanluisinforma.com\/#\/schema\/logo\/image\/"}},{"@type":"Person","@id":"https:\/\/sanluisinforma.com\/#\/schema\/person\/c30648f71476be533b6f59d092905c8b","name":"sanluisinforma.com","image":{"@type":"ImageObject","inLanguage":"es","@id":"https:\/\/sanluisinforma.com\/#\/schema\/person\/image\/","url":"https:\/\/secure.gravatar.com\/avatar\/86e3114e34a1eecefb963e0a02f0093f93b092dddb2fe1517596343751081a87?s=96&d=mm&r=g","contentUrl":"https:\/\/secure.gravatar.com\/avatar\/86e3114e34a1eecefb963e0a02f0093f93b092dddb2fe1517596343751081a87?s=96&d=mm&r=g","caption":"sanluisinforma.com"},"url":"https:\/\/sanluisinforma.com\/?author=2"}]}},"_links":{"self":[{"href":"https:\/\/sanluisinforma.com\/index.php?rest_route=\/wp\/v2\/posts\/14754","targetHints":{"allow":["GET"]}}],"collection":[{"href":"https:\/\/sanluisinforma.com\/index.php?rest_route=\/wp\/v2\/posts"}],"about":[{"href":"https:\/\/sanluisinforma.com\/index.php?rest_route=\/wp\/v2\/types\/post"}],"author":[{"embeddable":true,"href":"https:\/\/sanluisinforma.com\/index.php?rest_route=\/wp\/v2\/users\/2"}],"replies":[{"embeddable":true,"href":"https:\/\/sanluisinforma.com\/index.php?rest_route=%2Fwp%2Fv2%2Fcomments&post=14754"}],"version-history":[{"count":1,"href":"https:\/\/sanluisinforma.com\/index.php?rest_route=\/wp\/v2\/posts\/14754\/revisions"}],"predecessor-version":[{"id":14756,"href":"https:\/\/sanluisinforma.com\/index.php?rest_route=\/wp\/v2\/posts\/14754\/revisions\/14756"}],"wp:featuredmedia":[{"embeddable":true,"href":"https:\/\/sanluisinforma.com\/index.php?rest_route=\/wp\/v2\/media\/14755"}],"wp:attachment":[{"href":"https:\/\/sanluisinforma.com\/index.php?rest_route=%2Fwp%2Fv2%2Fmedia&parent=14754"}],"wp:term":[{"taxonomy":"category","embeddable":true,"href":"https:\/\/sanluisinforma.com\/index.php?rest_route=%2Fwp%2Fv2%2Fcategories&post=14754"},{"taxonomy":"post_tag","embeddable":true,"href":"https:\/\/sanluisinforma.com\/index.php?rest_route=%2Fwp%2Fv2%2Ftags&post=14754"}],"curies":[{"name":"wp","href":"https:\/\/api.w.org\/{rel}","templated":true}]}}