{"id":14758,"date":"2025-09-16T00:45:00","date_gmt":"2025-09-16T06:45:00","guid":{"rendered":"https:\/\/sanluisinforma.com\/?p=14758"},"modified":"2025-09-15T23:24:28","modified_gmt":"2025-09-16T05:24:28","slug":"estrechan-relaciones-san-luis-capital-y-eua-para-intercambios-economicos-culturales-y-academicos","status":"publish","type":"post","link":"https:\/\/sanluisinforma.com\/?p=14758","title":{"rendered":"Estrechan relaciones San Luis Capital y EUA para intercambios econ\u00f3micos, culturales y acad\u00e9micos"},"content":{"rendered":"\n<p>El Presidente Municipal, Enrique Galindo insisti\u00f3 en la relevancia de consolidar esta relaci\u00f3n de la ciudad con Estados Unidos.<\/p>\n\n\n\n<p>La C\u00f3nsul General de los Estados Unidos en Monterrey, Melissa A. Bishop resalt\u00f3 la coordinaci\u00f3n que hay con distintas \u00e1reas municipales.<\/p>\n\n\n\n<p><\/p>\n\n\n\n<p>En reuni\u00f3n entre el Gobierno Municipal de San Luis Potos\u00ed y el Consulado de Estados Unidos en Monterrey, el Alcalde, Enrique Galindo Ceballos resalt\u00f3 la relevancia de este acercamiento y los lazos de colaboraci\u00f3n para consolidar esta&nbsp; relaci\u00f3n en distintas \u00e1reas y aspectos.<\/p>\n\n\n\n<p>En el Sal\u00f3n Presidentes de Palacio Municipal, Galindo Ceballos insisti\u00f3 en la importancia de seguir fortaleciendo el trabajo coordinado que ya tiene San Luis Capital con Estados Unidos en materia de turismo, seguridad, desarrollo econ\u00f3mico, cultura, entre otros.<\/p>\n\n\n\n<p>La C\u00f3nsul General de los Estados Unidos en Monterrey, Melissa A. Bishop remarc\u00f3 el trabajo conjunto que mantiene el gobierno estadounidense con la ciudad, por ello, la relevancia de esta reuni\u00f3n. Igualmente insisti\u00f3 que se fortalecer\u00e1 la colaboraci\u00f3n con el Gobierno de la Capital, debido a la disposici\u00f3n que tiene el Presidente Municipal, Enrique Galindo Ceballos.<\/p>\n\n\n\n<p>En esta reuni\u00f3n estuvieron presentes integrantes del Gabinete del Ayuntamiento de la Capital, as\u00ed como representantes de diversas \u00e1reas del Consulado de Estados Unidos en Monterrey.<\/p>\n","protected":false},"excerpt":{"rendered":"<p>El Presidente Municipal, Enrique Galindo insisti\u00f3 en la relevancia de consolidar esta relaci\u00f3n de la ciudad con Estados Unidos. La<\/p>\n","protected":false},"author":2,"featured_media":14759,"comment_status":"closed","ping_status":"closed","sticky":false,"template":"","format":"standard","meta":{"footnotes":""},"categories":[30],"tags":[],"class_list":["post-14758","post","type-post","status-publish","format-standard","has-post-thumbnail","hentry","category-portada"],"yoast_head":"<!-- This site is optimized with the Yoast SEO plugin v24.1 - https:\/\/yoast.com\/wordpress\/plugins\/seo\/ -->\n<title>Estrechan relaciones San Luis Capital y EUA para intercambios econ\u00f3micos, culturales y acad\u00e9micos - sanluisinforma.com<\/title>\n<meta name=\"robots\" content=\"index, follow, max-snippet:-1, max-image-preview:large, max-video-preview:-1\" \/>\n<link rel=\"canonical\" href=\"https:\/\/sanluisinforma.com\/?p=14758\" \/>\n<meta property=\"og:locale\" content=\"es_MX\" \/>\n<meta property=\"og:type\" content=\"article\" \/>\n<meta property=\"og:title\" content=\"Estrechan relaciones San Luis Capital y EUA para intercambios econ\u00f3micos, culturales y acad\u00e9micos - sanluisinforma.com\" \/>\n<meta property=\"og:description\" content=\"El Presidente Municipal, Enrique Galindo insisti\u00f3 en la relevancia de consolidar esta relaci\u00f3n de la ciudad con Estados Unidos. La\" \/>\n<meta property=\"og:url\" content=\"https:\/\/sanluisinforma.com\/?p=14758\" \/>\n<meta property=\"og:site_name\" content=\"sanluisinforma.com\" \/>\n<meta property=\"article:published_time\" content=\"2025-09-16T06:45:00+00:00\" \/>\n<meta property=\"article:modified_time\" content=\"2025-09-16T05:24:28+00:00\" \/>\n<meta property=\"og:image\" content=\"https:\/\/sanluisinforma.com\/wp-content\/uploads\/2025\/09\/unnamed-2-10.jpg\" \/>\n\t<meta property=\"og:image:width\" content=\"400\" \/>\n\t<meta property=\"og:image:height\" content=\"266\" \/>\n\t<meta property=\"og:image:type\" content=\"image\/jpeg\" \/>\n<meta name=\"author\" content=\"sanluisinforma.com\" \/>\n<meta name=\"twitter:card\" content=\"summary_large_image\" \/>\n<meta name=\"twitter:label1\" content=\"Escrito por\" \/>\n\t<meta name=\"twitter:data1\" content=\"sanluisinforma.com\" \/>\n\t<meta name=\"twitter:label2\" content=\"Tiempo de lectura\" \/>\n\t<meta name=\"twitter:data2\" content=\"2 minutos\" \/>\n<script type=\"application\/ld+json\" class=\"yoast-schema-graph\">{\"@context\":\"https:\/\/schema.org\",\"@graph\":[{\"@type\":\"Article\",\"@id\":\"https:\/\/sanluisinforma.com\/?p=14758#article\",\"isPartOf\":{\"@id\":\"https:\/\/sanluisinforma.com\/?p=14758\"},\"author\":{\"name\":\"sanluisinforma.com\",\"@id\":\"https:\/\/sanluisinforma.com\/#\/schema\/person\/c30648f71476be533b6f59d092905c8b\"},\"headline\":\"Estrechan relaciones San Luis Capital y EUA para intercambios econ\u00f3micos, culturales y acad\u00e9micos\",\"datePublished\":\"2025-09-16T06:45:00+00:00\",\"dateModified\":\"2025-09-16T05:24:28+00:00\",\"mainEntityOfPage\":{\"@id\":\"https:\/\/sanluisinforma.com\/?p=14758\"},\"wordCount\":232,\"publisher\":{\"@id\":\"https:\/\/sanluisinforma.com\/#organization\"},\"image\":{\"@id\":\"https:\/\/sanluisinforma.com\/?p=14758#primaryimage\"},\"thumbnailUrl\":\"https:\/\/sanluisinforma.com\/wp-content\/uploads\/2025\/09\/unnamed-2-10.jpg\",\"articleSection\":[\"Portada\"],\"inLanguage\":\"es\"},{\"@type\":\"WebPage\",\"@id\":\"https:\/\/sanluisinforma.com\/?p=14758\",\"url\":\"https:\/\/sanluisinforma.com\/?p=14758\",\"name\":\"Estrechan relaciones San Luis Capital y EUA para intercambios econ\u00f3micos, culturales y acad\u00e9micos - sanluisinforma.com\",\"isPartOf\":{\"@id\":\"https:\/\/sanluisinforma.com\/#website\"},\"primaryImageOfPage\":{\"@id\":\"https:\/\/sanluisinforma.com\/?p=14758#primaryimage\"},\"image\":{\"@id\":\"https:\/\/sanluisinforma.com\/?p=14758#primaryimage\"},\"thumbnailUrl\":\"https:\/\/sanluisinforma.com\/wp-content\/uploads\/2025\/09\/unnamed-2-10.jpg\",\"datePublished\":\"2025-09-16T06:45:00+00:00\",\"dateModified\":\"2025-09-16T05:24:28+00:00\",\"breadcrumb\":{\"@id\":\"https:\/\/sanluisinforma.com\/?p=14758#breadcrumb\"},\"inLanguage\":\"es\",\"potentialAction\":[{\"@type\":\"ReadAction\",\"target\":[\"https:\/\/sanluisinforma.com\/?p=14758\"]}]},{\"@type\":\"ImageObject\",\"inLanguage\":\"es\",\"@id\":\"https:\/\/sanluisinforma.com\/?p=14758#primaryimage\",\"url\":\"https:\/\/sanluisinforma.com\/wp-content\/uploads\/2025\/09\/unnamed-2-10.jpg\",\"contentUrl\":\"https:\/\/sanluisinforma.com\/wp-content\/uploads\/2025\/09\/unnamed-2-10.jpg\",\"width\":400,\"height\":266},{\"@type\":\"BreadcrumbList\",\"@id\":\"https:\/\/sanluisinforma.com\/?p=14758#breadcrumb\",\"itemListElement\":[{\"@type\":\"ListItem\",\"position\":1,\"name\":\"Inicio\",\"item\":\"https:\/\/sanluisinforma.com\/\"},{\"@type\":\"ListItem\",\"position\":2,\"name\":\"Estrechan relaciones San Luis Capital y EUA para intercambios econ\u00f3micos, culturales y acad\u00e9micos\"}]},{\"@type\":\"WebSite\",\"@id\":\"https:\/\/sanluisinforma.com\/#website\",\"url\":\"https:\/\/sanluisinforma.com\/\",\"name\":\"sanluisinforma.com\",\"description\":\"Periodico San Luis Informa\",\"publisher\":{\"@id\":\"https:\/\/sanluisinforma.com\/#organization\"},\"potentialAction\":[{\"@type\":\"SearchAction\",\"target\":{\"@type\":\"EntryPoint\",\"urlTemplate\":\"https:\/\/sanluisinforma.com\/?s={search_term_string}\"},\"query-input\":{\"@type\":\"PropertyValueSpecification\",\"valueRequired\":true,\"valueName\":\"search_term_string\"}}],\"inLanguage\":\"es\"},{\"@type\":\"Organization\",\"@id\":\"https:\/\/sanluisinforma.com\/#organization\",\"name\":\"sanluisinforma.com\",\"url\":\"https:\/\/sanluisinforma.com\/\",\"logo\":{\"@type\":\"ImageObject\",\"inLanguage\":\"es\",\"@id\":\"https:\/\/sanluisinforma.com\/#\/schema\/logo\/image\/\",\"url\":\"https:\/\/sanluisinforma.com\/wp-content\/uploads\/2026\/03\/sanluisinforma-V.jpg\",\"contentUrl\":\"https:\/\/sanluisinforma.com\/wp-content\/uploads\/2026\/03\/sanluisinforma-V.jpg\",\"width\":500,\"height\":156,\"caption\":\"sanluisinforma.com\"},\"image\":{\"@id\":\"https:\/\/sanluisinforma.com\/#\/schema\/logo\/image\/\"}},{\"@type\":\"Person\",\"@id\":\"https:\/\/sanluisinforma.com\/#\/schema\/person\/c30648f71476be533b6f59d092905c8b\",\"name\":\"sanluisinforma.com\",\"image\":{\"@type\":\"ImageObject\",\"inLanguage\":\"es\",\"@id\":\"https:\/\/sanluisinforma.com\/#\/schema\/person\/image\/\",\"url\":\"https:\/\/secure.gravatar.com\/avatar\/86e3114e34a1eecefb963e0a02f0093f93b092dddb2fe1517596343751081a87?s=96&d=mm&r=g\",\"contentUrl\":\"https:\/\/secure.gravatar.com\/avatar\/86e3114e34a1eecefb963e0a02f0093f93b092dddb2fe1517596343751081a87?s=96&d=mm&r=g\",\"caption\":\"sanluisinforma.com\"},\"url\":\"https:\/\/sanluisinforma.com\/?author=2\"}]}<\/script>\n<!-- \/ Yoast SEO plugin. -->","yoast_head_json":{"title":"Estrechan relaciones San Luis Capital y EUA para intercambios econ\u00f3micos, culturales y acad\u00e9micos - sanluisinforma.com","robots":{"index":"index","follow":"follow","max-snippet":"max-snippet:-1","max-image-preview":"max-image-preview:large","max-video-preview":"max-video-preview:-1"},"canonical":"https:\/\/sanluisinforma.com\/?p=14758","og_locale":"es_MX","og_type":"article","og_title":"Estrechan relaciones San Luis Capital y EUA para intercambios econ\u00f3micos, culturales y acad\u00e9micos - sanluisinforma.com","og_description":"El Presidente Municipal, Enrique Galindo insisti\u00f3 en la relevancia de consolidar esta relaci\u00f3n de la ciudad con Estados Unidos. La","og_url":"https:\/\/sanluisinforma.com\/?p=14758","og_site_name":"sanluisinforma.com","article_published_time":"2025-09-16T06:45:00+00:00","article_modified_time":"2025-09-16T05:24:28+00:00","og_image":[{"width":400,"height":266,"url":"https:\/\/sanluisinforma.com\/wp-content\/uploads\/2025\/09\/unnamed-2-10.jpg","type":"image\/jpeg"}],"author":"sanluisinforma.com","twitter_card":"summary_large_image","twitter_misc":{"Escrito por":"sanluisinforma.com","Tiempo de lectura":"2 minutos"},"schema":{"@context":"https:\/\/schema.org","@graph":[{"@type":"Article","@id":"https:\/\/sanluisinforma.com\/?p=14758#article","isPartOf":{"@id":"https:\/\/sanluisinforma.com\/?p=14758"},"author":{"name":"sanluisinforma.com","@id":"https:\/\/sanluisinforma.com\/#\/schema\/person\/c30648f71476be533b6f59d092905c8b"},"headline":"Estrechan relaciones San Luis Capital y EUA para intercambios econ\u00f3micos, culturales y acad\u00e9micos","datePublished":"2025-09-16T06:45:00+00:00","dateModified":"2025-09-16T05:24:28+00:00","mainEntityOfPage":{"@id":"https:\/\/sanluisinforma.com\/?p=14758"},"wordCount":232,"publisher":{"@id":"https:\/\/sanluisinforma.com\/#organization"},"image":{"@id":"https:\/\/sanluisinforma.com\/?p=14758#primaryimage"},"thumbnailUrl":"https:\/\/sanluisinforma.com\/wp-content\/uploads\/2025\/09\/unnamed-2-10.jpg","articleSection":["Portada"],"inLanguage":"es"},{"@type":"WebPage","@id":"https:\/\/sanluisinforma.com\/?p=14758","url":"https:\/\/sanluisinforma.com\/?p=14758","name":"Estrechan relaciones San Luis Capital y EUA para intercambios econ\u00f3micos, culturales y acad\u00e9micos - sanluisinforma.com","isPartOf":{"@id":"https:\/\/sanluisinforma.com\/#website"},"primaryImageOfPage":{"@id":"https:\/\/sanluisinforma.com\/?p=14758#primaryimage"},"image":{"@id":"https:\/\/sanluisinforma.com\/?p=14758#primaryimage"},"thumbnailUrl":"https:\/\/sanluisinforma.com\/wp-content\/uploads\/2025\/09\/unnamed-2-10.jpg","datePublished":"2025-09-16T06:45:00+00:00","dateModified":"2025-09-16T05:24:28+00:00","breadcrumb":{"@id":"https:\/\/sanluisinforma.com\/?p=14758#breadcrumb"},"inLanguage":"es","potentialAction":[{"@type":"ReadAction","target":["https:\/\/sanluisinforma.com\/?p=14758"]}]},{"@type":"ImageObject","inLanguage":"es","@id":"https:\/\/sanluisinforma.com\/?p=14758#primaryimage","url":"https:\/\/sanluisinforma.com\/wp-content\/uploads\/2025\/09\/unnamed-2-10.jpg","contentUrl":"https:\/\/sanluisinforma.com\/wp-content\/uploads\/2025\/09\/unnamed-2-10.jpg","width":400,"height":266},{"@type":"BreadcrumbList","@id":"https:\/\/sanluisinforma.com\/?p=14758#breadcrumb","itemListElement":[{"@type":"ListItem","position":1,"name":"Inicio","item":"https:\/\/sanluisinforma.com\/"},{"@type":"ListItem","position":2,"name":"Estrechan relaciones San Luis Capital y EUA para intercambios econ\u00f3micos, culturales y acad\u00e9micos"}]},{"@type":"WebSite","@id":"https:\/\/sanluisinforma.com\/#website","url":"https:\/\/sanluisinforma.com\/","name":"sanluisinforma.com","description":"Periodico San Luis Informa","publisher":{"@id":"https:\/\/sanluisinforma.com\/#organization"},"potentialAction":[{"@type":"SearchAction","target":{"@type":"EntryPoint","urlTemplate":"https:\/\/sanluisinforma.com\/?s={search_term_string}"},"query-input":{"@type":"PropertyValueSpecification","valueRequired":true,"valueName":"search_term_string"}}],"inLanguage":"es"},{"@type":"Organization","@id":"https:\/\/sanluisinforma.com\/#organization","name":"sanluisinforma.com","url":"https:\/\/sanluisinforma.com\/","logo":{"@type":"ImageObject","inLanguage":"es","@id":"https:\/\/sanluisinforma.com\/#\/schema\/logo\/image\/","url":"https:\/\/sanluisinforma.com\/wp-content\/uploads\/2026\/03\/sanluisinforma-V.jpg","contentUrl":"https:\/\/sanluisinforma.com\/wp-content\/uploads\/2026\/03\/sanluisinforma-V.jpg","width":500,"height":156,"caption":"sanluisinforma.com"},"image":{"@id":"https:\/\/sanluisinforma.com\/#\/schema\/logo\/image\/"}},{"@type":"Person","@id":"https:\/\/sanluisinforma.com\/#\/schema\/person\/c30648f71476be533b6f59d092905c8b","name":"sanluisinforma.com","image":{"@type":"ImageObject","inLanguage":"es","@id":"https:\/\/sanluisinforma.com\/#\/schema\/person\/image\/","url":"https:\/\/secure.gravatar.com\/avatar\/86e3114e34a1eecefb963e0a02f0093f93b092dddb2fe1517596343751081a87?s=96&d=mm&r=g","contentUrl":"https:\/\/secure.gravatar.com\/avatar\/86e3114e34a1eecefb963e0a02f0093f93b092dddb2fe1517596343751081a87?s=96&d=mm&r=g","caption":"sanluisinforma.com"},"url":"https:\/\/sanluisinforma.com\/?author=2"}]}},"_links":{"self":[{"href":"https:\/\/sanluisinforma.com\/index.php?rest_route=\/wp\/v2\/posts\/14758","targetHints":{"allow":["GET"]}}],"collection":[{"href":"https:\/\/sanluisinforma.com\/index.php?rest_route=\/wp\/v2\/posts"}],"about":[{"href":"https:\/\/sanluisinforma.com\/index.php?rest_route=\/wp\/v2\/types\/post"}],"author":[{"embeddable":true,"href":"https:\/\/sanluisinforma.com\/index.php?rest_route=\/wp\/v2\/users\/2"}],"replies":[{"embeddable":true,"href":"https:\/\/sanluisinforma.com\/index.php?rest_route=%2Fwp%2Fv2%2Fcomments&post=14758"}],"version-history":[{"count":1,"href":"https:\/\/sanluisinforma.com\/index.php?rest_route=\/wp\/v2\/posts\/14758\/revisions"}],"predecessor-version":[{"id":14760,"href":"https:\/\/sanluisinforma.com\/index.php?rest_route=\/wp\/v2\/posts\/14758\/revisions\/14760"}],"wp:featuredmedia":[{"embeddable":true,"href":"https:\/\/sanluisinforma.com\/index.php?rest_route=\/wp\/v2\/media\/14759"}],"wp:attachment":[{"href":"https:\/\/sanluisinforma.com\/index.php?rest_route=%2Fwp%2Fv2%2Fmedia&parent=14758"}],"wp:term":[{"taxonomy":"category","embeddable":true,"href":"https:\/\/sanluisinforma.com\/index.php?rest_route=%2Fwp%2Fv2%2Fcategories&post=14758"},{"taxonomy":"post_tag","embeddable":true,"href":"https:\/\/sanluisinforma.com\/index.php?rest_route=%2Fwp%2Fv2%2Ftags&post=14758"}],"curies":[{"name":"wp","href":"https:\/\/api.w.org\/{rel}","templated":true}]}}