{"id":14769,"date":"2025-09-16T00:35:00","date_gmt":"2025-09-16T06:35:00","guid":{"rendered":"https:\/\/sanluisinforma.com\/?p=14769"},"modified":"2025-09-15T23:38:00","modified_gmt":"2025-09-16T05:38:00","slug":"federacion-respalda-a-san-luis-potosi-con-proyectos-estrategicos","status":"publish","type":"post","link":"https:\/\/sanluisinforma.com\/?p=14769","title":{"rendered":"Federaci\u00f3n respalda a San Luis Potos\u00ed con Proyectos Estrat\u00e9gicos"},"content":{"rendered":"\n<p>&nbsp;Tras el encuentro entre el Gobernador Ricardo Gallardo y la Presidenta Claudia Sheinbaum, se reforz\u00f3 la agenda de cooperaci\u00f3n para impulsar obras clave como el tren de pasajeros, el aeropuerto de Tamu\u00edn y nuevas carreteras.<\/p>\n\n\n\n<p>Tras el encuentro entre el Gobernador Ricardo Gallardo Cardona y la Presidenta de M\u00e9xico Claudia Sheinbaum Pardo durante su visita a la entidad, se fortaleci\u00f3 la agenda de cooperaci\u00f3n entre el Gobierno Federal y el Estado, priorizando el desarrollo econ\u00f3mico, infraestructura estrat\u00e9gica y acuerdos presupuestales en beneficio de las y los potosinos.<\/p>\n\n\n\n<p>El secretario General de Gobierno, J. Guadalupe Torres S\u00e1nchez, destac\u00f3 que esta visita marca un respaldo claro de la Federaci\u00f3n a San Luis Potos\u00ed, con el anuncio de proyectos como el tren de pasajeros, la modernizaci\u00f3n del Aeropuerto de Tamu\u00edn, nuevas viviendas de Infonavit, as\u00ed como la segunda etapa de la carretera Matehuala\u2013San Luis Potos\u00ed y la futura conexi\u00f3n carretera hacia Nuevo Laredo.<\/p>\n\n\n\n<p>Estas acciones, se\u00f1al\u00f3, se complementan con el seguimiento a las iniciativas econ\u00f3micas impulsadas por el ejecutivo estatal tras su reciente gira por Asia, consolidando un mensaje de confianza, cooperaci\u00f3n y compromiso conjunto entre la Federaci\u00f3n y el Estado para impulsar el desarrollo regional sin l\u00edmites.<\/p>\n","protected":false},"excerpt":{"rendered":"<p>&nbsp;Tras el encuentro entre el Gobernador Ricardo Gallardo y la Presidenta Claudia Sheinbaum, se reforz\u00f3 la agenda de cooperaci\u00f3n para<\/p>\n","protected":false},"author":2,"featured_media":14770,"comment_status":"closed","ping_status":"closed","sticky":false,"template":"","format":"standard","meta":{"footnotes":""},"categories":[25],"tags":[],"class_list":["post-14769","post","type-post","status-publish","format-standard","has-post-thumbnail","hentry","category-local"],"yoast_head":"<!-- This site is optimized with the Yoast SEO plugin v24.1 - https:\/\/yoast.com\/wordpress\/plugins\/seo\/ -->\n<title>Federaci\u00f3n respalda a San Luis Potos\u00ed con Proyectos Estrat\u00e9gicos - sanluisinforma.com<\/title>\n<meta name=\"robots\" content=\"index, follow, max-snippet:-1, max-image-preview:large, max-video-preview:-1\" \/>\n<link rel=\"canonical\" href=\"https:\/\/sanluisinforma.com\/?p=14769\" \/>\n<meta property=\"og:locale\" content=\"es_MX\" \/>\n<meta property=\"og:type\" content=\"article\" \/>\n<meta property=\"og:title\" content=\"Federaci\u00f3n respalda a San Luis Potos\u00ed con Proyectos Estrat\u00e9gicos - sanluisinforma.com\" \/>\n<meta property=\"og:description\" content=\"&nbsp;Tras el encuentro entre el Gobernador Ricardo Gallardo y la Presidenta Claudia Sheinbaum, se reforz\u00f3 la agenda de cooperaci\u00f3n para\" \/>\n<meta property=\"og:url\" content=\"https:\/\/sanluisinforma.com\/?p=14769\" \/>\n<meta property=\"og:site_name\" content=\"sanluisinforma.com\" \/>\n<meta property=\"article:published_time\" content=\"2025-09-16T06:35:00+00:00\" \/>\n<meta property=\"article:modified_time\" content=\"2025-09-16T05:38:00+00:00\" \/>\n<meta property=\"og:image\" content=\"https:\/\/sanluisinforma.com\/wp-content\/uploads\/2025\/09\/unnamed-5G.jpg\" \/>\n\t<meta property=\"og:image:width\" content=\"400\" \/>\n\t<meta property=\"og:image:height\" content=\"265\" \/>\n\t<meta property=\"og:image:type\" content=\"image\/jpeg\" \/>\n<meta name=\"author\" content=\"sanluisinforma.com\" \/>\n<meta name=\"twitter:card\" content=\"summary_large_image\" \/>\n<meta name=\"twitter:label1\" content=\"Escrito por\" \/>\n\t<meta name=\"twitter:data1\" content=\"sanluisinforma.com\" \/>\n\t<meta name=\"twitter:label2\" content=\"Tiempo de lectura\" \/>\n\t<meta name=\"twitter:data2\" content=\"2 minutos\" \/>\n<script type=\"application\/ld+json\" class=\"yoast-schema-graph\">{\"@context\":\"https:\/\/schema.org\",\"@graph\":[{\"@type\":\"Article\",\"@id\":\"https:\/\/sanluisinforma.com\/?p=14769#article\",\"isPartOf\":{\"@id\":\"https:\/\/sanluisinforma.com\/?p=14769\"},\"author\":{\"name\":\"sanluisinforma.com\",\"@id\":\"https:\/\/sanluisinforma.com\/#\/schema\/person\/c30648f71476be533b6f59d092905c8b\"},\"headline\":\"Federaci\u00f3n respalda a San Luis Potos\u00ed con Proyectos Estrat\u00e9gicos\",\"datePublished\":\"2025-09-16T06:35:00+00:00\",\"dateModified\":\"2025-09-16T05:38:00+00:00\",\"mainEntityOfPage\":{\"@id\":\"https:\/\/sanluisinforma.com\/?p=14769\"},\"wordCount\":224,\"publisher\":{\"@id\":\"https:\/\/sanluisinforma.com\/#organization\"},\"image\":{\"@id\":\"https:\/\/sanluisinforma.com\/?p=14769#primaryimage\"},\"thumbnailUrl\":\"https:\/\/sanluisinforma.com\/wp-content\/uploads\/2025\/09\/unnamed-5G.jpg\",\"articleSection\":[\"Local\"],\"inLanguage\":\"es\"},{\"@type\":\"WebPage\",\"@id\":\"https:\/\/sanluisinforma.com\/?p=14769\",\"url\":\"https:\/\/sanluisinforma.com\/?p=14769\",\"name\":\"Federaci\u00f3n respalda a San Luis Potos\u00ed con Proyectos Estrat\u00e9gicos - sanluisinforma.com\",\"isPartOf\":{\"@id\":\"https:\/\/sanluisinforma.com\/#website\"},\"primaryImageOfPage\":{\"@id\":\"https:\/\/sanluisinforma.com\/?p=14769#primaryimage\"},\"image\":{\"@id\":\"https:\/\/sanluisinforma.com\/?p=14769#primaryimage\"},\"thumbnailUrl\":\"https:\/\/sanluisinforma.com\/wp-content\/uploads\/2025\/09\/unnamed-5G.jpg\",\"datePublished\":\"2025-09-16T06:35:00+00:00\",\"dateModified\":\"2025-09-16T05:38:00+00:00\",\"breadcrumb\":{\"@id\":\"https:\/\/sanluisinforma.com\/?p=14769#breadcrumb\"},\"inLanguage\":\"es\",\"potentialAction\":[{\"@type\":\"ReadAction\",\"target\":[\"https:\/\/sanluisinforma.com\/?p=14769\"]}]},{\"@type\":\"ImageObject\",\"inLanguage\":\"es\",\"@id\":\"https:\/\/sanluisinforma.com\/?p=14769#primaryimage\",\"url\":\"https:\/\/sanluisinforma.com\/wp-content\/uploads\/2025\/09\/unnamed-5G.jpg\",\"contentUrl\":\"https:\/\/sanluisinforma.com\/wp-content\/uploads\/2025\/09\/unnamed-5G.jpg\",\"width\":400,\"height\":265},{\"@type\":\"BreadcrumbList\",\"@id\":\"https:\/\/sanluisinforma.com\/?p=14769#breadcrumb\",\"itemListElement\":[{\"@type\":\"ListItem\",\"position\":1,\"name\":\"Inicio\",\"item\":\"https:\/\/sanluisinforma.com\/\"},{\"@type\":\"ListItem\",\"position\":2,\"name\":\"Federaci\u00f3n respalda a San Luis Potos\u00ed con Proyectos Estrat\u00e9gicos\"}]},{\"@type\":\"WebSite\",\"@id\":\"https:\/\/sanluisinforma.com\/#website\",\"url\":\"https:\/\/sanluisinforma.com\/\",\"name\":\"sanluisinforma.com\",\"description\":\"Periodico San Luis Informa\",\"publisher\":{\"@id\":\"https:\/\/sanluisinforma.com\/#organization\"},\"potentialAction\":[{\"@type\":\"SearchAction\",\"target\":{\"@type\":\"EntryPoint\",\"urlTemplate\":\"https:\/\/sanluisinforma.com\/?s={search_term_string}\"},\"query-input\":{\"@type\":\"PropertyValueSpecification\",\"valueRequired\":true,\"valueName\":\"search_term_string\"}}],\"inLanguage\":\"es\"},{\"@type\":\"Organization\",\"@id\":\"https:\/\/sanluisinforma.com\/#organization\",\"name\":\"sanluisinforma.com\",\"url\":\"https:\/\/sanluisinforma.com\/\",\"logo\":{\"@type\":\"ImageObject\",\"inLanguage\":\"es\",\"@id\":\"https:\/\/sanluisinforma.com\/#\/schema\/logo\/image\/\",\"url\":\"https:\/\/sanluisinforma.com\/wp-content\/uploads\/2026\/03\/sanluisinforma-V.jpg\",\"contentUrl\":\"https:\/\/sanluisinforma.com\/wp-content\/uploads\/2026\/03\/sanluisinforma-V.jpg\",\"width\":500,\"height\":156,\"caption\":\"sanluisinforma.com\"},\"image\":{\"@id\":\"https:\/\/sanluisinforma.com\/#\/schema\/logo\/image\/\"}},{\"@type\":\"Person\",\"@id\":\"https:\/\/sanluisinforma.com\/#\/schema\/person\/c30648f71476be533b6f59d092905c8b\",\"name\":\"sanluisinforma.com\",\"image\":{\"@type\":\"ImageObject\",\"inLanguage\":\"es\",\"@id\":\"https:\/\/sanluisinforma.com\/#\/schema\/person\/image\/\",\"url\":\"https:\/\/secure.gravatar.com\/avatar\/86e3114e34a1eecefb963e0a02f0093f93b092dddb2fe1517596343751081a87?s=96&d=mm&r=g\",\"contentUrl\":\"https:\/\/secure.gravatar.com\/avatar\/86e3114e34a1eecefb963e0a02f0093f93b092dddb2fe1517596343751081a87?s=96&d=mm&r=g\",\"caption\":\"sanluisinforma.com\"},\"url\":\"https:\/\/sanluisinforma.com\/?author=2\"}]}<\/script>\n<!-- \/ Yoast SEO plugin. -->","yoast_head_json":{"title":"Federaci\u00f3n respalda a San Luis Potos\u00ed con Proyectos Estrat\u00e9gicos - sanluisinforma.com","robots":{"index":"index","follow":"follow","max-snippet":"max-snippet:-1","max-image-preview":"max-image-preview:large","max-video-preview":"max-video-preview:-1"},"canonical":"https:\/\/sanluisinforma.com\/?p=14769","og_locale":"es_MX","og_type":"article","og_title":"Federaci\u00f3n respalda a San Luis Potos\u00ed con Proyectos Estrat\u00e9gicos - sanluisinforma.com","og_description":"&nbsp;Tras el encuentro entre el Gobernador Ricardo Gallardo y la Presidenta Claudia Sheinbaum, se reforz\u00f3 la agenda de cooperaci\u00f3n para","og_url":"https:\/\/sanluisinforma.com\/?p=14769","og_site_name":"sanluisinforma.com","article_published_time":"2025-09-16T06:35:00+00:00","article_modified_time":"2025-09-16T05:38:00+00:00","og_image":[{"width":400,"height":265,"url":"https:\/\/sanluisinforma.com\/wp-content\/uploads\/2025\/09\/unnamed-5G.jpg","type":"image\/jpeg"}],"author":"sanluisinforma.com","twitter_card":"summary_large_image","twitter_misc":{"Escrito por":"sanluisinforma.com","Tiempo de lectura":"2 minutos"},"schema":{"@context":"https:\/\/schema.org","@graph":[{"@type":"Article","@id":"https:\/\/sanluisinforma.com\/?p=14769#article","isPartOf":{"@id":"https:\/\/sanluisinforma.com\/?p=14769"},"author":{"name":"sanluisinforma.com","@id":"https:\/\/sanluisinforma.com\/#\/schema\/person\/c30648f71476be533b6f59d092905c8b"},"headline":"Federaci\u00f3n respalda a San Luis Potos\u00ed con Proyectos Estrat\u00e9gicos","datePublished":"2025-09-16T06:35:00+00:00","dateModified":"2025-09-16T05:38:00+00:00","mainEntityOfPage":{"@id":"https:\/\/sanluisinforma.com\/?p=14769"},"wordCount":224,"publisher":{"@id":"https:\/\/sanluisinforma.com\/#organization"},"image":{"@id":"https:\/\/sanluisinforma.com\/?p=14769#primaryimage"},"thumbnailUrl":"https:\/\/sanluisinforma.com\/wp-content\/uploads\/2025\/09\/unnamed-5G.jpg","articleSection":["Local"],"inLanguage":"es"},{"@type":"WebPage","@id":"https:\/\/sanluisinforma.com\/?p=14769","url":"https:\/\/sanluisinforma.com\/?p=14769","name":"Federaci\u00f3n respalda a San Luis Potos\u00ed con Proyectos Estrat\u00e9gicos - sanluisinforma.com","isPartOf":{"@id":"https:\/\/sanluisinforma.com\/#website"},"primaryImageOfPage":{"@id":"https:\/\/sanluisinforma.com\/?p=14769#primaryimage"},"image":{"@id":"https:\/\/sanluisinforma.com\/?p=14769#primaryimage"},"thumbnailUrl":"https:\/\/sanluisinforma.com\/wp-content\/uploads\/2025\/09\/unnamed-5G.jpg","datePublished":"2025-09-16T06:35:00+00:00","dateModified":"2025-09-16T05:38:00+00:00","breadcrumb":{"@id":"https:\/\/sanluisinforma.com\/?p=14769#breadcrumb"},"inLanguage":"es","potentialAction":[{"@type":"ReadAction","target":["https:\/\/sanluisinforma.com\/?p=14769"]}]},{"@type":"ImageObject","inLanguage":"es","@id":"https:\/\/sanluisinforma.com\/?p=14769#primaryimage","url":"https:\/\/sanluisinforma.com\/wp-content\/uploads\/2025\/09\/unnamed-5G.jpg","contentUrl":"https:\/\/sanluisinforma.com\/wp-content\/uploads\/2025\/09\/unnamed-5G.jpg","width":400,"height":265},{"@type":"BreadcrumbList","@id":"https:\/\/sanluisinforma.com\/?p=14769#breadcrumb","itemListElement":[{"@type":"ListItem","position":1,"name":"Inicio","item":"https:\/\/sanluisinforma.com\/"},{"@type":"ListItem","position":2,"name":"Federaci\u00f3n respalda a San Luis Potos\u00ed con Proyectos Estrat\u00e9gicos"}]},{"@type":"WebSite","@id":"https:\/\/sanluisinforma.com\/#website","url":"https:\/\/sanluisinforma.com\/","name":"sanluisinforma.com","description":"Periodico San Luis Informa","publisher":{"@id":"https:\/\/sanluisinforma.com\/#organization"},"potentialAction":[{"@type":"SearchAction","target":{"@type":"EntryPoint","urlTemplate":"https:\/\/sanluisinforma.com\/?s={search_term_string}"},"query-input":{"@type":"PropertyValueSpecification","valueRequired":true,"valueName":"search_term_string"}}],"inLanguage":"es"},{"@type":"Organization","@id":"https:\/\/sanluisinforma.com\/#organization","name":"sanluisinforma.com","url":"https:\/\/sanluisinforma.com\/","logo":{"@type":"ImageObject","inLanguage":"es","@id":"https:\/\/sanluisinforma.com\/#\/schema\/logo\/image\/","url":"https:\/\/sanluisinforma.com\/wp-content\/uploads\/2026\/03\/sanluisinforma-V.jpg","contentUrl":"https:\/\/sanluisinforma.com\/wp-content\/uploads\/2026\/03\/sanluisinforma-V.jpg","width":500,"height":156,"caption":"sanluisinforma.com"},"image":{"@id":"https:\/\/sanluisinforma.com\/#\/schema\/logo\/image\/"}},{"@type":"Person","@id":"https:\/\/sanluisinforma.com\/#\/schema\/person\/c30648f71476be533b6f59d092905c8b","name":"sanluisinforma.com","image":{"@type":"ImageObject","inLanguage":"es","@id":"https:\/\/sanluisinforma.com\/#\/schema\/person\/image\/","url":"https:\/\/secure.gravatar.com\/avatar\/86e3114e34a1eecefb963e0a02f0093f93b092dddb2fe1517596343751081a87?s=96&d=mm&r=g","contentUrl":"https:\/\/secure.gravatar.com\/avatar\/86e3114e34a1eecefb963e0a02f0093f93b092dddb2fe1517596343751081a87?s=96&d=mm&r=g","caption":"sanluisinforma.com"},"url":"https:\/\/sanluisinforma.com\/?author=2"}]}},"_links":{"self":[{"href":"https:\/\/sanluisinforma.com\/index.php?rest_route=\/wp\/v2\/posts\/14769","targetHints":{"allow":["GET"]}}],"collection":[{"href":"https:\/\/sanluisinforma.com\/index.php?rest_route=\/wp\/v2\/posts"}],"about":[{"href":"https:\/\/sanluisinforma.com\/index.php?rest_route=\/wp\/v2\/types\/post"}],"author":[{"embeddable":true,"href":"https:\/\/sanluisinforma.com\/index.php?rest_route=\/wp\/v2\/users\/2"}],"replies":[{"embeddable":true,"href":"https:\/\/sanluisinforma.com\/index.php?rest_route=%2Fwp%2Fv2%2Fcomments&post=14769"}],"version-history":[{"count":1,"href":"https:\/\/sanluisinforma.com\/index.php?rest_route=\/wp\/v2\/posts\/14769\/revisions"}],"predecessor-version":[{"id":14771,"href":"https:\/\/sanluisinforma.com\/index.php?rest_route=\/wp\/v2\/posts\/14769\/revisions\/14771"}],"wp:featuredmedia":[{"embeddable":true,"href":"https:\/\/sanluisinforma.com\/index.php?rest_route=\/wp\/v2\/media\/14770"}],"wp:attachment":[{"href":"https:\/\/sanluisinforma.com\/index.php?rest_route=%2Fwp%2Fv2%2Fmedia&parent=14769"}],"wp:term":[{"taxonomy":"category","embeddable":true,"href":"https:\/\/sanluisinforma.com\/index.php?rest_route=%2Fwp%2Fv2%2Fcategories&post=14769"},{"taxonomy":"post_tag","embeddable":true,"href":"https:\/\/sanluisinforma.com\/index.php?rest_route=%2Fwp%2Fv2%2Ftags&post=14769"}],"curies":[{"name":"wp","href":"https:\/\/api.w.org\/{rel}","templated":true}]}}