{"id":14789,"date":"2025-09-17T00:55:00","date_gmt":"2025-09-17T06:55:00","guid":{"rendered":"https:\/\/sanluisinforma.com\/?p=14789"},"modified":"2025-09-16T19:45:23","modified_gmt":"2025-09-17T01:45:23","slug":"ricardo-gallardo-fortalece-lazos-internacionales-y-oportunidades-para-el-estado","status":"publish","type":"post","link":"https:\/\/sanluisinforma.com\/?p=14789","title":{"rendered":"Ricardo Gallardo fortalece lazos Internacionales y oportunidades para el Estado"},"content":{"rendered":"\n<p><\/p>\n\n\n\n<p>El Gobernador sostuvo una reuni\u00f3n con la C\u00f3nsul General de Estados Unidos en Monterrey, Melissa Bishop, para reforzar la cooperaci\u00f3n bilateral.<\/p>\n\n\n\n<p>En el marco de la conmemoraci\u00f3n del 215 aniversario de la Independencia de M\u00e9xico, el Gobernador Ricardo Gallardo Cardona sostuvo un encuentro en Palacio de Gobierno con la C\u00f3nsul General de los Estados Unidos en Monterrey, Melissa Bishop, quien tambi\u00e9n lo acompa\u00f1\u00f3 a la ceremonia del Grito de Independencia en la capital del Estado.<br>Durante este encuentro, el Mandatario Estatal destac\u00f3 que este di\u00e1logo representa un paso importante para consolidar la relaci\u00f3n bilateral y dar mayor impulso a proyectos de promoci\u00f3n cultural y tur\u00edstica de San Luis Potos\u00ed. Subray\u00f3 que la vigente administraci\u00f3n trabaja de manera constante para que la entidad sea reconocida a nivel internacional como un lugar de desarrollo, talento y oportunidades.<br>Gallardo Cardona afirm\u00f3 que llevar el nombre de San Luis Potos\u00ed m\u00e1s all\u00e1 de las fronteras es un compromiso firme, mostrando al mundo la riqueza de su gente y la grandeza de su tierra, con una visi\u00f3n de progreso sin l\u00edmites.<br>Por su parte, la C\u00f3nsul General Melissa Bishop resalt\u00f3 el valor de la relaci\u00f3n con San Luis Potos\u00ed y expres\u00f3 su satisfacci\u00f3n por participar en la celebraci\u00f3n de la Independencia, que calific\u00f3 como un s\u00edmbolo de unidad y tradici\u00f3n del pueblo mexicano.<\/p>\n\n\n\n<figure class=\"wp-block-table\"><table class=\"has-fixed-layout\"><tbody><tr><td><img decoding=\"async\" src=\"https:\/\/lh3.googleusercontent.com\/a\/ACg8ocJxTcUSr9UJ2igxScl9yzRDj37CTdxf21yc_WRkkmTtPNeyqg=s40-p-mo\"><\/td><td>ResponderReenviarA\u00f1adir reacci\u00f3n<\/td><\/tr><\/tbody><\/table><\/figure>\n","protected":false},"excerpt":{"rendered":"<p>El Gobernador sostuvo una reuni\u00f3n con la C\u00f3nsul General de Estados Unidos en Monterrey, Melissa Bishop, para reforzar la cooperaci\u00f3n<\/p>\n","protected":false},"author":2,"featured_media":14790,"comment_status":"closed","ping_status":"closed","sticky":false,"template":"","format":"standard","meta":{"footnotes":""},"categories":[25,30],"tags":[],"class_list":["post-14789","post","type-post","status-publish","format-standard","has-post-thumbnail","hentry","category-local","category-portada"],"yoast_head":"<!-- This site is optimized with the Yoast SEO plugin v24.1 - https:\/\/yoast.com\/wordpress\/plugins\/seo\/ -->\n<title>Ricardo Gallardo fortalece lazos Internacionales y oportunidades para el Estado - sanluisinforma.com<\/title>\n<meta name=\"robots\" content=\"index, follow, max-snippet:-1, max-image-preview:large, max-video-preview:-1\" \/>\n<link rel=\"canonical\" href=\"https:\/\/sanluisinforma.com\/?p=14789\" \/>\n<meta property=\"og:locale\" content=\"es_MX\" \/>\n<meta property=\"og:type\" content=\"article\" \/>\n<meta property=\"og:title\" content=\"Ricardo Gallardo fortalece lazos Internacionales y oportunidades para el Estado - sanluisinforma.com\" \/>\n<meta property=\"og:description\" content=\"El Gobernador sostuvo una reuni\u00f3n con la C\u00f3nsul General de Estados Unidos en Monterrey, Melissa Bishop, para reforzar la cooperaci\u00f3n\" \/>\n<meta property=\"og:url\" content=\"https:\/\/sanluisinforma.com\/?p=14789\" \/>\n<meta property=\"og:site_name\" content=\"sanluisinforma.com\" \/>\n<meta property=\"article:published_time\" content=\"2025-09-17T06:55:00+00:00\" \/>\n<meta property=\"article:modified_time\" content=\"2025-09-17T01:45:23+00:00\" \/>\n<meta property=\"og:image\" content=\"https:\/\/sanluisinforma.com\/wp-content\/uploads\/2025\/09\/unnamed-1-11.jpg\" \/>\n\t<meta property=\"og:image:width\" content=\"280\" \/>\n\t<meta property=\"og:image:height\" content=\"420\" \/>\n\t<meta property=\"og:image:type\" content=\"image\/jpeg\" \/>\n<meta name=\"author\" content=\"sanluisinforma.com\" \/>\n<meta name=\"twitter:card\" content=\"summary_large_image\" \/>\n<meta name=\"twitter:label1\" content=\"Escrito por\" \/>\n\t<meta name=\"twitter:data1\" content=\"sanluisinforma.com\" \/>\n\t<meta name=\"twitter:label2\" content=\"Tiempo de lectura\" \/>\n\t<meta name=\"twitter:data2\" content=\"2 minutos\" \/>\n<script type=\"application\/ld+json\" class=\"yoast-schema-graph\">{\"@context\":\"https:\/\/schema.org\",\"@graph\":[{\"@type\":\"Article\",\"@id\":\"https:\/\/sanluisinforma.com\/?p=14789#article\",\"isPartOf\":{\"@id\":\"https:\/\/sanluisinforma.com\/?p=14789\"},\"author\":{\"name\":\"sanluisinforma.com\",\"@id\":\"https:\/\/sanluisinforma.com\/#\/schema\/person\/c30648f71476be533b6f59d092905c8b\"},\"headline\":\"Ricardo Gallardo fortalece lazos Internacionales y oportunidades para el Estado\",\"datePublished\":\"2025-09-17T06:55:00+00:00\",\"dateModified\":\"2025-09-17T01:45:23+00:00\",\"mainEntityOfPage\":{\"@id\":\"https:\/\/sanluisinforma.com\/?p=14789\"},\"wordCount\":252,\"publisher\":{\"@id\":\"https:\/\/sanluisinforma.com\/#organization\"},\"image\":{\"@id\":\"https:\/\/sanluisinforma.com\/?p=14789#primaryimage\"},\"thumbnailUrl\":\"https:\/\/sanluisinforma.com\/wp-content\/uploads\/2025\/09\/unnamed-1-11.jpg\",\"articleSection\":[\"Local\",\"Portada\"],\"inLanguage\":\"es\"},{\"@type\":\"WebPage\",\"@id\":\"https:\/\/sanluisinforma.com\/?p=14789\",\"url\":\"https:\/\/sanluisinforma.com\/?p=14789\",\"name\":\"Ricardo Gallardo fortalece lazos Internacionales y oportunidades para el Estado - sanluisinforma.com\",\"isPartOf\":{\"@id\":\"https:\/\/sanluisinforma.com\/#website\"},\"primaryImageOfPage\":{\"@id\":\"https:\/\/sanluisinforma.com\/?p=14789#primaryimage\"},\"image\":{\"@id\":\"https:\/\/sanluisinforma.com\/?p=14789#primaryimage\"},\"thumbnailUrl\":\"https:\/\/sanluisinforma.com\/wp-content\/uploads\/2025\/09\/unnamed-1-11.jpg\",\"datePublished\":\"2025-09-17T06:55:00+00:00\",\"dateModified\":\"2025-09-17T01:45:23+00:00\",\"breadcrumb\":{\"@id\":\"https:\/\/sanluisinforma.com\/?p=14789#breadcrumb\"},\"inLanguage\":\"es\",\"potentialAction\":[{\"@type\":\"ReadAction\",\"target\":[\"https:\/\/sanluisinforma.com\/?p=14789\"]}]},{\"@type\":\"ImageObject\",\"inLanguage\":\"es\",\"@id\":\"https:\/\/sanluisinforma.com\/?p=14789#primaryimage\",\"url\":\"https:\/\/sanluisinforma.com\/wp-content\/uploads\/2025\/09\/unnamed-1-11.jpg\",\"contentUrl\":\"https:\/\/sanluisinforma.com\/wp-content\/uploads\/2025\/09\/unnamed-1-11.jpg\",\"width\":280,\"height\":420},{\"@type\":\"BreadcrumbList\",\"@id\":\"https:\/\/sanluisinforma.com\/?p=14789#breadcrumb\",\"itemListElement\":[{\"@type\":\"ListItem\",\"position\":1,\"name\":\"Inicio\",\"item\":\"https:\/\/sanluisinforma.com\/\"},{\"@type\":\"ListItem\",\"position\":2,\"name\":\"Ricardo Gallardo fortalece lazos Internacionales y oportunidades para el Estado\"}]},{\"@type\":\"WebSite\",\"@id\":\"https:\/\/sanluisinforma.com\/#website\",\"url\":\"https:\/\/sanluisinforma.com\/\",\"name\":\"sanluisinforma.com\",\"description\":\"Periodico San Luis Informa\",\"publisher\":{\"@id\":\"https:\/\/sanluisinforma.com\/#organization\"},\"potentialAction\":[{\"@type\":\"SearchAction\",\"target\":{\"@type\":\"EntryPoint\",\"urlTemplate\":\"https:\/\/sanluisinforma.com\/?s={search_term_string}\"},\"query-input\":{\"@type\":\"PropertyValueSpecification\",\"valueRequired\":true,\"valueName\":\"search_term_string\"}}],\"inLanguage\":\"es\"},{\"@type\":\"Organization\",\"@id\":\"https:\/\/sanluisinforma.com\/#organization\",\"name\":\"sanluisinforma.com\",\"url\":\"https:\/\/sanluisinforma.com\/\",\"logo\":{\"@type\":\"ImageObject\",\"inLanguage\":\"es\",\"@id\":\"https:\/\/sanluisinforma.com\/#\/schema\/logo\/image\/\",\"url\":\"https:\/\/sanluisinforma.com\/wp-content\/uploads\/2026\/03\/sanluisinforma-V.jpg\",\"contentUrl\":\"https:\/\/sanluisinforma.com\/wp-content\/uploads\/2026\/03\/sanluisinforma-V.jpg\",\"width\":500,\"height\":156,\"caption\":\"sanluisinforma.com\"},\"image\":{\"@id\":\"https:\/\/sanluisinforma.com\/#\/schema\/logo\/image\/\"}},{\"@type\":\"Person\",\"@id\":\"https:\/\/sanluisinforma.com\/#\/schema\/person\/c30648f71476be533b6f59d092905c8b\",\"name\":\"sanluisinforma.com\",\"image\":{\"@type\":\"ImageObject\",\"inLanguage\":\"es\",\"@id\":\"https:\/\/sanluisinforma.com\/#\/schema\/person\/image\/\",\"url\":\"https:\/\/secure.gravatar.com\/avatar\/86e3114e34a1eecefb963e0a02f0093f93b092dddb2fe1517596343751081a87?s=96&d=mm&r=g\",\"contentUrl\":\"https:\/\/secure.gravatar.com\/avatar\/86e3114e34a1eecefb963e0a02f0093f93b092dddb2fe1517596343751081a87?s=96&d=mm&r=g\",\"caption\":\"sanluisinforma.com\"},\"url\":\"https:\/\/sanluisinforma.com\/?author=2\"}]}<\/script>\n<!-- \/ Yoast SEO plugin. -->","yoast_head_json":{"title":"Ricardo Gallardo fortalece lazos Internacionales y oportunidades para el Estado - sanluisinforma.com","robots":{"index":"index","follow":"follow","max-snippet":"max-snippet:-1","max-image-preview":"max-image-preview:large","max-video-preview":"max-video-preview:-1"},"canonical":"https:\/\/sanluisinforma.com\/?p=14789","og_locale":"es_MX","og_type":"article","og_title":"Ricardo Gallardo fortalece lazos Internacionales y oportunidades para el Estado - sanluisinforma.com","og_description":"El Gobernador sostuvo una reuni\u00f3n con la C\u00f3nsul General de Estados Unidos en Monterrey, Melissa Bishop, para reforzar la cooperaci\u00f3n","og_url":"https:\/\/sanluisinforma.com\/?p=14789","og_site_name":"sanluisinforma.com","article_published_time":"2025-09-17T06:55:00+00:00","article_modified_time":"2025-09-17T01:45:23+00:00","og_image":[{"width":280,"height":420,"url":"https:\/\/sanluisinforma.com\/wp-content\/uploads\/2025\/09\/unnamed-1-11.jpg","type":"image\/jpeg"}],"author":"sanluisinforma.com","twitter_card":"summary_large_image","twitter_misc":{"Escrito por":"sanluisinforma.com","Tiempo de lectura":"2 minutos"},"schema":{"@context":"https:\/\/schema.org","@graph":[{"@type":"Article","@id":"https:\/\/sanluisinforma.com\/?p=14789#article","isPartOf":{"@id":"https:\/\/sanluisinforma.com\/?p=14789"},"author":{"name":"sanluisinforma.com","@id":"https:\/\/sanluisinforma.com\/#\/schema\/person\/c30648f71476be533b6f59d092905c8b"},"headline":"Ricardo Gallardo fortalece lazos Internacionales y oportunidades para el Estado","datePublished":"2025-09-17T06:55:00+00:00","dateModified":"2025-09-17T01:45:23+00:00","mainEntityOfPage":{"@id":"https:\/\/sanluisinforma.com\/?p=14789"},"wordCount":252,"publisher":{"@id":"https:\/\/sanluisinforma.com\/#organization"},"image":{"@id":"https:\/\/sanluisinforma.com\/?p=14789#primaryimage"},"thumbnailUrl":"https:\/\/sanluisinforma.com\/wp-content\/uploads\/2025\/09\/unnamed-1-11.jpg","articleSection":["Local","Portada"],"inLanguage":"es"},{"@type":"WebPage","@id":"https:\/\/sanluisinforma.com\/?p=14789","url":"https:\/\/sanluisinforma.com\/?p=14789","name":"Ricardo Gallardo fortalece lazos Internacionales y oportunidades para el Estado - sanluisinforma.com","isPartOf":{"@id":"https:\/\/sanluisinforma.com\/#website"},"primaryImageOfPage":{"@id":"https:\/\/sanluisinforma.com\/?p=14789#primaryimage"},"image":{"@id":"https:\/\/sanluisinforma.com\/?p=14789#primaryimage"},"thumbnailUrl":"https:\/\/sanluisinforma.com\/wp-content\/uploads\/2025\/09\/unnamed-1-11.jpg","datePublished":"2025-09-17T06:55:00+00:00","dateModified":"2025-09-17T01:45:23+00:00","breadcrumb":{"@id":"https:\/\/sanluisinforma.com\/?p=14789#breadcrumb"},"inLanguage":"es","potentialAction":[{"@type":"ReadAction","target":["https:\/\/sanluisinforma.com\/?p=14789"]}]},{"@type":"ImageObject","inLanguage":"es","@id":"https:\/\/sanluisinforma.com\/?p=14789#primaryimage","url":"https:\/\/sanluisinforma.com\/wp-content\/uploads\/2025\/09\/unnamed-1-11.jpg","contentUrl":"https:\/\/sanluisinforma.com\/wp-content\/uploads\/2025\/09\/unnamed-1-11.jpg","width":280,"height":420},{"@type":"BreadcrumbList","@id":"https:\/\/sanluisinforma.com\/?p=14789#breadcrumb","itemListElement":[{"@type":"ListItem","position":1,"name":"Inicio","item":"https:\/\/sanluisinforma.com\/"},{"@type":"ListItem","position":2,"name":"Ricardo Gallardo fortalece lazos Internacionales y oportunidades para el Estado"}]},{"@type":"WebSite","@id":"https:\/\/sanluisinforma.com\/#website","url":"https:\/\/sanluisinforma.com\/","name":"sanluisinforma.com","description":"Periodico San Luis Informa","publisher":{"@id":"https:\/\/sanluisinforma.com\/#organization"},"potentialAction":[{"@type":"SearchAction","target":{"@type":"EntryPoint","urlTemplate":"https:\/\/sanluisinforma.com\/?s={search_term_string}"},"query-input":{"@type":"PropertyValueSpecification","valueRequired":true,"valueName":"search_term_string"}}],"inLanguage":"es"},{"@type":"Organization","@id":"https:\/\/sanluisinforma.com\/#organization","name":"sanluisinforma.com","url":"https:\/\/sanluisinforma.com\/","logo":{"@type":"ImageObject","inLanguage":"es","@id":"https:\/\/sanluisinforma.com\/#\/schema\/logo\/image\/","url":"https:\/\/sanluisinforma.com\/wp-content\/uploads\/2026\/03\/sanluisinforma-V.jpg","contentUrl":"https:\/\/sanluisinforma.com\/wp-content\/uploads\/2026\/03\/sanluisinforma-V.jpg","width":500,"height":156,"caption":"sanluisinforma.com"},"image":{"@id":"https:\/\/sanluisinforma.com\/#\/schema\/logo\/image\/"}},{"@type":"Person","@id":"https:\/\/sanluisinforma.com\/#\/schema\/person\/c30648f71476be533b6f59d092905c8b","name":"sanluisinforma.com","image":{"@type":"ImageObject","inLanguage":"es","@id":"https:\/\/sanluisinforma.com\/#\/schema\/person\/image\/","url":"https:\/\/secure.gravatar.com\/avatar\/86e3114e34a1eecefb963e0a02f0093f93b092dddb2fe1517596343751081a87?s=96&d=mm&r=g","contentUrl":"https:\/\/secure.gravatar.com\/avatar\/86e3114e34a1eecefb963e0a02f0093f93b092dddb2fe1517596343751081a87?s=96&d=mm&r=g","caption":"sanluisinforma.com"},"url":"https:\/\/sanluisinforma.com\/?author=2"}]}},"_links":{"self":[{"href":"https:\/\/sanluisinforma.com\/index.php?rest_route=\/wp\/v2\/posts\/14789","targetHints":{"allow":["GET"]}}],"collection":[{"href":"https:\/\/sanluisinforma.com\/index.php?rest_route=\/wp\/v2\/posts"}],"about":[{"href":"https:\/\/sanluisinforma.com\/index.php?rest_route=\/wp\/v2\/types\/post"}],"author":[{"embeddable":true,"href":"https:\/\/sanluisinforma.com\/index.php?rest_route=\/wp\/v2\/users\/2"}],"replies":[{"embeddable":true,"href":"https:\/\/sanluisinforma.com\/index.php?rest_route=%2Fwp%2Fv2%2Fcomments&post=14789"}],"version-history":[{"count":1,"href":"https:\/\/sanluisinforma.com\/index.php?rest_route=\/wp\/v2\/posts\/14789\/revisions"}],"predecessor-version":[{"id":14791,"href":"https:\/\/sanluisinforma.com\/index.php?rest_route=\/wp\/v2\/posts\/14789\/revisions\/14791"}],"wp:featuredmedia":[{"embeddable":true,"href":"https:\/\/sanluisinforma.com\/index.php?rest_route=\/wp\/v2\/media\/14790"}],"wp:attachment":[{"href":"https:\/\/sanluisinforma.com\/index.php?rest_route=%2Fwp%2Fv2%2Fmedia&parent=14789"}],"wp:term":[{"taxonomy":"category","embeddable":true,"href":"https:\/\/sanluisinforma.com\/index.php?rest_route=%2Fwp%2Fv2%2Fcategories&post=14789"},{"taxonomy":"post_tag","embeddable":true,"href":"https:\/\/sanluisinforma.com\/index.php?rest_route=%2Fwp%2Fv2%2Ftags&post=14789"}],"curies":[{"name":"wp","href":"https:\/\/api.w.org\/{rel}","templated":true}]}}