{"id":14813,"date":"2025-09-18T00:50:00","date_gmt":"2025-09-18T06:50:00","guid":{"rendered":"https:\/\/sanluisinforma.com\/?p=14813"},"modified":"2025-09-17T21:25:22","modified_gmt":"2025-09-18T03:25:22","slug":"con-capital-al-100-gobierno-municipal-continua-el-rescate-de-espacios-publicos-en-toda-la-ciudad","status":"publish","type":"post","link":"https:\/\/sanluisinforma.com\/?p=14813","title":{"rendered":"Con Capital al 100, Gobierno Municipal contin\u00faa el rescate de espacios p\u00fablicos en toda la ciudad"},"content":{"rendered":"\n<ul class=\"wp-block-list\">\n<li>Personal del Ayuntamiento y vecinos unen esfuerzos para limpiar calles y rehabilitar \u00e1reas verdes de la colonia Valle Dorado.<\/li>\n<\/ul>\n\n\n\n<p><\/p>\n\n\n\n<p>A 345 d\u00edas de que el alcalde Enrique Galindo lo puso en marcha, el programa Capital al 100 se consolida como uno de los m\u00e1s exitosos de la administraci\u00f3n municipal, ya que con el apoyo de la poblaci\u00f3n y la intervenci\u00f3n de todas las \u00e1reas del Ayuntamiento, se han mejorado las condiciones de colonias y comunidades en toda la ciudad, se\u00f1alaron integrantes de Juntas de Participaci\u00f3n Ciudadana.<\/p>\n\n\n\n<p>En esta nueva jornada, regidores, s\u00edndicos, directores de \u00e1rea y trabajadores municipales, unieron esfuerzos con vecinos de la Colonia Valle Dorado para limpiar calles y rehabilitar las \u00e1reas verdes y juegos infantiles.<\/p>\n\n\n\n<p>En el jard\u00edn ubicado entre las calles Jade, Perla y Avenida Coral, personal de Servicios Municipales realiz\u00f3 labores de desbroce y recolecci\u00f3n de toneladas de maleza, ya que las recientes lluvias propiciaron gran crecimiento.<\/p>\n\n\n\n<p>Asimismo, en atenci\u00f3n a las peticiones de vecinos, trabajadores de Parques y Jardines podaron el arbolado de la zona. El titular de Servicios Municipales, Christian Azuara, se\u00f1al\u00f3 que solamente ser\u00e1n retirados los \u00e1rboles que representen un riesgo, los cuales ser\u00e1n repuestos por nuevas especies para mantener la buena imagen y no afectar al medio ambiente.<\/p>\n","protected":false},"excerpt":{"rendered":"<p>A 345 d\u00edas de que el alcalde Enrique Galindo lo puso en marcha, el programa Capital al 100 se consolida<\/p>\n","protected":false},"author":2,"featured_media":14814,"comment_status":"closed","ping_status":"closed","sticky":false,"template":"","format":"standard","meta":{"footnotes":""},"categories":[25,30],"tags":[],"class_list":["post-14813","post","type-post","status-publish","format-standard","has-post-thumbnail","hentry","category-local","category-portada"],"yoast_head":"<!-- This site is optimized with the Yoast SEO plugin v24.1 - https:\/\/yoast.com\/wordpress\/plugins\/seo\/ -->\n<title>Con Capital al 100, Gobierno Municipal contin\u00faa el rescate de espacios p\u00fablicos en toda la ciudad - sanluisinforma.com<\/title>\n<meta name=\"robots\" content=\"index, follow, max-snippet:-1, max-image-preview:large, max-video-preview:-1\" \/>\n<link rel=\"canonical\" href=\"https:\/\/sanluisinforma.com\/?p=14813\" \/>\n<meta property=\"og:locale\" content=\"es_MX\" \/>\n<meta property=\"og:type\" content=\"article\" \/>\n<meta property=\"og:title\" content=\"Con Capital al 100, Gobierno Municipal contin\u00faa el rescate de espacios p\u00fablicos en toda la ciudad - sanluisinforma.com\" \/>\n<meta property=\"og:description\" content=\"A 345 d\u00edas de que el alcalde Enrique Galindo lo puso en marcha, el programa Capital al 100 se consolida\" \/>\n<meta property=\"og:url\" content=\"https:\/\/sanluisinforma.com\/?p=14813\" \/>\n<meta property=\"og:site_name\" content=\"sanluisinforma.com\" \/>\n<meta property=\"article:published_time\" content=\"2025-09-18T06:50:00+00:00\" \/>\n<meta property=\"article:modified_time\" content=\"2025-09-18T03:25:22+00:00\" \/>\n<meta property=\"og:image\" content=\"https:\/\/sanluisinforma.com\/wp-content\/uploads\/2025\/09\/unnamed-1-12.jpg\" \/>\n\t<meta property=\"og:image:width\" content=\"400\" \/>\n\t<meta property=\"og:image:height\" content=\"266\" \/>\n\t<meta property=\"og:image:type\" content=\"image\/jpeg\" \/>\n<meta name=\"author\" content=\"sanluisinforma.com\" \/>\n<meta name=\"twitter:card\" content=\"summary_large_image\" \/>\n<meta name=\"twitter:label1\" content=\"Escrito por\" \/>\n\t<meta name=\"twitter:data1\" content=\"sanluisinforma.com\" \/>\n\t<meta name=\"twitter:label2\" content=\"Tiempo de lectura\" \/>\n\t<meta name=\"twitter:data2\" content=\"2 minutos\" \/>\n<script type=\"application\/ld+json\" class=\"yoast-schema-graph\">{\"@context\":\"https:\/\/schema.org\",\"@graph\":[{\"@type\":\"Article\",\"@id\":\"https:\/\/sanluisinforma.com\/?p=14813#article\",\"isPartOf\":{\"@id\":\"https:\/\/sanluisinforma.com\/?p=14813\"},\"author\":{\"name\":\"sanluisinforma.com\",\"@id\":\"https:\/\/sanluisinforma.com\/#\/schema\/person\/c30648f71476be533b6f59d092905c8b\"},\"headline\":\"Con Capital al 100, Gobierno Municipal contin\u00faa el rescate de espacios p\u00fablicos en toda la ciudad\",\"datePublished\":\"2025-09-18T06:50:00+00:00\",\"dateModified\":\"2025-09-18T03:25:22+00:00\",\"mainEntityOfPage\":{\"@id\":\"https:\/\/sanluisinforma.com\/?p=14813\"},\"wordCount\":236,\"publisher\":{\"@id\":\"https:\/\/sanluisinforma.com\/#organization\"},\"image\":{\"@id\":\"https:\/\/sanluisinforma.com\/?p=14813#primaryimage\"},\"thumbnailUrl\":\"https:\/\/sanluisinforma.com\/wp-content\/uploads\/2025\/09\/unnamed-1-12.jpg\",\"articleSection\":[\"Local\",\"Portada\"],\"inLanguage\":\"es\"},{\"@type\":\"WebPage\",\"@id\":\"https:\/\/sanluisinforma.com\/?p=14813\",\"url\":\"https:\/\/sanluisinforma.com\/?p=14813\",\"name\":\"Con Capital al 100, Gobierno Municipal contin\u00faa el rescate de espacios p\u00fablicos en toda la ciudad - sanluisinforma.com\",\"isPartOf\":{\"@id\":\"https:\/\/sanluisinforma.com\/#website\"},\"primaryImageOfPage\":{\"@id\":\"https:\/\/sanluisinforma.com\/?p=14813#primaryimage\"},\"image\":{\"@id\":\"https:\/\/sanluisinforma.com\/?p=14813#primaryimage\"},\"thumbnailUrl\":\"https:\/\/sanluisinforma.com\/wp-content\/uploads\/2025\/09\/unnamed-1-12.jpg\",\"datePublished\":\"2025-09-18T06:50:00+00:00\",\"dateModified\":\"2025-09-18T03:25:22+00:00\",\"breadcrumb\":{\"@id\":\"https:\/\/sanluisinforma.com\/?p=14813#breadcrumb\"},\"inLanguage\":\"es\",\"potentialAction\":[{\"@type\":\"ReadAction\",\"target\":[\"https:\/\/sanluisinforma.com\/?p=14813\"]}]},{\"@type\":\"ImageObject\",\"inLanguage\":\"es\",\"@id\":\"https:\/\/sanluisinforma.com\/?p=14813#primaryimage\",\"url\":\"https:\/\/sanluisinforma.com\/wp-content\/uploads\/2025\/09\/unnamed-1-12.jpg\",\"contentUrl\":\"https:\/\/sanluisinforma.com\/wp-content\/uploads\/2025\/09\/unnamed-1-12.jpg\",\"width\":400,\"height\":266},{\"@type\":\"BreadcrumbList\",\"@id\":\"https:\/\/sanluisinforma.com\/?p=14813#breadcrumb\",\"itemListElement\":[{\"@type\":\"ListItem\",\"position\":1,\"name\":\"Inicio\",\"item\":\"https:\/\/sanluisinforma.com\/\"},{\"@type\":\"ListItem\",\"position\":2,\"name\":\"Con Capital al 100, Gobierno Municipal contin\u00faa el rescate de espacios p\u00fablicos en toda la ciudad\"}]},{\"@type\":\"WebSite\",\"@id\":\"https:\/\/sanluisinforma.com\/#website\",\"url\":\"https:\/\/sanluisinforma.com\/\",\"name\":\"sanluisinforma.com\",\"description\":\"Periodico San Luis Informa\",\"publisher\":{\"@id\":\"https:\/\/sanluisinforma.com\/#organization\"},\"potentialAction\":[{\"@type\":\"SearchAction\",\"target\":{\"@type\":\"EntryPoint\",\"urlTemplate\":\"https:\/\/sanluisinforma.com\/?s={search_term_string}\"},\"query-input\":{\"@type\":\"PropertyValueSpecification\",\"valueRequired\":true,\"valueName\":\"search_term_string\"}}],\"inLanguage\":\"es\"},{\"@type\":\"Organization\",\"@id\":\"https:\/\/sanluisinforma.com\/#organization\",\"name\":\"sanluisinforma.com\",\"url\":\"https:\/\/sanluisinforma.com\/\",\"logo\":{\"@type\":\"ImageObject\",\"inLanguage\":\"es\",\"@id\":\"https:\/\/sanluisinforma.com\/#\/schema\/logo\/image\/\",\"url\":\"https:\/\/sanluisinforma.com\/wp-content\/uploads\/2026\/03\/sanluisinforma-V.jpg\",\"contentUrl\":\"https:\/\/sanluisinforma.com\/wp-content\/uploads\/2026\/03\/sanluisinforma-V.jpg\",\"width\":500,\"height\":156,\"caption\":\"sanluisinforma.com\"},\"image\":{\"@id\":\"https:\/\/sanluisinforma.com\/#\/schema\/logo\/image\/\"}},{\"@type\":\"Person\",\"@id\":\"https:\/\/sanluisinforma.com\/#\/schema\/person\/c30648f71476be533b6f59d092905c8b\",\"name\":\"sanluisinforma.com\",\"image\":{\"@type\":\"ImageObject\",\"inLanguage\":\"es\",\"@id\":\"https:\/\/sanluisinforma.com\/#\/schema\/person\/image\/\",\"url\":\"https:\/\/secure.gravatar.com\/avatar\/86e3114e34a1eecefb963e0a02f0093f93b092dddb2fe1517596343751081a87?s=96&d=mm&r=g\",\"contentUrl\":\"https:\/\/secure.gravatar.com\/avatar\/86e3114e34a1eecefb963e0a02f0093f93b092dddb2fe1517596343751081a87?s=96&d=mm&r=g\",\"caption\":\"sanluisinforma.com\"},\"url\":\"https:\/\/sanluisinforma.com\/?author=2\"}]}<\/script>\n<!-- \/ Yoast SEO plugin. -->","yoast_head_json":{"title":"Con Capital al 100, Gobierno Municipal contin\u00faa el rescate de espacios p\u00fablicos en toda la ciudad - sanluisinforma.com","robots":{"index":"index","follow":"follow","max-snippet":"max-snippet:-1","max-image-preview":"max-image-preview:large","max-video-preview":"max-video-preview:-1"},"canonical":"https:\/\/sanluisinforma.com\/?p=14813","og_locale":"es_MX","og_type":"article","og_title":"Con Capital al 100, Gobierno Municipal contin\u00faa el rescate de espacios p\u00fablicos en toda la ciudad - sanluisinforma.com","og_description":"A 345 d\u00edas de que el alcalde Enrique Galindo lo puso en marcha, el programa Capital al 100 se consolida","og_url":"https:\/\/sanluisinforma.com\/?p=14813","og_site_name":"sanluisinforma.com","article_published_time":"2025-09-18T06:50:00+00:00","article_modified_time":"2025-09-18T03:25:22+00:00","og_image":[{"width":400,"height":266,"url":"https:\/\/sanluisinforma.com\/wp-content\/uploads\/2025\/09\/unnamed-1-12.jpg","type":"image\/jpeg"}],"author":"sanluisinforma.com","twitter_card":"summary_large_image","twitter_misc":{"Escrito por":"sanluisinforma.com","Tiempo de lectura":"2 minutos"},"schema":{"@context":"https:\/\/schema.org","@graph":[{"@type":"Article","@id":"https:\/\/sanluisinforma.com\/?p=14813#article","isPartOf":{"@id":"https:\/\/sanluisinforma.com\/?p=14813"},"author":{"name":"sanluisinforma.com","@id":"https:\/\/sanluisinforma.com\/#\/schema\/person\/c30648f71476be533b6f59d092905c8b"},"headline":"Con Capital al 100, Gobierno Municipal contin\u00faa el rescate de espacios p\u00fablicos en toda la ciudad","datePublished":"2025-09-18T06:50:00+00:00","dateModified":"2025-09-18T03:25:22+00:00","mainEntityOfPage":{"@id":"https:\/\/sanluisinforma.com\/?p=14813"},"wordCount":236,"publisher":{"@id":"https:\/\/sanluisinforma.com\/#organization"},"image":{"@id":"https:\/\/sanluisinforma.com\/?p=14813#primaryimage"},"thumbnailUrl":"https:\/\/sanluisinforma.com\/wp-content\/uploads\/2025\/09\/unnamed-1-12.jpg","articleSection":["Local","Portada"],"inLanguage":"es"},{"@type":"WebPage","@id":"https:\/\/sanluisinforma.com\/?p=14813","url":"https:\/\/sanluisinforma.com\/?p=14813","name":"Con Capital al 100, Gobierno Municipal contin\u00faa el rescate de espacios p\u00fablicos en toda la ciudad - sanluisinforma.com","isPartOf":{"@id":"https:\/\/sanluisinforma.com\/#website"},"primaryImageOfPage":{"@id":"https:\/\/sanluisinforma.com\/?p=14813#primaryimage"},"image":{"@id":"https:\/\/sanluisinforma.com\/?p=14813#primaryimage"},"thumbnailUrl":"https:\/\/sanluisinforma.com\/wp-content\/uploads\/2025\/09\/unnamed-1-12.jpg","datePublished":"2025-09-18T06:50:00+00:00","dateModified":"2025-09-18T03:25:22+00:00","breadcrumb":{"@id":"https:\/\/sanluisinforma.com\/?p=14813#breadcrumb"},"inLanguage":"es","potentialAction":[{"@type":"ReadAction","target":["https:\/\/sanluisinforma.com\/?p=14813"]}]},{"@type":"ImageObject","inLanguage":"es","@id":"https:\/\/sanluisinforma.com\/?p=14813#primaryimage","url":"https:\/\/sanluisinforma.com\/wp-content\/uploads\/2025\/09\/unnamed-1-12.jpg","contentUrl":"https:\/\/sanluisinforma.com\/wp-content\/uploads\/2025\/09\/unnamed-1-12.jpg","width":400,"height":266},{"@type":"BreadcrumbList","@id":"https:\/\/sanluisinforma.com\/?p=14813#breadcrumb","itemListElement":[{"@type":"ListItem","position":1,"name":"Inicio","item":"https:\/\/sanluisinforma.com\/"},{"@type":"ListItem","position":2,"name":"Con Capital al 100, Gobierno Municipal contin\u00faa el rescate de espacios p\u00fablicos en toda la ciudad"}]},{"@type":"WebSite","@id":"https:\/\/sanluisinforma.com\/#website","url":"https:\/\/sanluisinforma.com\/","name":"sanluisinforma.com","description":"Periodico San Luis Informa","publisher":{"@id":"https:\/\/sanluisinforma.com\/#organization"},"potentialAction":[{"@type":"SearchAction","target":{"@type":"EntryPoint","urlTemplate":"https:\/\/sanluisinforma.com\/?s={search_term_string}"},"query-input":{"@type":"PropertyValueSpecification","valueRequired":true,"valueName":"search_term_string"}}],"inLanguage":"es"},{"@type":"Organization","@id":"https:\/\/sanluisinforma.com\/#organization","name":"sanluisinforma.com","url":"https:\/\/sanluisinforma.com\/","logo":{"@type":"ImageObject","inLanguage":"es","@id":"https:\/\/sanluisinforma.com\/#\/schema\/logo\/image\/","url":"https:\/\/sanluisinforma.com\/wp-content\/uploads\/2026\/03\/sanluisinforma-V.jpg","contentUrl":"https:\/\/sanluisinforma.com\/wp-content\/uploads\/2026\/03\/sanluisinforma-V.jpg","width":500,"height":156,"caption":"sanluisinforma.com"},"image":{"@id":"https:\/\/sanluisinforma.com\/#\/schema\/logo\/image\/"}},{"@type":"Person","@id":"https:\/\/sanluisinforma.com\/#\/schema\/person\/c30648f71476be533b6f59d092905c8b","name":"sanluisinforma.com","image":{"@type":"ImageObject","inLanguage":"es","@id":"https:\/\/sanluisinforma.com\/#\/schema\/person\/image\/","url":"https:\/\/secure.gravatar.com\/avatar\/86e3114e34a1eecefb963e0a02f0093f93b092dddb2fe1517596343751081a87?s=96&d=mm&r=g","contentUrl":"https:\/\/secure.gravatar.com\/avatar\/86e3114e34a1eecefb963e0a02f0093f93b092dddb2fe1517596343751081a87?s=96&d=mm&r=g","caption":"sanluisinforma.com"},"url":"https:\/\/sanluisinforma.com\/?author=2"}]}},"_links":{"self":[{"href":"https:\/\/sanluisinforma.com\/index.php?rest_route=\/wp\/v2\/posts\/14813","targetHints":{"allow":["GET"]}}],"collection":[{"href":"https:\/\/sanluisinforma.com\/index.php?rest_route=\/wp\/v2\/posts"}],"about":[{"href":"https:\/\/sanluisinforma.com\/index.php?rest_route=\/wp\/v2\/types\/post"}],"author":[{"embeddable":true,"href":"https:\/\/sanluisinforma.com\/index.php?rest_route=\/wp\/v2\/users\/2"}],"replies":[{"embeddable":true,"href":"https:\/\/sanluisinforma.com\/index.php?rest_route=%2Fwp%2Fv2%2Fcomments&post=14813"}],"version-history":[{"count":1,"href":"https:\/\/sanluisinforma.com\/index.php?rest_route=\/wp\/v2\/posts\/14813\/revisions"}],"predecessor-version":[{"id":14815,"href":"https:\/\/sanluisinforma.com\/index.php?rest_route=\/wp\/v2\/posts\/14813\/revisions\/14815"}],"wp:featuredmedia":[{"embeddable":true,"href":"https:\/\/sanluisinforma.com\/index.php?rest_route=\/wp\/v2\/media\/14814"}],"wp:attachment":[{"href":"https:\/\/sanluisinforma.com\/index.php?rest_route=%2Fwp%2Fv2%2Fmedia&parent=14813"}],"wp:term":[{"taxonomy":"category","embeddable":true,"href":"https:\/\/sanluisinforma.com\/index.php?rest_route=%2Fwp%2Fv2%2Fcategories&post=14813"},{"taxonomy":"post_tag","embeddable":true,"href":"https:\/\/sanluisinforma.com\/index.php?rest_route=%2Fwp%2Fv2%2Ftags&post=14813"}],"curies":[{"name":"wp","href":"https:\/\/api.w.org\/{rel}","templated":true}]}}