{"id":14816,"date":"2025-09-18T00:45:00","date_gmt":"2025-09-18T06:45:00","guid":{"rendered":"https:\/\/sanluisinforma.com\/?p=14816"},"modified":"2025-09-17T21:32:30","modified_gmt":"2025-09-18T03:32:30","slug":"continuan-acciones-de-prevencion-en-planteles-del-sistema-educativo-municipal-de-slp","status":"publish","type":"post","link":"https:\/\/sanluisinforma.com\/?p=14816","title":{"rendered":"Contin\u00faan acciones de prevenci\u00f3n en planteles del Sistema Educativo Municipal de SLP"},"content":{"rendered":"\n<p>Guardia Nacional dan charla a j\u00f3venes de la preparatoria \u201cNueva Generaci\u00f3n\u201d de La Pila<\/p>\n\n\n\n<p>Estudiantes de primarias municipales participaron en la &#8220;Jornada Nacional de Concientizaci\u00f3n sobre la Gravedad del Abuso Sexual y el Maltrato Infantil&#8221;<\/p>\n\n\n\n<p>A fin de evitar situaciones de riesgo para ni\u00f1as, ni\u00f1os, adolescentes y j\u00f3venes, la Direcci\u00f3n de Educaci\u00f3n del Gobierno Capitalino lleva a cabo distintas actividades, a las que se han sumado dependencias federales, como parte de la estrategia de prevenci\u00f3n implementada en planteles municipales.<\/p>\n\n\n\n<p>De ah\u00ed que destac\u00f3 la pl\u00e1tica impartida por elementos de la Guardia Nacional a alumnas y alumnos de la Preparatoria Municipal \u201cNueva Generaci\u00f3n\u201d de La Pila, para evitar, pero tambi\u00e9n identificar el bullying y el acoso escolar.<\/p>\n\n\n\n<p>Con esta acci\u00f3n conjunta, se busca crear conciencia y promover un ambiente escolar seguro y respetuoso, donde las y los estudiantes puedan desarrollarse de manera integral y sin temor a la violencia o intimidaci\u00f3n.<\/p>\n\n\n\n<p>Asimismo, de acuerdo con lo establecido en el calendario escolar 2025-2026, en las escuelas primarias municipales se llev\u00f3 a cabo la <a>&#8220;Jornada Nacional de Concientizaci\u00f3n sobre la Gravedad del Abuso Sexual y el Maltrato Infantil&#8221;.<\/a><\/p>\n\n\n\n<p>De ah\u00ed que docentes generaron junto con su alumnado materiales did\u00e1cticos en los que promovieron una cultura de cuidado y prevenci\u00f3n de la violencia sexual y del maltrato en los centros de educaci\u00f3n b\u00e1sica del Ayuntamiento de San Luis, acciones que continuar\u00e1n a favor de la poblaci\u00f3n estudiantil de este sistema educativo.<\/p>\n","protected":false},"excerpt":{"rendered":"<p>Guardia Nacional dan charla a j\u00f3venes de la preparatoria \u201cNueva Generaci\u00f3n\u201d de La Pila Estudiantes de primarias municipales participaron en<\/p>\n","protected":false},"author":2,"featured_media":14817,"comment_status":"closed","ping_status":"closed","sticky":false,"template":"","format":"standard","meta":{"footnotes":""},"categories":[25,30],"tags":[],"class_list":["post-14816","post","type-post","status-publish","format-standard","has-post-thumbnail","hentry","category-local","category-portada"],"yoast_head":"<!-- This site is optimized with the Yoast SEO plugin v24.1 - https:\/\/yoast.com\/wordpress\/plugins\/seo\/ -->\n<title>Contin\u00faan acciones de prevenci\u00f3n en planteles del Sistema Educativo Municipal de SLP - sanluisinforma.com<\/title>\n<meta name=\"robots\" content=\"index, follow, max-snippet:-1, max-image-preview:large, max-video-preview:-1\" \/>\n<link rel=\"canonical\" href=\"https:\/\/sanluisinforma.com\/?p=14816\" \/>\n<meta property=\"og:locale\" content=\"es_MX\" \/>\n<meta property=\"og:type\" content=\"article\" \/>\n<meta property=\"og:title\" content=\"Contin\u00faan acciones de prevenci\u00f3n en planteles del Sistema Educativo Municipal de SLP - sanluisinforma.com\" \/>\n<meta property=\"og:description\" content=\"Guardia Nacional dan charla a j\u00f3venes de la preparatoria \u201cNueva Generaci\u00f3n\u201d de La Pila Estudiantes de primarias municipales participaron en\" \/>\n<meta property=\"og:url\" content=\"https:\/\/sanluisinforma.com\/?p=14816\" \/>\n<meta property=\"og:site_name\" content=\"sanluisinforma.com\" \/>\n<meta property=\"article:published_time\" content=\"2025-09-18T06:45:00+00:00\" \/>\n<meta property=\"article:modified_time\" content=\"2025-09-18T03:32:30+00:00\" \/>\n<meta property=\"og:image\" content=\"https:\/\/sanluisinforma.com\/wp-content\/uploads\/2025\/09\/unnamed-2-12.jpg\" \/>\n\t<meta property=\"og:image:width\" content=\"400\" \/>\n\t<meta property=\"og:image:height\" content=\"300\" \/>\n\t<meta property=\"og:image:type\" content=\"image\/jpeg\" \/>\n<meta name=\"author\" content=\"sanluisinforma.com\" \/>\n<meta name=\"twitter:card\" content=\"summary_large_image\" \/>\n<meta name=\"twitter:label1\" content=\"Escrito por\" \/>\n\t<meta name=\"twitter:data1\" content=\"sanluisinforma.com\" \/>\n\t<meta name=\"twitter:label2\" content=\"Tiempo de lectura\" \/>\n\t<meta name=\"twitter:data2\" content=\"2 minutos\" \/>\n<script type=\"application\/ld+json\" class=\"yoast-schema-graph\">{\"@context\":\"https:\/\/schema.org\",\"@graph\":[{\"@type\":\"Article\",\"@id\":\"https:\/\/sanluisinforma.com\/?p=14816#article\",\"isPartOf\":{\"@id\":\"https:\/\/sanluisinforma.com\/?p=14816\"},\"author\":{\"name\":\"sanluisinforma.com\",\"@id\":\"https:\/\/sanluisinforma.com\/#\/schema\/person\/c30648f71476be533b6f59d092905c8b\"},\"headline\":\"Contin\u00faan acciones de prevenci\u00f3n en planteles del Sistema Educativo Municipal de SLP\",\"datePublished\":\"2025-09-18T06:45:00+00:00\",\"dateModified\":\"2025-09-18T03:32:30+00:00\",\"mainEntityOfPage\":{\"@id\":\"https:\/\/sanluisinforma.com\/?p=14816\"},\"wordCount\":272,\"publisher\":{\"@id\":\"https:\/\/sanluisinforma.com\/#organization\"},\"image\":{\"@id\":\"https:\/\/sanluisinforma.com\/?p=14816#primaryimage\"},\"thumbnailUrl\":\"https:\/\/sanluisinforma.com\/wp-content\/uploads\/2025\/09\/unnamed-2-12.jpg\",\"articleSection\":[\"Local\",\"Portada\"],\"inLanguage\":\"es\"},{\"@type\":\"WebPage\",\"@id\":\"https:\/\/sanluisinforma.com\/?p=14816\",\"url\":\"https:\/\/sanluisinforma.com\/?p=14816\",\"name\":\"Contin\u00faan acciones de prevenci\u00f3n en planteles del Sistema Educativo Municipal de SLP - sanluisinforma.com\",\"isPartOf\":{\"@id\":\"https:\/\/sanluisinforma.com\/#website\"},\"primaryImageOfPage\":{\"@id\":\"https:\/\/sanluisinforma.com\/?p=14816#primaryimage\"},\"image\":{\"@id\":\"https:\/\/sanluisinforma.com\/?p=14816#primaryimage\"},\"thumbnailUrl\":\"https:\/\/sanluisinforma.com\/wp-content\/uploads\/2025\/09\/unnamed-2-12.jpg\",\"datePublished\":\"2025-09-18T06:45:00+00:00\",\"dateModified\":\"2025-09-18T03:32:30+00:00\",\"breadcrumb\":{\"@id\":\"https:\/\/sanluisinforma.com\/?p=14816#breadcrumb\"},\"inLanguage\":\"es\",\"potentialAction\":[{\"@type\":\"ReadAction\",\"target\":[\"https:\/\/sanluisinforma.com\/?p=14816\"]}]},{\"@type\":\"ImageObject\",\"inLanguage\":\"es\",\"@id\":\"https:\/\/sanluisinforma.com\/?p=14816#primaryimage\",\"url\":\"https:\/\/sanluisinforma.com\/wp-content\/uploads\/2025\/09\/unnamed-2-12.jpg\",\"contentUrl\":\"https:\/\/sanluisinforma.com\/wp-content\/uploads\/2025\/09\/unnamed-2-12.jpg\",\"width\":400,\"height\":300},{\"@type\":\"BreadcrumbList\",\"@id\":\"https:\/\/sanluisinforma.com\/?p=14816#breadcrumb\",\"itemListElement\":[{\"@type\":\"ListItem\",\"position\":1,\"name\":\"Inicio\",\"item\":\"https:\/\/sanluisinforma.com\/\"},{\"@type\":\"ListItem\",\"position\":2,\"name\":\"Contin\u00faan acciones de prevenci\u00f3n en planteles del Sistema Educativo Municipal de SLP\"}]},{\"@type\":\"WebSite\",\"@id\":\"https:\/\/sanluisinforma.com\/#website\",\"url\":\"https:\/\/sanluisinforma.com\/\",\"name\":\"sanluisinforma.com\",\"description\":\"Periodico San Luis Informa\",\"publisher\":{\"@id\":\"https:\/\/sanluisinforma.com\/#organization\"},\"potentialAction\":[{\"@type\":\"SearchAction\",\"target\":{\"@type\":\"EntryPoint\",\"urlTemplate\":\"https:\/\/sanluisinforma.com\/?s={search_term_string}\"},\"query-input\":{\"@type\":\"PropertyValueSpecification\",\"valueRequired\":true,\"valueName\":\"search_term_string\"}}],\"inLanguage\":\"es\"},{\"@type\":\"Organization\",\"@id\":\"https:\/\/sanluisinforma.com\/#organization\",\"name\":\"sanluisinforma.com\",\"url\":\"https:\/\/sanluisinforma.com\/\",\"logo\":{\"@type\":\"ImageObject\",\"inLanguage\":\"es\",\"@id\":\"https:\/\/sanluisinforma.com\/#\/schema\/logo\/image\/\",\"url\":\"https:\/\/sanluisinforma.com\/wp-content\/uploads\/2026\/03\/sanluisinforma-V.jpg\",\"contentUrl\":\"https:\/\/sanluisinforma.com\/wp-content\/uploads\/2026\/03\/sanluisinforma-V.jpg\",\"width\":500,\"height\":156,\"caption\":\"sanluisinforma.com\"},\"image\":{\"@id\":\"https:\/\/sanluisinforma.com\/#\/schema\/logo\/image\/\"}},{\"@type\":\"Person\",\"@id\":\"https:\/\/sanluisinforma.com\/#\/schema\/person\/c30648f71476be533b6f59d092905c8b\",\"name\":\"sanluisinforma.com\",\"image\":{\"@type\":\"ImageObject\",\"inLanguage\":\"es\",\"@id\":\"https:\/\/sanluisinforma.com\/#\/schema\/person\/image\/\",\"url\":\"https:\/\/secure.gravatar.com\/avatar\/86e3114e34a1eecefb963e0a02f0093f93b092dddb2fe1517596343751081a87?s=96&d=mm&r=g\",\"contentUrl\":\"https:\/\/secure.gravatar.com\/avatar\/86e3114e34a1eecefb963e0a02f0093f93b092dddb2fe1517596343751081a87?s=96&d=mm&r=g\",\"caption\":\"sanluisinforma.com\"},\"url\":\"https:\/\/sanluisinforma.com\/?author=2\"}]}<\/script>\n<!-- \/ Yoast SEO plugin. -->","yoast_head_json":{"title":"Contin\u00faan acciones de prevenci\u00f3n en planteles del Sistema Educativo Municipal de SLP - sanluisinforma.com","robots":{"index":"index","follow":"follow","max-snippet":"max-snippet:-1","max-image-preview":"max-image-preview:large","max-video-preview":"max-video-preview:-1"},"canonical":"https:\/\/sanluisinforma.com\/?p=14816","og_locale":"es_MX","og_type":"article","og_title":"Contin\u00faan acciones de prevenci\u00f3n en planteles del Sistema Educativo Municipal de SLP - sanluisinforma.com","og_description":"Guardia Nacional dan charla a j\u00f3venes de la preparatoria \u201cNueva Generaci\u00f3n\u201d de La Pila Estudiantes de primarias municipales participaron en","og_url":"https:\/\/sanluisinforma.com\/?p=14816","og_site_name":"sanluisinforma.com","article_published_time":"2025-09-18T06:45:00+00:00","article_modified_time":"2025-09-18T03:32:30+00:00","og_image":[{"width":400,"height":300,"url":"https:\/\/sanluisinforma.com\/wp-content\/uploads\/2025\/09\/unnamed-2-12.jpg","type":"image\/jpeg"}],"author":"sanluisinforma.com","twitter_card":"summary_large_image","twitter_misc":{"Escrito por":"sanluisinforma.com","Tiempo de lectura":"2 minutos"},"schema":{"@context":"https:\/\/schema.org","@graph":[{"@type":"Article","@id":"https:\/\/sanluisinforma.com\/?p=14816#article","isPartOf":{"@id":"https:\/\/sanluisinforma.com\/?p=14816"},"author":{"name":"sanluisinforma.com","@id":"https:\/\/sanluisinforma.com\/#\/schema\/person\/c30648f71476be533b6f59d092905c8b"},"headline":"Contin\u00faan acciones de prevenci\u00f3n en planteles del Sistema Educativo Municipal de SLP","datePublished":"2025-09-18T06:45:00+00:00","dateModified":"2025-09-18T03:32:30+00:00","mainEntityOfPage":{"@id":"https:\/\/sanluisinforma.com\/?p=14816"},"wordCount":272,"publisher":{"@id":"https:\/\/sanluisinforma.com\/#organization"},"image":{"@id":"https:\/\/sanluisinforma.com\/?p=14816#primaryimage"},"thumbnailUrl":"https:\/\/sanluisinforma.com\/wp-content\/uploads\/2025\/09\/unnamed-2-12.jpg","articleSection":["Local","Portada"],"inLanguage":"es"},{"@type":"WebPage","@id":"https:\/\/sanluisinforma.com\/?p=14816","url":"https:\/\/sanluisinforma.com\/?p=14816","name":"Contin\u00faan acciones de prevenci\u00f3n en planteles del Sistema Educativo Municipal de SLP - sanluisinforma.com","isPartOf":{"@id":"https:\/\/sanluisinforma.com\/#website"},"primaryImageOfPage":{"@id":"https:\/\/sanluisinforma.com\/?p=14816#primaryimage"},"image":{"@id":"https:\/\/sanluisinforma.com\/?p=14816#primaryimage"},"thumbnailUrl":"https:\/\/sanluisinforma.com\/wp-content\/uploads\/2025\/09\/unnamed-2-12.jpg","datePublished":"2025-09-18T06:45:00+00:00","dateModified":"2025-09-18T03:32:30+00:00","breadcrumb":{"@id":"https:\/\/sanluisinforma.com\/?p=14816#breadcrumb"},"inLanguage":"es","potentialAction":[{"@type":"ReadAction","target":["https:\/\/sanluisinforma.com\/?p=14816"]}]},{"@type":"ImageObject","inLanguage":"es","@id":"https:\/\/sanluisinforma.com\/?p=14816#primaryimage","url":"https:\/\/sanluisinforma.com\/wp-content\/uploads\/2025\/09\/unnamed-2-12.jpg","contentUrl":"https:\/\/sanluisinforma.com\/wp-content\/uploads\/2025\/09\/unnamed-2-12.jpg","width":400,"height":300},{"@type":"BreadcrumbList","@id":"https:\/\/sanluisinforma.com\/?p=14816#breadcrumb","itemListElement":[{"@type":"ListItem","position":1,"name":"Inicio","item":"https:\/\/sanluisinforma.com\/"},{"@type":"ListItem","position":2,"name":"Contin\u00faan acciones de prevenci\u00f3n en planteles del Sistema Educativo Municipal de SLP"}]},{"@type":"WebSite","@id":"https:\/\/sanluisinforma.com\/#website","url":"https:\/\/sanluisinforma.com\/","name":"sanluisinforma.com","description":"Periodico San Luis Informa","publisher":{"@id":"https:\/\/sanluisinforma.com\/#organization"},"potentialAction":[{"@type":"SearchAction","target":{"@type":"EntryPoint","urlTemplate":"https:\/\/sanluisinforma.com\/?s={search_term_string}"},"query-input":{"@type":"PropertyValueSpecification","valueRequired":true,"valueName":"search_term_string"}}],"inLanguage":"es"},{"@type":"Organization","@id":"https:\/\/sanluisinforma.com\/#organization","name":"sanluisinforma.com","url":"https:\/\/sanluisinforma.com\/","logo":{"@type":"ImageObject","inLanguage":"es","@id":"https:\/\/sanluisinforma.com\/#\/schema\/logo\/image\/","url":"https:\/\/sanluisinforma.com\/wp-content\/uploads\/2026\/03\/sanluisinforma-V.jpg","contentUrl":"https:\/\/sanluisinforma.com\/wp-content\/uploads\/2026\/03\/sanluisinforma-V.jpg","width":500,"height":156,"caption":"sanluisinforma.com"},"image":{"@id":"https:\/\/sanluisinforma.com\/#\/schema\/logo\/image\/"}},{"@type":"Person","@id":"https:\/\/sanluisinforma.com\/#\/schema\/person\/c30648f71476be533b6f59d092905c8b","name":"sanluisinforma.com","image":{"@type":"ImageObject","inLanguage":"es","@id":"https:\/\/sanluisinforma.com\/#\/schema\/person\/image\/","url":"https:\/\/secure.gravatar.com\/avatar\/86e3114e34a1eecefb963e0a02f0093f93b092dddb2fe1517596343751081a87?s=96&d=mm&r=g","contentUrl":"https:\/\/secure.gravatar.com\/avatar\/86e3114e34a1eecefb963e0a02f0093f93b092dddb2fe1517596343751081a87?s=96&d=mm&r=g","caption":"sanluisinforma.com"},"url":"https:\/\/sanluisinforma.com\/?author=2"}]}},"_links":{"self":[{"href":"https:\/\/sanluisinforma.com\/index.php?rest_route=\/wp\/v2\/posts\/14816","targetHints":{"allow":["GET"]}}],"collection":[{"href":"https:\/\/sanluisinforma.com\/index.php?rest_route=\/wp\/v2\/posts"}],"about":[{"href":"https:\/\/sanluisinforma.com\/index.php?rest_route=\/wp\/v2\/types\/post"}],"author":[{"embeddable":true,"href":"https:\/\/sanluisinforma.com\/index.php?rest_route=\/wp\/v2\/users\/2"}],"replies":[{"embeddable":true,"href":"https:\/\/sanluisinforma.com\/index.php?rest_route=%2Fwp%2Fv2%2Fcomments&post=14816"}],"version-history":[{"count":1,"href":"https:\/\/sanluisinforma.com\/index.php?rest_route=\/wp\/v2\/posts\/14816\/revisions"}],"predecessor-version":[{"id":14818,"href":"https:\/\/sanluisinforma.com\/index.php?rest_route=\/wp\/v2\/posts\/14816\/revisions\/14818"}],"wp:featuredmedia":[{"embeddable":true,"href":"https:\/\/sanluisinforma.com\/index.php?rest_route=\/wp\/v2\/media\/14817"}],"wp:attachment":[{"href":"https:\/\/sanluisinforma.com\/index.php?rest_route=%2Fwp%2Fv2%2Fmedia&parent=14816"}],"wp:term":[{"taxonomy":"category","embeddable":true,"href":"https:\/\/sanluisinforma.com\/index.php?rest_route=%2Fwp%2Fv2%2Fcategories&post=14816"},{"taxonomy":"post_tag","embeddable":true,"href":"https:\/\/sanluisinforma.com\/index.php?rest_route=%2Fwp%2Fv2%2Ftags&post=14816"}],"curies":[{"name":"wp","href":"https:\/\/api.w.org\/{rel}","templated":true}]}}