{"id":1549,"date":"2022-03-21T08:01:39","date_gmt":"2022-03-21T14:01:39","guid":{"rendered":"https:\/\/sanluisinforma.com\/?p=64314"},"modified":"2022-03-21T08:01:39","modified_gmt":"2022-03-21T14:01:39","slug":"gobernador-potosino-reafirma-respaldo-al-presidente-de-mexico","status":"publish","type":"post","link":"https:\/\/sanluisinforma.com\/?p=1549","title":{"rendered":"Gobernador potosino reafirma respaldo al Presidente de M\u00e9xico"},"content":{"rendered":"\n<div class=\"wp-block-image\"><figure class=\"aligncenter size-full is-resized\"><a href=\"https:\/\/sanluisinforma.com\/wp-content\/uploads\/2022\/03\/200322-1527-GOBERNADOR-POTOSINO-REAFIRMA-RESPALDO-AL-PRESIDENTE-DE-ME\u0301XICO.jpeg\"><img loading=\"lazy\" decoding=\"async\" src=\"https:\/\/sanluisinforma.com\/wp-content\/uploads\/2022\/03\/200322-1527-GOBERNADOR-POTOSINO-REAFIRMA-RESPALDO-AL-PRESIDENTE-DE-ME\u0301XICO.jpeg\" alt=\"\" class=\"wp-image-64315\" width=\"582\" height=\"285\"\/><\/a><\/figure><\/div>\n\n\n\n<p><strong>Por invitaci\u00f3n del presidente Andr\u00e9s Manuel L\u00f3pez Obrador, asistir\u00e1 a la inauguraci\u00f3n del nuevo Aeropuerto Internacional Felipe \u00c1ngeles.<\/strong><\/p>\n\n\n\n<p><strong>Adem\u00e1s, estar\u00e1 presente en la ceremonia conmemorativa del 216 Aniversario del Natalicio del expresidente Benito Ju\u00e1rez Garc\u00eda.<\/strong><\/p>\n\n\n\n<p>San Luis Potos\u00ed, SLP.- El Gobernador del Estado de San Luis Potos\u00ed, Ricardo Gallardo Cardona acompa\u00f1ar\u00e1 este lunes al Presidente de la Rep\u00fablica, Andr\u00e9s Manuel L\u00f3pez Obrador, a la inauguraci\u00f3n del nuevo Aeropuerto Internacional Felipe \u00c1ngeles; asimismo asistir\u00e1 al evento conmemorativo del 216 Aniversario del Natalicio del &#8220;Benem\u00e9rito de las Am\u00e9ricas&#8221;, Benito Ju\u00e1rez Garc\u00eda.<\/p>\n\n\n\n<p>Luego de recibir formal invitaci\u00f3n por parte del Mandatario de la naci\u00f3n, Ricardo Gallardo extern\u00f3 su respaldo al proyecto aeroportuario que impuls\u00f3 el Gobierno federal con el objetivo de brindar al pueblo mexicano un servicio justo, amplio y necesario para fortalecer la movilidad a\u00e9rea, que complementar\u00e1 al Aeropuerto de la Ciudad de M\u00e9xico.<\/p>\n\n\n\n<p>Dijo que apoyar\u00e1 siempre el buen gasto del erario p\u00fablico en favor de los m\u00e1s necesitados y de la transformaci\u00f3n del pa\u00eds, como lo es este Aeropuerto ubicado en el municipio de Zumpango, en el Estado de M\u00e9xico, que recibi\u00f3 adecuaciones presupuestarias al plan inicial y que redund\u00f3 en la atenci\u00f3n a las demandas de las y los mexicanos.<\/p>\n\n\n\n<p>&#8220;Las obras de infraestructura son sin duda una oportunidad para el impulso al desarrollo econ\u00f3mico y social de cualquier regi\u00f3n, por ello, al igual que la federaci\u00f3n en San Luis Potos\u00ed desde el inicio de la administraci\u00f3n se anunci\u00f3 una cartera de obras de infraestructura importantes en las cuatro regiones, con una inversi\u00f3n sin precedentes de cuatro mil millones de pesos&#8221;, subray\u00f3.<\/p>\n\n\n\n<p>Asimismo, Gallardo Cardona se dijo agradecido por el honor de presenciar la ceremonia del 216 Aniversario del Natalicio del expresidente Benito Ju\u00e1rez Garc\u00eda \u201cBenem\u00e9rito de las Am\u00e9ricas\u201d, quien encabez\u00f3 el cambio en la historia de M\u00e9xico y estableci\u00f3 la bases de un Estado laico, adem\u00e1s de defender con lealtad la Constituci\u00f3n Mexicana de 1857 y las leyes de Reforma, &#8220;lo que nos recuerda que debemos seguir trabajando a favor de nuestra Naci\u00f3n&#8221;.<\/p>\n\n\n\n<p>Por \u00faltimo, reiter\u00f3 total disposici\u00f3n para colaborar con el Gobierno de M\u00e9xico en alianzas y cooperaci\u00f3n institucional, para brindar a las y los potosinos la transformaci\u00f3n pol\u00edtica que reclama el Estado en todos los rubros del servicio p\u00fablico.<\/p>\n","protected":false},"excerpt":{"rendered":"<p>Por invitaci\u00f3n del presidente Andr\u00e9s Manuel L\u00f3pez Obrador, asistir\u00e1 a la inauguraci\u00f3n del nuevo Aeropuerto Internacional Felipe \u00c1ngeles. Adem\u00e1s, estar\u00e1<\/p>\n","protected":false},"author":1,"featured_media":1550,"comment_status":"open","ping_status":"open","sticky":false,"template":"","format":"standard","meta":{"footnotes":""},"categories":[25],"tags":[],"class_list":["post-1549","post","type-post","status-publish","format-standard","has-post-thumbnail","hentry","category-local"],"yoast_head":"<!-- This site is optimized with the Yoast SEO plugin v24.1 - https:\/\/yoast.com\/wordpress\/plugins\/seo\/ -->\n<title>Gobernador potosino reafirma respaldo al Presidente de M\u00e9xico - sanluisinforma.com<\/title>\n<meta name=\"robots\" content=\"index, follow, max-snippet:-1, max-image-preview:large, max-video-preview:-1\" \/>\n<link rel=\"canonical\" href=\"https:\/\/sanluisinforma.com\/?p=1549\" \/>\n<meta property=\"og:locale\" content=\"es_MX\" \/>\n<meta property=\"og:type\" content=\"article\" \/>\n<meta property=\"og:title\" content=\"Gobernador potosino reafirma respaldo al Presidente de M\u00e9xico - sanluisinforma.com\" \/>\n<meta property=\"og:description\" content=\"Por invitaci\u00f3n del presidente Andr\u00e9s Manuel L\u00f3pez Obrador, asistir\u00e1 a la inauguraci\u00f3n del nuevo Aeropuerto Internacional Felipe \u00c1ngeles. Adem\u00e1s, estar\u00e1\" \/>\n<meta property=\"og:url\" content=\"https:\/\/sanluisinforma.com\/?p=1549\" \/>\n<meta property=\"og:site_name\" content=\"sanluisinforma.com\" \/>\n<meta property=\"article:published_time\" content=\"2022-03-21T14:01:39+00:00\" \/>\n<meta property=\"og:image\" content=\"https:\/\/sanluisinforma.com\/wp-content\/uploads\/2022\/03\/200322-1527-GOBERNADOR-POTOSINO-REAFIRMA-RESPALDO-AL-PRESIDENTE-DE-ME\u0301XICO.jpeg\" \/>\n\t<meta property=\"og:image:width\" content=\"500\" \/>\n\t<meta property=\"og:image:height\" content=\"245\" \/>\n\t<meta property=\"og:image:type\" content=\"image\/jpeg\" \/>\n<meta name=\"author\" content=\"m3rsync\" \/>\n<meta name=\"twitter:card\" content=\"summary_large_image\" \/>\n<meta name=\"twitter:label1\" content=\"Escrito por\" \/>\n\t<meta name=\"twitter:data1\" content=\"m3rsync\" \/>\n\t<meta name=\"twitter:label2\" content=\"Tiempo de lectura\" \/>\n\t<meta name=\"twitter:data2\" content=\"2 minutos\" \/>\n<script type=\"application\/ld+json\" class=\"yoast-schema-graph\">{\"@context\":\"https:\/\/schema.org\",\"@graph\":[{\"@type\":\"Article\",\"@id\":\"https:\/\/sanluisinforma.com\/?p=1549#article\",\"isPartOf\":{\"@id\":\"https:\/\/sanluisinforma.com\/?p=1549\"},\"author\":{\"name\":\"m3rsync\",\"@id\":\"https:\/\/sanluisinforma.com\/#\/schema\/person\/49ff81046c3481e1b5440b65c424cc17\"},\"headline\":\"Gobernador potosino reafirma respaldo al Presidente de M\u00e9xico\",\"datePublished\":\"2022-03-21T14:01:39+00:00\",\"dateModified\":\"2022-03-21T14:01:39+00:00\",\"mainEntityOfPage\":{\"@id\":\"https:\/\/sanluisinforma.com\/?p=1549\"},\"wordCount\":424,\"commentCount\":0,\"publisher\":{\"@id\":\"https:\/\/sanluisinforma.com\/#organization\"},\"image\":{\"@id\":\"https:\/\/sanluisinforma.com\/?p=1549#primaryimage\"},\"thumbnailUrl\":\"https:\/\/sanluisinforma.com\/wp-content\/uploads\/2022\/03\/200322-1527-GOBERNADOR-POTOSINO-REAFIRMA-RESPALDO-AL-PRESIDENTE-DE-ME\u0301XICO.jpeg\",\"articleSection\":[\"Local\"],\"inLanguage\":\"es\",\"potentialAction\":[{\"@type\":\"CommentAction\",\"name\":\"Comment\",\"target\":[\"https:\/\/sanluisinforma.com\/?p=1549#respond\"]}]},{\"@type\":\"WebPage\",\"@id\":\"https:\/\/sanluisinforma.com\/?p=1549\",\"url\":\"https:\/\/sanluisinforma.com\/?p=1549\",\"name\":\"Gobernador potosino reafirma respaldo al Presidente de M\u00e9xico - sanluisinforma.com\",\"isPartOf\":{\"@id\":\"https:\/\/sanluisinforma.com\/#website\"},\"primaryImageOfPage\":{\"@id\":\"https:\/\/sanluisinforma.com\/?p=1549#primaryimage\"},\"image\":{\"@id\":\"https:\/\/sanluisinforma.com\/?p=1549#primaryimage\"},\"thumbnailUrl\":\"https:\/\/sanluisinforma.com\/wp-content\/uploads\/2022\/03\/200322-1527-GOBERNADOR-POTOSINO-REAFIRMA-RESPALDO-AL-PRESIDENTE-DE-ME\u0301XICO.jpeg\",\"datePublished\":\"2022-03-21T14:01:39+00:00\",\"dateModified\":\"2022-03-21T14:01:39+00:00\",\"breadcrumb\":{\"@id\":\"https:\/\/sanluisinforma.com\/?p=1549#breadcrumb\"},\"inLanguage\":\"es\",\"potentialAction\":[{\"@type\":\"ReadAction\",\"target\":[\"https:\/\/sanluisinforma.com\/?p=1549\"]}]},{\"@type\":\"ImageObject\",\"inLanguage\":\"es\",\"@id\":\"https:\/\/sanluisinforma.com\/?p=1549#primaryimage\",\"url\":\"https:\/\/sanluisinforma.com\/wp-content\/uploads\/2022\/03\/200322-1527-GOBERNADOR-POTOSINO-REAFIRMA-RESPALDO-AL-PRESIDENTE-DE-ME\u0301XICO.jpeg\",\"contentUrl\":\"https:\/\/sanluisinforma.com\/wp-content\/uploads\/2022\/03\/200322-1527-GOBERNADOR-POTOSINO-REAFIRMA-RESPALDO-AL-PRESIDENTE-DE-ME\u0301XICO.jpeg\",\"width\":500,\"height\":245},{\"@type\":\"BreadcrumbList\",\"@id\":\"https:\/\/sanluisinforma.com\/?p=1549#breadcrumb\",\"itemListElement\":[{\"@type\":\"ListItem\",\"position\":1,\"name\":\"Inicio\",\"item\":\"https:\/\/sanluisinforma.com\/\"},{\"@type\":\"ListItem\",\"position\":2,\"name\":\"Gobernador potosino reafirma respaldo al Presidente de M\u00e9xico\"}]},{\"@type\":\"WebSite\",\"@id\":\"https:\/\/sanluisinforma.com\/#website\",\"url\":\"https:\/\/sanluisinforma.com\/\",\"name\":\"sanluisinforma.com\",\"description\":\"Periodico San Luis Informa\",\"publisher\":{\"@id\":\"https:\/\/sanluisinforma.com\/#organization\"},\"potentialAction\":[{\"@type\":\"SearchAction\",\"target\":{\"@type\":\"EntryPoint\",\"urlTemplate\":\"https:\/\/sanluisinforma.com\/?s={search_term_string}\"},\"query-input\":{\"@type\":\"PropertyValueSpecification\",\"valueRequired\":true,\"valueName\":\"search_term_string\"}}],\"inLanguage\":\"es\"},{\"@type\":\"Organization\",\"@id\":\"https:\/\/sanluisinforma.com\/#organization\",\"name\":\"sanluisinforma.com\",\"url\":\"https:\/\/sanluisinforma.com\/\",\"logo\":{\"@type\":\"ImageObject\",\"inLanguage\":\"es\",\"@id\":\"https:\/\/sanluisinforma.com\/#\/schema\/logo\/image\/\",\"url\":\"https:\/\/sanluisinforma.com\/wp-content\/uploads\/2026\/03\/sanluisinforma-V.jpg\",\"contentUrl\":\"https:\/\/sanluisinforma.com\/wp-content\/uploads\/2026\/03\/sanluisinforma-V.jpg\",\"width\":500,\"height\":156,\"caption\":\"sanluisinforma.com\"},\"image\":{\"@id\":\"https:\/\/sanluisinforma.com\/#\/schema\/logo\/image\/\"}},{\"@type\":\"Person\",\"@id\":\"https:\/\/sanluisinforma.com\/#\/schema\/person\/49ff81046c3481e1b5440b65c424cc17\",\"name\":\"m3rsync\",\"image\":{\"@type\":\"ImageObject\",\"inLanguage\":\"es\",\"@id\":\"https:\/\/sanluisinforma.com\/#\/schema\/person\/image\/\",\"url\":\"https:\/\/secure.gravatar.com\/avatar\/a680509951ac8a465dc670dcf485535c45f0448b55f320b47fd5b6339aed90e2?s=96&d=mm&r=g\",\"contentUrl\":\"https:\/\/secure.gravatar.com\/avatar\/a680509951ac8a465dc670dcf485535c45f0448b55f320b47fd5b6339aed90e2?s=96&d=mm&r=g\",\"caption\":\"m3rsync\"},\"sameAs\":[\"https:\/\/sanluisinforma.com\"],\"url\":\"https:\/\/sanluisinforma.com\/?author=1\"}]}<\/script>\n<!-- \/ Yoast SEO plugin. -->","yoast_head_json":{"title":"Gobernador potosino reafirma respaldo al Presidente de M\u00e9xico - sanluisinforma.com","robots":{"index":"index","follow":"follow","max-snippet":"max-snippet:-1","max-image-preview":"max-image-preview:large","max-video-preview":"max-video-preview:-1"},"canonical":"https:\/\/sanluisinforma.com\/?p=1549","og_locale":"es_MX","og_type":"article","og_title":"Gobernador potosino reafirma respaldo al Presidente de M\u00e9xico - sanluisinforma.com","og_description":"Por invitaci\u00f3n del presidente Andr\u00e9s Manuel L\u00f3pez Obrador, asistir\u00e1 a la inauguraci\u00f3n del nuevo Aeropuerto Internacional Felipe \u00c1ngeles. Adem\u00e1s, estar\u00e1","og_url":"https:\/\/sanluisinforma.com\/?p=1549","og_site_name":"sanluisinforma.com","article_published_time":"2022-03-21T14:01:39+00:00","og_image":[{"width":500,"height":245,"url":"https:\/\/sanluisinforma.com\/wp-content\/uploads\/2022\/03\/200322-1527-GOBERNADOR-POTOSINO-REAFIRMA-RESPALDO-AL-PRESIDENTE-DE-ME\u0301XICO.jpeg","type":"image\/jpeg"}],"author":"m3rsync","twitter_card":"summary_large_image","twitter_misc":{"Escrito por":"m3rsync","Tiempo de lectura":"2 minutos"},"schema":{"@context":"https:\/\/schema.org","@graph":[{"@type":"Article","@id":"https:\/\/sanluisinforma.com\/?p=1549#article","isPartOf":{"@id":"https:\/\/sanluisinforma.com\/?p=1549"},"author":{"name":"m3rsync","@id":"https:\/\/sanluisinforma.com\/#\/schema\/person\/49ff81046c3481e1b5440b65c424cc17"},"headline":"Gobernador potosino reafirma respaldo al Presidente de M\u00e9xico","datePublished":"2022-03-21T14:01:39+00:00","dateModified":"2022-03-21T14:01:39+00:00","mainEntityOfPage":{"@id":"https:\/\/sanluisinforma.com\/?p=1549"},"wordCount":424,"commentCount":0,"publisher":{"@id":"https:\/\/sanluisinforma.com\/#organization"},"image":{"@id":"https:\/\/sanluisinforma.com\/?p=1549#primaryimage"},"thumbnailUrl":"https:\/\/sanluisinforma.com\/wp-content\/uploads\/2022\/03\/200322-1527-GOBERNADOR-POTOSINO-REAFIRMA-RESPALDO-AL-PRESIDENTE-DE-ME\u0301XICO.jpeg","articleSection":["Local"],"inLanguage":"es","potentialAction":[{"@type":"CommentAction","name":"Comment","target":["https:\/\/sanluisinforma.com\/?p=1549#respond"]}]},{"@type":"WebPage","@id":"https:\/\/sanluisinforma.com\/?p=1549","url":"https:\/\/sanluisinforma.com\/?p=1549","name":"Gobernador potosino reafirma respaldo al Presidente de M\u00e9xico - sanluisinforma.com","isPartOf":{"@id":"https:\/\/sanluisinforma.com\/#website"},"primaryImageOfPage":{"@id":"https:\/\/sanluisinforma.com\/?p=1549#primaryimage"},"image":{"@id":"https:\/\/sanluisinforma.com\/?p=1549#primaryimage"},"thumbnailUrl":"https:\/\/sanluisinforma.com\/wp-content\/uploads\/2022\/03\/200322-1527-GOBERNADOR-POTOSINO-REAFIRMA-RESPALDO-AL-PRESIDENTE-DE-ME\u0301XICO.jpeg","datePublished":"2022-03-21T14:01:39+00:00","dateModified":"2022-03-21T14:01:39+00:00","breadcrumb":{"@id":"https:\/\/sanluisinforma.com\/?p=1549#breadcrumb"},"inLanguage":"es","potentialAction":[{"@type":"ReadAction","target":["https:\/\/sanluisinforma.com\/?p=1549"]}]},{"@type":"ImageObject","inLanguage":"es","@id":"https:\/\/sanluisinforma.com\/?p=1549#primaryimage","url":"https:\/\/sanluisinforma.com\/wp-content\/uploads\/2022\/03\/200322-1527-GOBERNADOR-POTOSINO-REAFIRMA-RESPALDO-AL-PRESIDENTE-DE-ME\u0301XICO.jpeg","contentUrl":"https:\/\/sanluisinforma.com\/wp-content\/uploads\/2022\/03\/200322-1527-GOBERNADOR-POTOSINO-REAFIRMA-RESPALDO-AL-PRESIDENTE-DE-ME\u0301XICO.jpeg","width":500,"height":245},{"@type":"BreadcrumbList","@id":"https:\/\/sanluisinforma.com\/?p=1549#breadcrumb","itemListElement":[{"@type":"ListItem","position":1,"name":"Inicio","item":"https:\/\/sanluisinforma.com\/"},{"@type":"ListItem","position":2,"name":"Gobernador potosino reafirma respaldo al Presidente de M\u00e9xico"}]},{"@type":"WebSite","@id":"https:\/\/sanluisinforma.com\/#website","url":"https:\/\/sanluisinforma.com\/","name":"sanluisinforma.com","description":"Periodico San Luis Informa","publisher":{"@id":"https:\/\/sanluisinforma.com\/#organization"},"potentialAction":[{"@type":"SearchAction","target":{"@type":"EntryPoint","urlTemplate":"https:\/\/sanluisinforma.com\/?s={search_term_string}"},"query-input":{"@type":"PropertyValueSpecification","valueRequired":true,"valueName":"search_term_string"}}],"inLanguage":"es"},{"@type":"Organization","@id":"https:\/\/sanluisinforma.com\/#organization","name":"sanluisinforma.com","url":"https:\/\/sanluisinforma.com\/","logo":{"@type":"ImageObject","inLanguage":"es","@id":"https:\/\/sanluisinforma.com\/#\/schema\/logo\/image\/","url":"https:\/\/sanluisinforma.com\/wp-content\/uploads\/2026\/03\/sanluisinforma-V.jpg","contentUrl":"https:\/\/sanluisinforma.com\/wp-content\/uploads\/2026\/03\/sanluisinforma-V.jpg","width":500,"height":156,"caption":"sanluisinforma.com"},"image":{"@id":"https:\/\/sanluisinforma.com\/#\/schema\/logo\/image\/"}},{"@type":"Person","@id":"https:\/\/sanluisinforma.com\/#\/schema\/person\/49ff81046c3481e1b5440b65c424cc17","name":"m3rsync","image":{"@type":"ImageObject","inLanguage":"es","@id":"https:\/\/sanluisinforma.com\/#\/schema\/person\/image\/","url":"https:\/\/secure.gravatar.com\/avatar\/a680509951ac8a465dc670dcf485535c45f0448b55f320b47fd5b6339aed90e2?s=96&d=mm&r=g","contentUrl":"https:\/\/secure.gravatar.com\/avatar\/a680509951ac8a465dc670dcf485535c45f0448b55f320b47fd5b6339aed90e2?s=96&d=mm&r=g","caption":"m3rsync"},"sameAs":["https:\/\/sanluisinforma.com"],"url":"https:\/\/sanluisinforma.com\/?author=1"}]}},"_links":{"self":[{"href":"https:\/\/sanluisinforma.com\/index.php?rest_route=\/wp\/v2\/posts\/1549","targetHints":{"allow":["GET"]}}],"collection":[{"href":"https:\/\/sanluisinforma.com\/index.php?rest_route=\/wp\/v2\/posts"}],"about":[{"href":"https:\/\/sanluisinforma.com\/index.php?rest_route=\/wp\/v2\/types\/post"}],"author":[{"embeddable":true,"href":"https:\/\/sanluisinforma.com\/index.php?rest_route=\/wp\/v2\/users\/1"}],"replies":[{"embeddable":true,"href":"https:\/\/sanluisinforma.com\/index.php?rest_route=%2Fwp%2Fv2%2Fcomments&post=1549"}],"version-history":[{"count":0,"href":"https:\/\/sanluisinforma.com\/index.php?rest_route=\/wp\/v2\/posts\/1549\/revisions"}],"wp:featuredmedia":[{"embeddable":true,"href":"https:\/\/sanluisinforma.com\/index.php?rest_route=\/wp\/v2\/media\/1550"}],"wp:attachment":[{"href":"https:\/\/sanluisinforma.com\/index.php?rest_route=%2Fwp%2Fv2%2Fmedia&parent=1549"}],"wp:term":[{"taxonomy":"category","embeddable":true,"href":"https:\/\/sanluisinforma.com\/index.php?rest_route=%2Fwp%2Fv2%2Fcategories&post=1549"},{"taxonomy":"post_tag","embeddable":true,"href":"https:\/\/sanluisinforma.com\/index.php?rest_route=%2Fwp%2Fv2%2Ftags&post=1549"}],"curies":[{"name":"wp","href":"https:\/\/api.w.org\/{rel}","templated":true}]}}