{"id":15491,"date":"2025-10-24T00:58:00","date_gmt":"2025-10-24T06:58:00","guid":{"rendered":"https:\/\/sanluisinforma.com\/?p=15491"},"modified":"2025-10-23T23:04:02","modified_gmt":"2025-10-24T05:04:02","slug":"ricardo-gallardo-inaugura-altar-de-muertos-monumental-en-palacio-de-gobierno","status":"publish","type":"post","link":"https:\/\/sanluisinforma.com\/?p=15491","title":{"rendered":"Ricardo Gallardo inaugura Altar de Muertos Monumental en Palacio de Gobierno"},"content":{"rendered":"\n<p>Con el altar de muertos se inician las m\u00faltiples actividades, eventos, desfiles, tradiciones, en la huasteca, la capital e incluso fuera del Estado para mostrar la grandeza de Xantolo.<\/p>\n\n\n\n<p>Entre los aromas de cempas\u00fachil, copal, pan, comida de la ofrenda y la luz de la velas y veladoras, el Gobernador de San Luis Potos\u00ed, Ricardo Gallardo Cardona, inaugur\u00f3 el Altar de Muertos monumental en Palacio de Gobierno, que funde el color y la tradici\u00f3n para rendir homenaje a la vida y la memoria.<\/p>\n\n\n\n<p>Ante decenas de asistentes como parte de las m\u00faltiples actividades del festival &#8220;Xantolo se Vive en tu Ciudad&#8221;, el Mandatario potosino destac\u00f3 que esta tradici\u00f3n es una de las expresiones m\u00e1s representativas, especialmente de la regi\u00f3n Huasteca, donde el Xantolo es un puente espiritual entre las personas vivas y las que ya partieron.<\/p>\n\n\n\n<p>Ricardo Gallardo invit\u00f3 a las y los potosinos y a las y los visitantes nacionales y extranjeros a disfrutar del festival Xantolo del 24 al 26 de octubre en la capital, as\u00ed como acudir a la Huasteca, que hoy ya est\u00e1 lista para recibir a todas y todos, los \u00faltimos d\u00edas de octubre y principios de noviembre pues generar\u00e1 beneficio para la regi\u00f3n, tras las lluvias intensas y las inundaciones que afectaron la zona.<\/p>\n\n\n\n<p>El Palacio de Gobierno se llen\u00f3 de luz, color y fragancias, con la participaci\u00f3n de comparsas tradicionales de la Huasteca y el altar que muestra siete niveles del viaje del alma, representando la traves\u00eda espiritual, incluyendo elementos como el agua, la sal, las velas y veladoras, el copal e incienso, las flores de cempas\u00fachil y las calaveras, frutas, pan de muerto, papel picado y fotograf\u00edas.<\/p>\n","protected":false},"excerpt":{"rendered":"<p>Con el altar de muertos se inician las m\u00faltiples actividades, eventos, desfiles, tradiciones, en la huasteca, la capital e incluso<\/p>\n","protected":false},"author":2,"featured_media":15493,"comment_status":"closed","ping_status":"closed","sticky":false,"template":"","format":"standard","meta":{"footnotes":""},"categories":[25,30],"tags":[],"class_list":["post-15491","post","type-post","status-publish","format-standard","has-post-thumbnail","hentry","category-local","category-portada"],"yoast_head":"<!-- This site is optimized with the Yoast SEO plugin v24.1 - https:\/\/yoast.com\/wordpress\/plugins\/seo\/ -->\n<title>Ricardo Gallardo inaugura Altar de Muertos Monumental en Palacio de Gobierno - sanluisinforma.com<\/title>\n<meta name=\"robots\" content=\"index, follow, max-snippet:-1, max-image-preview:large, max-video-preview:-1\" \/>\n<link rel=\"canonical\" href=\"https:\/\/sanluisinforma.com\/?p=15491\" \/>\n<meta property=\"og:locale\" content=\"es_MX\" \/>\n<meta property=\"og:type\" content=\"article\" \/>\n<meta property=\"og:title\" content=\"Ricardo Gallardo inaugura Altar de Muertos Monumental en Palacio de Gobierno - sanluisinforma.com\" \/>\n<meta property=\"og:description\" content=\"Con el altar de muertos se inician las m\u00faltiples actividades, eventos, desfiles, tradiciones, en la huasteca, la capital e incluso\" \/>\n<meta property=\"og:url\" content=\"https:\/\/sanluisinforma.com\/?p=15491\" \/>\n<meta property=\"og:site_name\" content=\"sanluisinforma.com\" \/>\n<meta property=\"article:published_time\" content=\"2025-10-24T06:58:00+00:00\" \/>\n<meta property=\"article:modified_time\" content=\"2025-10-24T05:04:02+00:00\" \/>\n<meta property=\"og:image\" content=\"https:\/\/sanluisinforma.com\/wp-content\/uploads\/2025\/10\/unnamed-3-15.jpg\" \/>\n\t<meta property=\"og:image:width\" content=\"400\" \/>\n\t<meta property=\"og:image:height\" content=\"266\" \/>\n\t<meta property=\"og:image:type\" content=\"image\/jpeg\" \/>\n<meta name=\"author\" content=\"sanluisinforma.com\" \/>\n<meta name=\"twitter:card\" content=\"summary_large_image\" \/>\n<meta name=\"twitter:label1\" content=\"Escrito por\" \/>\n\t<meta name=\"twitter:data1\" content=\"sanluisinforma.com\" \/>\n\t<meta name=\"twitter:label2\" content=\"Tiempo de lectura\" \/>\n\t<meta name=\"twitter:data2\" content=\"2 minutos\" \/>\n<script type=\"application\/ld+json\" class=\"yoast-schema-graph\">{\"@context\":\"https:\/\/schema.org\",\"@graph\":[{\"@type\":\"Article\",\"@id\":\"https:\/\/sanluisinforma.com\/?p=15491#article\",\"isPartOf\":{\"@id\":\"https:\/\/sanluisinforma.com\/?p=15491\"},\"author\":{\"name\":\"sanluisinforma.com\",\"@id\":\"https:\/\/sanluisinforma.com\/#\/schema\/person\/c30648f71476be533b6f59d092905c8b\"},\"headline\":\"Ricardo Gallardo inaugura Altar de Muertos Monumental en Palacio de Gobierno\",\"datePublished\":\"2025-10-24T06:58:00+00:00\",\"dateModified\":\"2025-10-24T05:04:02+00:00\",\"mainEntityOfPage\":{\"@id\":\"https:\/\/sanluisinforma.com\/?p=15491\"},\"wordCount\":297,\"publisher\":{\"@id\":\"https:\/\/sanluisinforma.com\/#organization\"},\"image\":{\"@id\":\"https:\/\/sanluisinforma.com\/?p=15491#primaryimage\"},\"thumbnailUrl\":\"https:\/\/sanluisinforma.com\/wp-content\/uploads\/2025\/10\/unnamed-3-15.jpg\",\"articleSection\":[\"Local\",\"Portada\"],\"inLanguage\":\"es\"},{\"@type\":\"WebPage\",\"@id\":\"https:\/\/sanluisinforma.com\/?p=15491\",\"url\":\"https:\/\/sanluisinforma.com\/?p=15491\",\"name\":\"Ricardo Gallardo inaugura Altar de Muertos Monumental en Palacio de Gobierno - sanluisinforma.com\",\"isPartOf\":{\"@id\":\"https:\/\/sanluisinforma.com\/#website\"},\"primaryImageOfPage\":{\"@id\":\"https:\/\/sanluisinforma.com\/?p=15491#primaryimage\"},\"image\":{\"@id\":\"https:\/\/sanluisinforma.com\/?p=15491#primaryimage\"},\"thumbnailUrl\":\"https:\/\/sanluisinforma.com\/wp-content\/uploads\/2025\/10\/unnamed-3-15.jpg\",\"datePublished\":\"2025-10-24T06:58:00+00:00\",\"dateModified\":\"2025-10-24T05:04:02+00:00\",\"breadcrumb\":{\"@id\":\"https:\/\/sanluisinforma.com\/?p=15491#breadcrumb\"},\"inLanguage\":\"es\",\"potentialAction\":[{\"@type\":\"ReadAction\",\"target\":[\"https:\/\/sanluisinforma.com\/?p=15491\"]}]},{\"@type\":\"ImageObject\",\"inLanguage\":\"es\",\"@id\":\"https:\/\/sanluisinforma.com\/?p=15491#primaryimage\",\"url\":\"https:\/\/sanluisinforma.com\/wp-content\/uploads\/2025\/10\/unnamed-3-15.jpg\",\"contentUrl\":\"https:\/\/sanluisinforma.com\/wp-content\/uploads\/2025\/10\/unnamed-3-15.jpg\",\"width\":400,\"height\":266},{\"@type\":\"BreadcrumbList\",\"@id\":\"https:\/\/sanluisinforma.com\/?p=15491#breadcrumb\",\"itemListElement\":[{\"@type\":\"ListItem\",\"position\":1,\"name\":\"Inicio\",\"item\":\"https:\/\/sanluisinforma.com\/\"},{\"@type\":\"ListItem\",\"position\":2,\"name\":\"Ricardo Gallardo inaugura Altar de Muertos Monumental en Palacio de Gobierno\"}]},{\"@type\":\"WebSite\",\"@id\":\"https:\/\/sanluisinforma.com\/#website\",\"url\":\"https:\/\/sanluisinforma.com\/\",\"name\":\"sanluisinforma.com\",\"description\":\"Periodico San Luis Informa\",\"publisher\":{\"@id\":\"https:\/\/sanluisinforma.com\/#organization\"},\"potentialAction\":[{\"@type\":\"SearchAction\",\"target\":{\"@type\":\"EntryPoint\",\"urlTemplate\":\"https:\/\/sanluisinforma.com\/?s={search_term_string}\"},\"query-input\":{\"@type\":\"PropertyValueSpecification\",\"valueRequired\":true,\"valueName\":\"search_term_string\"}}],\"inLanguage\":\"es\"},{\"@type\":\"Organization\",\"@id\":\"https:\/\/sanluisinforma.com\/#organization\",\"name\":\"sanluisinforma.com\",\"url\":\"https:\/\/sanluisinforma.com\/\",\"logo\":{\"@type\":\"ImageObject\",\"inLanguage\":\"es\",\"@id\":\"https:\/\/sanluisinforma.com\/#\/schema\/logo\/image\/\",\"url\":\"https:\/\/sanluisinforma.com\/wp-content\/uploads\/2026\/03\/sanluisinforma-V.jpg\",\"contentUrl\":\"https:\/\/sanluisinforma.com\/wp-content\/uploads\/2026\/03\/sanluisinforma-V.jpg\",\"width\":500,\"height\":156,\"caption\":\"sanluisinforma.com\"},\"image\":{\"@id\":\"https:\/\/sanluisinforma.com\/#\/schema\/logo\/image\/\"}},{\"@type\":\"Person\",\"@id\":\"https:\/\/sanluisinforma.com\/#\/schema\/person\/c30648f71476be533b6f59d092905c8b\",\"name\":\"sanluisinforma.com\",\"image\":{\"@type\":\"ImageObject\",\"inLanguage\":\"es\",\"@id\":\"https:\/\/sanluisinforma.com\/#\/schema\/person\/image\/\",\"url\":\"https:\/\/secure.gravatar.com\/avatar\/86e3114e34a1eecefb963e0a02f0093f93b092dddb2fe1517596343751081a87?s=96&d=mm&r=g\",\"contentUrl\":\"https:\/\/secure.gravatar.com\/avatar\/86e3114e34a1eecefb963e0a02f0093f93b092dddb2fe1517596343751081a87?s=96&d=mm&r=g\",\"caption\":\"sanluisinforma.com\"},\"url\":\"https:\/\/sanluisinforma.com\/?author=2\"}]}<\/script>\n<!-- \/ Yoast SEO plugin. -->","yoast_head_json":{"title":"Ricardo Gallardo inaugura Altar de Muertos Monumental en Palacio de Gobierno - sanluisinforma.com","robots":{"index":"index","follow":"follow","max-snippet":"max-snippet:-1","max-image-preview":"max-image-preview:large","max-video-preview":"max-video-preview:-1"},"canonical":"https:\/\/sanluisinforma.com\/?p=15491","og_locale":"es_MX","og_type":"article","og_title":"Ricardo Gallardo inaugura Altar de Muertos Monumental en Palacio de Gobierno - sanluisinforma.com","og_description":"Con el altar de muertos se inician las m\u00faltiples actividades, eventos, desfiles, tradiciones, en la huasteca, la capital e incluso","og_url":"https:\/\/sanluisinforma.com\/?p=15491","og_site_name":"sanluisinforma.com","article_published_time":"2025-10-24T06:58:00+00:00","article_modified_time":"2025-10-24T05:04:02+00:00","og_image":[{"width":400,"height":266,"url":"https:\/\/sanluisinforma.com\/wp-content\/uploads\/2025\/10\/unnamed-3-15.jpg","type":"image\/jpeg"}],"author":"sanluisinforma.com","twitter_card":"summary_large_image","twitter_misc":{"Escrito por":"sanluisinforma.com","Tiempo de lectura":"2 minutos"},"schema":{"@context":"https:\/\/schema.org","@graph":[{"@type":"Article","@id":"https:\/\/sanluisinforma.com\/?p=15491#article","isPartOf":{"@id":"https:\/\/sanluisinforma.com\/?p=15491"},"author":{"name":"sanluisinforma.com","@id":"https:\/\/sanluisinforma.com\/#\/schema\/person\/c30648f71476be533b6f59d092905c8b"},"headline":"Ricardo Gallardo inaugura Altar de Muertos Monumental en Palacio de Gobierno","datePublished":"2025-10-24T06:58:00+00:00","dateModified":"2025-10-24T05:04:02+00:00","mainEntityOfPage":{"@id":"https:\/\/sanluisinforma.com\/?p=15491"},"wordCount":297,"publisher":{"@id":"https:\/\/sanluisinforma.com\/#organization"},"image":{"@id":"https:\/\/sanluisinforma.com\/?p=15491#primaryimage"},"thumbnailUrl":"https:\/\/sanluisinforma.com\/wp-content\/uploads\/2025\/10\/unnamed-3-15.jpg","articleSection":["Local","Portada"],"inLanguage":"es"},{"@type":"WebPage","@id":"https:\/\/sanluisinforma.com\/?p=15491","url":"https:\/\/sanluisinforma.com\/?p=15491","name":"Ricardo Gallardo inaugura Altar de Muertos Monumental en Palacio de Gobierno - sanluisinforma.com","isPartOf":{"@id":"https:\/\/sanluisinforma.com\/#website"},"primaryImageOfPage":{"@id":"https:\/\/sanluisinforma.com\/?p=15491#primaryimage"},"image":{"@id":"https:\/\/sanluisinforma.com\/?p=15491#primaryimage"},"thumbnailUrl":"https:\/\/sanluisinforma.com\/wp-content\/uploads\/2025\/10\/unnamed-3-15.jpg","datePublished":"2025-10-24T06:58:00+00:00","dateModified":"2025-10-24T05:04:02+00:00","breadcrumb":{"@id":"https:\/\/sanluisinforma.com\/?p=15491#breadcrumb"},"inLanguage":"es","potentialAction":[{"@type":"ReadAction","target":["https:\/\/sanluisinforma.com\/?p=15491"]}]},{"@type":"ImageObject","inLanguage":"es","@id":"https:\/\/sanluisinforma.com\/?p=15491#primaryimage","url":"https:\/\/sanluisinforma.com\/wp-content\/uploads\/2025\/10\/unnamed-3-15.jpg","contentUrl":"https:\/\/sanluisinforma.com\/wp-content\/uploads\/2025\/10\/unnamed-3-15.jpg","width":400,"height":266},{"@type":"BreadcrumbList","@id":"https:\/\/sanluisinforma.com\/?p=15491#breadcrumb","itemListElement":[{"@type":"ListItem","position":1,"name":"Inicio","item":"https:\/\/sanluisinforma.com\/"},{"@type":"ListItem","position":2,"name":"Ricardo Gallardo inaugura Altar de Muertos Monumental en Palacio de Gobierno"}]},{"@type":"WebSite","@id":"https:\/\/sanluisinforma.com\/#website","url":"https:\/\/sanluisinforma.com\/","name":"sanluisinforma.com","description":"Periodico San Luis Informa","publisher":{"@id":"https:\/\/sanluisinforma.com\/#organization"},"potentialAction":[{"@type":"SearchAction","target":{"@type":"EntryPoint","urlTemplate":"https:\/\/sanluisinforma.com\/?s={search_term_string}"},"query-input":{"@type":"PropertyValueSpecification","valueRequired":true,"valueName":"search_term_string"}}],"inLanguage":"es"},{"@type":"Organization","@id":"https:\/\/sanluisinforma.com\/#organization","name":"sanluisinforma.com","url":"https:\/\/sanluisinforma.com\/","logo":{"@type":"ImageObject","inLanguage":"es","@id":"https:\/\/sanluisinforma.com\/#\/schema\/logo\/image\/","url":"https:\/\/sanluisinforma.com\/wp-content\/uploads\/2026\/03\/sanluisinforma-V.jpg","contentUrl":"https:\/\/sanluisinforma.com\/wp-content\/uploads\/2026\/03\/sanluisinforma-V.jpg","width":500,"height":156,"caption":"sanluisinforma.com"},"image":{"@id":"https:\/\/sanluisinforma.com\/#\/schema\/logo\/image\/"}},{"@type":"Person","@id":"https:\/\/sanluisinforma.com\/#\/schema\/person\/c30648f71476be533b6f59d092905c8b","name":"sanluisinforma.com","image":{"@type":"ImageObject","inLanguage":"es","@id":"https:\/\/sanluisinforma.com\/#\/schema\/person\/image\/","url":"https:\/\/secure.gravatar.com\/avatar\/86e3114e34a1eecefb963e0a02f0093f93b092dddb2fe1517596343751081a87?s=96&d=mm&r=g","contentUrl":"https:\/\/secure.gravatar.com\/avatar\/86e3114e34a1eecefb963e0a02f0093f93b092dddb2fe1517596343751081a87?s=96&d=mm&r=g","caption":"sanluisinforma.com"},"url":"https:\/\/sanluisinforma.com\/?author=2"}]}},"_links":{"self":[{"href":"https:\/\/sanluisinforma.com\/index.php?rest_route=\/wp\/v2\/posts\/15491","targetHints":{"allow":["GET"]}}],"collection":[{"href":"https:\/\/sanluisinforma.com\/index.php?rest_route=\/wp\/v2\/posts"}],"about":[{"href":"https:\/\/sanluisinforma.com\/index.php?rest_route=\/wp\/v2\/types\/post"}],"author":[{"embeddable":true,"href":"https:\/\/sanluisinforma.com\/index.php?rest_route=\/wp\/v2\/users\/2"}],"replies":[{"embeddable":true,"href":"https:\/\/sanluisinforma.com\/index.php?rest_route=%2Fwp%2Fv2%2Fcomments&post=15491"}],"version-history":[{"count":1,"href":"https:\/\/sanluisinforma.com\/index.php?rest_route=\/wp\/v2\/posts\/15491\/revisions"}],"predecessor-version":[{"id":15494,"href":"https:\/\/sanluisinforma.com\/index.php?rest_route=\/wp\/v2\/posts\/15491\/revisions\/15494"}],"wp:featuredmedia":[{"embeddable":true,"href":"https:\/\/sanluisinforma.com\/index.php?rest_route=\/wp\/v2\/media\/15493"}],"wp:attachment":[{"href":"https:\/\/sanluisinforma.com\/index.php?rest_route=%2Fwp%2Fv2%2Fmedia&parent=15491"}],"wp:term":[{"taxonomy":"category","embeddable":true,"href":"https:\/\/sanluisinforma.com\/index.php?rest_route=%2Fwp%2Fv2%2Fcategories&post=15491"},{"taxonomy":"post_tag","embeddable":true,"href":"https:\/\/sanluisinforma.com\/index.php?rest_route=%2Fwp%2Fv2%2Ftags&post=15491"}],"curies":[{"name":"wp","href":"https:\/\/api.w.org\/{rel}","templated":true}]}}