{"id":15560,"date":"2025-10-27T00:40:00","date_gmt":"2025-10-27T06:40:00","guid":{"rendered":"https:\/\/sanluisinforma.com\/?p=15560"},"modified":"2025-10-26T22:02:03","modified_gmt":"2025-10-27T04:02:03","slug":"a-finales-de-enero-de-2026-se-podra-usar-el-tren-el-insurgente-de-toluca-a-observatorio-presidenta-claudia-sheinbuam","status":"publish","type":"post","link":"https:\/\/sanluisinforma.com\/?p=15560","title":{"rendered":"A finales de enero de 2026 se podr\u00e1 usar el Tren &#8220;El Insurgente&#8221; de Toluca a Observatorio:Presidenta Claudia Sheinbuam"},"content":{"rendered":"\n<p> Se reducir\u00e1 un recorrido de dos horas y media en s\u00f3lo 40 minutos, destac\u00f3 la Jefa del Ejecutivo Federal<br>* Encabez\u00f3 un recorrido de supervisi\u00f3n de las estaciones Santa Fe a Observatorio acompa\u00f1ada por autoridades federales, estatales y empresas constructoras<\/p>\n\n\n\n<p>*Ciudad de M\u00e9xico, a 26 de octubre de 2025.-* La Presidenta Claudia Sheinbaum Pardo anunci\u00f3 que a finales de enero de 2026 se podr\u00e1 utilizar el Tren M\u00e9xico-Toluca \u201cEl Insurgente\u201d desde&nbsp; Toluca, Estado de M\u00e9xico, hasta Observatorio en la Ciudad de M\u00e9xico reduciendo un traslado de 2 horas y media a 40 minutos, esto una vez que ya concluy\u00f3 la obra civil y electromec\u00e1nica, que permitir\u00e1 iniciar el periodo de prueba durante los pr\u00f3ximos tres meses.<\/p>\n\n\n\n<p>*\u201cComo nos comprometimos, ya terminamos la obra civil del Tren Ciudad de M\u00e9xico-Toluca \u00b4El Insurgente\u00b4, ya pr\u00e1cticamente est\u00e1 terminada toda la electromec\u00e1nica y a partir de ahora inicia el periodo de pruebas, que es muy importante porque requiere pruebas de la se\u00f1alizaci\u00f3n, la certificaci\u00f3n, todo lo que tiene que ver con el tren, son alrededor de tres meses de prueba para poderlo poner a punto. Eso significa que a finales de enero de 2026 ya podr\u00e1 usar para toda la poblaci\u00f3n el \u00b4Tren El Insurgente\u00b4\u201c*, inform\u00f3 tras realizar un recorrido de supervisi\u00f3n de las estaciones Santa Fe a Observatorio.<\/p>\n\n\n\n<p>Agreg\u00f3 que en noviembre se pone en marcha el tramo de Observatorio a Juanacatl\u00e1n de la L\u00ednea 1 del Metro. Adem\u00e1s, destac\u00f3 a la Estaci\u00f3n Observatorio como la m\u00e1s importante que se ha hecho en la historia del pa\u00eds, ya que es \u00fanica en su tipo y la cual va a permitir conectar distintos tipos de transporte: Metro, Tren, transporte p\u00fablico y transporte for\u00e1neo.<\/p>\n\n\n\n<p>La Jefa de Gobierno de la Ciudad de M\u00e9xico, Clara Brugada Molina, agradeci\u00f3 el esfuerzo y la coordinaci\u00f3n del gobierno federal, el Gobierno del Estado de M\u00e9xico y el sector empresarial que particip\u00f3 para convertir al Complejo Observatorio en la gran puerta del poniente de la ciudad, que se va a complementar con un conjunto de transportes el\u00e9ctricos que van a llegar a la capital del pa\u00eds.<\/p>\n\n\n\n<p>La gobernadora del Estado de M\u00e9xico, Delfina G\u00f3mez \u00c1lvarez, agreg\u00f3 que esta mega obra de movilidad no solo es un transporte seguro y econ\u00f3mico, sino que ayudar\u00e1 a mejorar la calidad de vida de las y los mexiquenses quienes reducir\u00e1n sus tiempos de traslado, estar\u00e1n m\u00e1s tiempo con su familia y beneficiar\u00e1 su salud mental.<\/p>\n\n\n\n<p>El titular de la Agencia Reguladora de Transporte Ferroviario (ARTF), Andr\u00e9s Lajous Loaeza, inform\u00f3 que el Tren \u201cEl Insurgente\u201d, de Zinacantepec a Observatorio, estar\u00e1 operando con 20 trenes para poder movilizar a 140 mil pasajeros al d\u00eda. Lo cual permitir\u00e1 conectar a la Zona Metropolitana de Toluca con la Zona Metropolitana del Valle de M\u00e9xico a trav\u00e9s de las L\u00edneas 1 y 12 del Sistema de Transporte Colectivo Metro; de la L\u00ednea 3 del Cableb\u00fas; de la Red de Transporte de Pasajeros (RTP) desde la Central de Observatorio; y la Terminal de Autobuses Poniente.<\/p>\n\n\n\n<p>El director general del Banco Nacional de Obras y Servicios P\u00fablicos (Banobras), Jorge Alberto Mendoza S\u00e1nchez, consider\u00f3 un \u00e9xito la primera etapa de funcionamiento del Tren \u201cEl Insurgente\u201d, que ha transportado 12.6 millones de personas desde su inicio de operaciones, con un promedio de 81 vueltas y 22 mil pasajeros por d\u00eda; agreg\u00f3 que, con la ampliaci\u00f3n del recorrido hasta Observatorio, el costo del viaje va a ir de 15 a 90 pesos en funci\u00f3n del trayecto a recorrer, que representa un costo m\u00e1s bajo a los 112 pesos que cuesta hoy trasladarse en ese tramo por autob\u00fas.<\/p>\n\n\n\n<p>La directora general de Proyectos Ferroviarios, Adriana Cardona, detall\u00f3 que la obra cuenta con un viaducto de 46.6 kil\u00f3metros, \u00fanico en el mundo porque cuenta con tirantes, pendiente y una curvatura; mientras que el residente de obra de equipos electromec\u00e1nicos, No\u00e9 Arellano, report\u00f3 que de la estaci\u00f3n Santa Fe hasta Observatorio ya hay v\u00eda, canalizaciones y catenaria; y finalmente, la residente de obra, Sandy Mu\u00f1oz, dio a conocer que el flujo diario de usuarios en el Complejo Observatorio se estima en m\u00e1s de 20 mil pasajeros, lo triple de lo que hay actualmente en la estaci\u00f3n de Santa Fe.<\/p>\n\n\n\n<figure class=\"wp-block-table\"><table class=\"has-fixed-layout\"><tbody><tr><td><\/td><td><\/td><\/tr><\/tbody><\/table><\/figure>\n","protected":false},"excerpt":{"rendered":"<p>Se reducir\u00e1 un recorrido de dos horas y media en s\u00f3lo 40 minutos, destac\u00f3 la Jefa del Ejecutivo Federal* Encabez\u00f3<\/p>\n","protected":false},"author":2,"featured_media":15561,"comment_status":"closed","ping_status":"closed","sticky":false,"template":"","format":"standard","meta":{"footnotes":""},"categories":[26],"tags":[],"class_list":["post-15560","post","type-post","status-publish","format-standard","has-post-thumbnail","hentry","category-nacional"],"yoast_head":"<!-- This site is optimized with the Yoast SEO plugin v24.1 - https:\/\/yoast.com\/wordpress\/plugins\/seo\/ -->\n<title>A finales de enero de 2026 se podr\u00e1 usar el Tren &quot;El Insurgente&quot; de Toluca a Observatorio:Presidenta Claudia Sheinbuam - sanluisinforma.com<\/title>\n<meta name=\"robots\" content=\"index, follow, max-snippet:-1, max-image-preview:large, max-video-preview:-1\" \/>\n<link rel=\"canonical\" href=\"https:\/\/sanluisinforma.com\/?p=15560\" \/>\n<meta property=\"og:locale\" content=\"es_MX\" \/>\n<meta property=\"og:type\" content=\"article\" \/>\n<meta property=\"og:title\" content=\"A finales de enero de 2026 se podr\u00e1 usar el Tren &quot;El Insurgente&quot; de Toluca a Observatorio:Presidenta Claudia Sheinbuam - sanluisinforma.com\" \/>\n<meta property=\"og:description\" content=\"Se reducir\u00e1 un recorrido de dos horas y media en s\u00f3lo 40 minutos, destac\u00f3 la Jefa del Ejecutivo Federal* Encabez\u00f3\" \/>\n<meta property=\"og:url\" content=\"https:\/\/sanluisinforma.com\/?p=15560\" \/>\n<meta property=\"og:site_name\" content=\"sanluisinforma.com\" \/>\n<meta property=\"article:published_time\" content=\"2025-10-27T06:40:00+00:00\" \/>\n<meta property=\"article:modified_time\" content=\"2025-10-27T04:02:03+00:00\" \/>\n<meta property=\"og:image\" content=\"https:\/\/sanluisinforma.com\/wp-content\/uploads\/2025\/10\/Supervisio_n_Tren_.jpg\" \/>\n\t<meta property=\"og:image:width\" content=\"400\" \/>\n\t<meta property=\"og:image:height\" content=\"233\" \/>\n\t<meta property=\"og:image:type\" content=\"image\/jpeg\" \/>\n<meta name=\"author\" content=\"sanluisinforma.com\" \/>\n<meta name=\"twitter:card\" content=\"summary_large_image\" \/>\n<meta name=\"twitter:label1\" content=\"Escrito por\" \/>\n\t<meta name=\"twitter:data1\" content=\"sanluisinforma.com\" \/>\n\t<meta name=\"twitter:label2\" content=\"Tiempo de lectura\" \/>\n\t<meta name=\"twitter:data2\" content=\"4 minutos\" \/>\n<script type=\"application\/ld+json\" class=\"yoast-schema-graph\">{\"@context\":\"https:\/\/schema.org\",\"@graph\":[{\"@type\":\"Article\",\"@id\":\"https:\/\/sanluisinforma.com\/?p=15560#article\",\"isPartOf\":{\"@id\":\"https:\/\/sanluisinforma.com\/?p=15560\"},\"author\":{\"name\":\"sanluisinforma.com\",\"@id\":\"https:\/\/sanluisinforma.com\/#\/schema\/person\/c30648f71476be533b6f59d092905c8b\"},\"headline\":\"A finales de enero de 2026 se podr\u00e1 usar el Tren &#8220;El Insurgente&#8221; de Toluca a Observatorio:Presidenta Claudia Sheinbuam\",\"datePublished\":\"2025-10-27T06:40:00+00:00\",\"dateModified\":\"2025-10-27T04:02:03+00:00\",\"mainEntityOfPage\":{\"@id\":\"https:\/\/sanluisinforma.com\/?p=15560\"},\"wordCount\":748,\"publisher\":{\"@id\":\"https:\/\/sanluisinforma.com\/#organization\"},\"image\":{\"@id\":\"https:\/\/sanluisinforma.com\/?p=15560#primaryimage\"},\"thumbnailUrl\":\"https:\/\/sanluisinforma.com\/wp-content\/uploads\/2025\/10\/Supervisio_n_Tren_.jpg\",\"articleSection\":[\"Nacional\"],\"inLanguage\":\"es\"},{\"@type\":\"WebPage\",\"@id\":\"https:\/\/sanluisinforma.com\/?p=15560\",\"url\":\"https:\/\/sanluisinforma.com\/?p=15560\",\"name\":\"A finales de enero de 2026 se podr\u00e1 usar el Tren \\\"El Insurgente\\\" de Toluca a Observatorio:Presidenta Claudia Sheinbuam - sanluisinforma.com\",\"isPartOf\":{\"@id\":\"https:\/\/sanluisinforma.com\/#website\"},\"primaryImageOfPage\":{\"@id\":\"https:\/\/sanluisinforma.com\/?p=15560#primaryimage\"},\"image\":{\"@id\":\"https:\/\/sanluisinforma.com\/?p=15560#primaryimage\"},\"thumbnailUrl\":\"https:\/\/sanluisinforma.com\/wp-content\/uploads\/2025\/10\/Supervisio_n_Tren_.jpg\",\"datePublished\":\"2025-10-27T06:40:00+00:00\",\"dateModified\":\"2025-10-27T04:02:03+00:00\",\"breadcrumb\":{\"@id\":\"https:\/\/sanluisinforma.com\/?p=15560#breadcrumb\"},\"inLanguage\":\"es\",\"potentialAction\":[{\"@type\":\"ReadAction\",\"target\":[\"https:\/\/sanluisinforma.com\/?p=15560\"]}]},{\"@type\":\"ImageObject\",\"inLanguage\":\"es\",\"@id\":\"https:\/\/sanluisinforma.com\/?p=15560#primaryimage\",\"url\":\"https:\/\/sanluisinforma.com\/wp-content\/uploads\/2025\/10\/Supervisio_n_Tren_.jpg\",\"contentUrl\":\"https:\/\/sanluisinforma.com\/wp-content\/uploads\/2025\/10\/Supervisio_n_Tren_.jpg\",\"width\":400,\"height\":233},{\"@type\":\"BreadcrumbList\",\"@id\":\"https:\/\/sanluisinforma.com\/?p=15560#breadcrumb\",\"itemListElement\":[{\"@type\":\"ListItem\",\"position\":1,\"name\":\"Inicio\",\"item\":\"https:\/\/sanluisinforma.com\/\"},{\"@type\":\"ListItem\",\"position\":2,\"name\":\"A finales de enero de 2026 se podr\u00e1 usar el Tren &#8220;El Insurgente&#8221; de Toluca a Observatorio:Presidenta Claudia Sheinbuam\"}]},{\"@type\":\"WebSite\",\"@id\":\"https:\/\/sanluisinforma.com\/#website\",\"url\":\"https:\/\/sanluisinforma.com\/\",\"name\":\"sanluisinforma.com\",\"description\":\"Periodico San Luis Informa\",\"publisher\":{\"@id\":\"https:\/\/sanluisinforma.com\/#organization\"},\"potentialAction\":[{\"@type\":\"SearchAction\",\"target\":{\"@type\":\"EntryPoint\",\"urlTemplate\":\"https:\/\/sanluisinforma.com\/?s={search_term_string}\"},\"query-input\":{\"@type\":\"PropertyValueSpecification\",\"valueRequired\":true,\"valueName\":\"search_term_string\"}}],\"inLanguage\":\"es\"},{\"@type\":\"Organization\",\"@id\":\"https:\/\/sanluisinforma.com\/#organization\",\"name\":\"sanluisinforma.com\",\"url\":\"https:\/\/sanluisinforma.com\/\",\"logo\":{\"@type\":\"ImageObject\",\"inLanguage\":\"es\",\"@id\":\"https:\/\/sanluisinforma.com\/#\/schema\/logo\/image\/\",\"url\":\"https:\/\/sanluisinforma.com\/wp-content\/uploads\/2026\/03\/sanluisinforma-V.jpg\",\"contentUrl\":\"https:\/\/sanluisinforma.com\/wp-content\/uploads\/2026\/03\/sanluisinforma-V.jpg\",\"width\":500,\"height\":156,\"caption\":\"sanluisinforma.com\"},\"image\":{\"@id\":\"https:\/\/sanluisinforma.com\/#\/schema\/logo\/image\/\"}},{\"@type\":\"Person\",\"@id\":\"https:\/\/sanluisinforma.com\/#\/schema\/person\/c30648f71476be533b6f59d092905c8b\",\"name\":\"sanluisinforma.com\",\"image\":{\"@type\":\"ImageObject\",\"inLanguage\":\"es\",\"@id\":\"https:\/\/sanluisinforma.com\/#\/schema\/person\/image\/\",\"url\":\"https:\/\/secure.gravatar.com\/avatar\/86e3114e34a1eecefb963e0a02f0093f93b092dddb2fe1517596343751081a87?s=96&d=mm&r=g\",\"contentUrl\":\"https:\/\/secure.gravatar.com\/avatar\/86e3114e34a1eecefb963e0a02f0093f93b092dddb2fe1517596343751081a87?s=96&d=mm&r=g\",\"caption\":\"sanluisinforma.com\"},\"url\":\"https:\/\/sanluisinforma.com\/?author=2\"}]}<\/script>\n<!-- \/ Yoast SEO plugin. -->","yoast_head_json":{"title":"A finales de enero de 2026 se podr\u00e1 usar el Tren \"El Insurgente\" de Toluca a Observatorio:Presidenta Claudia Sheinbuam - sanluisinforma.com","robots":{"index":"index","follow":"follow","max-snippet":"max-snippet:-1","max-image-preview":"max-image-preview:large","max-video-preview":"max-video-preview:-1"},"canonical":"https:\/\/sanluisinforma.com\/?p=15560","og_locale":"es_MX","og_type":"article","og_title":"A finales de enero de 2026 se podr\u00e1 usar el Tren \"El Insurgente\" de Toluca a Observatorio:Presidenta Claudia Sheinbuam - sanluisinforma.com","og_description":"Se reducir\u00e1 un recorrido de dos horas y media en s\u00f3lo 40 minutos, destac\u00f3 la Jefa del Ejecutivo Federal* Encabez\u00f3","og_url":"https:\/\/sanluisinforma.com\/?p=15560","og_site_name":"sanluisinforma.com","article_published_time":"2025-10-27T06:40:00+00:00","article_modified_time":"2025-10-27T04:02:03+00:00","og_image":[{"width":400,"height":233,"url":"https:\/\/sanluisinforma.com\/wp-content\/uploads\/2025\/10\/Supervisio_n_Tren_.jpg","type":"image\/jpeg"}],"author":"sanluisinforma.com","twitter_card":"summary_large_image","twitter_misc":{"Escrito por":"sanluisinforma.com","Tiempo de lectura":"4 minutos"},"schema":{"@context":"https:\/\/schema.org","@graph":[{"@type":"Article","@id":"https:\/\/sanluisinforma.com\/?p=15560#article","isPartOf":{"@id":"https:\/\/sanluisinforma.com\/?p=15560"},"author":{"name":"sanluisinforma.com","@id":"https:\/\/sanluisinforma.com\/#\/schema\/person\/c30648f71476be533b6f59d092905c8b"},"headline":"A finales de enero de 2026 se podr\u00e1 usar el Tren &#8220;El Insurgente&#8221; de Toluca a Observatorio:Presidenta Claudia Sheinbuam","datePublished":"2025-10-27T06:40:00+00:00","dateModified":"2025-10-27T04:02:03+00:00","mainEntityOfPage":{"@id":"https:\/\/sanluisinforma.com\/?p=15560"},"wordCount":748,"publisher":{"@id":"https:\/\/sanluisinforma.com\/#organization"},"image":{"@id":"https:\/\/sanluisinforma.com\/?p=15560#primaryimage"},"thumbnailUrl":"https:\/\/sanluisinforma.com\/wp-content\/uploads\/2025\/10\/Supervisio_n_Tren_.jpg","articleSection":["Nacional"],"inLanguage":"es"},{"@type":"WebPage","@id":"https:\/\/sanluisinforma.com\/?p=15560","url":"https:\/\/sanluisinforma.com\/?p=15560","name":"A finales de enero de 2026 se podr\u00e1 usar el Tren \"El Insurgente\" de Toluca a Observatorio:Presidenta Claudia Sheinbuam - sanluisinforma.com","isPartOf":{"@id":"https:\/\/sanluisinforma.com\/#website"},"primaryImageOfPage":{"@id":"https:\/\/sanluisinforma.com\/?p=15560#primaryimage"},"image":{"@id":"https:\/\/sanluisinforma.com\/?p=15560#primaryimage"},"thumbnailUrl":"https:\/\/sanluisinforma.com\/wp-content\/uploads\/2025\/10\/Supervisio_n_Tren_.jpg","datePublished":"2025-10-27T06:40:00+00:00","dateModified":"2025-10-27T04:02:03+00:00","breadcrumb":{"@id":"https:\/\/sanluisinforma.com\/?p=15560#breadcrumb"},"inLanguage":"es","potentialAction":[{"@type":"ReadAction","target":["https:\/\/sanluisinforma.com\/?p=15560"]}]},{"@type":"ImageObject","inLanguage":"es","@id":"https:\/\/sanluisinforma.com\/?p=15560#primaryimage","url":"https:\/\/sanluisinforma.com\/wp-content\/uploads\/2025\/10\/Supervisio_n_Tren_.jpg","contentUrl":"https:\/\/sanluisinforma.com\/wp-content\/uploads\/2025\/10\/Supervisio_n_Tren_.jpg","width":400,"height":233},{"@type":"BreadcrumbList","@id":"https:\/\/sanluisinforma.com\/?p=15560#breadcrumb","itemListElement":[{"@type":"ListItem","position":1,"name":"Inicio","item":"https:\/\/sanluisinforma.com\/"},{"@type":"ListItem","position":2,"name":"A finales de enero de 2026 se podr\u00e1 usar el Tren &#8220;El Insurgente&#8221; de Toluca a Observatorio:Presidenta Claudia Sheinbuam"}]},{"@type":"WebSite","@id":"https:\/\/sanluisinforma.com\/#website","url":"https:\/\/sanluisinforma.com\/","name":"sanluisinforma.com","description":"Periodico San Luis Informa","publisher":{"@id":"https:\/\/sanluisinforma.com\/#organization"},"potentialAction":[{"@type":"SearchAction","target":{"@type":"EntryPoint","urlTemplate":"https:\/\/sanluisinforma.com\/?s={search_term_string}"},"query-input":{"@type":"PropertyValueSpecification","valueRequired":true,"valueName":"search_term_string"}}],"inLanguage":"es"},{"@type":"Organization","@id":"https:\/\/sanluisinforma.com\/#organization","name":"sanluisinforma.com","url":"https:\/\/sanluisinforma.com\/","logo":{"@type":"ImageObject","inLanguage":"es","@id":"https:\/\/sanluisinforma.com\/#\/schema\/logo\/image\/","url":"https:\/\/sanluisinforma.com\/wp-content\/uploads\/2026\/03\/sanluisinforma-V.jpg","contentUrl":"https:\/\/sanluisinforma.com\/wp-content\/uploads\/2026\/03\/sanluisinforma-V.jpg","width":500,"height":156,"caption":"sanluisinforma.com"},"image":{"@id":"https:\/\/sanluisinforma.com\/#\/schema\/logo\/image\/"}},{"@type":"Person","@id":"https:\/\/sanluisinforma.com\/#\/schema\/person\/c30648f71476be533b6f59d092905c8b","name":"sanluisinforma.com","image":{"@type":"ImageObject","inLanguage":"es","@id":"https:\/\/sanluisinforma.com\/#\/schema\/person\/image\/","url":"https:\/\/secure.gravatar.com\/avatar\/86e3114e34a1eecefb963e0a02f0093f93b092dddb2fe1517596343751081a87?s=96&d=mm&r=g","contentUrl":"https:\/\/secure.gravatar.com\/avatar\/86e3114e34a1eecefb963e0a02f0093f93b092dddb2fe1517596343751081a87?s=96&d=mm&r=g","caption":"sanluisinforma.com"},"url":"https:\/\/sanluisinforma.com\/?author=2"}]}},"_links":{"self":[{"href":"https:\/\/sanluisinforma.com\/index.php?rest_route=\/wp\/v2\/posts\/15560","targetHints":{"allow":["GET"]}}],"collection":[{"href":"https:\/\/sanluisinforma.com\/index.php?rest_route=\/wp\/v2\/posts"}],"about":[{"href":"https:\/\/sanluisinforma.com\/index.php?rest_route=\/wp\/v2\/types\/post"}],"author":[{"embeddable":true,"href":"https:\/\/sanluisinforma.com\/index.php?rest_route=\/wp\/v2\/users\/2"}],"replies":[{"embeddable":true,"href":"https:\/\/sanluisinforma.com\/index.php?rest_route=%2Fwp%2Fv2%2Fcomments&post=15560"}],"version-history":[{"count":2,"href":"https:\/\/sanluisinforma.com\/index.php?rest_route=\/wp\/v2\/posts\/15560\/revisions"}],"predecessor-version":[{"id":15564,"href":"https:\/\/sanluisinforma.com\/index.php?rest_route=\/wp\/v2\/posts\/15560\/revisions\/15564"}],"wp:featuredmedia":[{"embeddable":true,"href":"https:\/\/sanluisinforma.com\/index.php?rest_route=\/wp\/v2\/media\/15561"}],"wp:attachment":[{"href":"https:\/\/sanluisinforma.com\/index.php?rest_route=%2Fwp%2Fv2%2Fmedia&parent=15560"}],"wp:term":[{"taxonomy":"category","embeddable":true,"href":"https:\/\/sanluisinforma.com\/index.php?rest_route=%2Fwp%2Fv2%2Fcategories&post=15560"},{"taxonomy":"post_tag","embeddable":true,"href":"https:\/\/sanluisinforma.com\/index.php?rest_route=%2Fwp%2Fv2%2Ftags&post=15560"}],"curies":[{"name":"wp","href":"https:\/\/api.w.org\/{rel}","templated":true}]}}