{"id":15580,"date":"2025-10-28T00:50:00","date_gmt":"2025-10-28T06:50:00","guid":{"rendered":"https:\/\/sanluisinforma.com\/?p=15580"},"modified":"2025-10-27T23:18:33","modified_gmt":"2025-10-28T05:18:33","slug":"gobierno-de-la-capital-fortalece-el-orden-y-la-legalidad-en-las-actividades-comerciales","status":"publish","type":"post","link":"https:\/\/sanluisinforma.com\/?p=15580","title":{"rendered":"Gobierno de la Capital fortalece el orden y la legalidad en las actividades comerciales"},"content":{"rendered":"\n<p><\/p>\n\n\n\n<p>En su intervenci\u00f3n, durante el informe de la Direcci\u00f3n de Comercio Municipal, el Alcalde Enrique Galindo se\u00f1al\u00f3 que no habr\u00e1 tregua para que el orden y la eficiencia sean permanentes.<\/p>\n\n\n\n<p>Ante l\u00edderes empresariales, de rutas de tianguis, e integrantes del Cabildo Municipal, el Director de Comercio, \u00c1ngel de la Vega, mostr\u00f3 los avances sin precedente en materia operativa, marco legal y eficiencia administrativa.<\/p>\n\n\n\n<p>Durante la presentaci\u00f3n del Primer Informe de Resultados de la Direcci\u00f3n de Comercio Municipal, el Alcalde Enrique Galindo Ceballos se\u00f1al\u00f3 que Comercio es una de las \u00e1reas m\u00e1s complejas, en la que a diario se lucha para la seguridad de la poblaci\u00f3n. Reconoci\u00f3 los logros presentados y exhort\u00f3 al personal a continuar con la eficiencia operativa y administrativa, as\u00ed como a servir mejor a la poblaci\u00f3n con la simplificaci\u00f3n de los procesos.<\/p>\n\n\n\n<p>Ante Imelda Elizalde, Presidenta de Canacintra; Leopoldo Stevens P\u00e9rez, Presidente de CMIC; M\u00f3nica Heredia, Presidenta de Nuestro Centro y del Consejo de Seguridad del Centro Hist\u00f3rico; l\u00edderes de rutas de tianguis e integrantes del Cabildo, el Director de Comercio Municipal, \u00c1ngel de la Vega Pineda, present\u00f3 avances sin precedente en las actividades comerciales de la Capital en materia operativa, marco legal y eficiencia administrativa. Ante representantes de las c\u00e1maras empresariales y de comercio, as\u00ed como representantes de organizaciones de comerciantes, el titular del \u00e1rea afirm\u00f3 que el objetivo fundamental es tener una ciudad m\u00e1s ordenada, accesible y amable, con espacios dignos y seguros para todos, pero sin detener el progreso.<\/p>\n\n\n\n<p>En este sentido, se\u00f1al\u00f3 que el comercio es el motor de desarrollo y el Gobierno de la Capital apuesta por una econom\u00eda fuerte, en un marco de respeto a la legalidad y de seguridad para la poblaci\u00f3n, aspectos en los que se ha avanzado mediante el di\u00e1logo con todo tipo de comercios y con una reglamentaci\u00f3n como herramienta que mejora la convivencia y fortalece la seguridad.<\/p>\n\n\n\n<p>En materia administrativa, dijo que este gobierno ha puesto especial empe\u00f1o en la capacitaci\u00f3n en materia legal y marco normativo para inspectores; as\u00ed como en la homologaci\u00f3n de giros, la simplificaci\u00f3n de tr\u00e1mites para que los procesos sean m\u00e1s f\u00e1ciles, transparentes y humanos.<\/p>\n","protected":false},"excerpt":{"rendered":"<p>En su intervenci\u00f3n, durante el informe de la Direcci\u00f3n de Comercio Municipal, el Alcalde Enrique Galindo se\u00f1al\u00f3 que no habr\u00e1<\/p>\n","protected":false},"author":2,"featured_media":15581,"comment_status":"closed","ping_status":"closed","sticky":false,"template":"","format":"standard","meta":{"footnotes":""},"categories":[25,30],"tags":[],"class_list":["post-15580","post","type-post","status-publish","format-standard","has-post-thumbnail","hentry","category-local","category-portada"],"yoast_head":"<!-- This site is optimized with the Yoast SEO plugin v24.1 - https:\/\/yoast.com\/wordpress\/plugins\/seo\/ -->\n<title>Gobierno de la Capital fortalece el orden y la legalidad en las actividades comerciales - sanluisinforma.com<\/title>\n<meta name=\"robots\" content=\"index, follow, max-snippet:-1, max-image-preview:large, max-video-preview:-1\" \/>\n<link rel=\"canonical\" href=\"https:\/\/sanluisinforma.com\/?p=15580\" \/>\n<meta property=\"og:locale\" content=\"es_MX\" \/>\n<meta property=\"og:type\" content=\"article\" \/>\n<meta property=\"og:title\" content=\"Gobierno de la Capital fortalece el orden y la legalidad en las actividades comerciales - sanluisinforma.com\" \/>\n<meta property=\"og:description\" content=\"En su intervenci\u00f3n, durante el informe de la Direcci\u00f3n de Comercio Municipal, el Alcalde Enrique Galindo se\u00f1al\u00f3 que no habr\u00e1\" \/>\n<meta property=\"og:url\" content=\"https:\/\/sanluisinforma.com\/?p=15580\" \/>\n<meta property=\"og:site_name\" content=\"sanluisinforma.com\" \/>\n<meta property=\"article:published_time\" content=\"2025-10-28T06:50:00+00:00\" \/>\n<meta property=\"article:modified_time\" content=\"2025-10-28T05:18:33+00:00\" \/>\n<meta property=\"og:image\" content=\"https:\/\/sanluisinforma.com\/wp-content\/uploads\/2025\/10\/unnamed-4-11.jpg\" \/>\n\t<meta property=\"og:image:width\" content=\"400\" \/>\n\t<meta property=\"og:image:height\" content=\"266\" \/>\n\t<meta property=\"og:image:type\" content=\"image\/jpeg\" \/>\n<meta name=\"author\" content=\"sanluisinforma.com\" \/>\n<meta name=\"twitter:card\" content=\"summary_large_image\" \/>\n<meta name=\"twitter:label1\" content=\"Escrito por\" \/>\n\t<meta name=\"twitter:data1\" content=\"sanluisinforma.com\" \/>\n\t<meta name=\"twitter:label2\" content=\"Tiempo de lectura\" \/>\n\t<meta name=\"twitter:data2\" content=\"2 minutos\" \/>\n<script type=\"application\/ld+json\" class=\"yoast-schema-graph\">{\"@context\":\"https:\/\/schema.org\",\"@graph\":[{\"@type\":\"Article\",\"@id\":\"https:\/\/sanluisinforma.com\/?p=15580#article\",\"isPartOf\":{\"@id\":\"https:\/\/sanluisinforma.com\/?p=15580\"},\"author\":{\"name\":\"sanluisinforma.com\",\"@id\":\"https:\/\/sanluisinforma.com\/#\/schema\/person\/c30648f71476be533b6f59d092905c8b\"},\"headline\":\"Gobierno de la Capital fortalece el orden y la legalidad en las actividades comerciales\",\"datePublished\":\"2025-10-28T06:50:00+00:00\",\"dateModified\":\"2025-10-28T05:18:33+00:00\",\"mainEntityOfPage\":{\"@id\":\"https:\/\/sanluisinforma.com\/?p=15580\"},\"wordCount\":397,\"publisher\":{\"@id\":\"https:\/\/sanluisinforma.com\/#organization\"},\"image\":{\"@id\":\"https:\/\/sanluisinforma.com\/?p=15580#primaryimage\"},\"thumbnailUrl\":\"https:\/\/sanluisinforma.com\/wp-content\/uploads\/2025\/10\/unnamed-4-11.jpg\",\"articleSection\":[\"Local\",\"Portada\"],\"inLanguage\":\"es\"},{\"@type\":\"WebPage\",\"@id\":\"https:\/\/sanluisinforma.com\/?p=15580\",\"url\":\"https:\/\/sanluisinforma.com\/?p=15580\",\"name\":\"Gobierno de la Capital fortalece el orden y la legalidad en las actividades comerciales - sanluisinforma.com\",\"isPartOf\":{\"@id\":\"https:\/\/sanluisinforma.com\/#website\"},\"primaryImageOfPage\":{\"@id\":\"https:\/\/sanluisinforma.com\/?p=15580#primaryimage\"},\"image\":{\"@id\":\"https:\/\/sanluisinforma.com\/?p=15580#primaryimage\"},\"thumbnailUrl\":\"https:\/\/sanluisinforma.com\/wp-content\/uploads\/2025\/10\/unnamed-4-11.jpg\",\"datePublished\":\"2025-10-28T06:50:00+00:00\",\"dateModified\":\"2025-10-28T05:18:33+00:00\",\"breadcrumb\":{\"@id\":\"https:\/\/sanluisinforma.com\/?p=15580#breadcrumb\"},\"inLanguage\":\"es\",\"potentialAction\":[{\"@type\":\"ReadAction\",\"target\":[\"https:\/\/sanluisinforma.com\/?p=15580\"]}]},{\"@type\":\"ImageObject\",\"inLanguage\":\"es\",\"@id\":\"https:\/\/sanluisinforma.com\/?p=15580#primaryimage\",\"url\":\"https:\/\/sanluisinforma.com\/wp-content\/uploads\/2025\/10\/unnamed-4-11.jpg\",\"contentUrl\":\"https:\/\/sanluisinforma.com\/wp-content\/uploads\/2025\/10\/unnamed-4-11.jpg\",\"width\":400,\"height\":266},{\"@type\":\"BreadcrumbList\",\"@id\":\"https:\/\/sanluisinforma.com\/?p=15580#breadcrumb\",\"itemListElement\":[{\"@type\":\"ListItem\",\"position\":1,\"name\":\"Inicio\",\"item\":\"https:\/\/sanluisinforma.com\/\"},{\"@type\":\"ListItem\",\"position\":2,\"name\":\"Gobierno de la Capital fortalece el orden y la legalidad en las actividades comerciales\"}]},{\"@type\":\"WebSite\",\"@id\":\"https:\/\/sanluisinforma.com\/#website\",\"url\":\"https:\/\/sanluisinforma.com\/\",\"name\":\"sanluisinforma.com\",\"description\":\"Periodico San Luis Informa\",\"publisher\":{\"@id\":\"https:\/\/sanluisinforma.com\/#organization\"},\"potentialAction\":[{\"@type\":\"SearchAction\",\"target\":{\"@type\":\"EntryPoint\",\"urlTemplate\":\"https:\/\/sanluisinforma.com\/?s={search_term_string}\"},\"query-input\":{\"@type\":\"PropertyValueSpecification\",\"valueRequired\":true,\"valueName\":\"search_term_string\"}}],\"inLanguage\":\"es\"},{\"@type\":\"Organization\",\"@id\":\"https:\/\/sanluisinforma.com\/#organization\",\"name\":\"sanluisinforma.com\",\"url\":\"https:\/\/sanluisinforma.com\/\",\"logo\":{\"@type\":\"ImageObject\",\"inLanguage\":\"es\",\"@id\":\"https:\/\/sanluisinforma.com\/#\/schema\/logo\/image\/\",\"url\":\"https:\/\/sanluisinforma.com\/wp-content\/uploads\/2026\/03\/sanluisinforma-V.jpg\",\"contentUrl\":\"https:\/\/sanluisinforma.com\/wp-content\/uploads\/2026\/03\/sanluisinforma-V.jpg\",\"width\":500,\"height\":156,\"caption\":\"sanluisinforma.com\"},\"image\":{\"@id\":\"https:\/\/sanluisinforma.com\/#\/schema\/logo\/image\/\"}},{\"@type\":\"Person\",\"@id\":\"https:\/\/sanluisinforma.com\/#\/schema\/person\/c30648f71476be533b6f59d092905c8b\",\"name\":\"sanluisinforma.com\",\"image\":{\"@type\":\"ImageObject\",\"inLanguage\":\"es\",\"@id\":\"https:\/\/sanluisinforma.com\/#\/schema\/person\/image\/\",\"url\":\"https:\/\/secure.gravatar.com\/avatar\/86e3114e34a1eecefb963e0a02f0093f93b092dddb2fe1517596343751081a87?s=96&d=mm&r=g\",\"contentUrl\":\"https:\/\/secure.gravatar.com\/avatar\/86e3114e34a1eecefb963e0a02f0093f93b092dddb2fe1517596343751081a87?s=96&d=mm&r=g\",\"caption\":\"sanluisinforma.com\"},\"url\":\"https:\/\/sanluisinforma.com\/?author=2\"}]}<\/script>\n<!-- \/ Yoast SEO plugin. -->","yoast_head_json":{"title":"Gobierno de la Capital fortalece el orden y la legalidad en las actividades comerciales - sanluisinforma.com","robots":{"index":"index","follow":"follow","max-snippet":"max-snippet:-1","max-image-preview":"max-image-preview:large","max-video-preview":"max-video-preview:-1"},"canonical":"https:\/\/sanluisinforma.com\/?p=15580","og_locale":"es_MX","og_type":"article","og_title":"Gobierno de la Capital fortalece el orden y la legalidad en las actividades comerciales - sanluisinforma.com","og_description":"En su intervenci\u00f3n, durante el informe de la Direcci\u00f3n de Comercio Municipal, el Alcalde Enrique Galindo se\u00f1al\u00f3 que no habr\u00e1","og_url":"https:\/\/sanluisinforma.com\/?p=15580","og_site_name":"sanluisinforma.com","article_published_time":"2025-10-28T06:50:00+00:00","article_modified_time":"2025-10-28T05:18:33+00:00","og_image":[{"width":400,"height":266,"url":"https:\/\/sanluisinforma.com\/wp-content\/uploads\/2025\/10\/unnamed-4-11.jpg","type":"image\/jpeg"}],"author":"sanluisinforma.com","twitter_card":"summary_large_image","twitter_misc":{"Escrito por":"sanluisinforma.com","Tiempo de lectura":"2 minutos"},"schema":{"@context":"https:\/\/schema.org","@graph":[{"@type":"Article","@id":"https:\/\/sanluisinforma.com\/?p=15580#article","isPartOf":{"@id":"https:\/\/sanluisinforma.com\/?p=15580"},"author":{"name":"sanluisinforma.com","@id":"https:\/\/sanluisinforma.com\/#\/schema\/person\/c30648f71476be533b6f59d092905c8b"},"headline":"Gobierno de la Capital fortalece el orden y la legalidad en las actividades comerciales","datePublished":"2025-10-28T06:50:00+00:00","dateModified":"2025-10-28T05:18:33+00:00","mainEntityOfPage":{"@id":"https:\/\/sanluisinforma.com\/?p=15580"},"wordCount":397,"publisher":{"@id":"https:\/\/sanluisinforma.com\/#organization"},"image":{"@id":"https:\/\/sanluisinforma.com\/?p=15580#primaryimage"},"thumbnailUrl":"https:\/\/sanluisinforma.com\/wp-content\/uploads\/2025\/10\/unnamed-4-11.jpg","articleSection":["Local","Portada"],"inLanguage":"es"},{"@type":"WebPage","@id":"https:\/\/sanluisinforma.com\/?p=15580","url":"https:\/\/sanluisinforma.com\/?p=15580","name":"Gobierno de la Capital fortalece el orden y la legalidad en las actividades comerciales - sanluisinforma.com","isPartOf":{"@id":"https:\/\/sanluisinforma.com\/#website"},"primaryImageOfPage":{"@id":"https:\/\/sanluisinforma.com\/?p=15580#primaryimage"},"image":{"@id":"https:\/\/sanluisinforma.com\/?p=15580#primaryimage"},"thumbnailUrl":"https:\/\/sanluisinforma.com\/wp-content\/uploads\/2025\/10\/unnamed-4-11.jpg","datePublished":"2025-10-28T06:50:00+00:00","dateModified":"2025-10-28T05:18:33+00:00","breadcrumb":{"@id":"https:\/\/sanluisinforma.com\/?p=15580#breadcrumb"},"inLanguage":"es","potentialAction":[{"@type":"ReadAction","target":["https:\/\/sanluisinforma.com\/?p=15580"]}]},{"@type":"ImageObject","inLanguage":"es","@id":"https:\/\/sanluisinforma.com\/?p=15580#primaryimage","url":"https:\/\/sanluisinforma.com\/wp-content\/uploads\/2025\/10\/unnamed-4-11.jpg","contentUrl":"https:\/\/sanluisinforma.com\/wp-content\/uploads\/2025\/10\/unnamed-4-11.jpg","width":400,"height":266},{"@type":"BreadcrumbList","@id":"https:\/\/sanluisinforma.com\/?p=15580#breadcrumb","itemListElement":[{"@type":"ListItem","position":1,"name":"Inicio","item":"https:\/\/sanluisinforma.com\/"},{"@type":"ListItem","position":2,"name":"Gobierno de la Capital fortalece el orden y la legalidad en las actividades comerciales"}]},{"@type":"WebSite","@id":"https:\/\/sanluisinforma.com\/#website","url":"https:\/\/sanluisinforma.com\/","name":"sanluisinforma.com","description":"Periodico San Luis Informa","publisher":{"@id":"https:\/\/sanluisinforma.com\/#organization"},"potentialAction":[{"@type":"SearchAction","target":{"@type":"EntryPoint","urlTemplate":"https:\/\/sanluisinforma.com\/?s={search_term_string}"},"query-input":{"@type":"PropertyValueSpecification","valueRequired":true,"valueName":"search_term_string"}}],"inLanguage":"es"},{"@type":"Organization","@id":"https:\/\/sanluisinforma.com\/#organization","name":"sanluisinforma.com","url":"https:\/\/sanluisinforma.com\/","logo":{"@type":"ImageObject","inLanguage":"es","@id":"https:\/\/sanluisinforma.com\/#\/schema\/logo\/image\/","url":"https:\/\/sanluisinforma.com\/wp-content\/uploads\/2026\/03\/sanluisinforma-V.jpg","contentUrl":"https:\/\/sanluisinforma.com\/wp-content\/uploads\/2026\/03\/sanluisinforma-V.jpg","width":500,"height":156,"caption":"sanluisinforma.com"},"image":{"@id":"https:\/\/sanluisinforma.com\/#\/schema\/logo\/image\/"}},{"@type":"Person","@id":"https:\/\/sanluisinforma.com\/#\/schema\/person\/c30648f71476be533b6f59d092905c8b","name":"sanluisinforma.com","image":{"@type":"ImageObject","inLanguage":"es","@id":"https:\/\/sanluisinforma.com\/#\/schema\/person\/image\/","url":"https:\/\/secure.gravatar.com\/avatar\/86e3114e34a1eecefb963e0a02f0093f93b092dddb2fe1517596343751081a87?s=96&d=mm&r=g","contentUrl":"https:\/\/secure.gravatar.com\/avatar\/86e3114e34a1eecefb963e0a02f0093f93b092dddb2fe1517596343751081a87?s=96&d=mm&r=g","caption":"sanluisinforma.com"},"url":"https:\/\/sanluisinforma.com\/?author=2"}]}},"_links":{"self":[{"href":"https:\/\/sanluisinforma.com\/index.php?rest_route=\/wp\/v2\/posts\/15580","targetHints":{"allow":["GET"]}}],"collection":[{"href":"https:\/\/sanluisinforma.com\/index.php?rest_route=\/wp\/v2\/posts"}],"about":[{"href":"https:\/\/sanluisinforma.com\/index.php?rest_route=\/wp\/v2\/types\/post"}],"author":[{"embeddable":true,"href":"https:\/\/sanluisinforma.com\/index.php?rest_route=\/wp\/v2\/users\/2"}],"replies":[{"embeddable":true,"href":"https:\/\/sanluisinforma.com\/index.php?rest_route=%2Fwp%2Fv2%2Fcomments&post=15580"}],"version-history":[{"count":1,"href":"https:\/\/sanluisinforma.com\/index.php?rest_route=\/wp\/v2\/posts\/15580\/revisions"}],"predecessor-version":[{"id":15582,"href":"https:\/\/sanluisinforma.com\/index.php?rest_route=\/wp\/v2\/posts\/15580\/revisions\/15582"}],"wp:featuredmedia":[{"embeddable":true,"href":"https:\/\/sanluisinforma.com\/index.php?rest_route=\/wp\/v2\/media\/15581"}],"wp:attachment":[{"href":"https:\/\/sanluisinforma.com\/index.php?rest_route=%2Fwp%2Fv2%2Fmedia&parent=15580"}],"wp:term":[{"taxonomy":"category","embeddable":true,"href":"https:\/\/sanluisinforma.com\/index.php?rest_route=%2Fwp%2Fv2%2Fcategories&post=15580"},{"taxonomy":"post_tag","embeddable":true,"href":"https:\/\/sanluisinforma.com\/index.php?rest_route=%2Fwp%2Fv2%2Ftags&post=15580"}],"curies":[{"name":"wp","href":"https:\/\/api.w.org\/{rel}","templated":true}]}}