{"id":15587,"date":"2025-10-29T00:50:00","date_gmt":"2025-10-29T06:50:00","guid":{"rendered":"https:\/\/sanluisinforma.com\/?p=15587"},"modified":"2025-10-28T18:52:15","modified_gmt":"2025-10-29T00:52:15","slug":"alcalde-enrique-galindo-en-alianza-con-canaco-regenera-espacios-publicos-de-la-capital","status":"publish","type":"post","link":"https:\/\/sanluisinforma.com\/?p=15587","title":{"rendered":"Alcalde Enrique Galindo en alianza con CANACO regenera espacios p\u00fablicos de la Capital"},"content":{"rendered":"\n<p><\/p>\n\n\n\n<p>El Presidente Municipal impulsa remozamiento de los espacios de la ciudad afectados por el crecimiento excesivo de vegetaci\u00f3n por las lluvias<\/p>\n\n\n\n<p>Durante la edici\u00f3n 390 del programa Capital al 100, el Alcalde de San Luis Potos\u00ed, Enrique Galindo Ceballos, inform\u00f3 que los esfuerzos diarios de remozamiento urbano se est\u00e1n enfocando en la recuperaci\u00f3n de camellones, afectados por el crecimiento excesivo de vegetaci\u00f3n tras las lluvias. Acompa\u00f1ado por el presidente de Canaco, Fernando D\u00edaz de Le\u00f3n, as\u00ed como de M\u00f3nica Heredia; presidenta de Nuestro Centro y del Consejo de Seguridad del Centro Hist\u00f3rico &nbsp;y funcionarios municipales, el edil explic\u00f3 que estos espacios requieren atenci\u00f3n inmediata, ya que deterioran la imagen de la ciudad. \u201cEso ocasiona que la ciudad se desfigure y cause mal aspecto, hay que recuperarlos\u201d, se\u00f1al\u00f3.<\/p>\n\n\n\n<p>El titular de Servicios Municipales, Christian Azuara Azuara, detall\u00f3 que los trabajos se concentran en el camell\u00f3n de avenida de las Torres, desde Luis Donaldo Colosio hasta Coronel Romero, y tambi\u00e9n en el camell\u00f3n de Coronel Romero. Adem\u00e1s, mencion\u00f3 que otras cuadrillas trabajan simult\u00e1neamente en avenida Observatorio, R\u00edo Espa\u00f1ita, as\u00ed como en los panteones municipales y en plazas p\u00fablicas del Centro Hist\u00f3rico.<\/p>\n\n\n\n<p>El presidente de la Canaco, Fernando D\u00edaz de Le\u00f3n, reconoci\u00f3 la labor diaria del ayuntamiento por mejorar la imagen urbana y expres\u00f3 su respaldo a las acciones que se ejecutan, tanto entre semana como en los tradicionales Domingos de Pilas, que movilizan a servidores p\u00fablicos y ciudadan\u00eda en el municipio. Esta estrategia, asegur\u00f3 el alcalde Enrique Galindo, \u201ccontinuar\u00e1 para reforzar el embellecimiento urbano y la recuperaci\u00f3n de parques y jardines en San Luis Capital\u201d.<\/p>\n","protected":false},"excerpt":{"rendered":"<p>El Presidente Municipal impulsa remozamiento de los espacios de la ciudad afectados por el crecimiento excesivo de vegetaci\u00f3n por las<\/p>\n","protected":false},"author":2,"featured_media":15588,"comment_status":"closed","ping_status":"closed","sticky":false,"template":"","format":"standard","meta":{"footnotes":""},"categories":[25,30],"tags":[],"class_list":["post-15587","post","type-post","status-publish","format-standard","has-post-thumbnail","hentry","category-local","category-portada"],"yoast_head":"<!-- This site is optimized with the Yoast SEO plugin v24.1 - https:\/\/yoast.com\/wordpress\/plugins\/seo\/ -->\n<title>Alcalde Enrique Galindo en alianza con CANACO regenera espacios p\u00fablicos de la Capital - sanluisinforma.com<\/title>\n<meta name=\"robots\" content=\"index, follow, max-snippet:-1, max-image-preview:large, max-video-preview:-1\" \/>\n<link rel=\"canonical\" href=\"https:\/\/sanluisinforma.com\/?p=15587\" \/>\n<meta property=\"og:locale\" content=\"es_MX\" \/>\n<meta property=\"og:type\" content=\"article\" \/>\n<meta property=\"og:title\" content=\"Alcalde Enrique Galindo en alianza con CANACO regenera espacios p\u00fablicos de la Capital - sanluisinforma.com\" \/>\n<meta property=\"og:description\" content=\"El Presidente Municipal impulsa remozamiento de los espacios de la ciudad afectados por el crecimiento excesivo de vegetaci\u00f3n por las\" \/>\n<meta property=\"og:url\" content=\"https:\/\/sanluisinforma.com\/?p=15587\" \/>\n<meta property=\"og:site_name\" content=\"sanluisinforma.com\" \/>\n<meta property=\"article:published_time\" content=\"2025-10-29T06:50:00+00:00\" \/>\n<meta property=\"article:modified_time\" content=\"2025-10-29T00:52:15+00:00\" \/>\n<meta property=\"og:image\" content=\"https:\/\/sanluisinforma.com\/wp-content\/uploads\/2025\/10\/unnamed-6-5.jpg\" \/>\n\t<meta property=\"og:image:width\" content=\"400\" \/>\n\t<meta property=\"og:image:height\" content=\"464\" \/>\n\t<meta property=\"og:image:type\" content=\"image\/jpeg\" \/>\n<meta name=\"author\" content=\"sanluisinforma.com\" \/>\n<meta name=\"twitter:card\" content=\"summary_large_image\" \/>\n<meta name=\"twitter:label1\" content=\"Escrito por\" \/>\n\t<meta name=\"twitter:data1\" content=\"sanluisinforma.com\" \/>\n\t<meta name=\"twitter:label2\" content=\"Tiempo de lectura\" \/>\n\t<meta name=\"twitter:data2\" content=\"2 minutos\" \/>\n<script type=\"application\/ld+json\" class=\"yoast-schema-graph\">{\"@context\":\"https:\/\/schema.org\",\"@graph\":[{\"@type\":\"Article\",\"@id\":\"https:\/\/sanluisinforma.com\/?p=15587#article\",\"isPartOf\":{\"@id\":\"https:\/\/sanluisinforma.com\/?p=15587\"},\"author\":{\"name\":\"sanluisinforma.com\",\"@id\":\"https:\/\/sanluisinforma.com\/#\/schema\/person\/c30648f71476be533b6f59d092905c8b\"},\"headline\":\"Alcalde Enrique Galindo en alianza con CANACO regenera espacios p\u00fablicos de la Capital\",\"datePublished\":\"2025-10-29T06:50:00+00:00\",\"dateModified\":\"2025-10-29T00:52:15+00:00\",\"mainEntityOfPage\":{\"@id\":\"https:\/\/sanluisinforma.com\/?p=15587\"},\"wordCount\":302,\"publisher\":{\"@id\":\"https:\/\/sanluisinforma.com\/#organization\"},\"image\":{\"@id\":\"https:\/\/sanluisinforma.com\/?p=15587#primaryimage\"},\"thumbnailUrl\":\"https:\/\/sanluisinforma.com\/wp-content\/uploads\/2025\/10\/unnamed-6-5.jpg\",\"articleSection\":[\"Local\",\"Portada\"],\"inLanguage\":\"es\"},{\"@type\":\"WebPage\",\"@id\":\"https:\/\/sanluisinforma.com\/?p=15587\",\"url\":\"https:\/\/sanluisinforma.com\/?p=15587\",\"name\":\"Alcalde Enrique Galindo en alianza con CANACO regenera espacios p\u00fablicos de la Capital - sanluisinforma.com\",\"isPartOf\":{\"@id\":\"https:\/\/sanluisinforma.com\/#website\"},\"primaryImageOfPage\":{\"@id\":\"https:\/\/sanluisinforma.com\/?p=15587#primaryimage\"},\"image\":{\"@id\":\"https:\/\/sanluisinforma.com\/?p=15587#primaryimage\"},\"thumbnailUrl\":\"https:\/\/sanluisinforma.com\/wp-content\/uploads\/2025\/10\/unnamed-6-5.jpg\",\"datePublished\":\"2025-10-29T06:50:00+00:00\",\"dateModified\":\"2025-10-29T00:52:15+00:00\",\"breadcrumb\":{\"@id\":\"https:\/\/sanluisinforma.com\/?p=15587#breadcrumb\"},\"inLanguage\":\"es\",\"potentialAction\":[{\"@type\":\"ReadAction\",\"target\":[\"https:\/\/sanluisinforma.com\/?p=15587\"]}]},{\"@type\":\"ImageObject\",\"inLanguage\":\"es\",\"@id\":\"https:\/\/sanluisinforma.com\/?p=15587#primaryimage\",\"url\":\"https:\/\/sanluisinforma.com\/wp-content\/uploads\/2025\/10\/unnamed-6-5.jpg\",\"contentUrl\":\"https:\/\/sanluisinforma.com\/wp-content\/uploads\/2025\/10\/unnamed-6-5.jpg\",\"width\":400,\"height\":464},{\"@type\":\"BreadcrumbList\",\"@id\":\"https:\/\/sanluisinforma.com\/?p=15587#breadcrumb\",\"itemListElement\":[{\"@type\":\"ListItem\",\"position\":1,\"name\":\"Inicio\",\"item\":\"https:\/\/sanluisinforma.com\/\"},{\"@type\":\"ListItem\",\"position\":2,\"name\":\"Alcalde Enrique Galindo en alianza con CANACO regenera espacios p\u00fablicos de la Capital\"}]},{\"@type\":\"WebSite\",\"@id\":\"https:\/\/sanluisinforma.com\/#website\",\"url\":\"https:\/\/sanluisinforma.com\/\",\"name\":\"sanluisinforma.com\",\"description\":\"Periodico San Luis Informa\",\"publisher\":{\"@id\":\"https:\/\/sanluisinforma.com\/#organization\"},\"potentialAction\":[{\"@type\":\"SearchAction\",\"target\":{\"@type\":\"EntryPoint\",\"urlTemplate\":\"https:\/\/sanluisinforma.com\/?s={search_term_string}\"},\"query-input\":{\"@type\":\"PropertyValueSpecification\",\"valueRequired\":true,\"valueName\":\"search_term_string\"}}],\"inLanguage\":\"es\"},{\"@type\":\"Organization\",\"@id\":\"https:\/\/sanluisinforma.com\/#organization\",\"name\":\"sanluisinforma.com\",\"url\":\"https:\/\/sanluisinforma.com\/\",\"logo\":{\"@type\":\"ImageObject\",\"inLanguage\":\"es\",\"@id\":\"https:\/\/sanluisinforma.com\/#\/schema\/logo\/image\/\",\"url\":\"https:\/\/sanluisinforma.com\/wp-content\/uploads\/2026\/03\/sanluisinforma-V.jpg\",\"contentUrl\":\"https:\/\/sanluisinforma.com\/wp-content\/uploads\/2026\/03\/sanluisinforma-V.jpg\",\"width\":500,\"height\":156,\"caption\":\"sanluisinforma.com\"},\"image\":{\"@id\":\"https:\/\/sanluisinforma.com\/#\/schema\/logo\/image\/\"}},{\"@type\":\"Person\",\"@id\":\"https:\/\/sanluisinforma.com\/#\/schema\/person\/c30648f71476be533b6f59d092905c8b\",\"name\":\"sanluisinforma.com\",\"image\":{\"@type\":\"ImageObject\",\"inLanguage\":\"es\",\"@id\":\"https:\/\/sanluisinforma.com\/#\/schema\/person\/image\/\",\"url\":\"https:\/\/secure.gravatar.com\/avatar\/86e3114e34a1eecefb963e0a02f0093f93b092dddb2fe1517596343751081a87?s=96&d=mm&r=g\",\"contentUrl\":\"https:\/\/secure.gravatar.com\/avatar\/86e3114e34a1eecefb963e0a02f0093f93b092dddb2fe1517596343751081a87?s=96&d=mm&r=g\",\"caption\":\"sanluisinforma.com\"},\"url\":\"https:\/\/sanluisinforma.com\/?author=2\"}]}<\/script>\n<!-- \/ Yoast SEO plugin. -->","yoast_head_json":{"title":"Alcalde Enrique Galindo en alianza con CANACO regenera espacios p\u00fablicos de la Capital - sanluisinforma.com","robots":{"index":"index","follow":"follow","max-snippet":"max-snippet:-1","max-image-preview":"max-image-preview:large","max-video-preview":"max-video-preview:-1"},"canonical":"https:\/\/sanluisinforma.com\/?p=15587","og_locale":"es_MX","og_type":"article","og_title":"Alcalde Enrique Galindo en alianza con CANACO regenera espacios p\u00fablicos de la Capital - sanluisinforma.com","og_description":"El Presidente Municipal impulsa remozamiento de los espacios de la ciudad afectados por el crecimiento excesivo de vegetaci\u00f3n por las","og_url":"https:\/\/sanluisinforma.com\/?p=15587","og_site_name":"sanluisinforma.com","article_published_time":"2025-10-29T06:50:00+00:00","article_modified_time":"2025-10-29T00:52:15+00:00","og_image":[{"width":400,"height":464,"url":"https:\/\/sanluisinforma.com\/wp-content\/uploads\/2025\/10\/unnamed-6-5.jpg","type":"image\/jpeg"}],"author":"sanluisinforma.com","twitter_card":"summary_large_image","twitter_misc":{"Escrito por":"sanluisinforma.com","Tiempo de lectura":"2 minutos"},"schema":{"@context":"https:\/\/schema.org","@graph":[{"@type":"Article","@id":"https:\/\/sanluisinforma.com\/?p=15587#article","isPartOf":{"@id":"https:\/\/sanluisinforma.com\/?p=15587"},"author":{"name":"sanluisinforma.com","@id":"https:\/\/sanluisinforma.com\/#\/schema\/person\/c30648f71476be533b6f59d092905c8b"},"headline":"Alcalde Enrique Galindo en alianza con CANACO regenera espacios p\u00fablicos de la Capital","datePublished":"2025-10-29T06:50:00+00:00","dateModified":"2025-10-29T00:52:15+00:00","mainEntityOfPage":{"@id":"https:\/\/sanluisinforma.com\/?p=15587"},"wordCount":302,"publisher":{"@id":"https:\/\/sanluisinforma.com\/#organization"},"image":{"@id":"https:\/\/sanluisinforma.com\/?p=15587#primaryimage"},"thumbnailUrl":"https:\/\/sanluisinforma.com\/wp-content\/uploads\/2025\/10\/unnamed-6-5.jpg","articleSection":["Local","Portada"],"inLanguage":"es"},{"@type":"WebPage","@id":"https:\/\/sanluisinforma.com\/?p=15587","url":"https:\/\/sanluisinforma.com\/?p=15587","name":"Alcalde Enrique Galindo en alianza con CANACO regenera espacios p\u00fablicos de la Capital - sanluisinforma.com","isPartOf":{"@id":"https:\/\/sanluisinforma.com\/#website"},"primaryImageOfPage":{"@id":"https:\/\/sanluisinforma.com\/?p=15587#primaryimage"},"image":{"@id":"https:\/\/sanluisinforma.com\/?p=15587#primaryimage"},"thumbnailUrl":"https:\/\/sanluisinforma.com\/wp-content\/uploads\/2025\/10\/unnamed-6-5.jpg","datePublished":"2025-10-29T06:50:00+00:00","dateModified":"2025-10-29T00:52:15+00:00","breadcrumb":{"@id":"https:\/\/sanluisinforma.com\/?p=15587#breadcrumb"},"inLanguage":"es","potentialAction":[{"@type":"ReadAction","target":["https:\/\/sanluisinforma.com\/?p=15587"]}]},{"@type":"ImageObject","inLanguage":"es","@id":"https:\/\/sanluisinforma.com\/?p=15587#primaryimage","url":"https:\/\/sanluisinforma.com\/wp-content\/uploads\/2025\/10\/unnamed-6-5.jpg","contentUrl":"https:\/\/sanluisinforma.com\/wp-content\/uploads\/2025\/10\/unnamed-6-5.jpg","width":400,"height":464},{"@type":"BreadcrumbList","@id":"https:\/\/sanluisinforma.com\/?p=15587#breadcrumb","itemListElement":[{"@type":"ListItem","position":1,"name":"Inicio","item":"https:\/\/sanluisinforma.com\/"},{"@type":"ListItem","position":2,"name":"Alcalde Enrique Galindo en alianza con CANACO regenera espacios p\u00fablicos de la Capital"}]},{"@type":"WebSite","@id":"https:\/\/sanluisinforma.com\/#website","url":"https:\/\/sanluisinforma.com\/","name":"sanluisinforma.com","description":"Periodico San Luis Informa","publisher":{"@id":"https:\/\/sanluisinforma.com\/#organization"},"potentialAction":[{"@type":"SearchAction","target":{"@type":"EntryPoint","urlTemplate":"https:\/\/sanluisinforma.com\/?s={search_term_string}"},"query-input":{"@type":"PropertyValueSpecification","valueRequired":true,"valueName":"search_term_string"}}],"inLanguage":"es"},{"@type":"Organization","@id":"https:\/\/sanluisinforma.com\/#organization","name":"sanluisinforma.com","url":"https:\/\/sanluisinforma.com\/","logo":{"@type":"ImageObject","inLanguage":"es","@id":"https:\/\/sanluisinforma.com\/#\/schema\/logo\/image\/","url":"https:\/\/sanluisinforma.com\/wp-content\/uploads\/2026\/03\/sanluisinforma-V.jpg","contentUrl":"https:\/\/sanluisinforma.com\/wp-content\/uploads\/2026\/03\/sanluisinforma-V.jpg","width":500,"height":156,"caption":"sanluisinforma.com"},"image":{"@id":"https:\/\/sanluisinforma.com\/#\/schema\/logo\/image\/"}},{"@type":"Person","@id":"https:\/\/sanluisinforma.com\/#\/schema\/person\/c30648f71476be533b6f59d092905c8b","name":"sanluisinforma.com","image":{"@type":"ImageObject","inLanguage":"es","@id":"https:\/\/sanluisinforma.com\/#\/schema\/person\/image\/","url":"https:\/\/secure.gravatar.com\/avatar\/86e3114e34a1eecefb963e0a02f0093f93b092dddb2fe1517596343751081a87?s=96&d=mm&r=g","contentUrl":"https:\/\/secure.gravatar.com\/avatar\/86e3114e34a1eecefb963e0a02f0093f93b092dddb2fe1517596343751081a87?s=96&d=mm&r=g","caption":"sanluisinforma.com"},"url":"https:\/\/sanluisinforma.com\/?author=2"}]}},"_links":{"self":[{"href":"https:\/\/sanluisinforma.com\/index.php?rest_route=\/wp\/v2\/posts\/15587","targetHints":{"allow":["GET"]}}],"collection":[{"href":"https:\/\/sanluisinforma.com\/index.php?rest_route=\/wp\/v2\/posts"}],"about":[{"href":"https:\/\/sanluisinforma.com\/index.php?rest_route=\/wp\/v2\/types\/post"}],"author":[{"embeddable":true,"href":"https:\/\/sanluisinforma.com\/index.php?rest_route=\/wp\/v2\/users\/2"}],"replies":[{"embeddable":true,"href":"https:\/\/sanluisinforma.com\/index.php?rest_route=%2Fwp%2Fv2%2Fcomments&post=15587"}],"version-history":[{"count":1,"href":"https:\/\/sanluisinforma.com\/index.php?rest_route=\/wp\/v2\/posts\/15587\/revisions"}],"predecessor-version":[{"id":15589,"href":"https:\/\/sanluisinforma.com\/index.php?rest_route=\/wp\/v2\/posts\/15587\/revisions\/15589"}],"wp:featuredmedia":[{"embeddable":true,"href":"https:\/\/sanluisinforma.com\/index.php?rest_route=\/wp\/v2\/media\/15588"}],"wp:attachment":[{"href":"https:\/\/sanluisinforma.com\/index.php?rest_route=%2Fwp%2Fv2%2Fmedia&parent=15587"}],"wp:term":[{"taxonomy":"category","embeddable":true,"href":"https:\/\/sanluisinforma.com\/index.php?rest_route=%2Fwp%2Fv2%2Fcategories&post=15587"},{"taxonomy":"post_tag","embeddable":true,"href":"https:\/\/sanluisinforma.com\/index.php?rest_route=%2Fwp%2Fv2%2Ftags&post=15587"}],"curies":[{"name":"wp","href":"https:\/\/api.w.org\/{rel}","templated":true}]}}