{"id":15594,"date":"2025-10-29T00:55:00","date_gmt":"2025-10-29T06:55:00","guid":{"rendered":"https:\/\/sanluisinforma.com\/?p=15594"},"modified":"2025-10-28T22:34:18","modified_gmt":"2025-10-29T04:34:18","slug":"artesanas-y-artesanos-potosinos-destacan-en-gran-premio-nacional-de-arte-popular","status":"publish","type":"post","link":"https:\/\/sanluisinforma.com\/?p=15594","title":{"rendered":"Artesanas y Artesanos Potosinos destacan en Gran Premio Nacional de Arte Popular"},"content":{"rendered":"\n<p>El talento sin l\u00edmites de San Luis Potos\u00ed se distingue a nivel nacional con cuatro reconocimientos en el m\u00e1ximo certamen de arte popular del pa\u00eds.<\/p>\n\n\n\n<p>Cuatro artesanas y artesanos potosinos fueron galardonados en la quincuag\u00e9sima edici\u00f3n del Concurso Gran Premio Nacional de Arte Popular 2025, demostrando el talento sin l\u00edmites que distingue a San Luis Potos\u00ed. Al respecto el titular de la Secretar\u00eda de Desarrollo Econ\u00f3mico (Sedeco), Jes\u00fas Salvador Gonz\u00e1lez Mart\u00ednez, refrend\u00f3 el respaldo y apoyo a las y los artesanos por parte del Gobernador Ricardo Gallardo Cardona, mediante capacitaciones, programas de financiamiento y apertura de espacios para que expongan y vendan sus artesan\u00edas.<\/p>\n\n\n\n<p>Detall\u00f3 que el m\u00e1ximo reconocimiento se entreg\u00f3 durante la ceremonia conmemorativa del 50 aniversario del concurso, organizada por la Secretar\u00eda de Cultura federal y el Fondo Nacional para el Fomento de las Artesan\u00edas (Fonart), en el Museo Nacional de Antropolog\u00eda. En esta edici\u00f3n se distingui\u00f3 a 124 artistas de todo el pa\u00eds en diversas categor\u00edas como tejido, orfebrer\u00eda, juguete, talla de madera y alfarer\u00eda.<\/p>\n\n\n\n<p>Por San Luis Potos\u00ed, Jos\u00e9 Antonio Rodr\u00edguez Salazar, del municipio de Santa Mar\u00eda del R\u00edo, obtuvo el segundo lugar en Talla de Madera, mientras que Benita Castillo Castillo, de Tamasopo, alcanz\u00f3 el tercer lugar en Alfarer\u00eda. Adem\u00e1s, Carlos Alberto S\u00e1nchez Vega, de la capital potosina, y Eustacio Pl\u00e1cido Otilia, de Matlapa, recibieron Menciones Honor\u00edficas. Las obras premiadas ser\u00e1n exhibidas al p\u00fablico a partir del 5 de noviembre en el Museo Nacional de Culturas Populares de la Ciudad de M\u00e9xico.<\/p>\n","protected":false},"excerpt":{"rendered":"<p>El talento sin l\u00edmites de San Luis Potos\u00ed se distingue a nivel nacional con cuatro reconocimientos en el m\u00e1ximo certamen<\/p>\n","protected":false},"author":2,"featured_media":15595,"comment_status":"closed","ping_status":"closed","sticky":false,"template":"","format":"standard","meta":{"footnotes":""},"categories":[25,30],"tags":[],"class_list":["post-15594","post","type-post","status-publish","format-standard","has-post-thumbnail","hentry","category-local","category-portada"],"yoast_head":"<!-- This site is optimized with the Yoast SEO plugin v24.1 - https:\/\/yoast.com\/wordpress\/plugins\/seo\/ -->\n<title>Artesanas y Artesanos Potosinos destacan en Gran Premio Nacional de Arte Popular - sanluisinforma.com<\/title>\n<meta name=\"robots\" content=\"index, follow, max-snippet:-1, max-image-preview:large, max-video-preview:-1\" \/>\n<link rel=\"canonical\" href=\"https:\/\/sanluisinforma.com\/?p=15594\" \/>\n<meta property=\"og:locale\" content=\"es_MX\" \/>\n<meta property=\"og:type\" content=\"article\" \/>\n<meta property=\"og:title\" content=\"Artesanas y Artesanos Potosinos destacan en Gran Premio Nacional de Arte Popular - sanluisinforma.com\" \/>\n<meta property=\"og:description\" content=\"El talento sin l\u00edmites de San Luis Potos\u00ed se distingue a nivel nacional con cuatro reconocimientos en el m\u00e1ximo certamen\" \/>\n<meta property=\"og:url\" content=\"https:\/\/sanluisinforma.com\/?p=15594\" \/>\n<meta property=\"og:site_name\" content=\"sanluisinforma.com\" \/>\n<meta property=\"article:published_time\" content=\"2025-10-29T06:55:00+00:00\" \/>\n<meta property=\"article:modified_time\" content=\"2025-10-29T04:34:18+00:00\" \/>\n<meta property=\"og:image\" content=\"https:\/\/sanluisinforma.com\/wp-content\/uploads\/2025\/10\/unnamed-1-25.jpg\" \/>\n\t<meta property=\"og:image:width\" content=\"400\" \/>\n\t<meta property=\"og:image:height\" content=\"533\" \/>\n\t<meta property=\"og:image:type\" content=\"image\/jpeg\" \/>\n<meta name=\"author\" content=\"sanluisinforma.com\" \/>\n<meta name=\"twitter:card\" content=\"summary_large_image\" \/>\n<meta name=\"twitter:label1\" content=\"Escrito por\" \/>\n\t<meta name=\"twitter:data1\" content=\"sanluisinforma.com\" \/>\n\t<meta name=\"twitter:label2\" content=\"Tiempo de lectura\" \/>\n\t<meta name=\"twitter:data2\" content=\"2 minutos\" \/>\n<script type=\"application\/ld+json\" class=\"yoast-schema-graph\">{\"@context\":\"https:\/\/schema.org\",\"@graph\":[{\"@type\":\"Article\",\"@id\":\"https:\/\/sanluisinforma.com\/?p=15594#article\",\"isPartOf\":{\"@id\":\"https:\/\/sanluisinforma.com\/?p=15594\"},\"author\":{\"name\":\"sanluisinforma.com\",\"@id\":\"https:\/\/sanluisinforma.com\/#\/schema\/person\/c30648f71476be533b6f59d092905c8b\"},\"headline\":\"Artesanas y Artesanos Potosinos destacan en Gran Premio Nacional de Arte Popular\",\"datePublished\":\"2025-10-29T06:55:00+00:00\",\"dateModified\":\"2025-10-29T04:34:18+00:00\",\"mainEntityOfPage\":{\"@id\":\"https:\/\/sanluisinforma.com\/?p=15594\"},\"wordCount\":287,\"publisher\":{\"@id\":\"https:\/\/sanluisinforma.com\/#organization\"},\"image\":{\"@id\":\"https:\/\/sanluisinforma.com\/?p=15594#primaryimage\"},\"thumbnailUrl\":\"https:\/\/sanluisinforma.com\/wp-content\/uploads\/2025\/10\/unnamed-1-25.jpg\",\"articleSection\":[\"Local\",\"Portada\"],\"inLanguage\":\"es\"},{\"@type\":\"WebPage\",\"@id\":\"https:\/\/sanluisinforma.com\/?p=15594\",\"url\":\"https:\/\/sanluisinforma.com\/?p=15594\",\"name\":\"Artesanas y Artesanos Potosinos destacan en Gran Premio Nacional de Arte Popular - sanluisinforma.com\",\"isPartOf\":{\"@id\":\"https:\/\/sanluisinforma.com\/#website\"},\"primaryImageOfPage\":{\"@id\":\"https:\/\/sanluisinforma.com\/?p=15594#primaryimage\"},\"image\":{\"@id\":\"https:\/\/sanluisinforma.com\/?p=15594#primaryimage\"},\"thumbnailUrl\":\"https:\/\/sanluisinforma.com\/wp-content\/uploads\/2025\/10\/unnamed-1-25.jpg\",\"datePublished\":\"2025-10-29T06:55:00+00:00\",\"dateModified\":\"2025-10-29T04:34:18+00:00\",\"breadcrumb\":{\"@id\":\"https:\/\/sanluisinforma.com\/?p=15594#breadcrumb\"},\"inLanguage\":\"es\",\"potentialAction\":[{\"@type\":\"ReadAction\",\"target\":[\"https:\/\/sanluisinforma.com\/?p=15594\"]}]},{\"@type\":\"ImageObject\",\"inLanguage\":\"es\",\"@id\":\"https:\/\/sanluisinforma.com\/?p=15594#primaryimage\",\"url\":\"https:\/\/sanluisinforma.com\/wp-content\/uploads\/2025\/10\/unnamed-1-25.jpg\",\"contentUrl\":\"https:\/\/sanluisinforma.com\/wp-content\/uploads\/2025\/10\/unnamed-1-25.jpg\",\"width\":400,\"height\":533},{\"@type\":\"BreadcrumbList\",\"@id\":\"https:\/\/sanluisinforma.com\/?p=15594#breadcrumb\",\"itemListElement\":[{\"@type\":\"ListItem\",\"position\":1,\"name\":\"Inicio\",\"item\":\"https:\/\/sanluisinforma.com\/\"},{\"@type\":\"ListItem\",\"position\":2,\"name\":\"Artesanas y Artesanos Potosinos destacan en Gran Premio Nacional de Arte Popular\"}]},{\"@type\":\"WebSite\",\"@id\":\"https:\/\/sanluisinforma.com\/#website\",\"url\":\"https:\/\/sanluisinforma.com\/\",\"name\":\"sanluisinforma.com\",\"description\":\"Periodico San Luis Informa\",\"publisher\":{\"@id\":\"https:\/\/sanluisinforma.com\/#organization\"},\"potentialAction\":[{\"@type\":\"SearchAction\",\"target\":{\"@type\":\"EntryPoint\",\"urlTemplate\":\"https:\/\/sanluisinforma.com\/?s={search_term_string}\"},\"query-input\":{\"@type\":\"PropertyValueSpecification\",\"valueRequired\":true,\"valueName\":\"search_term_string\"}}],\"inLanguage\":\"es\"},{\"@type\":\"Organization\",\"@id\":\"https:\/\/sanluisinforma.com\/#organization\",\"name\":\"sanluisinforma.com\",\"url\":\"https:\/\/sanluisinforma.com\/\",\"logo\":{\"@type\":\"ImageObject\",\"inLanguage\":\"es\",\"@id\":\"https:\/\/sanluisinforma.com\/#\/schema\/logo\/image\/\",\"url\":\"https:\/\/sanluisinforma.com\/wp-content\/uploads\/2026\/03\/sanluisinforma-V.jpg\",\"contentUrl\":\"https:\/\/sanluisinforma.com\/wp-content\/uploads\/2026\/03\/sanluisinforma-V.jpg\",\"width\":500,\"height\":156,\"caption\":\"sanluisinforma.com\"},\"image\":{\"@id\":\"https:\/\/sanluisinforma.com\/#\/schema\/logo\/image\/\"}},{\"@type\":\"Person\",\"@id\":\"https:\/\/sanluisinforma.com\/#\/schema\/person\/c30648f71476be533b6f59d092905c8b\",\"name\":\"sanluisinforma.com\",\"image\":{\"@type\":\"ImageObject\",\"inLanguage\":\"es\",\"@id\":\"https:\/\/sanluisinforma.com\/#\/schema\/person\/image\/\",\"url\":\"https:\/\/secure.gravatar.com\/avatar\/86e3114e34a1eecefb963e0a02f0093f93b092dddb2fe1517596343751081a87?s=96&d=mm&r=g\",\"contentUrl\":\"https:\/\/secure.gravatar.com\/avatar\/86e3114e34a1eecefb963e0a02f0093f93b092dddb2fe1517596343751081a87?s=96&d=mm&r=g\",\"caption\":\"sanluisinforma.com\"},\"url\":\"https:\/\/sanluisinforma.com\/?author=2\"}]}<\/script>\n<!-- \/ Yoast SEO plugin. -->","yoast_head_json":{"title":"Artesanas y Artesanos Potosinos destacan en Gran Premio Nacional de Arte Popular - sanluisinforma.com","robots":{"index":"index","follow":"follow","max-snippet":"max-snippet:-1","max-image-preview":"max-image-preview:large","max-video-preview":"max-video-preview:-1"},"canonical":"https:\/\/sanluisinforma.com\/?p=15594","og_locale":"es_MX","og_type":"article","og_title":"Artesanas y Artesanos Potosinos destacan en Gran Premio Nacional de Arte Popular - sanluisinforma.com","og_description":"El talento sin l\u00edmites de San Luis Potos\u00ed se distingue a nivel nacional con cuatro reconocimientos en el m\u00e1ximo certamen","og_url":"https:\/\/sanluisinforma.com\/?p=15594","og_site_name":"sanluisinforma.com","article_published_time":"2025-10-29T06:55:00+00:00","article_modified_time":"2025-10-29T04:34:18+00:00","og_image":[{"width":400,"height":533,"url":"https:\/\/sanluisinforma.com\/wp-content\/uploads\/2025\/10\/unnamed-1-25.jpg","type":"image\/jpeg"}],"author":"sanluisinforma.com","twitter_card":"summary_large_image","twitter_misc":{"Escrito por":"sanluisinforma.com","Tiempo de lectura":"2 minutos"},"schema":{"@context":"https:\/\/schema.org","@graph":[{"@type":"Article","@id":"https:\/\/sanluisinforma.com\/?p=15594#article","isPartOf":{"@id":"https:\/\/sanluisinforma.com\/?p=15594"},"author":{"name":"sanluisinforma.com","@id":"https:\/\/sanluisinforma.com\/#\/schema\/person\/c30648f71476be533b6f59d092905c8b"},"headline":"Artesanas y Artesanos Potosinos destacan en Gran Premio Nacional de Arte Popular","datePublished":"2025-10-29T06:55:00+00:00","dateModified":"2025-10-29T04:34:18+00:00","mainEntityOfPage":{"@id":"https:\/\/sanluisinforma.com\/?p=15594"},"wordCount":287,"publisher":{"@id":"https:\/\/sanluisinforma.com\/#organization"},"image":{"@id":"https:\/\/sanluisinforma.com\/?p=15594#primaryimage"},"thumbnailUrl":"https:\/\/sanluisinforma.com\/wp-content\/uploads\/2025\/10\/unnamed-1-25.jpg","articleSection":["Local","Portada"],"inLanguage":"es"},{"@type":"WebPage","@id":"https:\/\/sanluisinforma.com\/?p=15594","url":"https:\/\/sanluisinforma.com\/?p=15594","name":"Artesanas y Artesanos Potosinos destacan en Gran Premio Nacional de Arte Popular - sanluisinforma.com","isPartOf":{"@id":"https:\/\/sanluisinforma.com\/#website"},"primaryImageOfPage":{"@id":"https:\/\/sanluisinforma.com\/?p=15594#primaryimage"},"image":{"@id":"https:\/\/sanluisinforma.com\/?p=15594#primaryimage"},"thumbnailUrl":"https:\/\/sanluisinforma.com\/wp-content\/uploads\/2025\/10\/unnamed-1-25.jpg","datePublished":"2025-10-29T06:55:00+00:00","dateModified":"2025-10-29T04:34:18+00:00","breadcrumb":{"@id":"https:\/\/sanluisinforma.com\/?p=15594#breadcrumb"},"inLanguage":"es","potentialAction":[{"@type":"ReadAction","target":["https:\/\/sanluisinforma.com\/?p=15594"]}]},{"@type":"ImageObject","inLanguage":"es","@id":"https:\/\/sanluisinforma.com\/?p=15594#primaryimage","url":"https:\/\/sanluisinforma.com\/wp-content\/uploads\/2025\/10\/unnamed-1-25.jpg","contentUrl":"https:\/\/sanluisinforma.com\/wp-content\/uploads\/2025\/10\/unnamed-1-25.jpg","width":400,"height":533},{"@type":"BreadcrumbList","@id":"https:\/\/sanluisinforma.com\/?p=15594#breadcrumb","itemListElement":[{"@type":"ListItem","position":1,"name":"Inicio","item":"https:\/\/sanluisinforma.com\/"},{"@type":"ListItem","position":2,"name":"Artesanas y Artesanos Potosinos destacan en Gran Premio Nacional de Arte Popular"}]},{"@type":"WebSite","@id":"https:\/\/sanluisinforma.com\/#website","url":"https:\/\/sanluisinforma.com\/","name":"sanluisinforma.com","description":"Periodico San Luis Informa","publisher":{"@id":"https:\/\/sanluisinforma.com\/#organization"},"potentialAction":[{"@type":"SearchAction","target":{"@type":"EntryPoint","urlTemplate":"https:\/\/sanluisinforma.com\/?s={search_term_string}"},"query-input":{"@type":"PropertyValueSpecification","valueRequired":true,"valueName":"search_term_string"}}],"inLanguage":"es"},{"@type":"Organization","@id":"https:\/\/sanluisinforma.com\/#organization","name":"sanluisinforma.com","url":"https:\/\/sanluisinforma.com\/","logo":{"@type":"ImageObject","inLanguage":"es","@id":"https:\/\/sanluisinforma.com\/#\/schema\/logo\/image\/","url":"https:\/\/sanluisinforma.com\/wp-content\/uploads\/2026\/03\/sanluisinforma-V.jpg","contentUrl":"https:\/\/sanluisinforma.com\/wp-content\/uploads\/2026\/03\/sanluisinforma-V.jpg","width":500,"height":156,"caption":"sanluisinforma.com"},"image":{"@id":"https:\/\/sanluisinforma.com\/#\/schema\/logo\/image\/"}},{"@type":"Person","@id":"https:\/\/sanluisinforma.com\/#\/schema\/person\/c30648f71476be533b6f59d092905c8b","name":"sanluisinforma.com","image":{"@type":"ImageObject","inLanguage":"es","@id":"https:\/\/sanluisinforma.com\/#\/schema\/person\/image\/","url":"https:\/\/secure.gravatar.com\/avatar\/86e3114e34a1eecefb963e0a02f0093f93b092dddb2fe1517596343751081a87?s=96&d=mm&r=g","contentUrl":"https:\/\/secure.gravatar.com\/avatar\/86e3114e34a1eecefb963e0a02f0093f93b092dddb2fe1517596343751081a87?s=96&d=mm&r=g","caption":"sanluisinforma.com"},"url":"https:\/\/sanluisinforma.com\/?author=2"}]}},"_links":{"self":[{"href":"https:\/\/sanluisinforma.com\/index.php?rest_route=\/wp\/v2\/posts\/15594","targetHints":{"allow":["GET"]}}],"collection":[{"href":"https:\/\/sanluisinforma.com\/index.php?rest_route=\/wp\/v2\/posts"}],"about":[{"href":"https:\/\/sanluisinforma.com\/index.php?rest_route=\/wp\/v2\/types\/post"}],"author":[{"embeddable":true,"href":"https:\/\/sanluisinforma.com\/index.php?rest_route=\/wp\/v2\/users\/2"}],"replies":[{"embeddable":true,"href":"https:\/\/sanluisinforma.com\/index.php?rest_route=%2Fwp%2Fv2%2Fcomments&post=15594"}],"version-history":[{"count":1,"href":"https:\/\/sanluisinforma.com\/index.php?rest_route=\/wp\/v2\/posts\/15594\/revisions"}],"predecessor-version":[{"id":15596,"href":"https:\/\/sanluisinforma.com\/index.php?rest_route=\/wp\/v2\/posts\/15594\/revisions\/15596"}],"wp:featuredmedia":[{"embeddable":true,"href":"https:\/\/sanluisinforma.com\/index.php?rest_route=\/wp\/v2\/media\/15595"}],"wp:attachment":[{"href":"https:\/\/sanluisinforma.com\/index.php?rest_route=%2Fwp%2Fv2%2Fmedia&parent=15594"}],"wp:term":[{"taxonomy":"category","embeddable":true,"href":"https:\/\/sanluisinforma.com\/index.php?rest_route=%2Fwp%2Fv2%2Fcategories&post=15594"},{"taxonomy":"post_tag","embeddable":true,"href":"https:\/\/sanluisinforma.com\/index.php?rest_route=%2Fwp%2Fv2%2Ftags&post=15594"}],"curies":[{"name":"wp","href":"https:\/\/api.w.org\/{rel}","templated":true}]}}