{"id":15609,"date":"2025-10-30T00:50:00","date_gmt":"2025-10-30T06:50:00","guid":{"rendered":"https:\/\/sanluisinforma.com\/?p=15609"},"modified":"2025-10-29T18:34:08","modified_gmt":"2025-10-30T00:34:08","slug":"xviii-festival-internacional-letras-en-san-luis-punto-de-encuentro-de-la-literatura-mundial","status":"publish","type":"post","link":"https:\/\/sanluisinforma.com\/?p=15609","title":{"rendered":"XVIII Festival Internacional Letras en San Luis: punto de encuentro de la literatura mundial"},"content":{"rendered":"\n<p>En rueda de prensa en la Ciudad de M\u00e9xico, el Alcalde Enrique Galindo Ceballos present\u00f3 este evento, que se realizar\u00e1 en San Luis Capital del 24 al 28 de noviembre, en el que participar\u00e1n destacados autores de M\u00e9xico, Am\u00e9rica Latina y Europa.<\/p>\n\n\n\n<p>Ciudad de M\u00e9xico.- Desde la Casa Universitaria del Libro de la UNAM, en la Ciudad de M\u00e9xico, el Alcalde Enrique Galindo Ceballos, present\u00f3 oficialmente el XVIII Festival Internacional Letras en San Luis, que se llevar\u00e1 a cabo del 24 al 28 de noviembre.<\/p>\n\n\n\n<p>Durante su intervenci\u00f3n, el Alcalde destac\u00f3 que el Festival Internacional Letras en San Luis es un reflejo del momento cultural que vive la ciudad: \u201cSan Luis es Capital Americana de la Cultura, Ciudad Patrimonio Mundial y Ciudad del Aprendizaje de la Unesco. Vivimos un gran momento de creatividad, literatura y tambi\u00e9n de seguridad p\u00fablica\u201d. Adem\u00e1s, anunci\u00f3 que el evento contar\u00e1 con escritores de talla internacional y se desarrollar\u00e1 en 13 sedes distintas con lecturas, talleres, charlas y firmas de libros.<\/p>\n\n\n\n<p>El ya afamado Festival reunir\u00e1 a reconocidas figuras de la literatura contempor\u00e1nea como Gioconda Belli (Nicaragua), \u00c1ngeles Mastretta, Rosa Beltr\u00e1n, Alberto Ruy S\u00e1nchez y Ana Clavel (Ciudad de M\u00e9xico), as\u00ed como a la chilena Diamela Eltit y los espa\u00f1oles Laura Garc\u00eda y Jorge Carri\u00f3n, entre otros escritores que dar\u00e1n vida a conferencias, lecturas y mesas de di\u00e1logo en diversos espacios de la capital potosina.<\/p>\n\n\n\n<p>Tambi\u00e9n participar\u00e1n autores locales y nacionales como Celeste Alba Iris Garc\u00eda, Jos\u00e9 Francisco M\u00e1rquez Alonso, Liliana Blum, Silvia Pe\u00f1a Alfaro, E. Tonatiuh Trejo, y M\u00f3nica Nepote, quienes compartir\u00e1n su obra con el p\u00fablico potosino. Este importante evento cultural rinde homenaje al legado del finado Daniel Garc\u00eda \u00c1lvarez de la Llera, promotor cultural y Exdirector de Cultura Municipal<\/p>\n\n\n\n<p>En la rueda de prensa participaron tambi\u00e9n Mart\u00edn Ju\u00e1rez C\u00f3rdova, Director de Cultura Municipal y cont\u00f3 con la presencia del poeta V\u00edctor Manuel Mendiola, Curador del Festival Internacional Letras en San Luis y la periodista Laura Barrera, quienes destacaron la importancia de este evento como punto de encuentro para la reflexi\u00f3n literaria.<\/p>\n","protected":false},"excerpt":{"rendered":"<p>En rueda de prensa en la Ciudad de M\u00e9xico, el Alcalde Enrique Galindo Ceballos present\u00f3 este evento, que se realizar\u00e1<\/p>\n","protected":false},"author":2,"featured_media":15610,"comment_status":"closed","ping_status":"closed","sticky":false,"template":"","format":"standard","meta":{"footnotes":""},"categories":[25,30],"tags":[],"class_list":["post-15609","post","type-post","status-publish","format-standard","has-post-thumbnail","hentry","category-local","category-portada"],"yoast_head":"<!-- This site is optimized with the Yoast SEO plugin v24.1 - https:\/\/yoast.com\/wordpress\/plugins\/seo\/ -->\n<title>XVIII Festival Internacional Letras en San Luis: punto de encuentro de la literatura mundial - sanluisinforma.com<\/title>\n<meta name=\"robots\" content=\"index, follow, max-snippet:-1, max-image-preview:large, max-video-preview:-1\" \/>\n<link rel=\"canonical\" href=\"https:\/\/sanluisinforma.com\/?p=15609\" \/>\n<meta property=\"og:locale\" content=\"es_MX\" \/>\n<meta property=\"og:type\" content=\"article\" \/>\n<meta property=\"og:title\" content=\"XVIII Festival Internacional Letras en San Luis: punto de encuentro de la literatura mundial - sanluisinforma.com\" \/>\n<meta property=\"og:description\" content=\"En rueda de prensa en la Ciudad de M\u00e9xico, el Alcalde Enrique Galindo Ceballos present\u00f3 este evento, que se realizar\u00e1\" \/>\n<meta property=\"og:url\" content=\"https:\/\/sanluisinforma.com\/?p=15609\" \/>\n<meta property=\"og:site_name\" content=\"sanluisinforma.com\" \/>\n<meta property=\"article:published_time\" content=\"2025-10-30T06:50:00+00:00\" \/>\n<meta property=\"article:modified_time\" content=\"2025-10-30T00:34:08+00:00\" \/>\n<meta property=\"og:image\" content=\"https:\/\/sanluisinforma.com\/wp-content\/uploads\/2025\/10\/unnamed-3-17.jpg\" \/>\n\t<meta property=\"og:image:width\" content=\"400\" \/>\n\t<meta property=\"og:image:height\" content=\"287\" \/>\n\t<meta property=\"og:image:type\" content=\"image\/jpeg\" \/>\n<meta name=\"author\" content=\"sanluisinforma.com\" \/>\n<meta name=\"twitter:card\" content=\"summary_large_image\" \/>\n<meta name=\"twitter:label1\" content=\"Escrito por\" \/>\n\t<meta name=\"twitter:data1\" content=\"sanluisinforma.com\" \/>\n\t<meta name=\"twitter:label2\" content=\"Tiempo de lectura\" \/>\n\t<meta name=\"twitter:data2\" content=\"2 minutos\" \/>\n<script type=\"application\/ld+json\" class=\"yoast-schema-graph\">{\"@context\":\"https:\/\/schema.org\",\"@graph\":[{\"@type\":\"Article\",\"@id\":\"https:\/\/sanluisinforma.com\/?p=15609#article\",\"isPartOf\":{\"@id\":\"https:\/\/sanluisinforma.com\/?p=15609\"},\"author\":{\"name\":\"sanluisinforma.com\",\"@id\":\"https:\/\/sanluisinforma.com\/#\/schema\/person\/c30648f71476be533b6f59d092905c8b\"},\"headline\":\"XVIII Festival Internacional Letras en San Luis: punto de encuentro de la literatura mundial\",\"datePublished\":\"2025-10-30T06:50:00+00:00\",\"dateModified\":\"2025-10-30T00:34:08+00:00\",\"mainEntityOfPage\":{\"@id\":\"https:\/\/sanluisinforma.com\/?p=15609\"},\"wordCount\":382,\"publisher\":{\"@id\":\"https:\/\/sanluisinforma.com\/#organization\"},\"image\":{\"@id\":\"https:\/\/sanluisinforma.com\/?p=15609#primaryimage\"},\"thumbnailUrl\":\"https:\/\/sanluisinforma.com\/wp-content\/uploads\/2025\/10\/unnamed-3-17.jpg\",\"articleSection\":[\"Local\",\"Portada\"],\"inLanguage\":\"es\"},{\"@type\":\"WebPage\",\"@id\":\"https:\/\/sanluisinforma.com\/?p=15609\",\"url\":\"https:\/\/sanluisinforma.com\/?p=15609\",\"name\":\"XVIII Festival Internacional Letras en San Luis: punto de encuentro de la literatura mundial - sanluisinforma.com\",\"isPartOf\":{\"@id\":\"https:\/\/sanluisinforma.com\/#website\"},\"primaryImageOfPage\":{\"@id\":\"https:\/\/sanluisinforma.com\/?p=15609#primaryimage\"},\"image\":{\"@id\":\"https:\/\/sanluisinforma.com\/?p=15609#primaryimage\"},\"thumbnailUrl\":\"https:\/\/sanluisinforma.com\/wp-content\/uploads\/2025\/10\/unnamed-3-17.jpg\",\"datePublished\":\"2025-10-30T06:50:00+00:00\",\"dateModified\":\"2025-10-30T00:34:08+00:00\",\"breadcrumb\":{\"@id\":\"https:\/\/sanluisinforma.com\/?p=15609#breadcrumb\"},\"inLanguage\":\"es\",\"potentialAction\":[{\"@type\":\"ReadAction\",\"target\":[\"https:\/\/sanluisinforma.com\/?p=15609\"]}]},{\"@type\":\"ImageObject\",\"inLanguage\":\"es\",\"@id\":\"https:\/\/sanluisinforma.com\/?p=15609#primaryimage\",\"url\":\"https:\/\/sanluisinforma.com\/wp-content\/uploads\/2025\/10\/unnamed-3-17.jpg\",\"contentUrl\":\"https:\/\/sanluisinforma.com\/wp-content\/uploads\/2025\/10\/unnamed-3-17.jpg\",\"width\":400,\"height\":287},{\"@type\":\"BreadcrumbList\",\"@id\":\"https:\/\/sanluisinforma.com\/?p=15609#breadcrumb\",\"itemListElement\":[{\"@type\":\"ListItem\",\"position\":1,\"name\":\"Inicio\",\"item\":\"https:\/\/sanluisinforma.com\/\"},{\"@type\":\"ListItem\",\"position\":2,\"name\":\"XVIII Festival Internacional Letras en San Luis: punto de encuentro de la literatura mundial\"}]},{\"@type\":\"WebSite\",\"@id\":\"https:\/\/sanluisinforma.com\/#website\",\"url\":\"https:\/\/sanluisinforma.com\/\",\"name\":\"sanluisinforma.com\",\"description\":\"Periodico San Luis Informa\",\"publisher\":{\"@id\":\"https:\/\/sanluisinforma.com\/#organization\"},\"potentialAction\":[{\"@type\":\"SearchAction\",\"target\":{\"@type\":\"EntryPoint\",\"urlTemplate\":\"https:\/\/sanluisinforma.com\/?s={search_term_string}\"},\"query-input\":{\"@type\":\"PropertyValueSpecification\",\"valueRequired\":true,\"valueName\":\"search_term_string\"}}],\"inLanguage\":\"es\"},{\"@type\":\"Organization\",\"@id\":\"https:\/\/sanluisinforma.com\/#organization\",\"name\":\"sanluisinforma.com\",\"url\":\"https:\/\/sanluisinforma.com\/\",\"logo\":{\"@type\":\"ImageObject\",\"inLanguage\":\"es\",\"@id\":\"https:\/\/sanluisinforma.com\/#\/schema\/logo\/image\/\",\"url\":\"https:\/\/sanluisinforma.com\/wp-content\/uploads\/2026\/03\/sanluisinforma-V.jpg\",\"contentUrl\":\"https:\/\/sanluisinforma.com\/wp-content\/uploads\/2026\/03\/sanluisinforma-V.jpg\",\"width\":500,\"height\":156,\"caption\":\"sanluisinforma.com\"},\"image\":{\"@id\":\"https:\/\/sanluisinforma.com\/#\/schema\/logo\/image\/\"}},{\"@type\":\"Person\",\"@id\":\"https:\/\/sanluisinforma.com\/#\/schema\/person\/c30648f71476be533b6f59d092905c8b\",\"name\":\"sanluisinforma.com\",\"image\":{\"@type\":\"ImageObject\",\"inLanguage\":\"es\",\"@id\":\"https:\/\/sanluisinforma.com\/#\/schema\/person\/image\/\",\"url\":\"https:\/\/secure.gravatar.com\/avatar\/86e3114e34a1eecefb963e0a02f0093f93b092dddb2fe1517596343751081a87?s=96&d=mm&r=g\",\"contentUrl\":\"https:\/\/secure.gravatar.com\/avatar\/86e3114e34a1eecefb963e0a02f0093f93b092dddb2fe1517596343751081a87?s=96&d=mm&r=g\",\"caption\":\"sanluisinforma.com\"},\"url\":\"https:\/\/sanluisinforma.com\/?author=2\"}]}<\/script>\n<!-- \/ Yoast SEO plugin. -->","yoast_head_json":{"title":"XVIII Festival Internacional Letras en San Luis: punto de encuentro de la literatura mundial - sanluisinforma.com","robots":{"index":"index","follow":"follow","max-snippet":"max-snippet:-1","max-image-preview":"max-image-preview:large","max-video-preview":"max-video-preview:-1"},"canonical":"https:\/\/sanluisinforma.com\/?p=15609","og_locale":"es_MX","og_type":"article","og_title":"XVIII Festival Internacional Letras en San Luis: punto de encuentro de la literatura mundial - sanluisinforma.com","og_description":"En rueda de prensa en la Ciudad de M\u00e9xico, el Alcalde Enrique Galindo Ceballos present\u00f3 este evento, que se realizar\u00e1","og_url":"https:\/\/sanluisinforma.com\/?p=15609","og_site_name":"sanluisinforma.com","article_published_time":"2025-10-30T06:50:00+00:00","article_modified_time":"2025-10-30T00:34:08+00:00","og_image":[{"width":400,"height":287,"url":"https:\/\/sanluisinforma.com\/wp-content\/uploads\/2025\/10\/unnamed-3-17.jpg","type":"image\/jpeg"}],"author":"sanluisinforma.com","twitter_card":"summary_large_image","twitter_misc":{"Escrito por":"sanluisinforma.com","Tiempo de lectura":"2 minutos"},"schema":{"@context":"https:\/\/schema.org","@graph":[{"@type":"Article","@id":"https:\/\/sanluisinforma.com\/?p=15609#article","isPartOf":{"@id":"https:\/\/sanluisinforma.com\/?p=15609"},"author":{"name":"sanluisinforma.com","@id":"https:\/\/sanluisinforma.com\/#\/schema\/person\/c30648f71476be533b6f59d092905c8b"},"headline":"XVIII Festival Internacional Letras en San Luis: punto de encuentro de la literatura mundial","datePublished":"2025-10-30T06:50:00+00:00","dateModified":"2025-10-30T00:34:08+00:00","mainEntityOfPage":{"@id":"https:\/\/sanluisinforma.com\/?p=15609"},"wordCount":382,"publisher":{"@id":"https:\/\/sanluisinforma.com\/#organization"},"image":{"@id":"https:\/\/sanluisinforma.com\/?p=15609#primaryimage"},"thumbnailUrl":"https:\/\/sanluisinforma.com\/wp-content\/uploads\/2025\/10\/unnamed-3-17.jpg","articleSection":["Local","Portada"],"inLanguage":"es"},{"@type":"WebPage","@id":"https:\/\/sanluisinforma.com\/?p=15609","url":"https:\/\/sanluisinforma.com\/?p=15609","name":"XVIII Festival Internacional Letras en San Luis: punto de encuentro de la literatura mundial - sanluisinforma.com","isPartOf":{"@id":"https:\/\/sanluisinforma.com\/#website"},"primaryImageOfPage":{"@id":"https:\/\/sanluisinforma.com\/?p=15609#primaryimage"},"image":{"@id":"https:\/\/sanluisinforma.com\/?p=15609#primaryimage"},"thumbnailUrl":"https:\/\/sanluisinforma.com\/wp-content\/uploads\/2025\/10\/unnamed-3-17.jpg","datePublished":"2025-10-30T06:50:00+00:00","dateModified":"2025-10-30T00:34:08+00:00","breadcrumb":{"@id":"https:\/\/sanluisinforma.com\/?p=15609#breadcrumb"},"inLanguage":"es","potentialAction":[{"@type":"ReadAction","target":["https:\/\/sanluisinforma.com\/?p=15609"]}]},{"@type":"ImageObject","inLanguage":"es","@id":"https:\/\/sanluisinforma.com\/?p=15609#primaryimage","url":"https:\/\/sanluisinforma.com\/wp-content\/uploads\/2025\/10\/unnamed-3-17.jpg","contentUrl":"https:\/\/sanluisinforma.com\/wp-content\/uploads\/2025\/10\/unnamed-3-17.jpg","width":400,"height":287},{"@type":"BreadcrumbList","@id":"https:\/\/sanluisinforma.com\/?p=15609#breadcrumb","itemListElement":[{"@type":"ListItem","position":1,"name":"Inicio","item":"https:\/\/sanluisinforma.com\/"},{"@type":"ListItem","position":2,"name":"XVIII Festival Internacional Letras en San Luis: punto de encuentro de la literatura mundial"}]},{"@type":"WebSite","@id":"https:\/\/sanluisinforma.com\/#website","url":"https:\/\/sanluisinforma.com\/","name":"sanluisinforma.com","description":"Periodico San Luis Informa","publisher":{"@id":"https:\/\/sanluisinforma.com\/#organization"},"potentialAction":[{"@type":"SearchAction","target":{"@type":"EntryPoint","urlTemplate":"https:\/\/sanluisinforma.com\/?s={search_term_string}"},"query-input":{"@type":"PropertyValueSpecification","valueRequired":true,"valueName":"search_term_string"}}],"inLanguage":"es"},{"@type":"Organization","@id":"https:\/\/sanluisinforma.com\/#organization","name":"sanluisinforma.com","url":"https:\/\/sanluisinforma.com\/","logo":{"@type":"ImageObject","inLanguage":"es","@id":"https:\/\/sanluisinforma.com\/#\/schema\/logo\/image\/","url":"https:\/\/sanluisinforma.com\/wp-content\/uploads\/2026\/03\/sanluisinforma-V.jpg","contentUrl":"https:\/\/sanluisinforma.com\/wp-content\/uploads\/2026\/03\/sanluisinforma-V.jpg","width":500,"height":156,"caption":"sanluisinforma.com"},"image":{"@id":"https:\/\/sanluisinforma.com\/#\/schema\/logo\/image\/"}},{"@type":"Person","@id":"https:\/\/sanluisinforma.com\/#\/schema\/person\/c30648f71476be533b6f59d092905c8b","name":"sanluisinforma.com","image":{"@type":"ImageObject","inLanguage":"es","@id":"https:\/\/sanluisinforma.com\/#\/schema\/person\/image\/","url":"https:\/\/secure.gravatar.com\/avatar\/86e3114e34a1eecefb963e0a02f0093f93b092dddb2fe1517596343751081a87?s=96&d=mm&r=g","contentUrl":"https:\/\/secure.gravatar.com\/avatar\/86e3114e34a1eecefb963e0a02f0093f93b092dddb2fe1517596343751081a87?s=96&d=mm&r=g","caption":"sanluisinforma.com"},"url":"https:\/\/sanluisinforma.com\/?author=2"}]}},"_links":{"self":[{"href":"https:\/\/sanluisinforma.com\/index.php?rest_route=\/wp\/v2\/posts\/15609","targetHints":{"allow":["GET"]}}],"collection":[{"href":"https:\/\/sanluisinforma.com\/index.php?rest_route=\/wp\/v2\/posts"}],"about":[{"href":"https:\/\/sanluisinforma.com\/index.php?rest_route=\/wp\/v2\/types\/post"}],"author":[{"embeddable":true,"href":"https:\/\/sanluisinforma.com\/index.php?rest_route=\/wp\/v2\/users\/2"}],"replies":[{"embeddable":true,"href":"https:\/\/sanluisinforma.com\/index.php?rest_route=%2Fwp%2Fv2%2Fcomments&post=15609"}],"version-history":[{"count":1,"href":"https:\/\/sanluisinforma.com\/index.php?rest_route=\/wp\/v2\/posts\/15609\/revisions"}],"predecessor-version":[{"id":15611,"href":"https:\/\/sanluisinforma.com\/index.php?rest_route=\/wp\/v2\/posts\/15609\/revisions\/15611"}],"wp:featuredmedia":[{"embeddable":true,"href":"https:\/\/sanluisinforma.com\/index.php?rest_route=\/wp\/v2\/media\/15610"}],"wp:attachment":[{"href":"https:\/\/sanluisinforma.com\/index.php?rest_route=%2Fwp%2Fv2%2Fmedia&parent=15609"}],"wp:term":[{"taxonomy":"category","embeddable":true,"href":"https:\/\/sanluisinforma.com\/index.php?rest_route=%2Fwp%2Fv2%2Fcategories&post=15609"},{"taxonomy":"post_tag","embeddable":true,"href":"https:\/\/sanluisinforma.com\/index.php?rest_route=%2Fwp%2Fv2%2Ftags&post=15609"}],"curies":[{"name":"wp","href":"https:\/\/api.w.org\/{rel}","templated":true}]}}