{"id":15640,"date":"2025-11-01T00:50:00","date_gmt":"2025-11-01T06:50:00","guid":{"rendered":"https:\/\/sanluisinforma.com\/?p=15640"},"modified":"2025-10-31T21:45:49","modified_gmt":"2025-11-01T03:45:49","slug":"unesco-nombra-a-san-luis-capital-como-ciudad-creativa","status":"publish","type":"post","link":"https:\/\/sanluisinforma.com\/?p=15640","title":{"rendered":"Unesco nombra a San Luis Capital como Ciudad Creativa"},"content":{"rendered":"\n<p>Este d\u00eda, en la sede de la Unesco en Par\u00eds, Francia, se dio a conocer este nombramiento; San Luis Potos\u00ed cuenta ahora con los tres reconocimientos que otorga la Unesco, al ser tambi\u00e9n Ciudad Patrimonio y Ciudad del Aprendizaje: ahora es la \u00fanica Ciudad Creativa por el impulso a la literatura en M\u00e9xico.<\/p>\n\n\n\n<p>En el D\u00eda Mundial de las Ciudades 2025, la Organizaci\u00f3n de las Naciones Unidas para la Educaci\u00f3n, la Ciencia y la Cultura (Unesco) otorg\u00f3 a San Luis Potos\u00ed el reconocimiento como Ciudad Creativa, despu\u00e9s de una candidatura lanzada por el Ayuntamiento de San Luis Potos\u00ed. Este nombramiento, dado a conocer en Par\u00eds, Francia, a las 4 de la ma\u00f1ana, hora del Centro de M\u00e9xico, se une a los recibidos anteriormente como Ciudad del Aprendizaje, Ciudad Patrimonio y Ciudad \u00c1rbol del Mundo, este \u00faltimo otorgado por la ONU.<\/p>\n\n\n\n<p>La Unesco dio la bienvenida a San Luis Potos\u00ed a la red de ciudades creativas por su impulso a la literatura, junto con otras 58 ciudades del mundo que han destacado en los \u00e1mbitos del dise\u00f1o, arquitectura, gastronom\u00eda, comunicaci\u00f3n, m\u00fasica, artes visuales, m\u00fasica y artesan\u00eda.<\/p>\n\n\n\n<p>San Luis Capital fue la \u00fanica urbe mexicana que recibi\u00f3 su nombramiento como Ciudad Creativa de la Unesco en esta ocasi\u00f3n. Es adem\u00e1s la primera ciudad de nuestro pa\u00eds reconocida como Ciudad Creativa en materia de literatura.<\/p>\n\n\n\n<p>Cada semana, el Ayuntamiento de San Luis Potos\u00ed que encabeza el Alcalde Enrique Galindo Ceballos realiza presentaciones de libros en espacios p\u00fablicos de la Capital, adem\u00e1s de que se organiza cada a\u00f1o el Festival Internacional Letras en San Luis y se otorga un Premio Municipal de Literatura, entre otros programas de impulso a la creaci\u00f3n art\u00edstica y el fomento de la lectura.<\/p>\n\n\n\n<p>\u201cEl nombramiento de Ciudades Creativas es una prueba de que la cultura y la creatividad son compatibles con el desarrollo. Damos la bienvenida a las 58 ciudades que han destacado por fomentar y respaldar proyectos e iniciativas que promueven la cohesi\u00f3n social\u201d, expres\u00f3 Audrey Azoulay, Directora General de la UNESCO.<\/p>\n\n\n\n<p>Con estas nuevas designaciones llega a 408 el n\u00famero de ciudades, de m\u00e1s de 100 pa\u00edses, integradas a la Red de Ciudades Creativas, que pueden intercambiar experiencias en alguno de los \u00e1mbitos del arte y la cultura. El nombramiento puede ser consultado en la p\u00e1gina oficial de la Unesco: (<a href=\"https:\/\/www.unesco.org\/en\/articles\/world-cities-day-2025-unesco-creative-cities-network-welcomes-58-new-member-cities?hub=80094\">https:\/\/www.unesco.org\/en\/articles\/world-cities-day-2025-unesco-creative-cities-network-welcomes-58-new-member-cities?hub=80094<\/a>).<\/p>\n","protected":false},"excerpt":{"rendered":"<p>Este d\u00eda, en la sede de la Unesco en Par\u00eds, Francia, se dio a conocer este nombramiento; San Luis Potos\u00ed<\/p>\n","protected":false},"author":2,"featured_media":15641,"comment_status":"closed","ping_status":"closed","sticky":false,"template":"","format":"standard","meta":{"footnotes":""},"categories":[25,30],"tags":[],"class_list":["post-15640","post","type-post","status-publish","format-standard","has-post-thumbnail","hentry","category-local","category-portada"],"yoast_head":"<!-- This site is optimized with the Yoast SEO plugin v24.1 - https:\/\/yoast.com\/wordpress\/plugins\/seo\/ -->\n<title>Unesco nombra a San Luis Capital como Ciudad Creativa - sanluisinforma.com<\/title>\n<meta name=\"robots\" content=\"index, follow, max-snippet:-1, max-image-preview:large, max-video-preview:-1\" \/>\n<link rel=\"canonical\" href=\"https:\/\/sanluisinforma.com\/?p=15640\" \/>\n<meta property=\"og:locale\" content=\"es_MX\" \/>\n<meta property=\"og:type\" content=\"article\" \/>\n<meta property=\"og:title\" content=\"Unesco nombra a San Luis Capital como Ciudad Creativa - sanluisinforma.com\" \/>\n<meta property=\"og:description\" content=\"Este d\u00eda, en la sede de la Unesco en Par\u00eds, Francia, se dio a conocer este nombramiento; San Luis Potos\u00ed\" \/>\n<meta property=\"og:url\" content=\"https:\/\/sanluisinforma.com\/?p=15640\" \/>\n<meta property=\"og:site_name\" content=\"sanluisinforma.com\" \/>\n<meta property=\"article:published_time\" content=\"2025-11-01T06:50:00+00:00\" \/>\n<meta property=\"article:modified_time\" content=\"2025-11-01T03:45:49+00:00\" \/>\n<meta property=\"og:image\" content=\"https:\/\/sanluisinforma.com\/wp-content\/uploads\/2025\/10\/unnamed-3-18.jpg\" \/>\n\t<meta property=\"og:image:width\" content=\"400\" \/>\n\t<meta property=\"og:image:height\" content=\"433\" \/>\n\t<meta property=\"og:image:type\" content=\"image\/jpeg\" \/>\n<meta name=\"author\" content=\"sanluisinforma.com\" \/>\n<meta name=\"twitter:card\" content=\"summary_large_image\" \/>\n<meta name=\"twitter:label1\" content=\"Escrito por\" \/>\n\t<meta name=\"twitter:data1\" content=\"sanluisinforma.com\" \/>\n\t<meta name=\"twitter:label2\" content=\"Tiempo de lectura\" \/>\n\t<meta name=\"twitter:data2\" content=\"2 minutos\" \/>\n<script type=\"application\/ld+json\" class=\"yoast-schema-graph\">{\"@context\":\"https:\/\/schema.org\",\"@graph\":[{\"@type\":\"Article\",\"@id\":\"https:\/\/sanluisinforma.com\/?p=15640#article\",\"isPartOf\":{\"@id\":\"https:\/\/sanluisinforma.com\/?p=15640\"},\"author\":{\"name\":\"sanluisinforma.com\",\"@id\":\"https:\/\/sanluisinforma.com\/#\/schema\/person\/c30648f71476be533b6f59d092905c8b\"},\"headline\":\"Unesco nombra a San Luis Capital como Ciudad Creativa\",\"datePublished\":\"2025-11-01T06:50:00+00:00\",\"dateModified\":\"2025-11-01T03:45:49+00:00\",\"mainEntityOfPage\":{\"@id\":\"https:\/\/sanluisinforma.com\/?p=15640\"},\"wordCount\":426,\"publisher\":{\"@id\":\"https:\/\/sanluisinforma.com\/#organization\"},\"image\":{\"@id\":\"https:\/\/sanluisinforma.com\/?p=15640#primaryimage\"},\"thumbnailUrl\":\"https:\/\/sanluisinforma.com\/wp-content\/uploads\/2025\/10\/unnamed-3-18.jpg\",\"articleSection\":[\"Local\",\"Portada\"],\"inLanguage\":\"es\"},{\"@type\":\"WebPage\",\"@id\":\"https:\/\/sanluisinforma.com\/?p=15640\",\"url\":\"https:\/\/sanluisinforma.com\/?p=15640\",\"name\":\"Unesco nombra a San Luis Capital como Ciudad Creativa - sanluisinforma.com\",\"isPartOf\":{\"@id\":\"https:\/\/sanluisinforma.com\/#website\"},\"primaryImageOfPage\":{\"@id\":\"https:\/\/sanluisinforma.com\/?p=15640#primaryimage\"},\"image\":{\"@id\":\"https:\/\/sanluisinforma.com\/?p=15640#primaryimage\"},\"thumbnailUrl\":\"https:\/\/sanluisinforma.com\/wp-content\/uploads\/2025\/10\/unnamed-3-18.jpg\",\"datePublished\":\"2025-11-01T06:50:00+00:00\",\"dateModified\":\"2025-11-01T03:45:49+00:00\",\"breadcrumb\":{\"@id\":\"https:\/\/sanluisinforma.com\/?p=15640#breadcrumb\"},\"inLanguage\":\"es\",\"potentialAction\":[{\"@type\":\"ReadAction\",\"target\":[\"https:\/\/sanluisinforma.com\/?p=15640\"]}]},{\"@type\":\"ImageObject\",\"inLanguage\":\"es\",\"@id\":\"https:\/\/sanluisinforma.com\/?p=15640#primaryimage\",\"url\":\"https:\/\/sanluisinforma.com\/wp-content\/uploads\/2025\/10\/unnamed-3-18.jpg\",\"contentUrl\":\"https:\/\/sanluisinforma.com\/wp-content\/uploads\/2025\/10\/unnamed-3-18.jpg\",\"width\":400,\"height\":433},{\"@type\":\"BreadcrumbList\",\"@id\":\"https:\/\/sanluisinforma.com\/?p=15640#breadcrumb\",\"itemListElement\":[{\"@type\":\"ListItem\",\"position\":1,\"name\":\"Inicio\",\"item\":\"https:\/\/sanluisinforma.com\/\"},{\"@type\":\"ListItem\",\"position\":2,\"name\":\"Unesco nombra a San Luis Capital como Ciudad Creativa\"}]},{\"@type\":\"WebSite\",\"@id\":\"https:\/\/sanluisinforma.com\/#website\",\"url\":\"https:\/\/sanluisinforma.com\/\",\"name\":\"sanluisinforma.com\",\"description\":\"Periodico San Luis Informa\",\"publisher\":{\"@id\":\"https:\/\/sanluisinforma.com\/#organization\"},\"potentialAction\":[{\"@type\":\"SearchAction\",\"target\":{\"@type\":\"EntryPoint\",\"urlTemplate\":\"https:\/\/sanluisinforma.com\/?s={search_term_string}\"},\"query-input\":{\"@type\":\"PropertyValueSpecification\",\"valueRequired\":true,\"valueName\":\"search_term_string\"}}],\"inLanguage\":\"es\"},{\"@type\":\"Organization\",\"@id\":\"https:\/\/sanluisinforma.com\/#organization\",\"name\":\"sanluisinforma.com\",\"url\":\"https:\/\/sanluisinforma.com\/\",\"logo\":{\"@type\":\"ImageObject\",\"inLanguage\":\"es\",\"@id\":\"https:\/\/sanluisinforma.com\/#\/schema\/logo\/image\/\",\"url\":\"https:\/\/sanluisinforma.com\/wp-content\/uploads\/2026\/03\/sanluisinforma-V.jpg\",\"contentUrl\":\"https:\/\/sanluisinforma.com\/wp-content\/uploads\/2026\/03\/sanluisinforma-V.jpg\",\"width\":500,\"height\":156,\"caption\":\"sanluisinforma.com\"},\"image\":{\"@id\":\"https:\/\/sanluisinforma.com\/#\/schema\/logo\/image\/\"}},{\"@type\":\"Person\",\"@id\":\"https:\/\/sanluisinforma.com\/#\/schema\/person\/c30648f71476be533b6f59d092905c8b\",\"name\":\"sanluisinforma.com\",\"image\":{\"@type\":\"ImageObject\",\"inLanguage\":\"es\",\"@id\":\"https:\/\/sanluisinforma.com\/#\/schema\/person\/image\/\",\"url\":\"https:\/\/secure.gravatar.com\/avatar\/86e3114e34a1eecefb963e0a02f0093f93b092dddb2fe1517596343751081a87?s=96&d=mm&r=g\",\"contentUrl\":\"https:\/\/secure.gravatar.com\/avatar\/86e3114e34a1eecefb963e0a02f0093f93b092dddb2fe1517596343751081a87?s=96&d=mm&r=g\",\"caption\":\"sanluisinforma.com\"},\"url\":\"https:\/\/sanluisinforma.com\/?author=2\"}]}<\/script>\n<!-- \/ Yoast SEO plugin. -->","yoast_head_json":{"title":"Unesco nombra a San Luis Capital como Ciudad Creativa - sanluisinforma.com","robots":{"index":"index","follow":"follow","max-snippet":"max-snippet:-1","max-image-preview":"max-image-preview:large","max-video-preview":"max-video-preview:-1"},"canonical":"https:\/\/sanluisinforma.com\/?p=15640","og_locale":"es_MX","og_type":"article","og_title":"Unesco nombra a San Luis Capital como Ciudad Creativa - sanluisinforma.com","og_description":"Este d\u00eda, en la sede de la Unesco en Par\u00eds, Francia, se dio a conocer este nombramiento; San Luis Potos\u00ed","og_url":"https:\/\/sanluisinforma.com\/?p=15640","og_site_name":"sanluisinforma.com","article_published_time":"2025-11-01T06:50:00+00:00","article_modified_time":"2025-11-01T03:45:49+00:00","og_image":[{"width":400,"height":433,"url":"https:\/\/sanluisinforma.com\/wp-content\/uploads\/2025\/10\/unnamed-3-18.jpg","type":"image\/jpeg"}],"author":"sanluisinforma.com","twitter_card":"summary_large_image","twitter_misc":{"Escrito por":"sanluisinforma.com","Tiempo de lectura":"2 minutos"},"schema":{"@context":"https:\/\/schema.org","@graph":[{"@type":"Article","@id":"https:\/\/sanluisinforma.com\/?p=15640#article","isPartOf":{"@id":"https:\/\/sanluisinforma.com\/?p=15640"},"author":{"name":"sanluisinforma.com","@id":"https:\/\/sanluisinforma.com\/#\/schema\/person\/c30648f71476be533b6f59d092905c8b"},"headline":"Unesco nombra a San Luis Capital como Ciudad Creativa","datePublished":"2025-11-01T06:50:00+00:00","dateModified":"2025-11-01T03:45:49+00:00","mainEntityOfPage":{"@id":"https:\/\/sanluisinforma.com\/?p=15640"},"wordCount":426,"publisher":{"@id":"https:\/\/sanluisinforma.com\/#organization"},"image":{"@id":"https:\/\/sanluisinforma.com\/?p=15640#primaryimage"},"thumbnailUrl":"https:\/\/sanluisinforma.com\/wp-content\/uploads\/2025\/10\/unnamed-3-18.jpg","articleSection":["Local","Portada"],"inLanguage":"es"},{"@type":"WebPage","@id":"https:\/\/sanluisinforma.com\/?p=15640","url":"https:\/\/sanluisinforma.com\/?p=15640","name":"Unesco nombra a San Luis Capital como Ciudad Creativa - sanluisinforma.com","isPartOf":{"@id":"https:\/\/sanluisinforma.com\/#website"},"primaryImageOfPage":{"@id":"https:\/\/sanluisinforma.com\/?p=15640#primaryimage"},"image":{"@id":"https:\/\/sanluisinforma.com\/?p=15640#primaryimage"},"thumbnailUrl":"https:\/\/sanluisinforma.com\/wp-content\/uploads\/2025\/10\/unnamed-3-18.jpg","datePublished":"2025-11-01T06:50:00+00:00","dateModified":"2025-11-01T03:45:49+00:00","breadcrumb":{"@id":"https:\/\/sanluisinforma.com\/?p=15640#breadcrumb"},"inLanguage":"es","potentialAction":[{"@type":"ReadAction","target":["https:\/\/sanluisinforma.com\/?p=15640"]}]},{"@type":"ImageObject","inLanguage":"es","@id":"https:\/\/sanluisinforma.com\/?p=15640#primaryimage","url":"https:\/\/sanluisinforma.com\/wp-content\/uploads\/2025\/10\/unnamed-3-18.jpg","contentUrl":"https:\/\/sanluisinforma.com\/wp-content\/uploads\/2025\/10\/unnamed-3-18.jpg","width":400,"height":433},{"@type":"BreadcrumbList","@id":"https:\/\/sanluisinforma.com\/?p=15640#breadcrumb","itemListElement":[{"@type":"ListItem","position":1,"name":"Inicio","item":"https:\/\/sanluisinforma.com\/"},{"@type":"ListItem","position":2,"name":"Unesco nombra a San Luis Capital como Ciudad Creativa"}]},{"@type":"WebSite","@id":"https:\/\/sanluisinforma.com\/#website","url":"https:\/\/sanluisinforma.com\/","name":"sanluisinforma.com","description":"Periodico San Luis Informa","publisher":{"@id":"https:\/\/sanluisinforma.com\/#organization"},"potentialAction":[{"@type":"SearchAction","target":{"@type":"EntryPoint","urlTemplate":"https:\/\/sanluisinforma.com\/?s={search_term_string}"},"query-input":{"@type":"PropertyValueSpecification","valueRequired":true,"valueName":"search_term_string"}}],"inLanguage":"es"},{"@type":"Organization","@id":"https:\/\/sanluisinforma.com\/#organization","name":"sanluisinforma.com","url":"https:\/\/sanluisinforma.com\/","logo":{"@type":"ImageObject","inLanguage":"es","@id":"https:\/\/sanluisinforma.com\/#\/schema\/logo\/image\/","url":"https:\/\/sanluisinforma.com\/wp-content\/uploads\/2026\/03\/sanluisinforma-V.jpg","contentUrl":"https:\/\/sanluisinforma.com\/wp-content\/uploads\/2026\/03\/sanluisinforma-V.jpg","width":500,"height":156,"caption":"sanluisinforma.com"},"image":{"@id":"https:\/\/sanluisinforma.com\/#\/schema\/logo\/image\/"}},{"@type":"Person","@id":"https:\/\/sanluisinforma.com\/#\/schema\/person\/c30648f71476be533b6f59d092905c8b","name":"sanluisinforma.com","image":{"@type":"ImageObject","inLanguage":"es","@id":"https:\/\/sanluisinforma.com\/#\/schema\/person\/image\/","url":"https:\/\/secure.gravatar.com\/avatar\/86e3114e34a1eecefb963e0a02f0093f93b092dddb2fe1517596343751081a87?s=96&d=mm&r=g","contentUrl":"https:\/\/secure.gravatar.com\/avatar\/86e3114e34a1eecefb963e0a02f0093f93b092dddb2fe1517596343751081a87?s=96&d=mm&r=g","caption":"sanluisinforma.com"},"url":"https:\/\/sanluisinforma.com\/?author=2"}]}},"_links":{"self":[{"href":"https:\/\/sanluisinforma.com\/index.php?rest_route=\/wp\/v2\/posts\/15640","targetHints":{"allow":["GET"]}}],"collection":[{"href":"https:\/\/sanluisinforma.com\/index.php?rest_route=\/wp\/v2\/posts"}],"about":[{"href":"https:\/\/sanluisinforma.com\/index.php?rest_route=\/wp\/v2\/types\/post"}],"author":[{"embeddable":true,"href":"https:\/\/sanluisinforma.com\/index.php?rest_route=\/wp\/v2\/users\/2"}],"replies":[{"embeddable":true,"href":"https:\/\/sanluisinforma.com\/index.php?rest_route=%2Fwp%2Fv2%2Fcomments&post=15640"}],"version-history":[{"count":1,"href":"https:\/\/sanluisinforma.com\/index.php?rest_route=\/wp\/v2\/posts\/15640\/revisions"}],"predecessor-version":[{"id":15642,"href":"https:\/\/sanluisinforma.com\/index.php?rest_route=\/wp\/v2\/posts\/15640\/revisions\/15642"}],"wp:featuredmedia":[{"embeddable":true,"href":"https:\/\/sanluisinforma.com\/index.php?rest_route=\/wp\/v2\/media\/15641"}],"wp:attachment":[{"href":"https:\/\/sanluisinforma.com\/index.php?rest_route=%2Fwp%2Fv2%2Fmedia&parent=15640"}],"wp:term":[{"taxonomy":"category","embeddable":true,"href":"https:\/\/sanluisinforma.com\/index.php?rest_route=%2Fwp%2Fv2%2Fcategories&post=15640"},{"taxonomy":"post_tag","embeddable":true,"href":"https:\/\/sanluisinforma.com\/index.php?rest_route=%2Fwp%2Fv2%2Ftags&post=15640"}],"curies":[{"name":"wp","href":"https:\/\/api.w.org\/{rel}","templated":true}]}}