{"id":1589,"date":"2022-03-12T11:35:00","date_gmt":"2022-03-12T17:35:00","guid":{"rendered":"https:\/\/sanluisinforma.com\/?p=66110"},"modified":"2022-03-12T11:35:00","modified_gmt":"2022-03-12T17:35:00","slug":"en-puerta-firma-de-convenio-de-la-sspc-y-el-centro-estatal-de-mediacion-y-conciliacion","status":"publish","type":"post","link":"https:\/\/sanluisinforma.com\/?p=1589","title":{"rendered":"En puerta, firma de convenio de la SSPC y el Centro Estatal de Mediaci\u00f3n y Conciliaci\u00f3n."},"content":{"rendered":"\n<div class=\"wp-block-image\"><figure class=\"aligncenter size-full is-resized\"><a href=\"https:\/\/sanluisinforma.com\/wp-content\/uploads\/2022\/05\/BOLETIN-CSA_688-Convenio-SSPC-PJE.jpeg\"><img loading=\"lazy\" decoding=\"async\" src=\"https:\/\/sanluisinforma.com\/wp-content\/uploads\/2022\/05\/BOLETIN-CSA_688-Convenio-SSPC-PJE.jpeg\" alt=\"\" class=\"wp-image-66111\" width=\"607\" height=\"289\"\/><\/a><\/figure><\/div>\n\n\n\n<p><strong>A trav\u00e9s de la direcci\u00f3n de la Escuela Judicial del Poder Judicial del Estado, se llevar\u00e1 a cabo el diplomado en M\u00e9todos Alternativos de Soluci\u00f3n de Conflictos y Mediaci\u00f3n Policial<\/strong><\/p>\n\n\n\n<p>San Luis Potos\u00ed, SLP, 12 de marzo de 2022.- La Secretar\u00eda de Seguridad y Protecci\u00f3n Ciudadana (SSPC), en colaboraci\u00f3n con el Centro Estatal de Mediaci\u00f3n y Conciliaci\u00f3n del Poder Judicial del Estado, llevar\u00e1 a cabo en pr\u00f3ximos d\u00edas la firma de un convenio para el fortalecimiento y capacitaci\u00f3n policial en temas de mediaci\u00f3n y justicia c\u00edvica.<\/p>\n\n\n\n<p>En reuni\u00f3n de trabajo entre los titulares de ambas instituciones, se expuso el dise\u00f1o del plan de estudios del diplomado en M\u00e9todos Alternativos de Soluci\u00f3n de Conflictos y Mediaci\u00f3n Policial, el cual se propone sea impartido a los elementos de la Secretar\u00eda de Seguridad y Protecci\u00f3n Ciudadana (SSPC), a trav\u00e9s de la direcci\u00f3n de la Escuela Judicial del Poder Judicial del Estado.<\/p>\n\n\n\n<p>El diplomado, con una duraci\u00f3n estimada de 180 horas, permitir\u00e1 actualizar los conocimientos en materia de mediaci\u00f3n y soluci\u00f3n de conflictos, as\u00ed como empatar los procedimientos de la SSPC a los lineamientos del Modelo Nacional de Polic\u00eda y Justicia C\u00edvica.<\/p>\n\n\n\n<p>En dicha reuni\u00f3n se expuso la apertura para que participe personal del DIF Municipal en temas relacionados a la mediaci\u00f3n y soluci\u00f3n de controversias, as\u00ed como en mecanismos alternos de soluci\u00f3n de conflictos.<\/p>\n\n\n\n<p>Al concluir la reuni\u00f3n de trabajo, se estim\u00f3 que la firma del convenio de colaboraci\u00f3n se estar\u00e1 programando para la segunda semana de marzo, donde tendr\u00e1 intervenci\u00f3n la titular del Poder Judicial del Estado y el alcalde de la capital potosina.<\/p>\n","protected":false},"excerpt":{"rendered":"<p>A trav\u00e9s de la direcci\u00f3n de la Escuela Judicial del Poder Judicial del Estado, se llevar\u00e1 a cabo el diplomado<\/p>\n","protected":false},"author":1,"featured_media":1590,"comment_status":"open","ping_status":"open","sticky":false,"template":"","format":"standard","meta":{"footnotes":""},"categories":[25],"tags":[],"class_list":["post-1589","post","type-post","status-publish","format-standard","has-post-thumbnail","hentry","category-local"],"yoast_head":"<!-- This site is optimized with the Yoast SEO plugin v24.1 - https:\/\/yoast.com\/wordpress\/plugins\/seo\/ -->\n<title>En puerta, firma de convenio de la SSPC y el Centro Estatal de Mediaci\u00f3n y Conciliaci\u00f3n. - sanluisinforma.com<\/title>\n<meta name=\"robots\" content=\"index, follow, max-snippet:-1, max-image-preview:large, max-video-preview:-1\" \/>\n<link rel=\"canonical\" href=\"https:\/\/sanluisinforma.com\/?p=1589\" \/>\n<meta property=\"og:locale\" content=\"es_MX\" \/>\n<meta property=\"og:type\" content=\"article\" \/>\n<meta property=\"og:title\" content=\"En puerta, firma de convenio de la SSPC y el Centro Estatal de Mediaci\u00f3n y Conciliaci\u00f3n. - sanluisinforma.com\" \/>\n<meta property=\"og:description\" content=\"A trav\u00e9s de la direcci\u00f3n de la Escuela Judicial del Poder Judicial del Estado, se llevar\u00e1 a cabo el diplomado\" \/>\n<meta property=\"og:url\" content=\"https:\/\/sanluisinforma.com\/?p=1589\" \/>\n<meta property=\"og:site_name\" content=\"sanluisinforma.com\" \/>\n<meta property=\"article:published_time\" content=\"2022-03-12T17:35:00+00:00\" \/>\n<meta property=\"og:image\" content=\"https:\/\/sanluisinforma.com\/wp-content\/uploads\/2022\/05\/BOLETIN-CSA_688-Convenio-SSPC-PJE.jpeg\" \/>\n\t<meta property=\"og:image:width\" content=\"500\" \/>\n\t<meta property=\"og:image:height\" content=\"238\" \/>\n\t<meta property=\"og:image:type\" content=\"image\/jpeg\" \/>\n<meta name=\"author\" content=\"m3rsync\" \/>\n<meta name=\"twitter:card\" content=\"summary_large_image\" \/>\n<meta name=\"twitter:label1\" content=\"Escrito por\" \/>\n\t<meta name=\"twitter:data1\" content=\"m3rsync\" \/>\n\t<meta name=\"twitter:label2\" content=\"Tiempo de lectura\" \/>\n\t<meta name=\"twitter:data2\" content=\"1 minuto\" \/>\n<script type=\"application\/ld+json\" class=\"yoast-schema-graph\">{\"@context\":\"https:\/\/schema.org\",\"@graph\":[{\"@type\":\"Article\",\"@id\":\"https:\/\/sanluisinforma.com\/?p=1589#article\",\"isPartOf\":{\"@id\":\"https:\/\/sanluisinforma.com\/?p=1589\"},\"author\":{\"name\":\"m3rsync\",\"@id\":\"https:\/\/sanluisinforma.com\/#\/schema\/person\/49ff81046c3481e1b5440b65c424cc17\"},\"headline\":\"En puerta, firma de convenio de la SSPC y el Centro Estatal de Mediaci\u00f3n y Conciliaci\u00f3n.\",\"datePublished\":\"2022-03-12T17:35:00+00:00\",\"dateModified\":\"2022-03-12T17:35:00+00:00\",\"mainEntityOfPage\":{\"@id\":\"https:\/\/sanluisinforma.com\/?p=1589\"},\"wordCount\":314,\"commentCount\":0,\"publisher\":{\"@id\":\"https:\/\/sanluisinforma.com\/#organization\"},\"image\":{\"@id\":\"https:\/\/sanluisinforma.com\/?p=1589#primaryimage\"},\"thumbnailUrl\":\"https:\/\/sanluisinforma.com\/wp-content\/uploads\/2022\/05\/BOLETIN-CSA_688-Convenio-SSPC-PJE.jpeg\",\"articleSection\":[\"Local\"],\"inLanguage\":\"es\",\"potentialAction\":[{\"@type\":\"CommentAction\",\"name\":\"Comment\",\"target\":[\"https:\/\/sanluisinforma.com\/?p=1589#respond\"]}]},{\"@type\":\"WebPage\",\"@id\":\"https:\/\/sanluisinforma.com\/?p=1589\",\"url\":\"https:\/\/sanluisinforma.com\/?p=1589\",\"name\":\"En puerta, firma de convenio de la SSPC y el Centro Estatal de Mediaci\u00f3n y Conciliaci\u00f3n. - sanluisinforma.com\",\"isPartOf\":{\"@id\":\"https:\/\/sanluisinforma.com\/#website\"},\"primaryImageOfPage\":{\"@id\":\"https:\/\/sanluisinforma.com\/?p=1589#primaryimage\"},\"image\":{\"@id\":\"https:\/\/sanluisinforma.com\/?p=1589#primaryimage\"},\"thumbnailUrl\":\"https:\/\/sanluisinforma.com\/wp-content\/uploads\/2022\/05\/BOLETIN-CSA_688-Convenio-SSPC-PJE.jpeg\",\"datePublished\":\"2022-03-12T17:35:00+00:00\",\"dateModified\":\"2022-03-12T17:35:00+00:00\",\"breadcrumb\":{\"@id\":\"https:\/\/sanluisinforma.com\/?p=1589#breadcrumb\"},\"inLanguage\":\"es\",\"potentialAction\":[{\"@type\":\"ReadAction\",\"target\":[\"https:\/\/sanluisinforma.com\/?p=1589\"]}]},{\"@type\":\"ImageObject\",\"inLanguage\":\"es\",\"@id\":\"https:\/\/sanluisinforma.com\/?p=1589#primaryimage\",\"url\":\"https:\/\/sanluisinforma.com\/wp-content\/uploads\/2022\/05\/BOLETIN-CSA_688-Convenio-SSPC-PJE.jpeg\",\"contentUrl\":\"https:\/\/sanluisinforma.com\/wp-content\/uploads\/2022\/05\/BOLETIN-CSA_688-Convenio-SSPC-PJE.jpeg\",\"width\":500,\"height\":238},{\"@type\":\"BreadcrumbList\",\"@id\":\"https:\/\/sanluisinforma.com\/?p=1589#breadcrumb\",\"itemListElement\":[{\"@type\":\"ListItem\",\"position\":1,\"name\":\"Inicio\",\"item\":\"https:\/\/sanluisinforma.com\/\"},{\"@type\":\"ListItem\",\"position\":2,\"name\":\"En puerta, firma de convenio de la SSPC y el Centro Estatal de Mediaci\u00f3n y Conciliaci\u00f3n.\"}]},{\"@type\":\"WebSite\",\"@id\":\"https:\/\/sanluisinforma.com\/#website\",\"url\":\"https:\/\/sanluisinforma.com\/\",\"name\":\"sanluisinforma.com\",\"description\":\"Periodico San Luis Informa\",\"publisher\":{\"@id\":\"https:\/\/sanluisinforma.com\/#organization\"},\"potentialAction\":[{\"@type\":\"SearchAction\",\"target\":{\"@type\":\"EntryPoint\",\"urlTemplate\":\"https:\/\/sanluisinforma.com\/?s={search_term_string}\"},\"query-input\":{\"@type\":\"PropertyValueSpecification\",\"valueRequired\":true,\"valueName\":\"search_term_string\"}}],\"inLanguage\":\"es\"},{\"@type\":\"Organization\",\"@id\":\"https:\/\/sanluisinforma.com\/#organization\",\"name\":\"sanluisinforma.com\",\"url\":\"https:\/\/sanluisinforma.com\/\",\"logo\":{\"@type\":\"ImageObject\",\"inLanguage\":\"es\",\"@id\":\"https:\/\/sanluisinforma.com\/#\/schema\/logo\/image\/\",\"url\":\"https:\/\/sanluisinforma.com\/wp-content\/uploads\/2026\/03\/sanluisinforma-V.jpg\",\"contentUrl\":\"https:\/\/sanluisinforma.com\/wp-content\/uploads\/2026\/03\/sanluisinforma-V.jpg\",\"width\":500,\"height\":156,\"caption\":\"sanluisinforma.com\"},\"image\":{\"@id\":\"https:\/\/sanluisinforma.com\/#\/schema\/logo\/image\/\"}},{\"@type\":\"Person\",\"@id\":\"https:\/\/sanluisinforma.com\/#\/schema\/person\/49ff81046c3481e1b5440b65c424cc17\",\"name\":\"m3rsync\",\"image\":{\"@type\":\"ImageObject\",\"inLanguage\":\"es\",\"@id\":\"https:\/\/sanluisinforma.com\/#\/schema\/person\/image\/\",\"url\":\"https:\/\/secure.gravatar.com\/avatar\/a680509951ac8a465dc670dcf485535c45f0448b55f320b47fd5b6339aed90e2?s=96&d=mm&r=g\",\"contentUrl\":\"https:\/\/secure.gravatar.com\/avatar\/a680509951ac8a465dc670dcf485535c45f0448b55f320b47fd5b6339aed90e2?s=96&d=mm&r=g\",\"caption\":\"m3rsync\"},\"sameAs\":[\"https:\/\/sanluisinforma.com\"],\"url\":\"https:\/\/sanluisinforma.com\/?author=1\"}]}<\/script>\n<!-- \/ Yoast SEO plugin. -->","yoast_head_json":{"title":"En puerta, firma de convenio de la SSPC y el Centro Estatal de Mediaci\u00f3n y Conciliaci\u00f3n. - sanluisinforma.com","robots":{"index":"index","follow":"follow","max-snippet":"max-snippet:-1","max-image-preview":"max-image-preview:large","max-video-preview":"max-video-preview:-1"},"canonical":"https:\/\/sanluisinforma.com\/?p=1589","og_locale":"es_MX","og_type":"article","og_title":"En puerta, firma de convenio de la SSPC y el Centro Estatal de Mediaci\u00f3n y Conciliaci\u00f3n. - sanluisinforma.com","og_description":"A trav\u00e9s de la direcci\u00f3n de la Escuela Judicial del Poder Judicial del Estado, se llevar\u00e1 a cabo el diplomado","og_url":"https:\/\/sanluisinforma.com\/?p=1589","og_site_name":"sanluisinforma.com","article_published_time":"2022-03-12T17:35:00+00:00","og_image":[{"width":500,"height":238,"url":"https:\/\/sanluisinforma.com\/wp-content\/uploads\/2022\/05\/BOLETIN-CSA_688-Convenio-SSPC-PJE.jpeg","type":"image\/jpeg"}],"author":"m3rsync","twitter_card":"summary_large_image","twitter_misc":{"Escrito por":"m3rsync","Tiempo de lectura":"1 minuto"},"schema":{"@context":"https:\/\/schema.org","@graph":[{"@type":"Article","@id":"https:\/\/sanluisinforma.com\/?p=1589#article","isPartOf":{"@id":"https:\/\/sanluisinforma.com\/?p=1589"},"author":{"name":"m3rsync","@id":"https:\/\/sanluisinforma.com\/#\/schema\/person\/49ff81046c3481e1b5440b65c424cc17"},"headline":"En puerta, firma de convenio de la SSPC y el Centro Estatal de Mediaci\u00f3n y Conciliaci\u00f3n.","datePublished":"2022-03-12T17:35:00+00:00","dateModified":"2022-03-12T17:35:00+00:00","mainEntityOfPage":{"@id":"https:\/\/sanluisinforma.com\/?p=1589"},"wordCount":314,"commentCount":0,"publisher":{"@id":"https:\/\/sanluisinforma.com\/#organization"},"image":{"@id":"https:\/\/sanluisinforma.com\/?p=1589#primaryimage"},"thumbnailUrl":"https:\/\/sanluisinforma.com\/wp-content\/uploads\/2022\/05\/BOLETIN-CSA_688-Convenio-SSPC-PJE.jpeg","articleSection":["Local"],"inLanguage":"es","potentialAction":[{"@type":"CommentAction","name":"Comment","target":["https:\/\/sanluisinforma.com\/?p=1589#respond"]}]},{"@type":"WebPage","@id":"https:\/\/sanluisinforma.com\/?p=1589","url":"https:\/\/sanluisinforma.com\/?p=1589","name":"En puerta, firma de convenio de la SSPC y el Centro Estatal de Mediaci\u00f3n y Conciliaci\u00f3n. - sanluisinforma.com","isPartOf":{"@id":"https:\/\/sanluisinforma.com\/#website"},"primaryImageOfPage":{"@id":"https:\/\/sanluisinforma.com\/?p=1589#primaryimage"},"image":{"@id":"https:\/\/sanluisinforma.com\/?p=1589#primaryimage"},"thumbnailUrl":"https:\/\/sanluisinforma.com\/wp-content\/uploads\/2022\/05\/BOLETIN-CSA_688-Convenio-SSPC-PJE.jpeg","datePublished":"2022-03-12T17:35:00+00:00","dateModified":"2022-03-12T17:35:00+00:00","breadcrumb":{"@id":"https:\/\/sanluisinforma.com\/?p=1589#breadcrumb"},"inLanguage":"es","potentialAction":[{"@type":"ReadAction","target":["https:\/\/sanluisinforma.com\/?p=1589"]}]},{"@type":"ImageObject","inLanguage":"es","@id":"https:\/\/sanluisinforma.com\/?p=1589#primaryimage","url":"https:\/\/sanluisinforma.com\/wp-content\/uploads\/2022\/05\/BOLETIN-CSA_688-Convenio-SSPC-PJE.jpeg","contentUrl":"https:\/\/sanluisinforma.com\/wp-content\/uploads\/2022\/05\/BOLETIN-CSA_688-Convenio-SSPC-PJE.jpeg","width":500,"height":238},{"@type":"BreadcrumbList","@id":"https:\/\/sanluisinforma.com\/?p=1589#breadcrumb","itemListElement":[{"@type":"ListItem","position":1,"name":"Inicio","item":"https:\/\/sanluisinforma.com\/"},{"@type":"ListItem","position":2,"name":"En puerta, firma de convenio de la SSPC y el Centro Estatal de Mediaci\u00f3n y Conciliaci\u00f3n."}]},{"@type":"WebSite","@id":"https:\/\/sanluisinforma.com\/#website","url":"https:\/\/sanluisinforma.com\/","name":"sanluisinforma.com","description":"Periodico San Luis Informa","publisher":{"@id":"https:\/\/sanluisinforma.com\/#organization"},"potentialAction":[{"@type":"SearchAction","target":{"@type":"EntryPoint","urlTemplate":"https:\/\/sanluisinforma.com\/?s={search_term_string}"},"query-input":{"@type":"PropertyValueSpecification","valueRequired":true,"valueName":"search_term_string"}}],"inLanguage":"es"},{"@type":"Organization","@id":"https:\/\/sanluisinforma.com\/#organization","name":"sanluisinforma.com","url":"https:\/\/sanluisinforma.com\/","logo":{"@type":"ImageObject","inLanguage":"es","@id":"https:\/\/sanluisinforma.com\/#\/schema\/logo\/image\/","url":"https:\/\/sanluisinforma.com\/wp-content\/uploads\/2026\/03\/sanluisinforma-V.jpg","contentUrl":"https:\/\/sanluisinforma.com\/wp-content\/uploads\/2026\/03\/sanluisinforma-V.jpg","width":500,"height":156,"caption":"sanluisinforma.com"},"image":{"@id":"https:\/\/sanluisinforma.com\/#\/schema\/logo\/image\/"}},{"@type":"Person","@id":"https:\/\/sanluisinforma.com\/#\/schema\/person\/49ff81046c3481e1b5440b65c424cc17","name":"m3rsync","image":{"@type":"ImageObject","inLanguage":"es","@id":"https:\/\/sanluisinforma.com\/#\/schema\/person\/image\/","url":"https:\/\/secure.gravatar.com\/avatar\/a680509951ac8a465dc670dcf485535c45f0448b55f320b47fd5b6339aed90e2?s=96&d=mm&r=g","contentUrl":"https:\/\/secure.gravatar.com\/avatar\/a680509951ac8a465dc670dcf485535c45f0448b55f320b47fd5b6339aed90e2?s=96&d=mm&r=g","caption":"m3rsync"},"sameAs":["https:\/\/sanluisinforma.com"],"url":"https:\/\/sanluisinforma.com\/?author=1"}]}},"_links":{"self":[{"href":"https:\/\/sanluisinforma.com\/index.php?rest_route=\/wp\/v2\/posts\/1589","targetHints":{"allow":["GET"]}}],"collection":[{"href":"https:\/\/sanluisinforma.com\/index.php?rest_route=\/wp\/v2\/posts"}],"about":[{"href":"https:\/\/sanluisinforma.com\/index.php?rest_route=\/wp\/v2\/types\/post"}],"author":[{"embeddable":true,"href":"https:\/\/sanluisinforma.com\/index.php?rest_route=\/wp\/v2\/users\/1"}],"replies":[{"embeddable":true,"href":"https:\/\/sanluisinforma.com\/index.php?rest_route=%2Fwp%2Fv2%2Fcomments&post=1589"}],"version-history":[{"count":0,"href":"https:\/\/sanluisinforma.com\/index.php?rest_route=\/wp\/v2\/posts\/1589\/revisions"}],"wp:featuredmedia":[{"embeddable":true,"href":"https:\/\/sanluisinforma.com\/index.php?rest_route=\/wp\/v2\/media\/1590"}],"wp:attachment":[{"href":"https:\/\/sanluisinforma.com\/index.php?rest_route=%2Fwp%2Fv2%2Fmedia&parent=1589"}],"wp:term":[{"taxonomy":"category","embeddable":true,"href":"https:\/\/sanluisinforma.com\/index.php?rest_route=%2Fwp%2Fv2%2Fcategories&post=1589"},{"taxonomy":"post_tag","embeddable":true,"href":"https:\/\/sanluisinforma.com\/index.php?rest_route=%2Fwp%2Fv2%2Ftags&post=1589"}],"curies":[{"name":"wp","href":"https:\/\/api.w.org\/{rel}","templated":true}]}}