{"id":1599,"date":"2022-03-10T07:53:41","date_gmt":"2022-03-10T13:53:41","guid":{"rendered":"https:\/\/sanluisinforma.com\/?p=63984"},"modified":"2022-03-10T07:53:41","modified_gmt":"2022-03-10T13:53:41","slug":"gobierno-de-la-capital-acerco-a-empresarios-potosinos-con-companias-alemanas","status":"publish","type":"post","link":"https:\/\/sanluisinforma.com\/?p=1599","title":{"rendered":"Gobierno de la Capital acerc\u00f3 a empresarios potosinos con compa\u00f1\u00edas alemanas"},"content":{"rendered":"\n<div class=\"wp-block-image\"><figure class=\"aligncenter size-full is-resized\"><a href=\"https:\/\/sanluisinforma.com\/wp-content\/uploads\/2022\/03\/WhatsApp-Image-2022-03-09-at-4.52.28-PM.jpeg\"><img loading=\"lazy\" decoding=\"async\" src=\"https:\/\/sanluisinforma.com\/wp-content\/uploads\/2022\/03\/WhatsApp-Image-2022-03-09-at-4.52.28-PM.jpeg\" alt=\"\" class=\"wp-image-63982\" width=\"648\" height=\"303\"\/><\/a><\/figure><\/div>\n\n\n\n<p><strong>Participaron en una mesa de trabajo, que cont\u00f3 con la presencia del embajador de Alemania, Peter Tempel; estas reuniones se realizar\u00e1n mensualmente<\/strong><\/p>\n\n\n\n<p>San Luis Potos\u00ed, SLP, 10 de marzo de 2022.- El inter\u00e9s de los empresarios locales y las compa\u00f1\u00edas extranjeras que operan en San Luis Potos\u00ed, as\u00ed como la presencia del embajador de Alemania en M\u00e9xico, Peter Tempel, son una muestra de la confianza que hay en nuestra ciudad, afirm\u00f3 el alcalde de la Capital durante la reuni\u00f3n de trabajo celebrada este mi\u00e9rcoles, con el prop\u00f3sito de fortalecer las relaciones y ampliar las posibilidades de intercambio con otros pa\u00edses.<\/p>\n\n\n\n<p>Esta reuni\u00f3n tuvo como punto fundamental acercar la proveedur\u00eda potosina con empresas alemanas, para que las piezas que utilizan en sus procesos de fabricaci\u00f3n puedan ser manufacturadas en nuestra ciudad.<\/p>\n\n\n\n<p>En la reuni\u00f3n particip\u00f3 el embajador alem\u00e1n, empresas de aquel pa\u00eds y de San Luis Potos\u00ed, la Direcci\u00f3n de Desarrollo Econ\u00f3mico del Ayuntamiento y otras \u00e1reas del Gobierno de la Capital.<\/p>\n\n\n\n<p>El presidente municipal asegur\u00f3 que se acordaron reuniones mensuales entre los organismos empresariales potosinos, las empresas alemanas en la ciudad y la autoridad municipal, para dar seguimiento a las relaciones econ\u00f3micas entre la Capital y el pa\u00eds europeo.<\/p>\n\n\n\n<p>Al agradecer la participaci\u00f3n de los directivos de las empresas y del diplom\u00e1tico alem\u00e1n, as\u00ed como de la iniciativa privada de San Luis Potos\u00ed, el presidente municipal de la Capital dijo que lo que hace falta es abrir los canales de comunicaci\u00f3n para que las empresas potosinas puedan ser proveedoras de una gran cantidad de productos.<\/p>\n\n\n\n<p>El alcalde agreg\u00f3 que pasa lo mismo con el sector educativo, donde hay amplias posibilidades de fortalecer el intercambio acad\u00e9mico entre las universidades locales e instituciones de Alemania y de toda la Uni\u00f3n Europea.<\/p>\n\n\n\n<p>El presidente municipal se\u00f1al\u00f3 que el Ayuntamiento reconoce la necesidad de que la Zona Industrial cuente con mejor infraestructura, m\u00e1s seguridad y mejores servicios, aspectos en lo que ya se est\u00e1 trabajando para que se consolide como uno de los centros productivos m\u00e1s poderosos a nivel nacional.<\/p>\n","protected":false},"excerpt":{"rendered":"<p>Participaron en una mesa de trabajo, que cont\u00f3 con la presencia del embajador de Alemania, Peter Tempel; estas reuniones se<\/p>\n","protected":false},"author":1,"featured_media":1600,"comment_status":"open","ping_status":"open","sticky":false,"template":"","format":"standard","meta":{"footnotes":""},"categories":[25],"tags":[],"class_list":["post-1599","post","type-post","status-publish","format-standard","has-post-thumbnail","hentry","category-local"],"yoast_head":"<!-- This site is optimized with the Yoast SEO plugin v24.1 - https:\/\/yoast.com\/wordpress\/plugins\/seo\/ -->\n<title>Gobierno de la Capital acerc\u00f3 a empresarios potosinos con compa\u00f1\u00edas alemanas - sanluisinforma.com<\/title>\n<meta name=\"robots\" content=\"index, follow, max-snippet:-1, max-image-preview:large, max-video-preview:-1\" \/>\n<link rel=\"canonical\" href=\"https:\/\/sanluisinforma.com\/?p=1599\" \/>\n<meta property=\"og:locale\" content=\"es_MX\" \/>\n<meta property=\"og:type\" content=\"article\" \/>\n<meta property=\"og:title\" content=\"Gobierno de la Capital acerc\u00f3 a empresarios potosinos con compa\u00f1\u00edas alemanas - sanluisinforma.com\" \/>\n<meta property=\"og:description\" content=\"Participaron en una mesa de trabajo, que cont\u00f3 con la presencia del embajador de Alemania, Peter Tempel; estas reuniones se\" \/>\n<meta property=\"og:url\" content=\"https:\/\/sanluisinforma.com\/?p=1599\" \/>\n<meta property=\"og:site_name\" content=\"sanluisinforma.com\" \/>\n<meta property=\"article:published_time\" content=\"2022-03-10T13:53:41+00:00\" \/>\n<meta property=\"og:image\" content=\"https:\/\/sanluisinforma.com\/wp-content\/uploads\/2022\/03\/WhatsApp-Image-2022-03-09-at-4.52.28-PM.jpeg\" \/>\n\t<meta property=\"og:image:width\" content=\"500\" \/>\n\t<meta property=\"og:image:height\" content=\"234\" \/>\n\t<meta property=\"og:image:type\" content=\"image\/jpeg\" \/>\n<meta name=\"author\" content=\"m3rsync\" \/>\n<meta name=\"twitter:card\" content=\"summary_large_image\" \/>\n<meta name=\"twitter:label1\" content=\"Escrito por\" \/>\n\t<meta name=\"twitter:data1\" content=\"m3rsync\" \/>\n\t<meta name=\"twitter:label2\" content=\"Tiempo de lectura\" \/>\n\t<meta name=\"twitter:data2\" content=\"2 minutos\" \/>\n<script type=\"application\/ld+json\" class=\"yoast-schema-graph\">{\"@context\":\"https:\/\/schema.org\",\"@graph\":[{\"@type\":\"Article\",\"@id\":\"https:\/\/sanluisinforma.com\/?p=1599#article\",\"isPartOf\":{\"@id\":\"https:\/\/sanluisinforma.com\/?p=1599\"},\"author\":{\"name\":\"m3rsync\",\"@id\":\"https:\/\/sanluisinforma.com\/#\/schema\/person\/49ff81046c3481e1b5440b65c424cc17\"},\"headline\":\"Gobierno de la Capital acerc\u00f3 a empresarios potosinos con compa\u00f1\u00edas alemanas\",\"datePublished\":\"2022-03-10T13:53:41+00:00\",\"dateModified\":\"2022-03-10T13:53:41+00:00\",\"mainEntityOfPage\":{\"@id\":\"https:\/\/sanluisinforma.com\/?p=1599\"},\"wordCount\":374,\"commentCount\":0,\"publisher\":{\"@id\":\"https:\/\/sanluisinforma.com\/#organization\"},\"image\":{\"@id\":\"https:\/\/sanluisinforma.com\/?p=1599#primaryimage\"},\"thumbnailUrl\":\"https:\/\/sanluisinforma.com\/wp-content\/uploads\/2022\/03\/WhatsApp-Image-2022-03-09-at-4.52.28-PM.jpeg\",\"articleSection\":[\"Local\"],\"inLanguage\":\"es\",\"potentialAction\":[{\"@type\":\"CommentAction\",\"name\":\"Comment\",\"target\":[\"https:\/\/sanluisinforma.com\/?p=1599#respond\"]}]},{\"@type\":\"WebPage\",\"@id\":\"https:\/\/sanluisinforma.com\/?p=1599\",\"url\":\"https:\/\/sanluisinforma.com\/?p=1599\",\"name\":\"Gobierno de la Capital acerc\u00f3 a empresarios potosinos con compa\u00f1\u00edas alemanas - sanluisinforma.com\",\"isPartOf\":{\"@id\":\"https:\/\/sanluisinforma.com\/#website\"},\"primaryImageOfPage\":{\"@id\":\"https:\/\/sanluisinforma.com\/?p=1599#primaryimage\"},\"image\":{\"@id\":\"https:\/\/sanluisinforma.com\/?p=1599#primaryimage\"},\"thumbnailUrl\":\"https:\/\/sanluisinforma.com\/wp-content\/uploads\/2022\/03\/WhatsApp-Image-2022-03-09-at-4.52.28-PM.jpeg\",\"datePublished\":\"2022-03-10T13:53:41+00:00\",\"dateModified\":\"2022-03-10T13:53:41+00:00\",\"breadcrumb\":{\"@id\":\"https:\/\/sanluisinforma.com\/?p=1599#breadcrumb\"},\"inLanguage\":\"es\",\"potentialAction\":[{\"@type\":\"ReadAction\",\"target\":[\"https:\/\/sanluisinforma.com\/?p=1599\"]}]},{\"@type\":\"ImageObject\",\"inLanguage\":\"es\",\"@id\":\"https:\/\/sanluisinforma.com\/?p=1599#primaryimage\",\"url\":\"https:\/\/sanluisinforma.com\/wp-content\/uploads\/2022\/03\/WhatsApp-Image-2022-03-09-at-4.52.28-PM.jpeg\",\"contentUrl\":\"https:\/\/sanluisinforma.com\/wp-content\/uploads\/2022\/03\/WhatsApp-Image-2022-03-09-at-4.52.28-PM.jpeg\",\"width\":500,\"height\":234},{\"@type\":\"BreadcrumbList\",\"@id\":\"https:\/\/sanluisinforma.com\/?p=1599#breadcrumb\",\"itemListElement\":[{\"@type\":\"ListItem\",\"position\":1,\"name\":\"Inicio\",\"item\":\"https:\/\/sanluisinforma.com\/\"},{\"@type\":\"ListItem\",\"position\":2,\"name\":\"Gobierno de la Capital acerc\u00f3 a empresarios potosinos con compa\u00f1\u00edas alemanas\"}]},{\"@type\":\"WebSite\",\"@id\":\"https:\/\/sanluisinforma.com\/#website\",\"url\":\"https:\/\/sanluisinforma.com\/\",\"name\":\"sanluisinforma.com\",\"description\":\"Periodico San Luis Informa\",\"publisher\":{\"@id\":\"https:\/\/sanluisinforma.com\/#organization\"},\"potentialAction\":[{\"@type\":\"SearchAction\",\"target\":{\"@type\":\"EntryPoint\",\"urlTemplate\":\"https:\/\/sanluisinforma.com\/?s={search_term_string}\"},\"query-input\":{\"@type\":\"PropertyValueSpecification\",\"valueRequired\":true,\"valueName\":\"search_term_string\"}}],\"inLanguage\":\"es\"},{\"@type\":\"Organization\",\"@id\":\"https:\/\/sanluisinforma.com\/#organization\",\"name\":\"sanluisinforma.com\",\"url\":\"https:\/\/sanluisinforma.com\/\",\"logo\":{\"@type\":\"ImageObject\",\"inLanguage\":\"es\",\"@id\":\"https:\/\/sanluisinforma.com\/#\/schema\/logo\/image\/\",\"url\":\"https:\/\/sanluisinforma.com\/wp-content\/uploads\/2026\/03\/sanluisinforma-V.jpg\",\"contentUrl\":\"https:\/\/sanluisinforma.com\/wp-content\/uploads\/2026\/03\/sanluisinforma-V.jpg\",\"width\":500,\"height\":156,\"caption\":\"sanluisinforma.com\"},\"image\":{\"@id\":\"https:\/\/sanluisinforma.com\/#\/schema\/logo\/image\/\"}},{\"@type\":\"Person\",\"@id\":\"https:\/\/sanluisinforma.com\/#\/schema\/person\/49ff81046c3481e1b5440b65c424cc17\",\"name\":\"m3rsync\",\"image\":{\"@type\":\"ImageObject\",\"inLanguage\":\"es\",\"@id\":\"https:\/\/sanluisinforma.com\/#\/schema\/person\/image\/\",\"url\":\"https:\/\/secure.gravatar.com\/avatar\/a680509951ac8a465dc670dcf485535c45f0448b55f320b47fd5b6339aed90e2?s=96&d=mm&r=g\",\"contentUrl\":\"https:\/\/secure.gravatar.com\/avatar\/a680509951ac8a465dc670dcf485535c45f0448b55f320b47fd5b6339aed90e2?s=96&d=mm&r=g\",\"caption\":\"m3rsync\"},\"sameAs\":[\"https:\/\/sanluisinforma.com\"],\"url\":\"https:\/\/sanluisinforma.com\/?author=1\"}]}<\/script>\n<!-- \/ Yoast SEO plugin. -->","yoast_head_json":{"title":"Gobierno de la Capital acerc\u00f3 a empresarios potosinos con compa\u00f1\u00edas alemanas - sanluisinforma.com","robots":{"index":"index","follow":"follow","max-snippet":"max-snippet:-1","max-image-preview":"max-image-preview:large","max-video-preview":"max-video-preview:-1"},"canonical":"https:\/\/sanluisinforma.com\/?p=1599","og_locale":"es_MX","og_type":"article","og_title":"Gobierno de la Capital acerc\u00f3 a empresarios potosinos con compa\u00f1\u00edas alemanas - sanluisinforma.com","og_description":"Participaron en una mesa de trabajo, que cont\u00f3 con la presencia del embajador de Alemania, Peter Tempel; estas reuniones se","og_url":"https:\/\/sanluisinforma.com\/?p=1599","og_site_name":"sanluisinforma.com","article_published_time":"2022-03-10T13:53:41+00:00","og_image":[{"width":500,"height":234,"url":"https:\/\/sanluisinforma.com\/wp-content\/uploads\/2022\/03\/WhatsApp-Image-2022-03-09-at-4.52.28-PM.jpeg","type":"image\/jpeg"}],"author":"m3rsync","twitter_card":"summary_large_image","twitter_misc":{"Escrito por":"m3rsync","Tiempo de lectura":"2 minutos"},"schema":{"@context":"https:\/\/schema.org","@graph":[{"@type":"Article","@id":"https:\/\/sanluisinforma.com\/?p=1599#article","isPartOf":{"@id":"https:\/\/sanluisinforma.com\/?p=1599"},"author":{"name":"m3rsync","@id":"https:\/\/sanluisinforma.com\/#\/schema\/person\/49ff81046c3481e1b5440b65c424cc17"},"headline":"Gobierno de la Capital acerc\u00f3 a empresarios potosinos con compa\u00f1\u00edas alemanas","datePublished":"2022-03-10T13:53:41+00:00","dateModified":"2022-03-10T13:53:41+00:00","mainEntityOfPage":{"@id":"https:\/\/sanluisinforma.com\/?p=1599"},"wordCount":374,"commentCount":0,"publisher":{"@id":"https:\/\/sanluisinforma.com\/#organization"},"image":{"@id":"https:\/\/sanluisinforma.com\/?p=1599#primaryimage"},"thumbnailUrl":"https:\/\/sanluisinforma.com\/wp-content\/uploads\/2022\/03\/WhatsApp-Image-2022-03-09-at-4.52.28-PM.jpeg","articleSection":["Local"],"inLanguage":"es","potentialAction":[{"@type":"CommentAction","name":"Comment","target":["https:\/\/sanluisinforma.com\/?p=1599#respond"]}]},{"@type":"WebPage","@id":"https:\/\/sanluisinforma.com\/?p=1599","url":"https:\/\/sanluisinforma.com\/?p=1599","name":"Gobierno de la Capital acerc\u00f3 a empresarios potosinos con compa\u00f1\u00edas alemanas - sanluisinforma.com","isPartOf":{"@id":"https:\/\/sanluisinforma.com\/#website"},"primaryImageOfPage":{"@id":"https:\/\/sanluisinforma.com\/?p=1599#primaryimage"},"image":{"@id":"https:\/\/sanluisinforma.com\/?p=1599#primaryimage"},"thumbnailUrl":"https:\/\/sanluisinforma.com\/wp-content\/uploads\/2022\/03\/WhatsApp-Image-2022-03-09-at-4.52.28-PM.jpeg","datePublished":"2022-03-10T13:53:41+00:00","dateModified":"2022-03-10T13:53:41+00:00","breadcrumb":{"@id":"https:\/\/sanluisinforma.com\/?p=1599#breadcrumb"},"inLanguage":"es","potentialAction":[{"@type":"ReadAction","target":["https:\/\/sanluisinforma.com\/?p=1599"]}]},{"@type":"ImageObject","inLanguage":"es","@id":"https:\/\/sanluisinforma.com\/?p=1599#primaryimage","url":"https:\/\/sanluisinforma.com\/wp-content\/uploads\/2022\/03\/WhatsApp-Image-2022-03-09-at-4.52.28-PM.jpeg","contentUrl":"https:\/\/sanluisinforma.com\/wp-content\/uploads\/2022\/03\/WhatsApp-Image-2022-03-09-at-4.52.28-PM.jpeg","width":500,"height":234},{"@type":"BreadcrumbList","@id":"https:\/\/sanluisinforma.com\/?p=1599#breadcrumb","itemListElement":[{"@type":"ListItem","position":1,"name":"Inicio","item":"https:\/\/sanluisinforma.com\/"},{"@type":"ListItem","position":2,"name":"Gobierno de la Capital acerc\u00f3 a empresarios potosinos con compa\u00f1\u00edas alemanas"}]},{"@type":"WebSite","@id":"https:\/\/sanluisinforma.com\/#website","url":"https:\/\/sanluisinforma.com\/","name":"sanluisinforma.com","description":"Periodico San Luis Informa","publisher":{"@id":"https:\/\/sanluisinforma.com\/#organization"},"potentialAction":[{"@type":"SearchAction","target":{"@type":"EntryPoint","urlTemplate":"https:\/\/sanluisinforma.com\/?s={search_term_string}"},"query-input":{"@type":"PropertyValueSpecification","valueRequired":true,"valueName":"search_term_string"}}],"inLanguage":"es"},{"@type":"Organization","@id":"https:\/\/sanluisinforma.com\/#organization","name":"sanluisinforma.com","url":"https:\/\/sanluisinforma.com\/","logo":{"@type":"ImageObject","inLanguage":"es","@id":"https:\/\/sanluisinforma.com\/#\/schema\/logo\/image\/","url":"https:\/\/sanluisinforma.com\/wp-content\/uploads\/2026\/03\/sanluisinforma-V.jpg","contentUrl":"https:\/\/sanluisinforma.com\/wp-content\/uploads\/2026\/03\/sanluisinforma-V.jpg","width":500,"height":156,"caption":"sanluisinforma.com"},"image":{"@id":"https:\/\/sanluisinforma.com\/#\/schema\/logo\/image\/"}},{"@type":"Person","@id":"https:\/\/sanluisinforma.com\/#\/schema\/person\/49ff81046c3481e1b5440b65c424cc17","name":"m3rsync","image":{"@type":"ImageObject","inLanguage":"es","@id":"https:\/\/sanluisinforma.com\/#\/schema\/person\/image\/","url":"https:\/\/secure.gravatar.com\/avatar\/a680509951ac8a465dc670dcf485535c45f0448b55f320b47fd5b6339aed90e2?s=96&d=mm&r=g","contentUrl":"https:\/\/secure.gravatar.com\/avatar\/a680509951ac8a465dc670dcf485535c45f0448b55f320b47fd5b6339aed90e2?s=96&d=mm&r=g","caption":"m3rsync"},"sameAs":["https:\/\/sanluisinforma.com"],"url":"https:\/\/sanluisinforma.com\/?author=1"}]}},"_links":{"self":[{"href":"https:\/\/sanluisinforma.com\/index.php?rest_route=\/wp\/v2\/posts\/1599","targetHints":{"allow":["GET"]}}],"collection":[{"href":"https:\/\/sanluisinforma.com\/index.php?rest_route=\/wp\/v2\/posts"}],"about":[{"href":"https:\/\/sanluisinforma.com\/index.php?rest_route=\/wp\/v2\/types\/post"}],"author":[{"embeddable":true,"href":"https:\/\/sanluisinforma.com\/index.php?rest_route=\/wp\/v2\/users\/1"}],"replies":[{"embeddable":true,"href":"https:\/\/sanluisinforma.com\/index.php?rest_route=%2Fwp%2Fv2%2Fcomments&post=1599"}],"version-history":[{"count":0,"href":"https:\/\/sanluisinforma.com\/index.php?rest_route=\/wp\/v2\/posts\/1599\/revisions"}],"wp:featuredmedia":[{"embeddable":true,"href":"https:\/\/sanluisinforma.com\/index.php?rest_route=\/wp\/v2\/media\/1600"}],"wp:attachment":[{"href":"https:\/\/sanluisinforma.com\/index.php?rest_route=%2Fwp%2Fv2%2Fmedia&parent=1599"}],"wp:term":[{"taxonomy":"category","embeddable":true,"href":"https:\/\/sanluisinforma.com\/index.php?rest_route=%2Fwp%2Fv2%2Fcategories&post=1599"},{"taxonomy":"post_tag","embeddable":true,"href":"https:\/\/sanluisinforma.com\/index.php?rest_route=%2Fwp%2Fv2%2Ftags&post=1599"}],"curies":[{"name":"wp","href":"https:\/\/api.w.org\/{rel}","templated":true}]}}