{"id":16326,"date":"2025-12-05T11:18:58","date_gmt":"2025-12-05T17:18:58","guid":{"rendered":"https:\/\/sanluisinforma.com\/?p=16326"},"modified":"2025-12-05T18:29:13","modified_gmt":"2025-12-06T00:29:13","slug":"sorteo-mundial-2026-selecciones-quien-contra-quien","status":"publish","type":"post","link":"https:\/\/sanluisinforma.com\/?p=16326","title":{"rendered":"&#8220;\u00a1Viva M\u00e9xico!&#8221;, M\u00e9xico,  va contra  Sud\u00e1frica, Corea del Sur y el ganador del repechaje"},"content":{"rendered":"\n<p>&#8220;\u00a1Viva M\u00e9xico!&#8221;, M\u00e9xico,  va contra  Sud\u00e1frica, Corea del Sur y el ganador del repechaje Dinamarca\/Macedonia del Norte\/Rep\u00fablica Checa\/Irlanda.<\/p>\n\n\n\n<p>La FIFA realiza el sorteo de la Copa Mundial de 2026 en la ciudad de Washington.<\/p>\n\n\n\n<p><\/p>\n\n\n\n<h2 class=\"wp-block-heading\">Sheinbaum saca la bolilla de M\u00e9xico<\/h2>\n\n\n\n<p>M\u00e9xico,  va contra  Sud\u00e1frica, Corea del Sur y el ganador del repechaje Dinamarca\/Macedonia del Norte\/Rep\u00fablica Checa\/Irlanda.<\/p>\n\n\n\n<p>Los aztecas van al Grupo 1, y tendr\u00e1n a cargo el debut.<\/p>\n\n\n\n<p><a href=\"mailto:?subject=Sheinbaum%20saca%20la%20bolilla%20de%20M%C3%A9xico&amp;body=Mira%20las%20%C3%BAltimas%20noticias%20de%20CNN%3A%0Ahttps%3A%2F%2Fcnnespanol.cnn.com%2Fdeportes%2Flive-news%2Fsorteo-grupos-mundial-2026-orix%3Fpost-id%3Dcmit5xmu8000i3j6oonluzugu\" target=\"_blank\" rel=\"noreferrer noopener\"><\/a>Donald Trump, Claudia Sheinbaum y Mark Carney, presentes<\/p>\n\n\n\n<p>Los tres organizadores del Mundial 2026, presentes en el Kennedy Center.<\/p>\n\n\n\n<p><\/p>\n\n\n\n<h2 class=\"wp-block-heading\">Sheinbaum saca la bolilla de M\u00e9xico<\/h2>\n\n\n\n<p>Estados Unidos, cabeza del&nbsp;<strong>Grupo D<\/strong>, enfrentar\u00e1 a \ud83c\uddf5\ud83c\uddfe Paraguay, Australia y quien gane el repechaje Turqu\u00eda\/Rumania\/Eslovaquia\/Kosovo.<\/p>\n\n\n\n<p>Brasil, que encabeza el\u00a0<strong>Grupo C<\/strong>, disputar\u00e1 la fase inicial contra Marruecos, Hait\u00ed y Escocia.<\/p>\n\n\n\n<p>En el\u00a0<strong>Grupo E<\/strong>, Ecuador tendr\u00e1 un desaf\u00edo ante Alemania, cabeza de la zona, y Costa de Marfil y Curazao.<\/p>\n\n\n\n<p>En el<strong>Grupo H<\/strong>, \ud83c\uddea\ud83c\uddf8 Espa\u00f1a y \ud83c\uddfa\ud83c\uddfe Uruguay se enfrentar\u00e1n a Cabo Verde y Arabia Saudita.<\/p>\n\n\n\n<p>\ud83c\udde6\ud83c\uddf7 Argentina, campe\u00f3n defensor, competir\u00e1 contra Argelia, Austria y Jordania en el\u00a0<strong>Grupo J<\/strong>.<\/p>\n\n\n\n<p>\ud83c\udde8\ud83c\uddf4 Colombia estar\u00e1 en el&nbsp;<strong>Grupo K<\/strong>, cuya cabeza es Portugal, y sus rivales ser\u00e1n Uzbekist\u00e1n y el ganador del repechaje de Rep\u00fablica Democr\u00e1tica del Congo, Jamaica y Nueva Caledonia.<\/p>\n\n\n\n<p>\ud83c\uddf5\ud83c\udde6 Panam\u00e1 qued\u00f3 en el&nbsp;<strong>Grupo L<\/strong>, de Inglaterra, con Croacia y Ghana.<\/p>\n\n\n\n<p>Si \ud83c\udde7\ud83c\uddf4 Bolivia llega a ganar el repechaje, quedar\u00eda en el&nbsp;<strong>Grupo I<\/strong>, con Francia, Senegal y Noruega.<\/p>\n\n\n\n<p><a href=\"mailto:?subject=En%20minutos%2C%20el%20sorteo%20de%20los%20Bombos%201%2C%202%2C%203%20y%204&amp;body=Mira%20las%20%C3%BAltimas%20noticias%20de%20CNN%3A%0Ahttps%3A%2F%2Fcnnespanol.cnn.com%2Fdeportes%2Flive-news%2Fsorteo-grupos-mundial-2026-orix%3Fpost-id%3Dcmit646um00003j6oshbe88gv\" target=\"_blank\" rel=\"noreferrer noopener\"><\/a><\/p>\n\n\n\n<p><\/p>\n\n\n\n<p><\/p>\n\n\n\n<p><\/p>\n\n\n\n<p><\/p>\n\n\n\n<p>Los aztecas van al Grupo 1, y tendr\u00e1n a cargo el debut.<\/p>\n\n\n\n<p><a href=\"mailto:?subject=Sheinbaum%20saca%20la%20bolilla%20de%20M%C3%A9xico&amp;body=Mira%20las%20%C3%BAltimas%20noticias%20de%20CNN%3A%0Ahttps%3A%2F%2Fcnnespanol.cnn.com%2Fdeportes%2Flive-news%2Fsorteo-grupos-mundial-2026-orix%3Fpost-id%3Dcmit5xmu8000i3j6oonluzugu\" target=\"_blank\" rel=\"noreferrer noopener\"><\/a><\/p>\n\n\n\n<p><br><\/p>\n","protected":false},"excerpt":{"rendered":"<p>&#8220;\u00a1Viva M\u00e9xico!&#8221;, M\u00e9xico, va contra Sud\u00e1frica, Corea del Sur y el ganador del repechaje Dinamarca\/Macedonia del Norte\/Rep\u00fablica Checa\/Irlanda. La FIFA<\/p>\n","protected":false},"author":2,"featured_media":16328,"comment_status":"closed","ping_status":"closed","sticky":false,"template":"","format":"standard","meta":{"footnotes":""},"categories":[27,25],"tags":[],"class_list":["post-16326","post","type-post","status-publish","format-standard","has-post-thumbnail","hentry","category-deportes","category-local"],"yoast_head":"<!-- This site is optimized with the Yoast SEO plugin v24.1 - https:\/\/yoast.com\/wordpress\/plugins\/seo\/ -->\n<title>&quot;\u00a1Viva M\u00e9xico!&quot;, M\u00e9xico, va contra Sud\u00e1frica, Corea del Sur y el ganador del repechaje - sanluisinforma.com<\/title>\n<meta name=\"robots\" content=\"index, follow, max-snippet:-1, max-image-preview:large, max-video-preview:-1\" \/>\n<link rel=\"canonical\" href=\"https:\/\/sanluisinforma.com\/?p=16326\" \/>\n<meta property=\"og:locale\" content=\"es_MX\" \/>\n<meta property=\"og:type\" content=\"article\" \/>\n<meta property=\"og:title\" content=\"&quot;\u00a1Viva M\u00e9xico!&quot;, M\u00e9xico, va contra Sud\u00e1frica, Corea del Sur y el ganador del repechaje - sanluisinforma.com\" \/>\n<meta property=\"og:description\" content=\"&#8220;\u00a1Viva M\u00e9xico!&#8221;, M\u00e9xico, va contra Sud\u00e1frica, Corea del Sur y el ganador del repechaje Dinamarca\/Macedonia del Norte\/Rep\u00fablica Checa\/Irlanda. La FIFA\" \/>\n<meta property=\"og:url\" content=\"https:\/\/sanluisinforma.com\/?p=16326\" \/>\n<meta property=\"og:site_name\" content=\"sanluisinforma.com\" \/>\n<meta property=\"article:published_time\" content=\"2025-12-05T17:18:58+00:00\" \/>\n<meta property=\"article:modified_time\" content=\"2025-12-06T00:29:13+00:00\" \/>\n<meta property=\"og:image\" content=\"https:\/\/sanluisinforma.com\/wp-content\/uploads\/2025\/12\/unnamed-5-1.jpg\" \/>\n\t<meta property=\"og:image:width\" content=\"400\" \/>\n\t<meta property=\"og:image:height\" content=\"300\" \/>\n\t<meta property=\"og:image:type\" content=\"image\/jpeg\" \/>\n<meta name=\"author\" content=\"sanluisinforma.com\" \/>\n<meta name=\"twitter:card\" content=\"summary_large_image\" \/>\n<meta name=\"twitter:label1\" content=\"Escrito por\" \/>\n\t<meta name=\"twitter:data1\" content=\"sanluisinforma.com\" \/>\n\t<meta name=\"twitter:label2\" content=\"Tiempo de lectura\" \/>\n\t<meta name=\"twitter:data2\" content=\"2 minutos\" \/>\n<script type=\"application\/ld+json\" class=\"yoast-schema-graph\">{\"@context\":\"https:\/\/schema.org\",\"@graph\":[{\"@type\":\"Article\",\"@id\":\"https:\/\/sanluisinforma.com\/?p=16326#article\",\"isPartOf\":{\"@id\":\"https:\/\/sanluisinforma.com\/?p=16326\"},\"author\":{\"name\":\"sanluisinforma.com\",\"@id\":\"https:\/\/sanluisinforma.com\/#\/schema\/person\/c30648f71476be533b6f59d092905c8b\"},\"headline\":\"&#8220;\u00a1Viva M\u00e9xico!&#8221;, M\u00e9xico, va contra Sud\u00e1frica, Corea del Sur y el ganador del repechaje\",\"datePublished\":\"2025-12-05T17:18:58+00:00\",\"dateModified\":\"2025-12-06T00:29:13+00:00\",\"mainEntityOfPage\":{\"@id\":\"https:\/\/sanluisinforma.com\/?p=16326\"},\"wordCount\":288,\"publisher\":{\"@id\":\"https:\/\/sanluisinforma.com\/#organization\"},\"image\":{\"@id\":\"https:\/\/sanluisinforma.com\/?p=16326#primaryimage\"},\"thumbnailUrl\":\"https:\/\/sanluisinforma.com\/wp-content\/uploads\/2025\/12\/unnamed-5-1.jpg\",\"articleSection\":[\"Deportes\",\"Local\"],\"inLanguage\":\"es\"},{\"@type\":\"WebPage\",\"@id\":\"https:\/\/sanluisinforma.com\/?p=16326\",\"url\":\"https:\/\/sanluisinforma.com\/?p=16326\",\"name\":\"\\\"\u00a1Viva M\u00e9xico!\\\", M\u00e9xico, va contra Sud\u00e1frica, Corea del Sur y el ganador del repechaje - sanluisinforma.com\",\"isPartOf\":{\"@id\":\"https:\/\/sanluisinforma.com\/#website\"},\"primaryImageOfPage\":{\"@id\":\"https:\/\/sanluisinforma.com\/?p=16326#primaryimage\"},\"image\":{\"@id\":\"https:\/\/sanluisinforma.com\/?p=16326#primaryimage\"},\"thumbnailUrl\":\"https:\/\/sanluisinforma.com\/wp-content\/uploads\/2025\/12\/unnamed-5-1.jpg\",\"datePublished\":\"2025-12-05T17:18:58+00:00\",\"dateModified\":\"2025-12-06T00:29:13+00:00\",\"breadcrumb\":{\"@id\":\"https:\/\/sanluisinforma.com\/?p=16326#breadcrumb\"},\"inLanguage\":\"es\",\"potentialAction\":[{\"@type\":\"ReadAction\",\"target\":[\"https:\/\/sanluisinforma.com\/?p=16326\"]}]},{\"@type\":\"ImageObject\",\"inLanguage\":\"es\",\"@id\":\"https:\/\/sanluisinforma.com\/?p=16326#primaryimage\",\"url\":\"https:\/\/sanluisinforma.com\/wp-content\/uploads\/2025\/12\/unnamed-5-1.jpg\",\"contentUrl\":\"https:\/\/sanluisinforma.com\/wp-content\/uploads\/2025\/12\/unnamed-5-1.jpg\",\"width\":400,\"height\":300,\"caption\":\"Presidenta Claudia Sheinbaum y el Mundial 2027\"},{\"@type\":\"BreadcrumbList\",\"@id\":\"https:\/\/sanluisinforma.com\/?p=16326#breadcrumb\",\"itemListElement\":[{\"@type\":\"ListItem\",\"position\":1,\"name\":\"Inicio\",\"item\":\"https:\/\/sanluisinforma.com\/\"},{\"@type\":\"ListItem\",\"position\":2,\"name\":\"&#8220;\u00a1Viva M\u00e9xico!&#8221;, M\u00e9xico, va contra Sud\u00e1frica, Corea del Sur y el ganador del repechaje\"}]},{\"@type\":\"WebSite\",\"@id\":\"https:\/\/sanluisinforma.com\/#website\",\"url\":\"https:\/\/sanluisinforma.com\/\",\"name\":\"sanluisinforma.com\",\"description\":\"Periodico San Luis Informa\",\"publisher\":{\"@id\":\"https:\/\/sanluisinforma.com\/#organization\"},\"potentialAction\":[{\"@type\":\"SearchAction\",\"target\":{\"@type\":\"EntryPoint\",\"urlTemplate\":\"https:\/\/sanluisinforma.com\/?s={search_term_string}\"},\"query-input\":{\"@type\":\"PropertyValueSpecification\",\"valueRequired\":true,\"valueName\":\"search_term_string\"}}],\"inLanguage\":\"es\"},{\"@type\":\"Organization\",\"@id\":\"https:\/\/sanluisinforma.com\/#organization\",\"name\":\"sanluisinforma.com\",\"url\":\"https:\/\/sanluisinforma.com\/\",\"logo\":{\"@type\":\"ImageObject\",\"inLanguage\":\"es\",\"@id\":\"https:\/\/sanluisinforma.com\/#\/schema\/logo\/image\/\",\"url\":\"https:\/\/sanluisinforma.com\/wp-content\/uploads\/2026\/03\/sanluisinforma-V.jpg\",\"contentUrl\":\"https:\/\/sanluisinforma.com\/wp-content\/uploads\/2026\/03\/sanluisinforma-V.jpg\",\"width\":500,\"height\":156,\"caption\":\"sanluisinforma.com\"},\"image\":{\"@id\":\"https:\/\/sanluisinforma.com\/#\/schema\/logo\/image\/\"}},{\"@type\":\"Person\",\"@id\":\"https:\/\/sanluisinforma.com\/#\/schema\/person\/c30648f71476be533b6f59d092905c8b\",\"name\":\"sanluisinforma.com\",\"image\":{\"@type\":\"ImageObject\",\"inLanguage\":\"es\",\"@id\":\"https:\/\/sanluisinforma.com\/#\/schema\/person\/image\/\",\"url\":\"https:\/\/secure.gravatar.com\/avatar\/86e3114e34a1eecefb963e0a02f0093f93b092dddb2fe1517596343751081a87?s=96&d=mm&r=g\",\"contentUrl\":\"https:\/\/secure.gravatar.com\/avatar\/86e3114e34a1eecefb963e0a02f0093f93b092dddb2fe1517596343751081a87?s=96&d=mm&r=g\",\"caption\":\"sanluisinforma.com\"},\"url\":\"https:\/\/sanluisinforma.com\/?author=2\"}]}<\/script>\n<!-- \/ Yoast SEO plugin. -->","yoast_head_json":{"title":"\"\u00a1Viva M\u00e9xico!\", M\u00e9xico, va contra Sud\u00e1frica, Corea del Sur y el ganador del repechaje - sanluisinforma.com","robots":{"index":"index","follow":"follow","max-snippet":"max-snippet:-1","max-image-preview":"max-image-preview:large","max-video-preview":"max-video-preview:-1"},"canonical":"https:\/\/sanluisinforma.com\/?p=16326","og_locale":"es_MX","og_type":"article","og_title":"\"\u00a1Viva M\u00e9xico!\", M\u00e9xico, va contra Sud\u00e1frica, Corea del Sur y el ganador del repechaje - sanluisinforma.com","og_description":"&#8220;\u00a1Viva M\u00e9xico!&#8221;, M\u00e9xico, va contra Sud\u00e1frica, Corea del Sur y el ganador del repechaje Dinamarca\/Macedonia del Norte\/Rep\u00fablica Checa\/Irlanda. La FIFA","og_url":"https:\/\/sanluisinforma.com\/?p=16326","og_site_name":"sanluisinforma.com","article_published_time":"2025-12-05T17:18:58+00:00","article_modified_time":"2025-12-06T00:29:13+00:00","og_image":[{"width":400,"height":300,"url":"https:\/\/sanluisinforma.com\/wp-content\/uploads\/2025\/12\/unnamed-5-1.jpg","type":"image\/jpeg"}],"author":"sanluisinforma.com","twitter_card":"summary_large_image","twitter_misc":{"Escrito por":"sanluisinforma.com","Tiempo de lectura":"2 minutos"},"schema":{"@context":"https:\/\/schema.org","@graph":[{"@type":"Article","@id":"https:\/\/sanluisinforma.com\/?p=16326#article","isPartOf":{"@id":"https:\/\/sanluisinforma.com\/?p=16326"},"author":{"name":"sanluisinforma.com","@id":"https:\/\/sanluisinforma.com\/#\/schema\/person\/c30648f71476be533b6f59d092905c8b"},"headline":"&#8220;\u00a1Viva M\u00e9xico!&#8221;, M\u00e9xico, va contra Sud\u00e1frica, Corea del Sur y el ganador del repechaje","datePublished":"2025-12-05T17:18:58+00:00","dateModified":"2025-12-06T00:29:13+00:00","mainEntityOfPage":{"@id":"https:\/\/sanluisinforma.com\/?p=16326"},"wordCount":288,"publisher":{"@id":"https:\/\/sanluisinforma.com\/#organization"},"image":{"@id":"https:\/\/sanluisinforma.com\/?p=16326#primaryimage"},"thumbnailUrl":"https:\/\/sanluisinforma.com\/wp-content\/uploads\/2025\/12\/unnamed-5-1.jpg","articleSection":["Deportes","Local"],"inLanguage":"es"},{"@type":"WebPage","@id":"https:\/\/sanluisinforma.com\/?p=16326","url":"https:\/\/sanluisinforma.com\/?p=16326","name":"\"\u00a1Viva M\u00e9xico!\", M\u00e9xico, va contra Sud\u00e1frica, Corea del Sur y el ganador del repechaje - sanluisinforma.com","isPartOf":{"@id":"https:\/\/sanluisinforma.com\/#website"},"primaryImageOfPage":{"@id":"https:\/\/sanluisinforma.com\/?p=16326#primaryimage"},"image":{"@id":"https:\/\/sanluisinforma.com\/?p=16326#primaryimage"},"thumbnailUrl":"https:\/\/sanluisinforma.com\/wp-content\/uploads\/2025\/12\/unnamed-5-1.jpg","datePublished":"2025-12-05T17:18:58+00:00","dateModified":"2025-12-06T00:29:13+00:00","breadcrumb":{"@id":"https:\/\/sanluisinforma.com\/?p=16326#breadcrumb"},"inLanguage":"es","potentialAction":[{"@type":"ReadAction","target":["https:\/\/sanluisinforma.com\/?p=16326"]}]},{"@type":"ImageObject","inLanguage":"es","@id":"https:\/\/sanluisinforma.com\/?p=16326#primaryimage","url":"https:\/\/sanluisinforma.com\/wp-content\/uploads\/2025\/12\/unnamed-5-1.jpg","contentUrl":"https:\/\/sanluisinforma.com\/wp-content\/uploads\/2025\/12\/unnamed-5-1.jpg","width":400,"height":300,"caption":"Presidenta Claudia Sheinbaum y el Mundial 2027"},{"@type":"BreadcrumbList","@id":"https:\/\/sanluisinforma.com\/?p=16326#breadcrumb","itemListElement":[{"@type":"ListItem","position":1,"name":"Inicio","item":"https:\/\/sanluisinforma.com\/"},{"@type":"ListItem","position":2,"name":"&#8220;\u00a1Viva M\u00e9xico!&#8221;, M\u00e9xico, va contra Sud\u00e1frica, Corea del Sur y el ganador del repechaje"}]},{"@type":"WebSite","@id":"https:\/\/sanluisinforma.com\/#website","url":"https:\/\/sanluisinforma.com\/","name":"sanluisinforma.com","description":"Periodico San Luis Informa","publisher":{"@id":"https:\/\/sanluisinforma.com\/#organization"},"potentialAction":[{"@type":"SearchAction","target":{"@type":"EntryPoint","urlTemplate":"https:\/\/sanluisinforma.com\/?s={search_term_string}"},"query-input":{"@type":"PropertyValueSpecification","valueRequired":true,"valueName":"search_term_string"}}],"inLanguage":"es"},{"@type":"Organization","@id":"https:\/\/sanluisinforma.com\/#organization","name":"sanluisinforma.com","url":"https:\/\/sanluisinforma.com\/","logo":{"@type":"ImageObject","inLanguage":"es","@id":"https:\/\/sanluisinforma.com\/#\/schema\/logo\/image\/","url":"https:\/\/sanluisinforma.com\/wp-content\/uploads\/2026\/03\/sanluisinforma-V.jpg","contentUrl":"https:\/\/sanluisinforma.com\/wp-content\/uploads\/2026\/03\/sanluisinforma-V.jpg","width":500,"height":156,"caption":"sanluisinforma.com"},"image":{"@id":"https:\/\/sanluisinforma.com\/#\/schema\/logo\/image\/"}},{"@type":"Person","@id":"https:\/\/sanluisinforma.com\/#\/schema\/person\/c30648f71476be533b6f59d092905c8b","name":"sanluisinforma.com","image":{"@type":"ImageObject","inLanguage":"es","@id":"https:\/\/sanluisinforma.com\/#\/schema\/person\/image\/","url":"https:\/\/secure.gravatar.com\/avatar\/86e3114e34a1eecefb963e0a02f0093f93b092dddb2fe1517596343751081a87?s=96&d=mm&r=g","contentUrl":"https:\/\/secure.gravatar.com\/avatar\/86e3114e34a1eecefb963e0a02f0093f93b092dddb2fe1517596343751081a87?s=96&d=mm&r=g","caption":"sanluisinforma.com"},"url":"https:\/\/sanluisinforma.com\/?author=2"}]}},"_links":{"self":[{"href":"https:\/\/sanluisinforma.com\/index.php?rest_route=\/wp\/v2\/posts\/16326","targetHints":{"allow":["GET"]}}],"collection":[{"href":"https:\/\/sanluisinforma.com\/index.php?rest_route=\/wp\/v2\/posts"}],"about":[{"href":"https:\/\/sanluisinforma.com\/index.php?rest_route=\/wp\/v2\/types\/post"}],"author":[{"embeddable":true,"href":"https:\/\/sanluisinforma.com\/index.php?rest_route=\/wp\/v2\/users\/2"}],"replies":[{"embeddable":true,"href":"https:\/\/sanluisinforma.com\/index.php?rest_route=%2Fwp%2Fv2%2Fcomments&post=16326"}],"version-history":[{"count":8,"href":"https:\/\/sanluisinforma.com\/index.php?rest_route=\/wp\/v2\/posts\/16326\/revisions"}],"predecessor-version":[{"id":16338,"href":"https:\/\/sanluisinforma.com\/index.php?rest_route=\/wp\/v2\/posts\/16326\/revisions\/16338"}],"wp:featuredmedia":[{"embeddable":true,"href":"https:\/\/sanluisinforma.com\/index.php?rest_route=\/wp\/v2\/media\/16328"}],"wp:attachment":[{"href":"https:\/\/sanluisinforma.com\/index.php?rest_route=%2Fwp%2Fv2%2Fmedia&parent=16326"}],"wp:term":[{"taxonomy":"category","embeddable":true,"href":"https:\/\/sanluisinforma.com\/index.php?rest_route=%2Fwp%2Fv2%2Fcategories&post=16326"},{"taxonomy":"post_tag","embeddable":true,"href":"https:\/\/sanluisinforma.com\/index.php?rest_route=%2Fwp%2Fv2%2Ftags&post=16326"}],"curies":[{"name":"wp","href":"https:\/\/api.w.org\/{rel}","templated":true}]}}