{"id":16456,"date":"2025-12-12T00:58:00","date_gmt":"2025-12-12T06:58:00","guid":{"rendered":"https:\/\/sanluisinforma.com\/?p=16456"},"modified":"2025-12-11T23:44:11","modified_gmt":"2025-12-12T05:44:11","slug":"ricardo-gallardo-reconoce-al-congreso-del-estado-por-aprobacion-del-presupuesto-2026","status":"publish","type":"post","link":"https:\/\/sanluisinforma.com\/?p=16456","title":{"rendered":"Ricardo Gallardo reconoce al Congreso del Estado por aprobaci\u00f3n del presupuesto 2026"},"content":{"rendered":"\n<p>\u2022 El Mandatario Estatal destac\u00f3 que prioriza a los sectores m\u00e1s vulnerables y apuesta por la competitividad y el crecimiento sin l\u00edmites de las cuatro regiones.<\/p>\n\n\n\n<p>El Gobernador de San Luis Potos\u00ed Ricardo Gallardo Cardona, reconoci\u00f3 la sensibilidad y responsabilidad de las y los diputados de la LXIV Legislatura, luego de la aprobaci\u00f3n del paquete econ\u00f3mico para el ejercicio fiscal 2026, lo que permitir\u00e1 consolidar un San Luis Potos\u00ed m\u00e1s fuerte, con recursos que atender\u00e1n las necesidades de la poblaci\u00f3n e impulsar\u00e1n el desarrollo sin l\u00edmites del Estado.<br>El Mandatario potosino subray\u00f3 que el presupuesto aprobado no responde a caprichos o presiones externas de l\u00edderes de opini\u00f3n, sino que fue construido a partir de lo que requieren las familias potosinas m\u00e1s vulnerables, fortaleciendo los cuatro ejes del Gobierno: la justicia social, la seguridad, el desarrollo econ\u00f3mico y la gobernabilidad.<br>Ricardo Gallardo afirm\u00f3 que el paquete econ\u00f3mico 2026 permitir\u00e1 continuar modernizando infraestructura, fortalecer la seguridad, ampliar programas sociales y consolidar proyectos que impulsen la movilidad, la inversi\u00f3n y la calidad de vida de las familias.<br>Finalmente, reiter\u00f3 su compromiso de ejercer el recurso con transparencia y responsabilidad para seguir construyendo un San Luis Potos\u00ed con m\u00e1s oportunidades y crecimiento para todas y todos.<\/p>\n\n\n\n<figure class=\"wp-block-table\"><table class=\"has-fixed-layout\"><tbody><tr><td><\/td><td><\/td><\/tr><\/tbody><\/table><\/figure>\n","protected":false},"excerpt":{"rendered":"<p>\u2022 El Mandatario Estatal destac\u00f3 que prioriza a los sectores m\u00e1s vulnerables y apuesta por la competitividad y el crecimiento<\/p>\n","protected":false},"author":2,"featured_media":16457,"comment_status":"closed","ping_status":"closed","sticky":false,"template":"","format":"standard","meta":{"footnotes":""},"categories":[25,30],"tags":[],"class_list":["post-16456","post","type-post","status-publish","format-standard","has-post-thumbnail","hentry","category-local","category-portada"],"yoast_head":"<!-- This site is optimized with the Yoast SEO plugin v24.1 - https:\/\/yoast.com\/wordpress\/plugins\/seo\/ -->\n<title>Ricardo Gallardo reconoce al Congreso del Estado por aprobaci\u00f3n del presupuesto 2026 - sanluisinforma.com<\/title>\n<meta name=\"robots\" content=\"index, follow, max-snippet:-1, max-image-preview:large, max-video-preview:-1\" \/>\n<link rel=\"canonical\" href=\"https:\/\/sanluisinforma.com\/?p=16456\" \/>\n<meta property=\"og:locale\" content=\"es_MX\" \/>\n<meta property=\"og:type\" content=\"article\" \/>\n<meta property=\"og:title\" content=\"Ricardo Gallardo reconoce al Congreso del Estado por aprobaci\u00f3n del presupuesto 2026 - sanluisinforma.com\" \/>\n<meta property=\"og:description\" content=\"\u2022 El Mandatario Estatal destac\u00f3 que prioriza a los sectores m\u00e1s vulnerables y apuesta por la competitividad y el crecimiento\" \/>\n<meta property=\"og:url\" content=\"https:\/\/sanluisinforma.com\/?p=16456\" \/>\n<meta property=\"og:site_name\" content=\"sanluisinforma.com\" \/>\n<meta property=\"article:published_time\" content=\"2025-12-12T06:58:00+00:00\" \/>\n<meta property=\"article:modified_time\" content=\"2025-12-12T05:44:11+00:00\" \/>\n<meta property=\"og:image\" content=\"https:\/\/sanluisinforma.com\/wp-content\/uploads\/2025\/12\/unnamed-2-8.jpg\" \/>\n\t<meta property=\"og:image:width\" content=\"280\" \/>\n\t<meta property=\"og:image:height\" content=\"420\" \/>\n\t<meta property=\"og:image:type\" content=\"image\/jpeg\" \/>\n<meta name=\"author\" content=\"sanluisinforma.com\" \/>\n<meta name=\"twitter:card\" content=\"summary_large_image\" \/>\n<meta name=\"twitter:label1\" content=\"Escrito por\" \/>\n\t<meta name=\"twitter:data1\" content=\"sanluisinforma.com\" \/>\n\t<meta name=\"twitter:label2\" content=\"Tiempo de lectura\" \/>\n\t<meta name=\"twitter:data2\" content=\"2 minutos\" \/>\n<script type=\"application\/ld+json\" class=\"yoast-schema-graph\">{\"@context\":\"https:\/\/schema.org\",\"@graph\":[{\"@type\":\"Article\",\"@id\":\"https:\/\/sanluisinforma.com\/?p=16456#article\",\"isPartOf\":{\"@id\":\"https:\/\/sanluisinforma.com\/?p=16456\"},\"author\":{\"name\":\"sanluisinforma.com\",\"@id\":\"https:\/\/sanluisinforma.com\/#\/schema\/person\/c30648f71476be533b6f59d092905c8b\"},\"headline\":\"Ricardo Gallardo reconoce al Congreso del Estado por aprobaci\u00f3n del presupuesto 2026\",\"datePublished\":\"2025-12-12T06:58:00+00:00\",\"dateModified\":\"2025-12-12T05:44:11+00:00\",\"mainEntityOfPage\":{\"@id\":\"https:\/\/sanluisinforma.com\/?p=16456\"},\"wordCount\":227,\"publisher\":{\"@id\":\"https:\/\/sanluisinforma.com\/#organization\"},\"image\":{\"@id\":\"https:\/\/sanluisinforma.com\/?p=16456#primaryimage\"},\"thumbnailUrl\":\"https:\/\/sanluisinforma.com\/wp-content\/uploads\/2025\/12\/unnamed-2-8.jpg\",\"articleSection\":[\"Local\",\"Portada\"],\"inLanguage\":\"es\"},{\"@type\":\"WebPage\",\"@id\":\"https:\/\/sanluisinforma.com\/?p=16456\",\"url\":\"https:\/\/sanluisinforma.com\/?p=16456\",\"name\":\"Ricardo Gallardo reconoce al Congreso del Estado por aprobaci\u00f3n del presupuesto 2026 - sanluisinforma.com\",\"isPartOf\":{\"@id\":\"https:\/\/sanluisinforma.com\/#website\"},\"primaryImageOfPage\":{\"@id\":\"https:\/\/sanluisinforma.com\/?p=16456#primaryimage\"},\"image\":{\"@id\":\"https:\/\/sanluisinforma.com\/?p=16456#primaryimage\"},\"thumbnailUrl\":\"https:\/\/sanluisinforma.com\/wp-content\/uploads\/2025\/12\/unnamed-2-8.jpg\",\"datePublished\":\"2025-12-12T06:58:00+00:00\",\"dateModified\":\"2025-12-12T05:44:11+00:00\",\"breadcrumb\":{\"@id\":\"https:\/\/sanluisinforma.com\/?p=16456#breadcrumb\"},\"inLanguage\":\"es\",\"potentialAction\":[{\"@type\":\"ReadAction\",\"target\":[\"https:\/\/sanluisinforma.com\/?p=16456\"]}]},{\"@type\":\"ImageObject\",\"inLanguage\":\"es\",\"@id\":\"https:\/\/sanluisinforma.com\/?p=16456#primaryimage\",\"url\":\"https:\/\/sanluisinforma.com\/wp-content\/uploads\/2025\/12\/unnamed-2-8.jpg\",\"contentUrl\":\"https:\/\/sanluisinforma.com\/wp-content\/uploads\/2025\/12\/unnamed-2-8.jpg\",\"width\":280,\"height\":420},{\"@type\":\"BreadcrumbList\",\"@id\":\"https:\/\/sanluisinforma.com\/?p=16456#breadcrumb\",\"itemListElement\":[{\"@type\":\"ListItem\",\"position\":1,\"name\":\"Inicio\",\"item\":\"https:\/\/sanluisinforma.com\/\"},{\"@type\":\"ListItem\",\"position\":2,\"name\":\"Ricardo Gallardo reconoce al Congreso del Estado por aprobaci\u00f3n del presupuesto 2026\"}]},{\"@type\":\"WebSite\",\"@id\":\"https:\/\/sanluisinforma.com\/#website\",\"url\":\"https:\/\/sanluisinforma.com\/\",\"name\":\"sanluisinforma.com\",\"description\":\"Periodico San Luis Informa\",\"publisher\":{\"@id\":\"https:\/\/sanluisinforma.com\/#organization\"},\"potentialAction\":[{\"@type\":\"SearchAction\",\"target\":{\"@type\":\"EntryPoint\",\"urlTemplate\":\"https:\/\/sanluisinforma.com\/?s={search_term_string}\"},\"query-input\":{\"@type\":\"PropertyValueSpecification\",\"valueRequired\":true,\"valueName\":\"search_term_string\"}}],\"inLanguage\":\"es\"},{\"@type\":\"Organization\",\"@id\":\"https:\/\/sanluisinforma.com\/#organization\",\"name\":\"sanluisinforma.com\",\"url\":\"https:\/\/sanluisinforma.com\/\",\"logo\":{\"@type\":\"ImageObject\",\"inLanguage\":\"es\",\"@id\":\"https:\/\/sanluisinforma.com\/#\/schema\/logo\/image\/\",\"url\":\"https:\/\/sanluisinforma.com\/wp-content\/uploads\/2026\/03\/sanluisinforma-V.jpg\",\"contentUrl\":\"https:\/\/sanluisinforma.com\/wp-content\/uploads\/2026\/03\/sanluisinforma-V.jpg\",\"width\":500,\"height\":156,\"caption\":\"sanluisinforma.com\"},\"image\":{\"@id\":\"https:\/\/sanluisinforma.com\/#\/schema\/logo\/image\/\"}},{\"@type\":\"Person\",\"@id\":\"https:\/\/sanluisinforma.com\/#\/schema\/person\/c30648f71476be533b6f59d092905c8b\",\"name\":\"sanluisinforma.com\",\"image\":{\"@type\":\"ImageObject\",\"inLanguage\":\"es\",\"@id\":\"https:\/\/sanluisinforma.com\/#\/schema\/person\/image\/\",\"url\":\"https:\/\/secure.gravatar.com\/avatar\/86e3114e34a1eecefb963e0a02f0093f93b092dddb2fe1517596343751081a87?s=96&d=mm&r=g\",\"contentUrl\":\"https:\/\/secure.gravatar.com\/avatar\/86e3114e34a1eecefb963e0a02f0093f93b092dddb2fe1517596343751081a87?s=96&d=mm&r=g\",\"caption\":\"sanluisinforma.com\"},\"url\":\"https:\/\/sanluisinforma.com\/?author=2\"}]}<\/script>\n<!-- \/ Yoast SEO plugin. -->","yoast_head_json":{"title":"Ricardo Gallardo reconoce al Congreso del Estado por aprobaci\u00f3n del presupuesto 2026 - sanluisinforma.com","robots":{"index":"index","follow":"follow","max-snippet":"max-snippet:-1","max-image-preview":"max-image-preview:large","max-video-preview":"max-video-preview:-1"},"canonical":"https:\/\/sanluisinforma.com\/?p=16456","og_locale":"es_MX","og_type":"article","og_title":"Ricardo Gallardo reconoce al Congreso del Estado por aprobaci\u00f3n del presupuesto 2026 - sanluisinforma.com","og_description":"\u2022 El Mandatario Estatal destac\u00f3 que prioriza a los sectores m\u00e1s vulnerables y apuesta por la competitividad y el crecimiento","og_url":"https:\/\/sanluisinforma.com\/?p=16456","og_site_name":"sanluisinforma.com","article_published_time":"2025-12-12T06:58:00+00:00","article_modified_time":"2025-12-12T05:44:11+00:00","og_image":[{"width":280,"height":420,"url":"https:\/\/sanluisinforma.com\/wp-content\/uploads\/2025\/12\/unnamed-2-8.jpg","type":"image\/jpeg"}],"author":"sanluisinforma.com","twitter_card":"summary_large_image","twitter_misc":{"Escrito por":"sanluisinforma.com","Tiempo de lectura":"2 minutos"},"schema":{"@context":"https:\/\/schema.org","@graph":[{"@type":"Article","@id":"https:\/\/sanluisinforma.com\/?p=16456#article","isPartOf":{"@id":"https:\/\/sanluisinforma.com\/?p=16456"},"author":{"name":"sanluisinforma.com","@id":"https:\/\/sanluisinforma.com\/#\/schema\/person\/c30648f71476be533b6f59d092905c8b"},"headline":"Ricardo Gallardo reconoce al Congreso del Estado por aprobaci\u00f3n del presupuesto 2026","datePublished":"2025-12-12T06:58:00+00:00","dateModified":"2025-12-12T05:44:11+00:00","mainEntityOfPage":{"@id":"https:\/\/sanluisinforma.com\/?p=16456"},"wordCount":227,"publisher":{"@id":"https:\/\/sanluisinforma.com\/#organization"},"image":{"@id":"https:\/\/sanluisinforma.com\/?p=16456#primaryimage"},"thumbnailUrl":"https:\/\/sanluisinforma.com\/wp-content\/uploads\/2025\/12\/unnamed-2-8.jpg","articleSection":["Local","Portada"],"inLanguage":"es"},{"@type":"WebPage","@id":"https:\/\/sanluisinforma.com\/?p=16456","url":"https:\/\/sanluisinforma.com\/?p=16456","name":"Ricardo Gallardo reconoce al Congreso del Estado por aprobaci\u00f3n del presupuesto 2026 - sanluisinforma.com","isPartOf":{"@id":"https:\/\/sanluisinforma.com\/#website"},"primaryImageOfPage":{"@id":"https:\/\/sanluisinforma.com\/?p=16456#primaryimage"},"image":{"@id":"https:\/\/sanluisinforma.com\/?p=16456#primaryimage"},"thumbnailUrl":"https:\/\/sanluisinforma.com\/wp-content\/uploads\/2025\/12\/unnamed-2-8.jpg","datePublished":"2025-12-12T06:58:00+00:00","dateModified":"2025-12-12T05:44:11+00:00","breadcrumb":{"@id":"https:\/\/sanluisinforma.com\/?p=16456#breadcrumb"},"inLanguage":"es","potentialAction":[{"@type":"ReadAction","target":["https:\/\/sanluisinforma.com\/?p=16456"]}]},{"@type":"ImageObject","inLanguage":"es","@id":"https:\/\/sanluisinforma.com\/?p=16456#primaryimage","url":"https:\/\/sanluisinforma.com\/wp-content\/uploads\/2025\/12\/unnamed-2-8.jpg","contentUrl":"https:\/\/sanluisinforma.com\/wp-content\/uploads\/2025\/12\/unnamed-2-8.jpg","width":280,"height":420},{"@type":"BreadcrumbList","@id":"https:\/\/sanluisinforma.com\/?p=16456#breadcrumb","itemListElement":[{"@type":"ListItem","position":1,"name":"Inicio","item":"https:\/\/sanluisinforma.com\/"},{"@type":"ListItem","position":2,"name":"Ricardo Gallardo reconoce al Congreso del Estado por aprobaci\u00f3n del presupuesto 2026"}]},{"@type":"WebSite","@id":"https:\/\/sanluisinforma.com\/#website","url":"https:\/\/sanluisinforma.com\/","name":"sanluisinforma.com","description":"Periodico San Luis Informa","publisher":{"@id":"https:\/\/sanluisinforma.com\/#organization"},"potentialAction":[{"@type":"SearchAction","target":{"@type":"EntryPoint","urlTemplate":"https:\/\/sanluisinforma.com\/?s={search_term_string}"},"query-input":{"@type":"PropertyValueSpecification","valueRequired":true,"valueName":"search_term_string"}}],"inLanguage":"es"},{"@type":"Organization","@id":"https:\/\/sanluisinforma.com\/#organization","name":"sanluisinforma.com","url":"https:\/\/sanluisinforma.com\/","logo":{"@type":"ImageObject","inLanguage":"es","@id":"https:\/\/sanluisinforma.com\/#\/schema\/logo\/image\/","url":"https:\/\/sanluisinforma.com\/wp-content\/uploads\/2026\/03\/sanluisinforma-V.jpg","contentUrl":"https:\/\/sanluisinforma.com\/wp-content\/uploads\/2026\/03\/sanluisinforma-V.jpg","width":500,"height":156,"caption":"sanluisinforma.com"},"image":{"@id":"https:\/\/sanluisinforma.com\/#\/schema\/logo\/image\/"}},{"@type":"Person","@id":"https:\/\/sanluisinforma.com\/#\/schema\/person\/c30648f71476be533b6f59d092905c8b","name":"sanluisinforma.com","image":{"@type":"ImageObject","inLanguage":"es","@id":"https:\/\/sanluisinforma.com\/#\/schema\/person\/image\/","url":"https:\/\/secure.gravatar.com\/avatar\/86e3114e34a1eecefb963e0a02f0093f93b092dddb2fe1517596343751081a87?s=96&d=mm&r=g","contentUrl":"https:\/\/secure.gravatar.com\/avatar\/86e3114e34a1eecefb963e0a02f0093f93b092dddb2fe1517596343751081a87?s=96&d=mm&r=g","caption":"sanluisinforma.com"},"url":"https:\/\/sanluisinforma.com\/?author=2"}]}},"_links":{"self":[{"href":"https:\/\/sanluisinforma.com\/index.php?rest_route=\/wp\/v2\/posts\/16456","targetHints":{"allow":["GET"]}}],"collection":[{"href":"https:\/\/sanluisinforma.com\/index.php?rest_route=\/wp\/v2\/posts"}],"about":[{"href":"https:\/\/sanluisinforma.com\/index.php?rest_route=\/wp\/v2\/types\/post"}],"author":[{"embeddable":true,"href":"https:\/\/sanluisinforma.com\/index.php?rest_route=\/wp\/v2\/users\/2"}],"replies":[{"embeddable":true,"href":"https:\/\/sanluisinforma.com\/index.php?rest_route=%2Fwp%2Fv2%2Fcomments&post=16456"}],"version-history":[{"count":1,"href":"https:\/\/sanluisinforma.com\/index.php?rest_route=\/wp\/v2\/posts\/16456\/revisions"}],"predecessor-version":[{"id":16458,"href":"https:\/\/sanluisinforma.com\/index.php?rest_route=\/wp\/v2\/posts\/16456\/revisions\/16458"}],"wp:featuredmedia":[{"embeddable":true,"href":"https:\/\/sanluisinforma.com\/index.php?rest_route=\/wp\/v2\/media\/16457"}],"wp:attachment":[{"href":"https:\/\/sanluisinforma.com\/index.php?rest_route=%2Fwp%2Fv2%2Fmedia&parent=16456"}],"wp:term":[{"taxonomy":"category","embeddable":true,"href":"https:\/\/sanluisinforma.com\/index.php?rest_route=%2Fwp%2Fv2%2Fcategories&post=16456"},{"taxonomy":"post_tag","embeddable":true,"href":"https:\/\/sanluisinforma.com\/index.php?rest_route=%2Fwp%2Fv2%2Ftags&post=16456"}],"curies":[{"name":"wp","href":"https:\/\/api.w.org\/{rel}","templated":true}]}}