{"id":16475,"date":"2025-12-13T00:50:00","date_gmt":"2025-12-13T06:50:00","guid":{"rendered":"https:\/\/sanluisinforma.com\/?p=16475"},"modified":"2025-12-12T22:17:40","modified_gmt":"2025-12-13T04:17:40","slug":"2026-ano-de-consolidacion-de-la-movilidad-y-la-seguridad-en-san-luis-capital-alcalde-galindo","status":"publish","type":"post","link":"https:\/\/sanluisinforma.com\/?p=16475","title":{"rendered":"2026, a\u00f1o de consolidaci\u00f3n de la movilidad y la seguridad en San Luis Capital: Alcalde Galindo"},"content":{"rendered":"\n<p><\/p>\n\n\n\n<ul class=\"wp-block-list\">\n<li>Infraestructura vial clave y tecnolog\u00eda de punta son los motores del progreso en la capital potosina, impulsando la conectividad y la modernizaci\u00f3n de San Luis Potos\u00ed, en un trabajo coordinado con los diferentes niveles de gobierno, para el beneficio de todos sus habitantes.<\/li>\n<\/ul>\n\n\n\n<p>El Alcalde Enrique Galindo ha delineado una ambiciosa agenda para el a\u00f1o 2026, enfocada en la mejora sustancial de la movilidad y la consolidaci\u00f3n de la seguridad p\u00fablica. Entre los proyectos clave se encuentran grandes obras de infraestructura vial como el desnivel del Saucito, el desnivel de la Salida a Guadalajara, el puente Villamagna y el R\u00edo Espa\u00f1ita, que buscan modernizar la red de transporte de la ciudad. Estas iniciativas, que se realizar\u00e1n en coordinaci\u00f3n con distintos niveles de gobierno, representan un compromiso firme con el desarrollo urbano y la calidad de vida de los potosinos, prometiendo un impacto significativo en la fluidez del tr\u00e1fico y la conectividad.<\/p>\n\n\n\n<p>En el \u00e1mbito de la seguridad, la administraci\u00f3n municipal continuar\u00e1 fortaleciendo su liderazgo en la prevenci\u00f3n del delito, especialmente en lo que respecta a menores de edad y el uso de tecnolog\u00edas digitales. La polic\u00eda cibern\u00e9tica de San Luis Potos\u00ed, reconocida como una de las cinco certificadas a nivel nacional, seguir\u00e1 siendo un pilar fundamental en esta estrategia. Adem\u00e1s, se buscar\u00e1 obtener la certificaci\u00f3n ISO 9000 en seguridad p\u00fablica, un proyecto que subraya el compromiso con la excelencia y la credibilidad de las fuerzas del orden, consolidando a la polic\u00eda local entre las mejores del pa\u00eds.<\/p>\n\n\n\n<p>El Alcalde Enrique Galindo reiter\u00f3 su dedicaci\u00f3n a la gesti\u00f3n municipal, con la aspiraci\u00f3n de que el quinto a\u00f1o de su administraci\u00f3n sea &#8220;muy poderoso&#8221; en el desarrollo de la ciudad. Su enfoque est\u00e1 puesto en la ejecuci\u00f3n de estos proyectos transformadores, buscando que los ciudadanos se sientan orgullosos de su capital. La visi\u00f3n para 2026 es clara: una ciudad con una movilidad mejorada y una seguridad p\u00fablica de vanguardia, cimentada en la innovaci\u00f3n y la eficiencia.<\/p>\n\n\n\n<p>Adem\u00e1s, el Alcalde Enrique Galindo destac\u00f3 que los retos hacia 2026 tambi\u00e9n incluyen fortalecer la protecci\u00f3n de ni\u00f1as, ni\u00f1os y adolescentes en entornos digitales, mediante el uso responsable de nuevas tecnolog\u00edas. Se\u00f1al\u00f3 que San Luis Capital ya es una de las pocas ciudades del pa\u00eds con una Polic\u00eda Cibern\u00e9tica certificada para la prevenci\u00f3n de delitos en l\u00ednea, lo que permite complementar la agenda de inclusi\u00f3n y accesibilidad con una visi\u00f3n moderna que atiende las necesidades reales de las familias.<\/p>\n","protected":false},"excerpt":{"rendered":"<p>El Alcalde Enrique Galindo ha delineado una ambiciosa agenda para el a\u00f1o 2026, enfocada en la mejora sustancial de la<\/p>\n","protected":false},"author":2,"featured_media":16477,"comment_status":"closed","ping_status":"closed","sticky":false,"template":"","format":"standard","meta":{"footnotes":""},"categories":[25,30],"tags":[],"class_list":["post-16475","post","type-post","status-publish","format-standard","has-post-thumbnail","hentry","category-local","category-portada"],"yoast_head":"<!-- This site is optimized with the Yoast SEO plugin v24.1 - https:\/\/yoast.com\/wordpress\/plugins\/seo\/ -->\n<title>2026, a\u00f1o de consolidaci\u00f3n de la movilidad y la seguridad en San Luis Capital: Alcalde Galindo - sanluisinforma.com<\/title>\n<meta name=\"robots\" content=\"index, follow, max-snippet:-1, max-image-preview:large, max-video-preview:-1\" \/>\n<link rel=\"canonical\" href=\"https:\/\/sanluisinforma.com\/?p=16475\" \/>\n<meta property=\"og:locale\" content=\"es_MX\" \/>\n<meta property=\"og:type\" content=\"article\" \/>\n<meta property=\"og:title\" content=\"2026, a\u00f1o de consolidaci\u00f3n de la movilidad y la seguridad en San Luis Capital: Alcalde Galindo - sanluisinforma.com\" \/>\n<meta property=\"og:description\" content=\"El Alcalde Enrique Galindo ha delineado una ambiciosa agenda para el a\u00f1o 2026, enfocada en la mejora sustancial de la\" \/>\n<meta property=\"og:url\" content=\"https:\/\/sanluisinforma.com\/?p=16475\" \/>\n<meta property=\"og:site_name\" content=\"sanluisinforma.com\" \/>\n<meta property=\"article:published_time\" content=\"2025-12-13T06:50:00+00:00\" \/>\n<meta property=\"article:modified_time\" content=\"2025-12-13T04:17:40+00:00\" \/>\n<meta property=\"og:image\" content=\"https:\/\/sanluisinforma.com\/wp-content\/uploads\/2025\/12\/PHOTO-2025-12-.jpg\" \/>\n\t<meta property=\"og:image:width\" content=\"400\" \/>\n\t<meta property=\"og:image:height\" content=\"285\" \/>\n\t<meta property=\"og:image:type\" content=\"image\/jpeg\" \/>\n<meta name=\"author\" content=\"sanluisinforma.com\" \/>\n<meta name=\"twitter:card\" content=\"summary_large_image\" \/>\n<meta name=\"twitter:label1\" content=\"Escrito por\" \/>\n\t<meta name=\"twitter:data1\" content=\"sanluisinforma.com\" \/>\n\t<meta name=\"twitter:label2\" content=\"Tiempo de lectura\" \/>\n\t<meta name=\"twitter:data2\" content=\"3 minutos\" \/>\n<script type=\"application\/ld+json\" class=\"yoast-schema-graph\">{\"@context\":\"https:\/\/schema.org\",\"@graph\":[{\"@type\":\"Article\",\"@id\":\"https:\/\/sanluisinforma.com\/?p=16475#article\",\"isPartOf\":{\"@id\":\"https:\/\/sanluisinforma.com\/?p=16475\"},\"author\":{\"name\":\"sanluisinforma.com\",\"@id\":\"https:\/\/sanluisinforma.com\/#\/schema\/person\/c30648f71476be533b6f59d092905c8b\"},\"headline\":\"2026, a\u00f1o de consolidaci\u00f3n de la movilidad y la seguridad en San Luis Capital: Alcalde Galindo\",\"datePublished\":\"2025-12-13T06:50:00+00:00\",\"dateModified\":\"2025-12-13T04:17:40+00:00\",\"mainEntityOfPage\":{\"@id\":\"https:\/\/sanluisinforma.com\/?p=16475\"},\"wordCount\":459,\"publisher\":{\"@id\":\"https:\/\/sanluisinforma.com\/#organization\"},\"image\":{\"@id\":\"https:\/\/sanluisinforma.com\/?p=16475#primaryimage\"},\"thumbnailUrl\":\"https:\/\/sanluisinforma.com\/wp-content\/uploads\/2025\/12\/PHOTO-2025-12-.jpg\",\"articleSection\":[\"Local\",\"Portada\"],\"inLanguage\":\"es\"},{\"@type\":\"WebPage\",\"@id\":\"https:\/\/sanluisinforma.com\/?p=16475\",\"url\":\"https:\/\/sanluisinforma.com\/?p=16475\",\"name\":\"2026, a\u00f1o de consolidaci\u00f3n de la movilidad y la seguridad en San Luis Capital: Alcalde Galindo - sanluisinforma.com\",\"isPartOf\":{\"@id\":\"https:\/\/sanluisinforma.com\/#website\"},\"primaryImageOfPage\":{\"@id\":\"https:\/\/sanluisinforma.com\/?p=16475#primaryimage\"},\"image\":{\"@id\":\"https:\/\/sanluisinforma.com\/?p=16475#primaryimage\"},\"thumbnailUrl\":\"https:\/\/sanluisinforma.com\/wp-content\/uploads\/2025\/12\/PHOTO-2025-12-.jpg\",\"datePublished\":\"2025-12-13T06:50:00+00:00\",\"dateModified\":\"2025-12-13T04:17:40+00:00\",\"breadcrumb\":{\"@id\":\"https:\/\/sanluisinforma.com\/?p=16475#breadcrumb\"},\"inLanguage\":\"es\",\"potentialAction\":[{\"@type\":\"ReadAction\",\"target\":[\"https:\/\/sanluisinforma.com\/?p=16475\"]}]},{\"@type\":\"ImageObject\",\"inLanguage\":\"es\",\"@id\":\"https:\/\/sanluisinforma.com\/?p=16475#primaryimage\",\"url\":\"https:\/\/sanluisinforma.com\/wp-content\/uploads\/2025\/12\/PHOTO-2025-12-.jpg\",\"contentUrl\":\"https:\/\/sanluisinforma.com\/wp-content\/uploads\/2025\/12\/PHOTO-2025-12-.jpg\",\"width\":400,\"height\":285},{\"@type\":\"BreadcrumbList\",\"@id\":\"https:\/\/sanluisinforma.com\/?p=16475#breadcrumb\",\"itemListElement\":[{\"@type\":\"ListItem\",\"position\":1,\"name\":\"Inicio\",\"item\":\"https:\/\/sanluisinforma.com\/\"},{\"@type\":\"ListItem\",\"position\":2,\"name\":\"2026, a\u00f1o de consolidaci\u00f3n de la movilidad y la seguridad en San Luis Capital: Alcalde Galindo\"}]},{\"@type\":\"WebSite\",\"@id\":\"https:\/\/sanluisinforma.com\/#website\",\"url\":\"https:\/\/sanluisinforma.com\/\",\"name\":\"sanluisinforma.com\",\"description\":\"Periodico San Luis Informa\",\"publisher\":{\"@id\":\"https:\/\/sanluisinforma.com\/#organization\"},\"potentialAction\":[{\"@type\":\"SearchAction\",\"target\":{\"@type\":\"EntryPoint\",\"urlTemplate\":\"https:\/\/sanluisinforma.com\/?s={search_term_string}\"},\"query-input\":{\"@type\":\"PropertyValueSpecification\",\"valueRequired\":true,\"valueName\":\"search_term_string\"}}],\"inLanguage\":\"es\"},{\"@type\":\"Organization\",\"@id\":\"https:\/\/sanluisinforma.com\/#organization\",\"name\":\"sanluisinforma.com\",\"url\":\"https:\/\/sanluisinforma.com\/\",\"logo\":{\"@type\":\"ImageObject\",\"inLanguage\":\"es\",\"@id\":\"https:\/\/sanluisinforma.com\/#\/schema\/logo\/image\/\",\"url\":\"https:\/\/sanluisinforma.com\/wp-content\/uploads\/2026\/03\/sanluisinforma-V.jpg\",\"contentUrl\":\"https:\/\/sanluisinforma.com\/wp-content\/uploads\/2026\/03\/sanluisinforma-V.jpg\",\"width\":500,\"height\":156,\"caption\":\"sanluisinforma.com\"},\"image\":{\"@id\":\"https:\/\/sanluisinforma.com\/#\/schema\/logo\/image\/\"}},{\"@type\":\"Person\",\"@id\":\"https:\/\/sanluisinforma.com\/#\/schema\/person\/c30648f71476be533b6f59d092905c8b\",\"name\":\"sanluisinforma.com\",\"image\":{\"@type\":\"ImageObject\",\"inLanguage\":\"es\",\"@id\":\"https:\/\/sanluisinforma.com\/#\/schema\/person\/image\/\",\"url\":\"https:\/\/secure.gravatar.com\/avatar\/86e3114e34a1eecefb963e0a02f0093f93b092dddb2fe1517596343751081a87?s=96&d=mm&r=g\",\"contentUrl\":\"https:\/\/secure.gravatar.com\/avatar\/86e3114e34a1eecefb963e0a02f0093f93b092dddb2fe1517596343751081a87?s=96&d=mm&r=g\",\"caption\":\"sanluisinforma.com\"},\"url\":\"https:\/\/sanluisinforma.com\/?author=2\"}]}<\/script>\n<!-- \/ Yoast SEO plugin. -->","yoast_head_json":{"title":"2026, a\u00f1o de consolidaci\u00f3n de la movilidad y la seguridad en San Luis Capital: Alcalde Galindo - sanluisinforma.com","robots":{"index":"index","follow":"follow","max-snippet":"max-snippet:-1","max-image-preview":"max-image-preview:large","max-video-preview":"max-video-preview:-1"},"canonical":"https:\/\/sanluisinforma.com\/?p=16475","og_locale":"es_MX","og_type":"article","og_title":"2026, a\u00f1o de consolidaci\u00f3n de la movilidad y la seguridad en San Luis Capital: Alcalde Galindo - sanluisinforma.com","og_description":"El Alcalde Enrique Galindo ha delineado una ambiciosa agenda para el a\u00f1o 2026, enfocada en la mejora sustancial de la","og_url":"https:\/\/sanluisinforma.com\/?p=16475","og_site_name":"sanluisinforma.com","article_published_time":"2025-12-13T06:50:00+00:00","article_modified_time":"2025-12-13T04:17:40+00:00","og_image":[{"width":400,"height":285,"url":"https:\/\/sanluisinforma.com\/wp-content\/uploads\/2025\/12\/PHOTO-2025-12-.jpg","type":"image\/jpeg"}],"author":"sanluisinforma.com","twitter_card":"summary_large_image","twitter_misc":{"Escrito por":"sanluisinforma.com","Tiempo de lectura":"3 minutos"},"schema":{"@context":"https:\/\/schema.org","@graph":[{"@type":"Article","@id":"https:\/\/sanluisinforma.com\/?p=16475#article","isPartOf":{"@id":"https:\/\/sanluisinforma.com\/?p=16475"},"author":{"name":"sanluisinforma.com","@id":"https:\/\/sanluisinforma.com\/#\/schema\/person\/c30648f71476be533b6f59d092905c8b"},"headline":"2026, a\u00f1o de consolidaci\u00f3n de la movilidad y la seguridad en San Luis Capital: Alcalde Galindo","datePublished":"2025-12-13T06:50:00+00:00","dateModified":"2025-12-13T04:17:40+00:00","mainEntityOfPage":{"@id":"https:\/\/sanluisinforma.com\/?p=16475"},"wordCount":459,"publisher":{"@id":"https:\/\/sanluisinforma.com\/#organization"},"image":{"@id":"https:\/\/sanluisinforma.com\/?p=16475#primaryimage"},"thumbnailUrl":"https:\/\/sanluisinforma.com\/wp-content\/uploads\/2025\/12\/PHOTO-2025-12-.jpg","articleSection":["Local","Portada"],"inLanguage":"es"},{"@type":"WebPage","@id":"https:\/\/sanluisinforma.com\/?p=16475","url":"https:\/\/sanluisinforma.com\/?p=16475","name":"2026, a\u00f1o de consolidaci\u00f3n de la movilidad y la seguridad en San Luis Capital: Alcalde Galindo - sanluisinforma.com","isPartOf":{"@id":"https:\/\/sanluisinforma.com\/#website"},"primaryImageOfPage":{"@id":"https:\/\/sanluisinforma.com\/?p=16475#primaryimage"},"image":{"@id":"https:\/\/sanluisinforma.com\/?p=16475#primaryimage"},"thumbnailUrl":"https:\/\/sanluisinforma.com\/wp-content\/uploads\/2025\/12\/PHOTO-2025-12-.jpg","datePublished":"2025-12-13T06:50:00+00:00","dateModified":"2025-12-13T04:17:40+00:00","breadcrumb":{"@id":"https:\/\/sanluisinforma.com\/?p=16475#breadcrumb"},"inLanguage":"es","potentialAction":[{"@type":"ReadAction","target":["https:\/\/sanluisinforma.com\/?p=16475"]}]},{"@type":"ImageObject","inLanguage":"es","@id":"https:\/\/sanluisinforma.com\/?p=16475#primaryimage","url":"https:\/\/sanluisinforma.com\/wp-content\/uploads\/2025\/12\/PHOTO-2025-12-.jpg","contentUrl":"https:\/\/sanluisinforma.com\/wp-content\/uploads\/2025\/12\/PHOTO-2025-12-.jpg","width":400,"height":285},{"@type":"BreadcrumbList","@id":"https:\/\/sanluisinforma.com\/?p=16475#breadcrumb","itemListElement":[{"@type":"ListItem","position":1,"name":"Inicio","item":"https:\/\/sanluisinforma.com\/"},{"@type":"ListItem","position":2,"name":"2026, a\u00f1o de consolidaci\u00f3n de la movilidad y la seguridad en San Luis Capital: Alcalde Galindo"}]},{"@type":"WebSite","@id":"https:\/\/sanluisinforma.com\/#website","url":"https:\/\/sanluisinforma.com\/","name":"sanluisinforma.com","description":"Periodico San Luis Informa","publisher":{"@id":"https:\/\/sanluisinforma.com\/#organization"},"potentialAction":[{"@type":"SearchAction","target":{"@type":"EntryPoint","urlTemplate":"https:\/\/sanluisinforma.com\/?s={search_term_string}"},"query-input":{"@type":"PropertyValueSpecification","valueRequired":true,"valueName":"search_term_string"}}],"inLanguage":"es"},{"@type":"Organization","@id":"https:\/\/sanluisinforma.com\/#organization","name":"sanluisinforma.com","url":"https:\/\/sanluisinforma.com\/","logo":{"@type":"ImageObject","inLanguage":"es","@id":"https:\/\/sanluisinforma.com\/#\/schema\/logo\/image\/","url":"https:\/\/sanluisinforma.com\/wp-content\/uploads\/2026\/03\/sanluisinforma-V.jpg","contentUrl":"https:\/\/sanluisinforma.com\/wp-content\/uploads\/2026\/03\/sanluisinforma-V.jpg","width":500,"height":156,"caption":"sanluisinforma.com"},"image":{"@id":"https:\/\/sanluisinforma.com\/#\/schema\/logo\/image\/"}},{"@type":"Person","@id":"https:\/\/sanluisinforma.com\/#\/schema\/person\/c30648f71476be533b6f59d092905c8b","name":"sanluisinforma.com","image":{"@type":"ImageObject","inLanguage":"es","@id":"https:\/\/sanluisinforma.com\/#\/schema\/person\/image\/","url":"https:\/\/secure.gravatar.com\/avatar\/86e3114e34a1eecefb963e0a02f0093f93b092dddb2fe1517596343751081a87?s=96&d=mm&r=g","contentUrl":"https:\/\/secure.gravatar.com\/avatar\/86e3114e34a1eecefb963e0a02f0093f93b092dddb2fe1517596343751081a87?s=96&d=mm&r=g","caption":"sanluisinforma.com"},"url":"https:\/\/sanluisinforma.com\/?author=2"}]}},"_links":{"self":[{"href":"https:\/\/sanluisinforma.com\/index.php?rest_route=\/wp\/v2\/posts\/16475","targetHints":{"allow":["GET"]}}],"collection":[{"href":"https:\/\/sanluisinforma.com\/index.php?rest_route=\/wp\/v2\/posts"}],"about":[{"href":"https:\/\/sanluisinforma.com\/index.php?rest_route=\/wp\/v2\/types\/post"}],"author":[{"embeddable":true,"href":"https:\/\/sanluisinforma.com\/index.php?rest_route=\/wp\/v2\/users\/2"}],"replies":[{"embeddable":true,"href":"https:\/\/sanluisinforma.com\/index.php?rest_route=%2Fwp%2Fv2%2Fcomments&post=16475"}],"version-history":[{"count":1,"href":"https:\/\/sanluisinforma.com\/index.php?rest_route=\/wp\/v2\/posts\/16475\/revisions"}],"predecessor-version":[{"id":16478,"href":"https:\/\/sanluisinforma.com\/index.php?rest_route=\/wp\/v2\/posts\/16475\/revisions\/16478"}],"wp:featuredmedia":[{"embeddable":true,"href":"https:\/\/sanluisinforma.com\/index.php?rest_route=\/wp\/v2\/media\/16477"}],"wp:attachment":[{"href":"https:\/\/sanluisinforma.com\/index.php?rest_route=%2Fwp%2Fv2%2Fmedia&parent=16475"}],"wp:term":[{"taxonomy":"category","embeddable":true,"href":"https:\/\/sanluisinforma.com\/index.php?rest_route=%2Fwp%2Fv2%2Fcategories&post=16475"},{"taxonomy":"post_tag","embeddable":true,"href":"https:\/\/sanluisinforma.com\/index.php?rest_route=%2Fwp%2Fv2%2Ftags&post=16475"}],"curies":[{"name":"wp","href":"https:\/\/api.w.org\/{rel}","templated":true}]}}