{"id":16482,"date":"2025-12-14T00:50:00","date_gmt":"2025-12-14T06:50:00","guid":{"rendered":"https:\/\/sanluisinforma.com\/?p=16482"},"modified":"2025-12-13T20:57:15","modified_gmt":"2025-12-14T02:57:15","slug":"suman-esfuerzos-federacion-estado-y-gobierno-de-la-capital-por-la-tranquilidad-y-seguridad-de-los-ciudadanos","status":"publish","type":"post","link":"https:\/\/sanluisinforma.com\/?p=16482","title":{"rendered":"Suman esfuerzos Federaci\u00f3n, Estado y Gobierno de la Capital por la tranquilidad y seguridad de los ciudadanos"},"content":{"rendered":"\n<p><\/p>\n\n\n\n<p>Por indicaciones del Gobernador del Estado Ricardo Gallardo, el Alcalde Enrique Galindo conjuntamente con el General de Brigada Roberto Bernal Ben\u00edtez de la Defensa; el General de Brigada Gaudencio Ramos Jim\u00e9nez de Guardia Nacional; el Secretario de Seguridad del Estado Jes\u00fas Ju\u00e1rez Hern\u00e1ndez y el Secretario Municipal Antonio de Jes\u00fas Villa Gutierrez; encabezaron una reuni\u00f3n de trabajo para implementar una estrategia conjunta de seguridad, prevenci\u00f3n y tranquilidad para los ciudadanos.<\/p>\n\n\n\n<p>Por indicaciones del Gobernador del Estado, Ricardo Gallardo Cardona, el Alcalde de San Luis Capital, Enrique Galindo Ceballos, conjuntamente con los titulares de la 12\u00aa zona militar de la Defensa, Guardia Nacional, Secretar\u00eda de Seguridad del Estado y Gobierno de la Capital, se traz\u00f3 la implementaci\u00f3n de una estrategia \u00fanica de coordinaci\u00f3n interinstitucional, durante una reuni\u00f3n en la Secretar\u00eda de Seguridad y Protecci\u00f3n Ciudadana Municipal, con el objetivo de fortalecer de manera conjunta las acciones que impulsan la paz, la tranquilidad, la seguridad y la cercan\u00eda con las y los habitantes del municipio de San Luis Potos\u00ed y su Zona Metropolitana.<\/p>\n\n\n\n<p>La estrategia est\u00e1 orientada a reforzar las acciones de prevenci\u00f3n del delito, proximidad social y vigilancia, con un enfoque directo en el bienestar y la tranquilidad de la ciudadan\u00eda.<\/p>\n\n\n\n<p>Para la implementaci\u00f3n de esta estrategia, el Alcalde present\u00f3 un diagn\u00f3stico y propuso establecer un protocolo coordinado de los tres \u00f3rdenes de gobierno en el \u00e1mbito de sus competencias, que sumen en un solo esfuerzo de seguridad, la cual contempla entre otras acciones, el despliegue coordinado de personal de las distintas corporaciones de seguridad en espacios p\u00fablicos, plazas comerciales y el Centro Hist\u00f3rico, zonas de alta afluencia durante la temporada decembrina.<\/p>\n\n\n\n<p>La misi\u00f3n de este esfuerzo conjunto es mantener una presencia cercana y permanente con la poblaci\u00f3n, garantizar entornos seguros y fortalecer la confianza ciudadana en las instituciones de seguridad.<\/p>\n\n\n\n<p>La reuni\u00f3n se llev\u00f3 a cabo en las instalaciones del C4 Municipal de la Secretar\u00eda de Seguridad y Protecci\u00f3n Ciudadana, con la participaci\u00f3n del titular de la 12\u00aa Zona Militar de la Defensa, General Brigadier Roberto Bernal Ben\u00edtez; el Coordinador Estatal de la Guardia Nacional, General Brigadier Gaudencio Ramos Jim\u00e9nez; el Presidente Municipal de la Capital, Enrique Galindo Ceballos; el titular del 40 Batall\u00f3n de Infanter\u00eda, Coronel Gibr\u00e1n Jalil D\u00edaz del Castillo M\u00e9ndez; el Secretario de Seguridad y Protecci\u00f3n Ciudadana del Estado, Jes\u00fas Ju\u00e1rez Hern\u00e1ndez; el Secretario de Seguridad y Protecci\u00f3n Ciudadana de la Capital, Juan Antonio Villa Guti\u00e9rrez; as\u00ed como la titular de la Direcci\u00f3n de Prevenci\u00f3n Social de la Violencia, Comandante Irma Morales Hern\u00e1ndez.<\/p>\n","protected":false},"excerpt":{"rendered":"<p>Por indicaciones del Gobernador del Estado Ricardo Gallardo, el Alcalde Enrique Galindo conjuntamente con el General de Brigada Roberto Bernal<\/p>\n","protected":false},"author":2,"featured_media":16483,"comment_status":"closed","ping_status":"closed","sticky":false,"template":"","format":"standard","meta":{"footnotes":""},"categories":[25,30],"tags":[],"class_list":["post-16482","post","type-post","status-publish","format-standard","has-post-thumbnail","hentry","category-local","category-portada"],"yoast_head":"<!-- This site is optimized with the Yoast SEO plugin v24.1 - https:\/\/yoast.com\/wordpress\/plugins\/seo\/ -->\n<title>Suman esfuerzos Federaci\u00f3n, Estado y Gobierno de la Capital por la tranquilidad y seguridad de los ciudadanos - sanluisinforma.com<\/title>\n<meta name=\"robots\" content=\"index, follow, max-snippet:-1, max-image-preview:large, max-video-preview:-1\" \/>\n<link rel=\"canonical\" href=\"https:\/\/sanluisinforma.com\/?p=16482\" \/>\n<meta property=\"og:locale\" content=\"es_MX\" \/>\n<meta property=\"og:type\" content=\"article\" \/>\n<meta property=\"og:title\" content=\"Suman esfuerzos Federaci\u00f3n, Estado y Gobierno de la Capital por la tranquilidad y seguridad de los ciudadanos - sanluisinforma.com\" \/>\n<meta property=\"og:description\" content=\"Por indicaciones del Gobernador del Estado Ricardo Gallardo, el Alcalde Enrique Galindo conjuntamente con el General de Brigada Roberto Bernal\" \/>\n<meta property=\"og:url\" content=\"https:\/\/sanluisinforma.com\/?p=16482\" \/>\n<meta property=\"og:site_name\" content=\"sanluisinforma.com\" \/>\n<meta property=\"article:published_time\" content=\"2025-12-14T06:50:00+00:00\" \/>\n<meta property=\"article:modified_time\" content=\"2025-12-14T02:57:15+00:00\" \/>\n<meta property=\"og:image\" content=\"https:\/\/sanluisinforma.com\/wp-content\/uploads\/2025\/12\/Descarga-1.jpg\" \/>\n\t<meta property=\"og:image:width\" content=\"400\" \/>\n\t<meta property=\"og:image:height\" content=\"258\" \/>\n\t<meta property=\"og:image:type\" content=\"image\/jpeg\" \/>\n<meta name=\"author\" content=\"sanluisinforma.com\" \/>\n<meta name=\"twitter:card\" content=\"summary_large_image\" \/>\n<meta name=\"twitter:label1\" content=\"Escrito por\" \/>\n\t<meta name=\"twitter:data1\" content=\"sanluisinforma.com\" \/>\n\t<meta name=\"twitter:label2\" content=\"Tiempo de lectura\" \/>\n\t<meta name=\"twitter:data2\" content=\"3 minutos\" \/>\n<script type=\"application\/ld+json\" class=\"yoast-schema-graph\">{\"@context\":\"https:\/\/schema.org\",\"@graph\":[{\"@type\":\"Article\",\"@id\":\"https:\/\/sanluisinforma.com\/?p=16482#article\",\"isPartOf\":{\"@id\":\"https:\/\/sanluisinforma.com\/?p=16482\"},\"author\":{\"name\":\"sanluisinforma.com\",\"@id\":\"https:\/\/sanluisinforma.com\/#\/schema\/person\/c30648f71476be533b6f59d092905c8b\"},\"headline\":\"Suman esfuerzos Federaci\u00f3n, Estado y Gobierno de la Capital por la tranquilidad y seguridad de los ciudadanos\",\"datePublished\":\"2025-12-14T06:50:00+00:00\",\"dateModified\":\"2025-12-14T02:57:15+00:00\",\"mainEntityOfPage\":{\"@id\":\"https:\/\/sanluisinforma.com\/?p=16482\"},\"wordCount\":474,\"publisher\":{\"@id\":\"https:\/\/sanluisinforma.com\/#organization\"},\"image\":{\"@id\":\"https:\/\/sanluisinforma.com\/?p=16482#primaryimage\"},\"thumbnailUrl\":\"https:\/\/sanluisinforma.com\/wp-content\/uploads\/2025\/12\/Descarga-1.jpg\",\"articleSection\":[\"Local\",\"Portada\"],\"inLanguage\":\"es\"},{\"@type\":\"WebPage\",\"@id\":\"https:\/\/sanluisinforma.com\/?p=16482\",\"url\":\"https:\/\/sanluisinforma.com\/?p=16482\",\"name\":\"Suman esfuerzos Federaci\u00f3n, Estado y Gobierno de la Capital por la tranquilidad y seguridad de los ciudadanos - sanluisinforma.com\",\"isPartOf\":{\"@id\":\"https:\/\/sanluisinforma.com\/#website\"},\"primaryImageOfPage\":{\"@id\":\"https:\/\/sanluisinforma.com\/?p=16482#primaryimage\"},\"image\":{\"@id\":\"https:\/\/sanluisinforma.com\/?p=16482#primaryimage\"},\"thumbnailUrl\":\"https:\/\/sanluisinforma.com\/wp-content\/uploads\/2025\/12\/Descarga-1.jpg\",\"datePublished\":\"2025-12-14T06:50:00+00:00\",\"dateModified\":\"2025-12-14T02:57:15+00:00\",\"breadcrumb\":{\"@id\":\"https:\/\/sanluisinforma.com\/?p=16482#breadcrumb\"},\"inLanguage\":\"es\",\"potentialAction\":[{\"@type\":\"ReadAction\",\"target\":[\"https:\/\/sanluisinforma.com\/?p=16482\"]}]},{\"@type\":\"ImageObject\",\"inLanguage\":\"es\",\"@id\":\"https:\/\/sanluisinforma.com\/?p=16482#primaryimage\",\"url\":\"https:\/\/sanluisinforma.com\/wp-content\/uploads\/2025\/12\/Descarga-1.jpg\",\"contentUrl\":\"https:\/\/sanluisinforma.com\/wp-content\/uploads\/2025\/12\/Descarga-1.jpg\",\"width\":400,\"height\":258},{\"@type\":\"BreadcrumbList\",\"@id\":\"https:\/\/sanluisinforma.com\/?p=16482#breadcrumb\",\"itemListElement\":[{\"@type\":\"ListItem\",\"position\":1,\"name\":\"Inicio\",\"item\":\"https:\/\/sanluisinforma.com\/\"},{\"@type\":\"ListItem\",\"position\":2,\"name\":\"Suman esfuerzos Federaci\u00f3n, Estado y Gobierno de la Capital por la tranquilidad y seguridad de los ciudadanos\"}]},{\"@type\":\"WebSite\",\"@id\":\"https:\/\/sanluisinforma.com\/#website\",\"url\":\"https:\/\/sanluisinforma.com\/\",\"name\":\"sanluisinforma.com\",\"description\":\"Periodico San Luis Informa\",\"publisher\":{\"@id\":\"https:\/\/sanluisinforma.com\/#organization\"},\"potentialAction\":[{\"@type\":\"SearchAction\",\"target\":{\"@type\":\"EntryPoint\",\"urlTemplate\":\"https:\/\/sanluisinforma.com\/?s={search_term_string}\"},\"query-input\":{\"@type\":\"PropertyValueSpecification\",\"valueRequired\":true,\"valueName\":\"search_term_string\"}}],\"inLanguage\":\"es\"},{\"@type\":\"Organization\",\"@id\":\"https:\/\/sanluisinforma.com\/#organization\",\"name\":\"sanluisinforma.com\",\"url\":\"https:\/\/sanluisinforma.com\/\",\"logo\":{\"@type\":\"ImageObject\",\"inLanguage\":\"es\",\"@id\":\"https:\/\/sanluisinforma.com\/#\/schema\/logo\/image\/\",\"url\":\"https:\/\/sanluisinforma.com\/wp-content\/uploads\/2026\/03\/sanluisinforma-V.jpg\",\"contentUrl\":\"https:\/\/sanluisinforma.com\/wp-content\/uploads\/2026\/03\/sanluisinforma-V.jpg\",\"width\":500,\"height\":156,\"caption\":\"sanluisinforma.com\"},\"image\":{\"@id\":\"https:\/\/sanluisinforma.com\/#\/schema\/logo\/image\/\"}},{\"@type\":\"Person\",\"@id\":\"https:\/\/sanluisinforma.com\/#\/schema\/person\/c30648f71476be533b6f59d092905c8b\",\"name\":\"sanluisinforma.com\",\"image\":{\"@type\":\"ImageObject\",\"inLanguage\":\"es\",\"@id\":\"https:\/\/sanluisinforma.com\/#\/schema\/person\/image\/\",\"url\":\"https:\/\/secure.gravatar.com\/avatar\/86e3114e34a1eecefb963e0a02f0093f93b092dddb2fe1517596343751081a87?s=96&d=mm&r=g\",\"contentUrl\":\"https:\/\/secure.gravatar.com\/avatar\/86e3114e34a1eecefb963e0a02f0093f93b092dddb2fe1517596343751081a87?s=96&d=mm&r=g\",\"caption\":\"sanluisinforma.com\"},\"url\":\"https:\/\/sanluisinforma.com\/?author=2\"}]}<\/script>\n<!-- \/ Yoast SEO plugin. -->","yoast_head_json":{"title":"Suman esfuerzos Federaci\u00f3n, Estado y Gobierno de la Capital por la tranquilidad y seguridad de los ciudadanos - sanluisinforma.com","robots":{"index":"index","follow":"follow","max-snippet":"max-snippet:-1","max-image-preview":"max-image-preview:large","max-video-preview":"max-video-preview:-1"},"canonical":"https:\/\/sanluisinforma.com\/?p=16482","og_locale":"es_MX","og_type":"article","og_title":"Suman esfuerzos Federaci\u00f3n, Estado y Gobierno de la Capital por la tranquilidad y seguridad de los ciudadanos - sanluisinforma.com","og_description":"Por indicaciones del Gobernador del Estado Ricardo Gallardo, el Alcalde Enrique Galindo conjuntamente con el General de Brigada Roberto Bernal","og_url":"https:\/\/sanluisinforma.com\/?p=16482","og_site_name":"sanluisinforma.com","article_published_time":"2025-12-14T06:50:00+00:00","article_modified_time":"2025-12-14T02:57:15+00:00","og_image":[{"width":400,"height":258,"url":"https:\/\/sanluisinforma.com\/wp-content\/uploads\/2025\/12\/Descarga-1.jpg","type":"image\/jpeg"}],"author":"sanluisinforma.com","twitter_card":"summary_large_image","twitter_misc":{"Escrito por":"sanluisinforma.com","Tiempo de lectura":"3 minutos"},"schema":{"@context":"https:\/\/schema.org","@graph":[{"@type":"Article","@id":"https:\/\/sanluisinforma.com\/?p=16482#article","isPartOf":{"@id":"https:\/\/sanluisinforma.com\/?p=16482"},"author":{"name":"sanluisinforma.com","@id":"https:\/\/sanluisinforma.com\/#\/schema\/person\/c30648f71476be533b6f59d092905c8b"},"headline":"Suman esfuerzos Federaci\u00f3n, Estado y Gobierno de la Capital por la tranquilidad y seguridad de los ciudadanos","datePublished":"2025-12-14T06:50:00+00:00","dateModified":"2025-12-14T02:57:15+00:00","mainEntityOfPage":{"@id":"https:\/\/sanluisinforma.com\/?p=16482"},"wordCount":474,"publisher":{"@id":"https:\/\/sanluisinforma.com\/#organization"},"image":{"@id":"https:\/\/sanluisinforma.com\/?p=16482#primaryimage"},"thumbnailUrl":"https:\/\/sanluisinforma.com\/wp-content\/uploads\/2025\/12\/Descarga-1.jpg","articleSection":["Local","Portada"],"inLanguage":"es"},{"@type":"WebPage","@id":"https:\/\/sanluisinforma.com\/?p=16482","url":"https:\/\/sanluisinforma.com\/?p=16482","name":"Suman esfuerzos Federaci\u00f3n, Estado y Gobierno de la Capital por la tranquilidad y seguridad de los ciudadanos - sanluisinforma.com","isPartOf":{"@id":"https:\/\/sanluisinforma.com\/#website"},"primaryImageOfPage":{"@id":"https:\/\/sanluisinforma.com\/?p=16482#primaryimage"},"image":{"@id":"https:\/\/sanluisinforma.com\/?p=16482#primaryimage"},"thumbnailUrl":"https:\/\/sanluisinforma.com\/wp-content\/uploads\/2025\/12\/Descarga-1.jpg","datePublished":"2025-12-14T06:50:00+00:00","dateModified":"2025-12-14T02:57:15+00:00","breadcrumb":{"@id":"https:\/\/sanluisinforma.com\/?p=16482#breadcrumb"},"inLanguage":"es","potentialAction":[{"@type":"ReadAction","target":["https:\/\/sanluisinforma.com\/?p=16482"]}]},{"@type":"ImageObject","inLanguage":"es","@id":"https:\/\/sanluisinforma.com\/?p=16482#primaryimage","url":"https:\/\/sanluisinforma.com\/wp-content\/uploads\/2025\/12\/Descarga-1.jpg","contentUrl":"https:\/\/sanluisinforma.com\/wp-content\/uploads\/2025\/12\/Descarga-1.jpg","width":400,"height":258},{"@type":"BreadcrumbList","@id":"https:\/\/sanluisinforma.com\/?p=16482#breadcrumb","itemListElement":[{"@type":"ListItem","position":1,"name":"Inicio","item":"https:\/\/sanluisinforma.com\/"},{"@type":"ListItem","position":2,"name":"Suman esfuerzos Federaci\u00f3n, Estado y Gobierno de la Capital por la tranquilidad y seguridad de los ciudadanos"}]},{"@type":"WebSite","@id":"https:\/\/sanluisinforma.com\/#website","url":"https:\/\/sanluisinforma.com\/","name":"sanluisinforma.com","description":"Periodico San Luis Informa","publisher":{"@id":"https:\/\/sanluisinforma.com\/#organization"},"potentialAction":[{"@type":"SearchAction","target":{"@type":"EntryPoint","urlTemplate":"https:\/\/sanluisinforma.com\/?s={search_term_string}"},"query-input":{"@type":"PropertyValueSpecification","valueRequired":true,"valueName":"search_term_string"}}],"inLanguage":"es"},{"@type":"Organization","@id":"https:\/\/sanluisinforma.com\/#organization","name":"sanluisinforma.com","url":"https:\/\/sanluisinforma.com\/","logo":{"@type":"ImageObject","inLanguage":"es","@id":"https:\/\/sanluisinforma.com\/#\/schema\/logo\/image\/","url":"https:\/\/sanluisinforma.com\/wp-content\/uploads\/2026\/03\/sanluisinforma-V.jpg","contentUrl":"https:\/\/sanluisinforma.com\/wp-content\/uploads\/2026\/03\/sanluisinforma-V.jpg","width":500,"height":156,"caption":"sanluisinforma.com"},"image":{"@id":"https:\/\/sanluisinforma.com\/#\/schema\/logo\/image\/"}},{"@type":"Person","@id":"https:\/\/sanluisinforma.com\/#\/schema\/person\/c30648f71476be533b6f59d092905c8b","name":"sanluisinforma.com","image":{"@type":"ImageObject","inLanguage":"es","@id":"https:\/\/sanluisinforma.com\/#\/schema\/person\/image\/","url":"https:\/\/secure.gravatar.com\/avatar\/86e3114e34a1eecefb963e0a02f0093f93b092dddb2fe1517596343751081a87?s=96&d=mm&r=g","contentUrl":"https:\/\/secure.gravatar.com\/avatar\/86e3114e34a1eecefb963e0a02f0093f93b092dddb2fe1517596343751081a87?s=96&d=mm&r=g","caption":"sanluisinforma.com"},"url":"https:\/\/sanluisinforma.com\/?author=2"}]}},"_links":{"self":[{"href":"https:\/\/sanluisinforma.com\/index.php?rest_route=\/wp\/v2\/posts\/16482","targetHints":{"allow":["GET"]}}],"collection":[{"href":"https:\/\/sanluisinforma.com\/index.php?rest_route=\/wp\/v2\/posts"}],"about":[{"href":"https:\/\/sanluisinforma.com\/index.php?rest_route=\/wp\/v2\/types\/post"}],"author":[{"embeddable":true,"href":"https:\/\/sanluisinforma.com\/index.php?rest_route=\/wp\/v2\/users\/2"}],"replies":[{"embeddable":true,"href":"https:\/\/sanluisinforma.com\/index.php?rest_route=%2Fwp%2Fv2%2Fcomments&post=16482"}],"version-history":[{"count":1,"href":"https:\/\/sanluisinforma.com\/index.php?rest_route=\/wp\/v2\/posts\/16482\/revisions"}],"predecessor-version":[{"id":16484,"href":"https:\/\/sanluisinforma.com\/index.php?rest_route=\/wp\/v2\/posts\/16482\/revisions\/16484"}],"wp:featuredmedia":[{"embeddable":true,"href":"https:\/\/sanluisinforma.com\/index.php?rest_route=\/wp\/v2\/media\/16483"}],"wp:attachment":[{"href":"https:\/\/sanluisinforma.com\/index.php?rest_route=%2Fwp%2Fv2%2Fmedia&parent=16482"}],"wp:term":[{"taxonomy":"category","embeddable":true,"href":"https:\/\/sanluisinforma.com\/index.php?rest_route=%2Fwp%2Fv2%2Fcategories&post=16482"},{"taxonomy":"post_tag","embeddable":true,"href":"https:\/\/sanluisinforma.com\/index.php?rest_route=%2Fwp%2Fv2%2Ftags&post=16482"}],"curies":[{"name":"wp","href":"https:\/\/api.w.org\/{rel}","templated":true}]}}