{"id":16486,"date":"2025-12-14T00:45:00","date_gmt":"2025-12-14T06:45:00","guid":{"rendered":"https:\/\/sanluisinforma.com\/?p=16486"},"modified":"2025-12-13T20:56:47","modified_gmt":"2025-12-14T02:56:47","slug":"gobierno-de-la-capital-refuerza-limpieza-nocturna-en-la-calzada-de-guadalupe-tras-celebracion","status":"publish","type":"post","link":"https:\/\/sanluisinforma.com\/?p=16486","title":{"rendered":"Gobierno de la Capital refuerza limpieza nocturna en la Calzada de Guadalupe tras celebraci\u00f3n"},"content":{"rendered":"\n<p><\/p>\n\n\n\n<p>Tras la multitudinaria celebraci\u00f3n guadalupana, la Direcci\u00f3n de Servicios Municipales realiz\u00f3 labores intensivas de limpieza nocturna en la Calzada de Guadalupe para mantener el espacio limpio, ordenado y digno tras la gran afluencia de fieles y familias.<\/p>\n\n\n\n<p>Tras la multitudinaria celebraci\u00f3n en honor a la Virgen de Guadalupe, la Direcci\u00f3n de Servicios Municipales continu\u00f3 con labores intensivas de limpieza en la Calzada de Guadalupe, respondiendo al compromiso de mantener espacios p\u00fablicos limpios, ordenados y dignos para las y los visitantes. Las acciones se realizaron durante la noche con equipos especializados, con el fin de garantizar que este emblem\u00e1tico lugar recupere su ambiente tras la gran afluencia de fieles y familias.<\/p>\n\n\n\n<p>\u201cEl entusiasmo y la devoci\u00f3n que observamos en la Calzada de Guadalupe es motivo de orgullo; sin embargo, tambi\u00e9n implica una gran responsabilidad para mantener este espacio en las mejores condiciones. Trabajamos de manera constante, incluso tras la celebraci\u00f3n, para que quienes lo visitan lo encuentren en \u00f3ptimas condiciones\u201d, afirm\u00f3 la titular de Servicios Municipales. Asimismo, el equipo operativo reforz\u00f3 la recolecci\u00f3n de residuos, barrido y ordenamiento de \u00e1reas aleda\u00f1as.<\/p>\n\n\n\n<p>Con estas labores, el Gobierno Municipal refrenda su compromiso con un San Luis Amable, promoviendo entornos limpios y saludables para toda la comunidad. Se hace un llamado a la ciudadan\u00eda para sumarse a este esfuerzo y a trav\u00e9s de acciones responsables contribuir a que los espacios p\u00fablicos se mantengan limpios y acogedores para todas y todos.<\/p>\n","protected":false},"excerpt":{"rendered":"<p>Tras la multitudinaria celebraci\u00f3n guadalupana, la Direcci\u00f3n de Servicios Municipales realiz\u00f3 labores intensivas de limpieza nocturna en la Calzada de<\/p>\n","protected":false},"author":2,"featured_media":16487,"comment_status":"closed","ping_status":"closed","sticky":false,"template":"","format":"standard","meta":{"footnotes":""},"categories":[25,30],"tags":[],"class_list":["post-16486","post","type-post","status-publish","format-standard","has-post-thumbnail","hentry","category-local","category-portada"],"yoast_head":"<!-- This site is optimized with the Yoast SEO plugin v24.1 - https:\/\/yoast.com\/wordpress\/plugins\/seo\/ -->\n<title>Gobierno de la Capital refuerza limpieza nocturna en la Calzada de Guadalupe tras celebraci\u00f3n - sanluisinforma.com<\/title>\n<meta name=\"robots\" content=\"index, follow, max-snippet:-1, max-image-preview:large, max-video-preview:-1\" \/>\n<link rel=\"canonical\" href=\"https:\/\/sanluisinforma.com\/?p=16486\" \/>\n<meta property=\"og:locale\" content=\"es_MX\" \/>\n<meta property=\"og:type\" content=\"article\" \/>\n<meta property=\"og:title\" content=\"Gobierno de la Capital refuerza limpieza nocturna en la Calzada de Guadalupe tras celebraci\u00f3n - sanluisinforma.com\" \/>\n<meta property=\"og:description\" content=\"Tras la multitudinaria celebraci\u00f3n guadalupana, la Direcci\u00f3n de Servicios Municipales realiz\u00f3 labores intensivas de limpieza nocturna en la Calzada de\" \/>\n<meta property=\"og:url\" content=\"https:\/\/sanluisinforma.com\/?p=16486\" \/>\n<meta property=\"og:site_name\" content=\"sanluisinforma.com\" \/>\n<meta property=\"article:published_time\" content=\"2025-12-14T06:45:00+00:00\" \/>\n<meta property=\"article:modified_time\" content=\"2025-12-14T02:56:47+00:00\" \/>\n<meta property=\"og:image\" content=\"https:\/\/sanluisinforma.com\/wp-content\/uploads\/2025\/12\/unnamed-15.jpg\" \/>\n\t<meta property=\"og:image:width\" content=\"400\" \/>\n\t<meta property=\"og:image:height\" content=\"300\" \/>\n\t<meta property=\"og:image:type\" content=\"image\/jpeg\" \/>\n<meta name=\"author\" content=\"sanluisinforma.com\" \/>\n<meta name=\"twitter:card\" content=\"summary_large_image\" \/>\n<meta name=\"twitter:label1\" content=\"Escrito por\" \/>\n\t<meta name=\"twitter:data1\" content=\"sanluisinforma.com\" \/>\n\t<meta name=\"twitter:label2\" content=\"Tiempo de lectura\" \/>\n\t<meta name=\"twitter:data2\" content=\"2 minutos\" \/>\n<script type=\"application\/ld+json\" class=\"yoast-schema-graph\">{\"@context\":\"https:\/\/schema.org\",\"@graph\":[{\"@type\":\"Article\",\"@id\":\"https:\/\/sanluisinforma.com\/?p=16486#article\",\"isPartOf\":{\"@id\":\"https:\/\/sanluisinforma.com\/?p=16486\"},\"author\":{\"name\":\"sanluisinforma.com\",\"@id\":\"https:\/\/sanluisinforma.com\/#\/schema\/person\/c30648f71476be533b6f59d092905c8b\"},\"headline\":\"Gobierno de la Capital refuerza limpieza nocturna en la Calzada de Guadalupe tras celebraci\u00f3n\",\"datePublished\":\"2025-12-14T06:45:00+00:00\",\"dateModified\":\"2025-12-14T02:56:47+00:00\",\"mainEntityOfPage\":{\"@id\":\"https:\/\/sanluisinforma.com\/?p=16486\"},\"wordCount\":265,\"publisher\":{\"@id\":\"https:\/\/sanluisinforma.com\/#organization\"},\"image\":{\"@id\":\"https:\/\/sanluisinforma.com\/?p=16486#primaryimage\"},\"thumbnailUrl\":\"https:\/\/sanluisinforma.com\/wp-content\/uploads\/2025\/12\/unnamed-15.jpg\",\"articleSection\":[\"Local\",\"Portada\"],\"inLanguage\":\"es\"},{\"@type\":\"WebPage\",\"@id\":\"https:\/\/sanluisinforma.com\/?p=16486\",\"url\":\"https:\/\/sanluisinforma.com\/?p=16486\",\"name\":\"Gobierno de la Capital refuerza limpieza nocturna en la Calzada de Guadalupe tras celebraci\u00f3n - sanluisinforma.com\",\"isPartOf\":{\"@id\":\"https:\/\/sanluisinforma.com\/#website\"},\"primaryImageOfPage\":{\"@id\":\"https:\/\/sanluisinforma.com\/?p=16486#primaryimage\"},\"image\":{\"@id\":\"https:\/\/sanluisinforma.com\/?p=16486#primaryimage\"},\"thumbnailUrl\":\"https:\/\/sanluisinforma.com\/wp-content\/uploads\/2025\/12\/unnamed-15.jpg\",\"datePublished\":\"2025-12-14T06:45:00+00:00\",\"dateModified\":\"2025-12-14T02:56:47+00:00\",\"breadcrumb\":{\"@id\":\"https:\/\/sanluisinforma.com\/?p=16486#breadcrumb\"},\"inLanguage\":\"es\",\"potentialAction\":[{\"@type\":\"ReadAction\",\"target\":[\"https:\/\/sanluisinforma.com\/?p=16486\"]}]},{\"@type\":\"ImageObject\",\"inLanguage\":\"es\",\"@id\":\"https:\/\/sanluisinforma.com\/?p=16486#primaryimage\",\"url\":\"https:\/\/sanluisinforma.com\/wp-content\/uploads\/2025\/12\/unnamed-15.jpg\",\"contentUrl\":\"https:\/\/sanluisinforma.com\/wp-content\/uploads\/2025\/12\/unnamed-15.jpg\",\"width\":400,\"height\":300},{\"@type\":\"BreadcrumbList\",\"@id\":\"https:\/\/sanluisinforma.com\/?p=16486#breadcrumb\",\"itemListElement\":[{\"@type\":\"ListItem\",\"position\":1,\"name\":\"Inicio\",\"item\":\"https:\/\/sanluisinforma.com\/\"},{\"@type\":\"ListItem\",\"position\":2,\"name\":\"Gobierno de la Capital refuerza limpieza nocturna en la Calzada de Guadalupe tras celebraci\u00f3n\"}]},{\"@type\":\"WebSite\",\"@id\":\"https:\/\/sanluisinforma.com\/#website\",\"url\":\"https:\/\/sanluisinforma.com\/\",\"name\":\"sanluisinforma.com\",\"description\":\"Periodico San Luis Informa\",\"publisher\":{\"@id\":\"https:\/\/sanluisinforma.com\/#organization\"},\"potentialAction\":[{\"@type\":\"SearchAction\",\"target\":{\"@type\":\"EntryPoint\",\"urlTemplate\":\"https:\/\/sanluisinforma.com\/?s={search_term_string}\"},\"query-input\":{\"@type\":\"PropertyValueSpecification\",\"valueRequired\":true,\"valueName\":\"search_term_string\"}}],\"inLanguage\":\"es\"},{\"@type\":\"Organization\",\"@id\":\"https:\/\/sanluisinforma.com\/#organization\",\"name\":\"sanluisinforma.com\",\"url\":\"https:\/\/sanluisinforma.com\/\",\"logo\":{\"@type\":\"ImageObject\",\"inLanguage\":\"es\",\"@id\":\"https:\/\/sanluisinforma.com\/#\/schema\/logo\/image\/\",\"url\":\"https:\/\/sanluisinforma.com\/wp-content\/uploads\/2026\/03\/sanluisinforma-V.jpg\",\"contentUrl\":\"https:\/\/sanluisinforma.com\/wp-content\/uploads\/2026\/03\/sanluisinforma-V.jpg\",\"width\":500,\"height\":156,\"caption\":\"sanluisinforma.com\"},\"image\":{\"@id\":\"https:\/\/sanluisinforma.com\/#\/schema\/logo\/image\/\"}},{\"@type\":\"Person\",\"@id\":\"https:\/\/sanluisinforma.com\/#\/schema\/person\/c30648f71476be533b6f59d092905c8b\",\"name\":\"sanluisinforma.com\",\"image\":{\"@type\":\"ImageObject\",\"inLanguage\":\"es\",\"@id\":\"https:\/\/sanluisinforma.com\/#\/schema\/person\/image\/\",\"url\":\"https:\/\/secure.gravatar.com\/avatar\/86e3114e34a1eecefb963e0a02f0093f93b092dddb2fe1517596343751081a87?s=96&d=mm&r=g\",\"contentUrl\":\"https:\/\/secure.gravatar.com\/avatar\/86e3114e34a1eecefb963e0a02f0093f93b092dddb2fe1517596343751081a87?s=96&d=mm&r=g\",\"caption\":\"sanluisinforma.com\"},\"url\":\"https:\/\/sanluisinforma.com\/?author=2\"}]}<\/script>\n<!-- \/ Yoast SEO plugin. -->","yoast_head_json":{"title":"Gobierno de la Capital refuerza limpieza nocturna en la Calzada de Guadalupe tras celebraci\u00f3n - sanluisinforma.com","robots":{"index":"index","follow":"follow","max-snippet":"max-snippet:-1","max-image-preview":"max-image-preview:large","max-video-preview":"max-video-preview:-1"},"canonical":"https:\/\/sanluisinforma.com\/?p=16486","og_locale":"es_MX","og_type":"article","og_title":"Gobierno de la Capital refuerza limpieza nocturna en la Calzada de Guadalupe tras celebraci\u00f3n - sanluisinforma.com","og_description":"Tras la multitudinaria celebraci\u00f3n guadalupana, la Direcci\u00f3n de Servicios Municipales realiz\u00f3 labores intensivas de limpieza nocturna en la Calzada de","og_url":"https:\/\/sanluisinforma.com\/?p=16486","og_site_name":"sanluisinforma.com","article_published_time":"2025-12-14T06:45:00+00:00","article_modified_time":"2025-12-14T02:56:47+00:00","og_image":[{"width":400,"height":300,"url":"https:\/\/sanluisinforma.com\/wp-content\/uploads\/2025\/12\/unnamed-15.jpg","type":"image\/jpeg"}],"author":"sanluisinforma.com","twitter_card":"summary_large_image","twitter_misc":{"Escrito por":"sanluisinforma.com","Tiempo de lectura":"2 minutos"},"schema":{"@context":"https:\/\/schema.org","@graph":[{"@type":"Article","@id":"https:\/\/sanluisinforma.com\/?p=16486#article","isPartOf":{"@id":"https:\/\/sanluisinforma.com\/?p=16486"},"author":{"name":"sanluisinforma.com","@id":"https:\/\/sanluisinforma.com\/#\/schema\/person\/c30648f71476be533b6f59d092905c8b"},"headline":"Gobierno de la Capital refuerza limpieza nocturna en la Calzada de Guadalupe tras celebraci\u00f3n","datePublished":"2025-12-14T06:45:00+00:00","dateModified":"2025-12-14T02:56:47+00:00","mainEntityOfPage":{"@id":"https:\/\/sanluisinforma.com\/?p=16486"},"wordCount":265,"publisher":{"@id":"https:\/\/sanluisinforma.com\/#organization"},"image":{"@id":"https:\/\/sanluisinforma.com\/?p=16486#primaryimage"},"thumbnailUrl":"https:\/\/sanluisinforma.com\/wp-content\/uploads\/2025\/12\/unnamed-15.jpg","articleSection":["Local","Portada"],"inLanguage":"es"},{"@type":"WebPage","@id":"https:\/\/sanluisinforma.com\/?p=16486","url":"https:\/\/sanluisinforma.com\/?p=16486","name":"Gobierno de la Capital refuerza limpieza nocturna en la Calzada de Guadalupe tras celebraci\u00f3n - sanluisinforma.com","isPartOf":{"@id":"https:\/\/sanluisinforma.com\/#website"},"primaryImageOfPage":{"@id":"https:\/\/sanluisinforma.com\/?p=16486#primaryimage"},"image":{"@id":"https:\/\/sanluisinforma.com\/?p=16486#primaryimage"},"thumbnailUrl":"https:\/\/sanluisinforma.com\/wp-content\/uploads\/2025\/12\/unnamed-15.jpg","datePublished":"2025-12-14T06:45:00+00:00","dateModified":"2025-12-14T02:56:47+00:00","breadcrumb":{"@id":"https:\/\/sanluisinforma.com\/?p=16486#breadcrumb"},"inLanguage":"es","potentialAction":[{"@type":"ReadAction","target":["https:\/\/sanluisinforma.com\/?p=16486"]}]},{"@type":"ImageObject","inLanguage":"es","@id":"https:\/\/sanluisinforma.com\/?p=16486#primaryimage","url":"https:\/\/sanluisinforma.com\/wp-content\/uploads\/2025\/12\/unnamed-15.jpg","contentUrl":"https:\/\/sanluisinforma.com\/wp-content\/uploads\/2025\/12\/unnamed-15.jpg","width":400,"height":300},{"@type":"BreadcrumbList","@id":"https:\/\/sanluisinforma.com\/?p=16486#breadcrumb","itemListElement":[{"@type":"ListItem","position":1,"name":"Inicio","item":"https:\/\/sanluisinforma.com\/"},{"@type":"ListItem","position":2,"name":"Gobierno de la Capital refuerza limpieza nocturna en la Calzada de Guadalupe tras celebraci\u00f3n"}]},{"@type":"WebSite","@id":"https:\/\/sanluisinforma.com\/#website","url":"https:\/\/sanluisinforma.com\/","name":"sanluisinforma.com","description":"Periodico San Luis Informa","publisher":{"@id":"https:\/\/sanluisinforma.com\/#organization"},"potentialAction":[{"@type":"SearchAction","target":{"@type":"EntryPoint","urlTemplate":"https:\/\/sanluisinforma.com\/?s={search_term_string}"},"query-input":{"@type":"PropertyValueSpecification","valueRequired":true,"valueName":"search_term_string"}}],"inLanguage":"es"},{"@type":"Organization","@id":"https:\/\/sanluisinforma.com\/#organization","name":"sanluisinforma.com","url":"https:\/\/sanluisinforma.com\/","logo":{"@type":"ImageObject","inLanguage":"es","@id":"https:\/\/sanluisinforma.com\/#\/schema\/logo\/image\/","url":"https:\/\/sanluisinforma.com\/wp-content\/uploads\/2026\/03\/sanluisinforma-V.jpg","contentUrl":"https:\/\/sanluisinforma.com\/wp-content\/uploads\/2026\/03\/sanluisinforma-V.jpg","width":500,"height":156,"caption":"sanluisinforma.com"},"image":{"@id":"https:\/\/sanluisinforma.com\/#\/schema\/logo\/image\/"}},{"@type":"Person","@id":"https:\/\/sanluisinforma.com\/#\/schema\/person\/c30648f71476be533b6f59d092905c8b","name":"sanluisinforma.com","image":{"@type":"ImageObject","inLanguage":"es","@id":"https:\/\/sanluisinforma.com\/#\/schema\/person\/image\/","url":"https:\/\/secure.gravatar.com\/avatar\/86e3114e34a1eecefb963e0a02f0093f93b092dddb2fe1517596343751081a87?s=96&d=mm&r=g","contentUrl":"https:\/\/secure.gravatar.com\/avatar\/86e3114e34a1eecefb963e0a02f0093f93b092dddb2fe1517596343751081a87?s=96&d=mm&r=g","caption":"sanluisinforma.com"},"url":"https:\/\/sanluisinforma.com\/?author=2"}]}},"_links":{"self":[{"href":"https:\/\/sanluisinforma.com\/index.php?rest_route=\/wp\/v2\/posts\/16486","targetHints":{"allow":["GET"]}}],"collection":[{"href":"https:\/\/sanluisinforma.com\/index.php?rest_route=\/wp\/v2\/posts"}],"about":[{"href":"https:\/\/sanluisinforma.com\/index.php?rest_route=\/wp\/v2\/types\/post"}],"author":[{"embeddable":true,"href":"https:\/\/sanluisinforma.com\/index.php?rest_route=\/wp\/v2\/users\/2"}],"replies":[{"embeddable":true,"href":"https:\/\/sanluisinforma.com\/index.php?rest_route=%2Fwp%2Fv2%2Fcomments&post=16486"}],"version-history":[{"count":1,"href":"https:\/\/sanluisinforma.com\/index.php?rest_route=\/wp\/v2\/posts\/16486\/revisions"}],"predecessor-version":[{"id":16488,"href":"https:\/\/sanluisinforma.com\/index.php?rest_route=\/wp\/v2\/posts\/16486\/revisions\/16488"}],"wp:featuredmedia":[{"embeddable":true,"href":"https:\/\/sanluisinforma.com\/index.php?rest_route=\/wp\/v2\/media\/16487"}],"wp:attachment":[{"href":"https:\/\/sanluisinforma.com\/index.php?rest_route=%2Fwp%2Fv2%2Fmedia&parent=16486"}],"wp:term":[{"taxonomy":"category","embeddable":true,"href":"https:\/\/sanluisinforma.com\/index.php?rest_route=%2Fwp%2Fv2%2Fcategories&post=16486"},{"taxonomy":"post_tag","embeddable":true,"href":"https:\/\/sanluisinforma.com\/index.php?rest_route=%2Fwp%2Fv2%2Ftags&post=16486"}],"curies":[{"name":"wp","href":"https:\/\/api.w.org\/{rel}","templated":true}]}}