{"id":16493,"date":"2025-12-14T00:55:00","date_gmt":"2025-12-14T06:55:00","guid":{"rendered":"https:\/\/sanluisinforma.com\/?p=16493"},"modified":"2025-12-13T20:56:15","modified_gmt":"2025-12-14T02:56:15","slug":"ricardo-gallardo-promueve-a-san-luis-potosi-ante-el-embajador-de-portugal","status":"publish","type":"post","link":"https:\/\/sanluisinforma.com\/?p=16493","title":{"rendered":"Ricardo Gallardo promueve a San Luis Potos\u00ed ante el Embajador de Portugal"},"content":{"rendered":"\n<p>El Gobernador y el diplom\u00e1tico, destacaron oportunidades de inversi\u00f3n, turismo y cooperaci\u00f3n cultural entre el Estado y la naci\u00f3n europea.<\/p>\n\n\n\n<p>El Gobernador de San Luis Potos\u00ed Ricardo Gallardo Cardona, sostuvo un encuentro con el embajador de Portugal en M\u00e9xico Manuel Carvalho, con quien dialog\u00f3 sobre las fortalezas econ\u00f3micas, culturales y tur\u00edsticas que posicionan al Estado como uno de los destinos m\u00e1s atractivos para la inversi\u00f3n extranjera.<br>Durante la reuni\u00f3n acordaron abrir nuevos puentes de colaboraci\u00f3n entre Portugal y San Luis Potos\u00ed, tanto en el \u00e1mbito econ\u00f3mico como en el cultural, deportivo y tur\u00edstico.<br>El Mandatario potosino Ricardo Gallardo se\u00f1al\u00f3 que estas alianzas internacionales permitir\u00e1n diversificar la proyecci\u00f3n del Estado y consolidar su presencia en el escenario global, adem\u00e1s de reforzar la confianza empresarial y mostrar la competitividad que San Luis Potos\u00ed ha alcanzado en los \u00faltimos a\u00f1os.<br>Durante la reuni\u00f3n, el diplom\u00e1tico expres\u00f3 su sorpresa por el crecimiento de la Entidad, su infraestructura y el ambiente propicio para los negocios.<\/p>\n\n\n\n<figure class=\"wp-block-table\"><table class=\"has-fixed-layout\"><tbody><tr><td><\/td><td><\/td><\/tr><\/tbody><\/table><\/figure>\n","protected":false},"excerpt":{"rendered":"<p>El Gobernador y el diplom\u00e1tico, destacaron oportunidades de inversi\u00f3n, turismo y cooperaci\u00f3n cultural entre el Estado y la naci\u00f3n europea.<\/p>\n","protected":false},"author":2,"featured_media":16494,"comment_status":"closed","ping_status":"closed","sticky":false,"template":"","format":"standard","meta":{"footnotes":""},"categories":[25,30],"tags":[],"class_list":["post-16493","post","type-post","status-publish","format-standard","has-post-thumbnail","hentry","category-local","category-portada"],"yoast_head":"<!-- This site is optimized with the Yoast SEO plugin v24.1 - https:\/\/yoast.com\/wordpress\/plugins\/seo\/ -->\n<title>Ricardo Gallardo promueve a San Luis Potos\u00ed ante el Embajador de Portugal - sanluisinforma.com<\/title>\n<meta name=\"robots\" content=\"index, follow, max-snippet:-1, max-image-preview:large, max-video-preview:-1\" \/>\n<link rel=\"canonical\" href=\"https:\/\/sanluisinforma.com\/?p=16493\" \/>\n<meta property=\"og:locale\" content=\"es_MX\" \/>\n<meta property=\"og:type\" content=\"article\" \/>\n<meta property=\"og:title\" content=\"Ricardo Gallardo promueve a San Luis Potos\u00ed ante el Embajador de Portugal - sanluisinforma.com\" \/>\n<meta property=\"og:description\" content=\"El Gobernador y el diplom\u00e1tico, destacaron oportunidades de inversi\u00f3n, turismo y cooperaci\u00f3n cultural entre el Estado y la naci\u00f3n europea.\" \/>\n<meta property=\"og:url\" content=\"https:\/\/sanluisinforma.com\/?p=16493\" \/>\n<meta property=\"og:site_name\" content=\"sanluisinforma.com\" \/>\n<meta property=\"article:published_time\" content=\"2025-12-14T06:55:00+00:00\" \/>\n<meta property=\"article:modified_time\" content=\"2025-12-14T02:56:15+00:00\" \/>\n<meta property=\"og:image\" content=\"https:\/\/sanluisinforma.com\/wp-content\/uploads\/2025\/12\/unnamed-2-10.jpg\" \/>\n\t<meta property=\"og:image:width\" content=\"400\" \/>\n\t<meta property=\"og:image:height\" content=\"180\" \/>\n\t<meta property=\"og:image:type\" content=\"image\/jpeg\" \/>\n<meta name=\"author\" content=\"sanluisinforma.com\" \/>\n<meta name=\"twitter:card\" content=\"summary_large_image\" \/>\n<meta name=\"twitter:label1\" content=\"Escrito por\" \/>\n\t<meta name=\"twitter:data1\" content=\"sanluisinforma.com\" \/>\n\t<meta name=\"twitter:label2\" content=\"Tiempo de lectura\" \/>\n\t<meta name=\"twitter:data2\" content=\"1 minuto\" \/>\n<script type=\"application\/ld+json\" class=\"yoast-schema-graph\">{\"@context\":\"https:\/\/schema.org\",\"@graph\":[{\"@type\":\"Article\",\"@id\":\"https:\/\/sanluisinforma.com\/?p=16493#article\",\"isPartOf\":{\"@id\":\"https:\/\/sanluisinforma.com\/?p=16493\"},\"author\":{\"name\":\"sanluisinforma.com\",\"@id\":\"https:\/\/sanluisinforma.com\/#\/schema\/person\/c30648f71476be533b6f59d092905c8b\"},\"headline\":\"Ricardo Gallardo promueve a San Luis Potos\u00ed ante el Embajador de Portugal\",\"datePublished\":\"2025-12-14T06:55:00+00:00\",\"dateModified\":\"2025-12-14T02:56:15+00:00\",\"mainEntityOfPage\":{\"@id\":\"https:\/\/sanluisinforma.com\/?p=16493\"},\"wordCount\":192,\"publisher\":{\"@id\":\"https:\/\/sanluisinforma.com\/#organization\"},\"image\":{\"@id\":\"https:\/\/sanluisinforma.com\/?p=16493#primaryimage\"},\"thumbnailUrl\":\"https:\/\/sanluisinforma.com\/wp-content\/uploads\/2025\/12\/unnamed-2-10.jpg\",\"articleSection\":[\"Local\",\"Portada\"],\"inLanguage\":\"es\"},{\"@type\":\"WebPage\",\"@id\":\"https:\/\/sanluisinforma.com\/?p=16493\",\"url\":\"https:\/\/sanluisinforma.com\/?p=16493\",\"name\":\"Ricardo Gallardo promueve a San Luis Potos\u00ed ante el Embajador de Portugal - sanluisinforma.com\",\"isPartOf\":{\"@id\":\"https:\/\/sanluisinforma.com\/#website\"},\"primaryImageOfPage\":{\"@id\":\"https:\/\/sanluisinforma.com\/?p=16493#primaryimage\"},\"image\":{\"@id\":\"https:\/\/sanluisinforma.com\/?p=16493#primaryimage\"},\"thumbnailUrl\":\"https:\/\/sanluisinforma.com\/wp-content\/uploads\/2025\/12\/unnamed-2-10.jpg\",\"datePublished\":\"2025-12-14T06:55:00+00:00\",\"dateModified\":\"2025-12-14T02:56:15+00:00\",\"breadcrumb\":{\"@id\":\"https:\/\/sanluisinforma.com\/?p=16493#breadcrumb\"},\"inLanguage\":\"es\",\"potentialAction\":[{\"@type\":\"ReadAction\",\"target\":[\"https:\/\/sanluisinforma.com\/?p=16493\"]}]},{\"@type\":\"ImageObject\",\"inLanguage\":\"es\",\"@id\":\"https:\/\/sanluisinforma.com\/?p=16493#primaryimage\",\"url\":\"https:\/\/sanluisinforma.com\/wp-content\/uploads\/2025\/12\/unnamed-2-10.jpg\",\"contentUrl\":\"https:\/\/sanluisinforma.com\/wp-content\/uploads\/2025\/12\/unnamed-2-10.jpg\",\"width\":400,\"height\":180},{\"@type\":\"BreadcrumbList\",\"@id\":\"https:\/\/sanluisinforma.com\/?p=16493#breadcrumb\",\"itemListElement\":[{\"@type\":\"ListItem\",\"position\":1,\"name\":\"Inicio\",\"item\":\"https:\/\/sanluisinforma.com\/\"},{\"@type\":\"ListItem\",\"position\":2,\"name\":\"Ricardo Gallardo promueve a San Luis Potos\u00ed ante el Embajador de Portugal\"}]},{\"@type\":\"WebSite\",\"@id\":\"https:\/\/sanluisinforma.com\/#website\",\"url\":\"https:\/\/sanluisinforma.com\/\",\"name\":\"sanluisinforma.com\",\"description\":\"Periodico San Luis Informa\",\"publisher\":{\"@id\":\"https:\/\/sanluisinforma.com\/#organization\"},\"potentialAction\":[{\"@type\":\"SearchAction\",\"target\":{\"@type\":\"EntryPoint\",\"urlTemplate\":\"https:\/\/sanluisinforma.com\/?s={search_term_string}\"},\"query-input\":{\"@type\":\"PropertyValueSpecification\",\"valueRequired\":true,\"valueName\":\"search_term_string\"}}],\"inLanguage\":\"es\"},{\"@type\":\"Organization\",\"@id\":\"https:\/\/sanluisinforma.com\/#organization\",\"name\":\"sanluisinforma.com\",\"url\":\"https:\/\/sanluisinforma.com\/\",\"logo\":{\"@type\":\"ImageObject\",\"inLanguage\":\"es\",\"@id\":\"https:\/\/sanluisinforma.com\/#\/schema\/logo\/image\/\",\"url\":\"https:\/\/sanluisinforma.com\/wp-content\/uploads\/2026\/03\/sanluisinforma-V.jpg\",\"contentUrl\":\"https:\/\/sanluisinforma.com\/wp-content\/uploads\/2026\/03\/sanluisinforma-V.jpg\",\"width\":500,\"height\":156,\"caption\":\"sanluisinforma.com\"},\"image\":{\"@id\":\"https:\/\/sanluisinforma.com\/#\/schema\/logo\/image\/\"}},{\"@type\":\"Person\",\"@id\":\"https:\/\/sanluisinforma.com\/#\/schema\/person\/c30648f71476be533b6f59d092905c8b\",\"name\":\"sanluisinforma.com\",\"image\":{\"@type\":\"ImageObject\",\"inLanguage\":\"es\",\"@id\":\"https:\/\/sanluisinforma.com\/#\/schema\/person\/image\/\",\"url\":\"https:\/\/secure.gravatar.com\/avatar\/86e3114e34a1eecefb963e0a02f0093f93b092dddb2fe1517596343751081a87?s=96&d=mm&r=g\",\"contentUrl\":\"https:\/\/secure.gravatar.com\/avatar\/86e3114e34a1eecefb963e0a02f0093f93b092dddb2fe1517596343751081a87?s=96&d=mm&r=g\",\"caption\":\"sanluisinforma.com\"},\"url\":\"https:\/\/sanluisinforma.com\/?author=2\"}]}<\/script>\n<!-- \/ Yoast SEO plugin. -->","yoast_head_json":{"title":"Ricardo Gallardo promueve a San Luis Potos\u00ed ante el Embajador de Portugal - sanluisinforma.com","robots":{"index":"index","follow":"follow","max-snippet":"max-snippet:-1","max-image-preview":"max-image-preview:large","max-video-preview":"max-video-preview:-1"},"canonical":"https:\/\/sanluisinforma.com\/?p=16493","og_locale":"es_MX","og_type":"article","og_title":"Ricardo Gallardo promueve a San Luis Potos\u00ed ante el Embajador de Portugal - sanluisinforma.com","og_description":"El Gobernador y el diplom\u00e1tico, destacaron oportunidades de inversi\u00f3n, turismo y cooperaci\u00f3n cultural entre el Estado y la naci\u00f3n europea.","og_url":"https:\/\/sanluisinforma.com\/?p=16493","og_site_name":"sanluisinforma.com","article_published_time":"2025-12-14T06:55:00+00:00","article_modified_time":"2025-12-14T02:56:15+00:00","og_image":[{"width":400,"height":180,"url":"https:\/\/sanluisinforma.com\/wp-content\/uploads\/2025\/12\/unnamed-2-10.jpg","type":"image\/jpeg"}],"author":"sanluisinforma.com","twitter_card":"summary_large_image","twitter_misc":{"Escrito por":"sanluisinforma.com","Tiempo de lectura":"1 minuto"},"schema":{"@context":"https:\/\/schema.org","@graph":[{"@type":"Article","@id":"https:\/\/sanluisinforma.com\/?p=16493#article","isPartOf":{"@id":"https:\/\/sanluisinforma.com\/?p=16493"},"author":{"name":"sanluisinforma.com","@id":"https:\/\/sanluisinforma.com\/#\/schema\/person\/c30648f71476be533b6f59d092905c8b"},"headline":"Ricardo Gallardo promueve a San Luis Potos\u00ed ante el Embajador de Portugal","datePublished":"2025-12-14T06:55:00+00:00","dateModified":"2025-12-14T02:56:15+00:00","mainEntityOfPage":{"@id":"https:\/\/sanluisinforma.com\/?p=16493"},"wordCount":192,"publisher":{"@id":"https:\/\/sanluisinforma.com\/#organization"},"image":{"@id":"https:\/\/sanluisinforma.com\/?p=16493#primaryimage"},"thumbnailUrl":"https:\/\/sanluisinforma.com\/wp-content\/uploads\/2025\/12\/unnamed-2-10.jpg","articleSection":["Local","Portada"],"inLanguage":"es"},{"@type":"WebPage","@id":"https:\/\/sanluisinforma.com\/?p=16493","url":"https:\/\/sanluisinforma.com\/?p=16493","name":"Ricardo Gallardo promueve a San Luis Potos\u00ed ante el Embajador de Portugal - sanluisinforma.com","isPartOf":{"@id":"https:\/\/sanluisinforma.com\/#website"},"primaryImageOfPage":{"@id":"https:\/\/sanluisinforma.com\/?p=16493#primaryimage"},"image":{"@id":"https:\/\/sanluisinforma.com\/?p=16493#primaryimage"},"thumbnailUrl":"https:\/\/sanluisinforma.com\/wp-content\/uploads\/2025\/12\/unnamed-2-10.jpg","datePublished":"2025-12-14T06:55:00+00:00","dateModified":"2025-12-14T02:56:15+00:00","breadcrumb":{"@id":"https:\/\/sanluisinforma.com\/?p=16493#breadcrumb"},"inLanguage":"es","potentialAction":[{"@type":"ReadAction","target":["https:\/\/sanluisinforma.com\/?p=16493"]}]},{"@type":"ImageObject","inLanguage":"es","@id":"https:\/\/sanluisinforma.com\/?p=16493#primaryimage","url":"https:\/\/sanluisinforma.com\/wp-content\/uploads\/2025\/12\/unnamed-2-10.jpg","contentUrl":"https:\/\/sanluisinforma.com\/wp-content\/uploads\/2025\/12\/unnamed-2-10.jpg","width":400,"height":180},{"@type":"BreadcrumbList","@id":"https:\/\/sanluisinforma.com\/?p=16493#breadcrumb","itemListElement":[{"@type":"ListItem","position":1,"name":"Inicio","item":"https:\/\/sanluisinforma.com\/"},{"@type":"ListItem","position":2,"name":"Ricardo Gallardo promueve a San Luis Potos\u00ed ante el Embajador de Portugal"}]},{"@type":"WebSite","@id":"https:\/\/sanluisinforma.com\/#website","url":"https:\/\/sanluisinforma.com\/","name":"sanluisinforma.com","description":"Periodico San Luis Informa","publisher":{"@id":"https:\/\/sanluisinforma.com\/#organization"},"potentialAction":[{"@type":"SearchAction","target":{"@type":"EntryPoint","urlTemplate":"https:\/\/sanluisinforma.com\/?s={search_term_string}"},"query-input":{"@type":"PropertyValueSpecification","valueRequired":true,"valueName":"search_term_string"}}],"inLanguage":"es"},{"@type":"Organization","@id":"https:\/\/sanluisinforma.com\/#organization","name":"sanluisinforma.com","url":"https:\/\/sanluisinforma.com\/","logo":{"@type":"ImageObject","inLanguage":"es","@id":"https:\/\/sanluisinforma.com\/#\/schema\/logo\/image\/","url":"https:\/\/sanluisinforma.com\/wp-content\/uploads\/2026\/03\/sanluisinforma-V.jpg","contentUrl":"https:\/\/sanluisinforma.com\/wp-content\/uploads\/2026\/03\/sanluisinforma-V.jpg","width":500,"height":156,"caption":"sanluisinforma.com"},"image":{"@id":"https:\/\/sanluisinforma.com\/#\/schema\/logo\/image\/"}},{"@type":"Person","@id":"https:\/\/sanluisinforma.com\/#\/schema\/person\/c30648f71476be533b6f59d092905c8b","name":"sanluisinforma.com","image":{"@type":"ImageObject","inLanguage":"es","@id":"https:\/\/sanluisinforma.com\/#\/schema\/person\/image\/","url":"https:\/\/secure.gravatar.com\/avatar\/86e3114e34a1eecefb963e0a02f0093f93b092dddb2fe1517596343751081a87?s=96&d=mm&r=g","contentUrl":"https:\/\/secure.gravatar.com\/avatar\/86e3114e34a1eecefb963e0a02f0093f93b092dddb2fe1517596343751081a87?s=96&d=mm&r=g","caption":"sanluisinforma.com"},"url":"https:\/\/sanluisinforma.com\/?author=2"}]}},"_links":{"self":[{"href":"https:\/\/sanluisinforma.com\/index.php?rest_route=\/wp\/v2\/posts\/16493","targetHints":{"allow":["GET"]}}],"collection":[{"href":"https:\/\/sanluisinforma.com\/index.php?rest_route=\/wp\/v2\/posts"}],"about":[{"href":"https:\/\/sanluisinforma.com\/index.php?rest_route=\/wp\/v2\/types\/post"}],"author":[{"embeddable":true,"href":"https:\/\/sanluisinforma.com\/index.php?rest_route=\/wp\/v2\/users\/2"}],"replies":[{"embeddable":true,"href":"https:\/\/sanluisinforma.com\/index.php?rest_route=%2Fwp%2Fv2%2Fcomments&post=16493"}],"version-history":[{"count":1,"href":"https:\/\/sanluisinforma.com\/index.php?rest_route=\/wp\/v2\/posts\/16493\/revisions"}],"predecessor-version":[{"id":16495,"href":"https:\/\/sanluisinforma.com\/index.php?rest_route=\/wp\/v2\/posts\/16493\/revisions\/16495"}],"wp:featuredmedia":[{"embeddable":true,"href":"https:\/\/sanluisinforma.com\/index.php?rest_route=\/wp\/v2\/media\/16494"}],"wp:attachment":[{"href":"https:\/\/sanluisinforma.com\/index.php?rest_route=%2Fwp%2Fv2%2Fmedia&parent=16493"}],"wp:term":[{"taxonomy":"category","embeddable":true,"href":"https:\/\/sanluisinforma.com\/index.php?rest_route=%2Fwp%2Fv2%2Fcategories&post=16493"},{"taxonomy":"post_tag","embeddable":true,"href":"https:\/\/sanluisinforma.com\/index.php?rest_route=%2Fwp%2Fv2%2Ftags&post=16493"}],"curies":[{"name":"wp","href":"https:\/\/api.w.org\/{rel}","templated":true}]}}