{"id":16530,"date":"2025-12-16T00:50:00","date_gmt":"2025-12-16T06:50:00","guid":{"rendered":"https:\/\/sanluisinforma.com\/?p=16530"},"modified":"2025-12-15T19:44:09","modified_gmt":"2025-12-16T01:44:09","slug":"cabildo-capitalino-aprueba-paquete-de-50-pensiones-en-favor-de-la-justicia-laboral","status":"publish","type":"post","link":"https:\/\/sanluisinforma.com\/?p=16530","title":{"rendered":"Cabildo Capitalino aprueba paquete de 50 pensiones en favor de la justicia laboral"},"content":{"rendered":"\n<p><\/p>\n\n\n\n<p>En Sesi\u00f3n Ordinaria de este lunes, el Alcalde Enrique Galindo calific\u00f3 como un gran paso esta decisi\u00f3n del \u00f3rgano colegiado; tambi\u00e9n se vot\u00f3 a favor del Calendario Oficial del Ayuntamiento para el pr\u00f3ximo a\u00f1o.<\/p>\n\n\n\n<p>Para seguir con la justicia laboral impulsada por el Presidente Municipal, Enrique Galindo Ceballos, el Cabildo en pleno vot\u00f3 a favor de un paquete de medio centenar de pensiones a favor de trabajadoras y empleados del Ayuntamiento de la Capital.<\/p>\n\n\n\n<p>El Alcalde, Enrique Galindo subray\u00f3 la relevancia de estas decisiones, lo que calific\u00f3 como &#8220;un gran paso, y sin duda hay m\u00e1s solicitudes por atender, pero esta aprobaci\u00f3n habla de la gran sensibilidad de parte de este Cabildo, por lo que seguir\u00e1 la justicia laboral en 2026&#8221;.<\/p>\n\n\n\n<p>En la vig\u00e9sima novena sesi\u00f3n ordinaria, la Comisi\u00f3n Permanente de Pensiones y Asuntos Laborales, que preside la S\u00edndico Mar\u00eda del Rosario Vita Hervert, present\u00f3 las solicitudes de personal&nbsp; y personas beneficiarias de distintas \u00e1reas de la administraci\u00f3n capitalina para gozar del citado derecho laboral.&nbsp;<\/p>\n\n\n\n<p>La S\u00edndico Mar\u00eda del Rosario Vita resalt\u00f3 la voluntad pol\u00edtica de la autoridad municipal para aprobar estos dict\u00e1menes, &#8220;adem\u00e1s de ser reconocimiento a quienes han trabajado por la ciudad, lo que adicionalmente da estabilidad econ\u00f3mica no s\u00f3lo al personal sino a sus familias. En esta revisi\u00f3n nos coordinamos con la Oficial\u00eda Mayor, Tesorer\u00eda y Recursos Humanos&#8221;.<\/p>\n\n\n\n<p>Esta misma Comisi\u00f3n edilicia present\u00f3 el Calendario Oficial para el Gobierno Municipal de San Luis Potos\u00ed para el a\u00f1o 2026, el cual tambi\u00e9n fue votado de manera un\u00e1nime por todas y todos los integrantes del Cabildo.<\/p>\n","protected":false},"excerpt":{"rendered":"<p>En Sesi\u00f3n Ordinaria de este lunes, el Alcalde Enrique Galindo calific\u00f3 como un gran paso esta decisi\u00f3n del \u00f3rgano colegiado;<\/p>\n","protected":false},"author":2,"featured_media":16531,"comment_status":"closed","ping_status":"closed","sticky":false,"template":"","format":"standard","meta":{"footnotes":""},"categories":[25,30],"tags":[],"class_list":["post-16530","post","type-post","status-publish","format-standard","has-post-thumbnail","hentry","category-local","category-portada"],"yoast_head":"<!-- This site is optimized with the Yoast SEO plugin v24.1 - https:\/\/yoast.com\/wordpress\/plugins\/seo\/ -->\n<title>Cabildo Capitalino aprueba paquete de 50 pensiones en favor de la justicia laboral - sanluisinforma.com<\/title>\n<meta name=\"robots\" content=\"index, follow, max-snippet:-1, max-image-preview:large, max-video-preview:-1\" \/>\n<link rel=\"canonical\" href=\"https:\/\/sanluisinforma.com\/?p=16530\" \/>\n<meta property=\"og:locale\" content=\"es_MX\" \/>\n<meta property=\"og:type\" content=\"article\" \/>\n<meta property=\"og:title\" content=\"Cabildo Capitalino aprueba paquete de 50 pensiones en favor de la justicia laboral - sanluisinforma.com\" \/>\n<meta property=\"og:description\" content=\"En Sesi\u00f3n Ordinaria de este lunes, el Alcalde Enrique Galindo calific\u00f3 como un gran paso esta decisi\u00f3n del \u00f3rgano colegiado;\" \/>\n<meta property=\"og:url\" content=\"https:\/\/sanluisinforma.com\/?p=16530\" \/>\n<meta property=\"og:site_name\" content=\"sanluisinforma.com\" \/>\n<meta property=\"article:published_time\" content=\"2025-12-16T06:50:00+00:00\" \/>\n<meta property=\"article:modified_time\" content=\"2025-12-16T01:44:09+00:00\" \/>\n<meta property=\"og:image\" content=\"https:\/\/sanluisinforma.com\/wp-content\/uploads\/2025\/12\/unnamed-6-3.jpg\" \/>\n\t<meta property=\"og:image:width\" content=\"1280\" \/>\n\t<meta property=\"og:image:height\" content=\"853\" \/>\n\t<meta property=\"og:image:type\" content=\"image\/jpeg\" \/>\n<meta name=\"author\" content=\"sanluisinforma.com\" \/>\n<meta name=\"twitter:card\" content=\"summary_large_image\" \/>\n<meta name=\"twitter:label1\" content=\"Escrito por\" \/>\n\t<meta name=\"twitter:data1\" content=\"sanluisinforma.com\" \/>\n\t<meta name=\"twitter:label2\" content=\"Tiempo de lectura\" \/>\n\t<meta name=\"twitter:data2\" content=\"2 minutos\" \/>\n<script type=\"application\/ld+json\" class=\"yoast-schema-graph\">{\"@context\":\"https:\/\/schema.org\",\"@graph\":[{\"@type\":\"Article\",\"@id\":\"https:\/\/sanluisinforma.com\/?p=16530#article\",\"isPartOf\":{\"@id\":\"https:\/\/sanluisinforma.com\/?p=16530\"},\"author\":{\"name\":\"sanluisinforma.com\",\"@id\":\"https:\/\/sanluisinforma.com\/#\/schema\/person\/c30648f71476be533b6f59d092905c8b\"},\"headline\":\"Cabildo Capitalino aprueba paquete de 50 pensiones en favor de la justicia laboral\",\"datePublished\":\"2025-12-16T06:50:00+00:00\",\"dateModified\":\"2025-12-16T01:44:09+00:00\",\"mainEntityOfPage\":{\"@id\":\"https:\/\/sanluisinforma.com\/?p=16530\"},\"wordCount\":296,\"publisher\":{\"@id\":\"https:\/\/sanluisinforma.com\/#organization\"},\"image\":{\"@id\":\"https:\/\/sanluisinforma.com\/?p=16530#primaryimage\"},\"thumbnailUrl\":\"https:\/\/sanluisinforma.com\/wp-content\/uploads\/2025\/12\/unnamed-6-3.jpg\",\"articleSection\":[\"Local\",\"Portada\"],\"inLanguage\":\"es\"},{\"@type\":\"WebPage\",\"@id\":\"https:\/\/sanluisinforma.com\/?p=16530\",\"url\":\"https:\/\/sanluisinforma.com\/?p=16530\",\"name\":\"Cabildo Capitalino aprueba paquete de 50 pensiones en favor de la justicia laboral - sanluisinforma.com\",\"isPartOf\":{\"@id\":\"https:\/\/sanluisinforma.com\/#website\"},\"primaryImageOfPage\":{\"@id\":\"https:\/\/sanluisinforma.com\/?p=16530#primaryimage\"},\"image\":{\"@id\":\"https:\/\/sanluisinforma.com\/?p=16530#primaryimage\"},\"thumbnailUrl\":\"https:\/\/sanluisinforma.com\/wp-content\/uploads\/2025\/12\/unnamed-6-3.jpg\",\"datePublished\":\"2025-12-16T06:50:00+00:00\",\"dateModified\":\"2025-12-16T01:44:09+00:00\",\"breadcrumb\":{\"@id\":\"https:\/\/sanluisinforma.com\/?p=16530#breadcrumb\"},\"inLanguage\":\"es\",\"potentialAction\":[{\"@type\":\"ReadAction\",\"target\":[\"https:\/\/sanluisinforma.com\/?p=16530\"]}]},{\"@type\":\"ImageObject\",\"inLanguage\":\"es\",\"@id\":\"https:\/\/sanluisinforma.com\/?p=16530#primaryimage\",\"url\":\"https:\/\/sanluisinforma.com\/wp-content\/uploads\/2025\/12\/unnamed-6-3.jpg\",\"contentUrl\":\"https:\/\/sanluisinforma.com\/wp-content\/uploads\/2025\/12\/unnamed-6-3.jpg\",\"width\":1280,\"height\":853},{\"@type\":\"BreadcrumbList\",\"@id\":\"https:\/\/sanluisinforma.com\/?p=16530#breadcrumb\",\"itemListElement\":[{\"@type\":\"ListItem\",\"position\":1,\"name\":\"Inicio\",\"item\":\"https:\/\/sanluisinforma.com\/\"},{\"@type\":\"ListItem\",\"position\":2,\"name\":\"Cabildo Capitalino aprueba paquete de 50 pensiones en favor de la justicia laboral\"}]},{\"@type\":\"WebSite\",\"@id\":\"https:\/\/sanluisinforma.com\/#website\",\"url\":\"https:\/\/sanluisinforma.com\/\",\"name\":\"sanluisinforma.com\",\"description\":\"Periodico San Luis Informa\",\"publisher\":{\"@id\":\"https:\/\/sanluisinforma.com\/#organization\"},\"potentialAction\":[{\"@type\":\"SearchAction\",\"target\":{\"@type\":\"EntryPoint\",\"urlTemplate\":\"https:\/\/sanluisinforma.com\/?s={search_term_string}\"},\"query-input\":{\"@type\":\"PropertyValueSpecification\",\"valueRequired\":true,\"valueName\":\"search_term_string\"}}],\"inLanguage\":\"es\"},{\"@type\":\"Organization\",\"@id\":\"https:\/\/sanluisinforma.com\/#organization\",\"name\":\"sanluisinforma.com\",\"url\":\"https:\/\/sanluisinforma.com\/\",\"logo\":{\"@type\":\"ImageObject\",\"inLanguage\":\"es\",\"@id\":\"https:\/\/sanluisinforma.com\/#\/schema\/logo\/image\/\",\"url\":\"https:\/\/sanluisinforma.com\/wp-content\/uploads\/2026\/03\/sanluisinforma-V.jpg\",\"contentUrl\":\"https:\/\/sanluisinforma.com\/wp-content\/uploads\/2026\/03\/sanluisinforma-V.jpg\",\"width\":500,\"height\":156,\"caption\":\"sanluisinforma.com\"},\"image\":{\"@id\":\"https:\/\/sanluisinforma.com\/#\/schema\/logo\/image\/\"}},{\"@type\":\"Person\",\"@id\":\"https:\/\/sanluisinforma.com\/#\/schema\/person\/c30648f71476be533b6f59d092905c8b\",\"name\":\"sanluisinforma.com\",\"image\":{\"@type\":\"ImageObject\",\"inLanguage\":\"es\",\"@id\":\"https:\/\/sanluisinforma.com\/#\/schema\/person\/image\/\",\"url\":\"https:\/\/secure.gravatar.com\/avatar\/86e3114e34a1eecefb963e0a02f0093f93b092dddb2fe1517596343751081a87?s=96&d=mm&r=g\",\"contentUrl\":\"https:\/\/secure.gravatar.com\/avatar\/86e3114e34a1eecefb963e0a02f0093f93b092dddb2fe1517596343751081a87?s=96&d=mm&r=g\",\"caption\":\"sanluisinforma.com\"},\"url\":\"https:\/\/sanluisinforma.com\/?author=2\"}]}<\/script>\n<!-- \/ Yoast SEO plugin. -->","yoast_head_json":{"title":"Cabildo Capitalino aprueba paquete de 50 pensiones en favor de la justicia laboral - sanluisinforma.com","robots":{"index":"index","follow":"follow","max-snippet":"max-snippet:-1","max-image-preview":"max-image-preview:large","max-video-preview":"max-video-preview:-1"},"canonical":"https:\/\/sanluisinforma.com\/?p=16530","og_locale":"es_MX","og_type":"article","og_title":"Cabildo Capitalino aprueba paquete de 50 pensiones en favor de la justicia laboral - sanluisinforma.com","og_description":"En Sesi\u00f3n Ordinaria de este lunes, el Alcalde Enrique Galindo calific\u00f3 como un gran paso esta decisi\u00f3n del \u00f3rgano colegiado;","og_url":"https:\/\/sanluisinforma.com\/?p=16530","og_site_name":"sanluisinforma.com","article_published_time":"2025-12-16T06:50:00+00:00","article_modified_time":"2025-12-16T01:44:09+00:00","og_image":[{"width":1280,"height":853,"url":"https:\/\/sanluisinforma.com\/wp-content\/uploads\/2025\/12\/unnamed-6-3.jpg","type":"image\/jpeg"}],"author":"sanluisinforma.com","twitter_card":"summary_large_image","twitter_misc":{"Escrito por":"sanluisinforma.com","Tiempo de lectura":"2 minutos"},"schema":{"@context":"https:\/\/schema.org","@graph":[{"@type":"Article","@id":"https:\/\/sanluisinforma.com\/?p=16530#article","isPartOf":{"@id":"https:\/\/sanluisinforma.com\/?p=16530"},"author":{"name":"sanluisinforma.com","@id":"https:\/\/sanluisinforma.com\/#\/schema\/person\/c30648f71476be533b6f59d092905c8b"},"headline":"Cabildo Capitalino aprueba paquete de 50 pensiones en favor de la justicia laboral","datePublished":"2025-12-16T06:50:00+00:00","dateModified":"2025-12-16T01:44:09+00:00","mainEntityOfPage":{"@id":"https:\/\/sanluisinforma.com\/?p=16530"},"wordCount":296,"publisher":{"@id":"https:\/\/sanluisinforma.com\/#organization"},"image":{"@id":"https:\/\/sanluisinforma.com\/?p=16530#primaryimage"},"thumbnailUrl":"https:\/\/sanluisinforma.com\/wp-content\/uploads\/2025\/12\/unnamed-6-3.jpg","articleSection":["Local","Portada"],"inLanguage":"es"},{"@type":"WebPage","@id":"https:\/\/sanluisinforma.com\/?p=16530","url":"https:\/\/sanluisinforma.com\/?p=16530","name":"Cabildo Capitalino aprueba paquete de 50 pensiones en favor de la justicia laboral - sanluisinforma.com","isPartOf":{"@id":"https:\/\/sanluisinforma.com\/#website"},"primaryImageOfPage":{"@id":"https:\/\/sanluisinforma.com\/?p=16530#primaryimage"},"image":{"@id":"https:\/\/sanluisinforma.com\/?p=16530#primaryimage"},"thumbnailUrl":"https:\/\/sanluisinforma.com\/wp-content\/uploads\/2025\/12\/unnamed-6-3.jpg","datePublished":"2025-12-16T06:50:00+00:00","dateModified":"2025-12-16T01:44:09+00:00","breadcrumb":{"@id":"https:\/\/sanluisinforma.com\/?p=16530#breadcrumb"},"inLanguage":"es","potentialAction":[{"@type":"ReadAction","target":["https:\/\/sanluisinforma.com\/?p=16530"]}]},{"@type":"ImageObject","inLanguage":"es","@id":"https:\/\/sanluisinforma.com\/?p=16530#primaryimage","url":"https:\/\/sanluisinforma.com\/wp-content\/uploads\/2025\/12\/unnamed-6-3.jpg","contentUrl":"https:\/\/sanluisinforma.com\/wp-content\/uploads\/2025\/12\/unnamed-6-3.jpg","width":1280,"height":853},{"@type":"BreadcrumbList","@id":"https:\/\/sanluisinforma.com\/?p=16530#breadcrumb","itemListElement":[{"@type":"ListItem","position":1,"name":"Inicio","item":"https:\/\/sanluisinforma.com\/"},{"@type":"ListItem","position":2,"name":"Cabildo Capitalino aprueba paquete de 50 pensiones en favor de la justicia laboral"}]},{"@type":"WebSite","@id":"https:\/\/sanluisinforma.com\/#website","url":"https:\/\/sanluisinforma.com\/","name":"sanluisinforma.com","description":"Periodico San Luis Informa","publisher":{"@id":"https:\/\/sanluisinforma.com\/#organization"},"potentialAction":[{"@type":"SearchAction","target":{"@type":"EntryPoint","urlTemplate":"https:\/\/sanluisinforma.com\/?s={search_term_string}"},"query-input":{"@type":"PropertyValueSpecification","valueRequired":true,"valueName":"search_term_string"}}],"inLanguage":"es"},{"@type":"Organization","@id":"https:\/\/sanluisinforma.com\/#organization","name":"sanluisinforma.com","url":"https:\/\/sanluisinforma.com\/","logo":{"@type":"ImageObject","inLanguage":"es","@id":"https:\/\/sanluisinforma.com\/#\/schema\/logo\/image\/","url":"https:\/\/sanluisinforma.com\/wp-content\/uploads\/2026\/03\/sanluisinforma-V.jpg","contentUrl":"https:\/\/sanluisinforma.com\/wp-content\/uploads\/2026\/03\/sanluisinforma-V.jpg","width":500,"height":156,"caption":"sanluisinforma.com"},"image":{"@id":"https:\/\/sanluisinforma.com\/#\/schema\/logo\/image\/"}},{"@type":"Person","@id":"https:\/\/sanluisinforma.com\/#\/schema\/person\/c30648f71476be533b6f59d092905c8b","name":"sanluisinforma.com","image":{"@type":"ImageObject","inLanguage":"es","@id":"https:\/\/sanluisinforma.com\/#\/schema\/person\/image\/","url":"https:\/\/secure.gravatar.com\/avatar\/86e3114e34a1eecefb963e0a02f0093f93b092dddb2fe1517596343751081a87?s=96&d=mm&r=g","contentUrl":"https:\/\/secure.gravatar.com\/avatar\/86e3114e34a1eecefb963e0a02f0093f93b092dddb2fe1517596343751081a87?s=96&d=mm&r=g","caption":"sanluisinforma.com"},"url":"https:\/\/sanluisinforma.com\/?author=2"}]}},"_links":{"self":[{"href":"https:\/\/sanluisinforma.com\/index.php?rest_route=\/wp\/v2\/posts\/16530","targetHints":{"allow":["GET"]}}],"collection":[{"href":"https:\/\/sanluisinforma.com\/index.php?rest_route=\/wp\/v2\/posts"}],"about":[{"href":"https:\/\/sanluisinforma.com\/index.php?rest_route=\/wp\/v2\/types\/post"}],"author":[{"embeddable":true,"href":"https:\/\/sanluisinforma.com\/index.php?rest_route=\/wp\/v2\/users\/2"}],"replies":[{"embeddable":true,"href":"https:\/\/sanluisinforma.com\/index.php?rest_route=%2Fwp%2Fv2%2Fcomments&post=16530"}],"version-history":[{"count":1,"href":"https:\/\/sanluisinforma.com\/index.php?rest_route=\/wp\/v2\/posts\/16530\/revisions"}],"predecessor-version":[{"id":16532,"href":"https:\/\/sanluisinforma.com\/index.php?rest_route=\/wp\/v2\/posts\/16530\/revisions\/16532"}],"wp:featuredmedia":[{"embeddable":true,"href":"https:\/\/sanluisinforma.com\/index.php?rest_route=\/wp\/v2\/media\/16531"}],"wp:attachment":[{"href":"https:\/\/sanluisinforma.com\/index.php?rest_route=%2Fwp%2Fv2%2Fmedia&parent=16530"}],"wp:term":[{"taxonomy":"category","embeddable":true,"href":"https:\/\/sanluisinforma.com\/index.php?rest_route=%2Fwp%2Fv2%2Fcategories&post=16530"},{"taxonomy":"post_tag","embeddable":true,"href":"https:\/\/sanluisinforma.com\/index.php?rest_route=%2Fwp%2Fv2%2Ftags&post=16530"}],"curies":[{"name":"wp","href":"https:\/\/api.w.org\/{rel}","templated":true}]}}