{"id":16577,"date":"2025-12-18T00:40:00","date_gmt":"2025-12-18T06:40:00","guid":{"rendered":"https:\/\/sanluisinforma.com\/?p=16577"},"modified":"2025-12-17T22:41:06","modified_gmt":"2025-12-18T04:41:06","slug":"en-2026-cfe-inicia-construccion-de-proyectos-para-la-generacion-de-6-mil-megawattspresidenta-claudia-sheinbaum","status":"publish","type":"post","link":"https:\/\/sanluisinforma.com\/?p=16577","title":{"rendered":"En 2026, CFE inicia construcci\u00f3n de Proyectos para la generaci\u00f3n de 6 mil megawatts:Presidenta Claudia Sheinbaum"},"content":{"rendered":"\n<p>Qu\u00e9 garantizamos? 54 por ciento (de la generaci\u00f3n el\u00e9ctrica) el Estado mexicano y 46 por ciento los privados, en este nuevo esquema, que tiene orden, tiene planeaci\u00f3n y tiene garant\u00eda\u201d, resalt\u00f3 la Jefa del Ejecutivo Federal<br>Se trata de cuatro Centrales Ciclo Combinado (CCC); tres Centrales Fotovoltaicas (CFV); 3 proyectos de energ\u00edas limpias: dos fotovoltaicos y uno e\u00f3lico; as\u00ed como proyectos de inversi\u00f3n privada en 11 entidades<br>Para la transmisi\u00f3n de la energ\u00eda se contemplan 66 proyectos de los que 22 ya est\u00e1n en curso y en 2026 iniciar\u00e1n 44 m\u00e1s<\/p>\n\n\n\n<p>*Ciudad de M\u00e9xico, 17 de diciembre de 2025.-* La Presidenta de M\u00e9xico, Claudia Sheinbaum Pardo, anunci\u00f3 que la Comisi\u00f3n Federal de Electricidad (CFE) iniciar\u00e1 en 2026 proyectos para generar 6 mil megawatts (MW) nuevos a trav\u00e9s de la construcci\u00f3n de cuatro Centrales Ciclo Combinado (CCC); tres Centrales Fotovoltaicas (CFV); 3 proyectos de energ\u00edas limpias: dos fotovoltaicos y uno e\u00f3lico; as\u00ed como proyectos de inversi\u00f3n privada para garantizar la generaci\u00f3n de 54 por ciento de energ\u00eda el\u00e9ctrica nacional por parte del Estado mexicano y de 46 por ciento para la inversi\u00f3n privada.<\/p>\n\n\n\n<p>*\u201cLo que estamos anunciando hoy es que el pr\u00f3ximo a\u00f1o inicia la construcci\u00f3n de todas estas plantas, unas de gas, una de di\u00e9sel y otras solares, para poder garantizar nuestros compromisos internacionales con la convenci\u00f3n marco de cambio clim\u00e1tico, eso lo hace CFE.*<\/p>\n\n\n\n<p>*\u201cEl pr\u00f3ximo a\u00f1o, en total estamos hablando de alrededor de 6 mil MW nuevos de energ\u00eda que se van a generar y una parte muy importante con fuentes renovables de energ\u00eda. \u00bfQu\u00e9 garantizamos? 54 por ciento (de la generaci\u00f3n el\u00e9ctrica) el Estado mexicano y 46 por ciento los privados, en este nuevo esquema, que tiene orden, tiene planeaci\u00f3n y tiene garant\u00eda, incluso para el privado que quiere generar y gan\u00f3 un concurso, eso es lo que estamos anunciando el d\u00eda de hoy\u201d,* explic\u00f3 en la conferencia matutina: \u201cLas ma\u00f1aneras del pueblo\u201d.<\/p>\n\n\n\n<p>Record\u00f3 que en 1992, el expresidente Carlos Salinas de Gortari modific\u00f3 la Ley del Servicio P\u00fablico de Energ\u00eda El\u00e9ctrica para permitir que los privados invirtieran en electricidad violando la Constituci\u00f3n. Mientras que en 2013, en la administraci\u00f3n del expresidente Enrique Pe\u00f1a Nieto con la Reforma Energ\u00e9tica, CFE se convirti\u00f3 en empresa productiva del Estado y se dividi\u00f3 con el objetivo de privatizarse; se crearon las sociedades de autoabasto, perdiendo CFE la capacidad de generaci\u00f3n el\u00e9ctrica. Mientras que, con los gobiernos de la Cuarta Transformaci\u00f3n, inici\u00f3 la recuperaci\u00f3n de CFE estableciendo que 54 por ciento de la energ\u00eda el\u00e9ctrica sea generada por la Comisi\u00f3n Federal de Electricidad; se tienen firmes las inversiones para el pr\u00f3ximo a\u00f1o, as\u00ed como un plan para generar 24 mil MW adicionales.<\/p>\n\n\n\n<p>La directora general de la CFE, Emilia Calleja Alor, dio a conocer que ya inici\u00f3 la construcci\u00f3n de la CCC \u201cFrancisco P\u00e9rez R\u00edos Tula II\u201d en Hidalgo, que sustituir\u00e1 a la Central Termoel\u00e9ctrica a base de combust\u00f3leo. Adem\u00e1s, se desarrolla la ingenier\u00eda b\u00e1sica y de detalle para iniciar obras en las CCC Salamanca II en Guanajuato, de Altamira, Tamaulipas y de Mazatl\u00e1n, Sinaloa, que en conjunto adicionar\u00e1n cerca de 3 mil MW de capacidad y tendr\u00e1n una inversi\u00f3n de 80 mil 939.2 millones de pesos (mdp). Puntualiz\u00f3 que la Central de Combusti\u00f3n Interna (CCI) de Los Cabos, Baja California Sur, se reeval\u00faa por las condiciones actuales del mercado, con el prop\u00f3sito de salvaguardar un correcto desarrollo de sus obras.<\/p>\n\n\n\n<p>Adem\u00e1s, anunci\u00f3 que la pr\u00f3xima semana iniciar\u00e1 la construcci\u00f3n de la tercera fase de la Central Fotovoltaica Puerto Pe\u00f1asco y en febrero comenzar\u00e1 la cuarta fase, para concluir el complejo fotovoltaico m\u00e1s grande de Latinoam\u00e9rica, alcanzando una capacidad de mil MW, con una inversi\u00f3n total de 13 mil 277 mdp. Detall\u00f3 que las Centrales Fotovoltaicas Carb\u00f3n II y R\u00edo Escondido, en Coahuila, aportar\u00e1n 556 MW de capacidad con una inversi\u00f3n estimada de 15 mil 449.9 mdp.<\/p>\n\n\n\n<p>Respecto a las centrales de generaci\u00f3n que se realizan en coordinaci\u00f3n con el Fondo Nacional de Infraestructura (FONADIN), a\u00f1adi\u00f3 que se contemplan tres proyectos de energ\u00edas limpias: dos fotovoltaicos y uno e\u00f3lico, con una capacidad conjunta cercana a 443 MW, en los estados de Durango, Quintana Roo y Guanajuato.<\/p>\n\n\n\n<p>Como parte de los proyectos de transmisi\u00f3n, record\u00f3 que son 66 proyectos, de los cuales 22 est\u00e1n en proceso de concurso, las \u00faltimas de ellas programadas para la segunda quincena de diciembre, mientras que en 2026 se consideran 44 proyectos: 20 para el primer trimestre, iniciando sus publicaciones a partir de febrero, as\u00ed como tres proyectos para mayo y junio. Y 21 proyectos m\u00e1s ser\u00e1n publicados en el tercero y cuarto trimestres.<\/p>\n\n\n\n<p>La secretaria de Energ\u00eda, Luz Elena Gonz\u00e1lez Escobar, agreg\u00f3 que el pasado 17 de octubre se emiti\u00f3 una convocatoria para los proyectos privados de generaci\u00f3n el\u00e9ctrica para ordenar, priorizar y agilizar las solicitudes de inversi\u00f3n privada para el desarrollo de 20 nuevos proyectos: 15 fotovoltaicos con una capacidad de 2 mil 471 MW y cinco de energ\u00eda e\u00f3lica, que aportar\u00e1n 849 MW, dando un total de 3 mil 320 MW de generaci\u00f3n y mil 488 MW de almacenamiento. En conjunto, estos proyectos representan una inversi\u00f3n de 4 mil 752 millones de d\u00f3lares. Estos proyectos se desarrollar\u00e1n en 11 entidades federativas: Campeche, Hidalgo, Yucat\u00e1n, Guanajuato, Oaxaca, Tamaulipas, Quintana Roo, Puebla, Veracruz, Zacatecas y Quer\u00e9taro.<\/p>\n\n\n\n<p>Anunci\u00f3 que, por instrucciones de la Presidenta Claudia Sheinbaum, se emitir\u00e1 una segunda convocatoria a finales de enero, ya que es posible alinear de manera transparente las necesidades de generaci\u00f3n del pa\u00eds con los de la inversi\u00f3n privada.<\/p>\n","protected":false},"excerpt":{"rendered":"<p>Qu\u00e9 garantizamos? 54 por ciento (de la generaci\u00f3n el\u00e9ctrica) el Estado mexicano y 46 por ciento los privados, en este<\/p>\n","protected":false},"author":2,"featured_media":16578,"comment_status":"closed","ping_status":"closed","sticky":false,"template":"","format":"standard","meta":{"footnotes":""},"categories":[26],"tags":[],"class_list":["post-16577","post","type-post","status-publish","format-standard","has-post-thumbnail","hentry","category-nacional"],"yoast_head":"<!-- This site is optimized with the Yoast SEO plugin v24.1 - https:\/\/yoast.com\/wordpress\/plugins\/seo\/ -->\n<title>En 2026, CFE inicia construcci\u00f3n de Proyectos para la generaci\u00f3n de 6 mil megawatts:Presidenta Claudia Sheinbaum - sanluisinforma.com<\/title>\n<meta name=\"robots\" content=\"index, follow, max-snippet:-1, max-image-preview:large, max-video-preview:-1\" \/>\n<link rel=\"canonical\" href=\"https:\/\/sanluisinforma.com\/?p=16577\" \/>\n<meta property=\"og:locale\" content=\"es_MX\" \/>\n<meta property=\"og:type\" content=\"article\" \/>\n<meta property=\"og:title\" content=\"En 2026, CFE inicia construcci\u00f3n de Proyectos para la generaci\u00f3n de 6 mil megawatts:Presidenta Claudia Sheinbaum - sanluisinforma.com\" \/>\n<meta property=\"og:description\" content=\"Qu\u00e9 garantizamos? 54 por ciento (de la generaci\u00f3n el\u00e9ctrica) el Estado mexicano y 46 por ciento los privados, en este\" \/>\n<meta property=\"og:url\" content=\"https:\/\/sanluisinforma.com\/?p=16577\" \/>\n<meta property=\"og:site_name\" content=\"sanluisinforma.com\" \/>\n<meta property=\"article:published_time\" content=\"2025-12-18T06:40:00+00:00\" \/>\n<meta property=\"article:modified_time\" content=\"2025-12-18T04:41:06+00:00\" \/>\n<meta property=\"og:image\" content=\"https:\/\/sanluisinforma.com\/wp-content\/uploads\/2025\/12\/descarga.jpg\" \/>\n\t<meta property=\"og:image:width\" content=\"400\" \/>\n\t<meta property=\"og:image:height\" content=\"266\" \/>\n\t<meta property=\"og:image:type\" content=\"image\/jpeg\" \/>\n<meta name=\"author\" content=\"sanluisinforma.com\" \/>\n<meta name=\"twitter:card\" content=\"summary_large_image\" \/>\n<meta name=\"twitter:label1\" content=\"Escrito por\" \/>\n\t<meta name=\"twitter:data1\" content=\"sanluisinforma.com\" \/>\n\t<meta name=\"twitter:label2\" content=\"Tiempo de lectura\" \/>\n\t<meta name=\"twitter:data2\" content=\"5 minutos\" \/>\n<script type=\"application\/ld+json\" class=\"yoast-schema-graph\">{\"@context\":\"https:\/\/schema.org\",\"@graph\":[{\"@type\":\"Article\",\"@id\":\"https:\/\/sanluisinforma.com\/?p=16577#article\",\"isPartOf\":{\"@id\":\"https:\/\/sanluisinforma.com\/?p=16577\"},\"author\":{\"name\":\"sanluisinforma.com\",\"@id\":\"https:\/\/sanluisinforma.com\/#\/schema\/person\/c30648f71476be533b6f59d092905c8b\"},\"headline\":\"En 2026, CFE inicia construcci\u00f3n de Proyectos para la generaci\u00f3n de 6 mil megawatts:Presidenta Claudia Sheinbaum\",\"datePublished\":\"2025-12-18T06:40:00+00:00\",\"dateModified\":\"2025-12-18T04:41:06+00:00\",\"mainEntityOfPage\":{\"@id\":\"https:\/\/sanluisinforma.com\/?p=16577\"},\"wordCount\":983,\"publisher\":{\"@id\":\"https:\/\/sanluisinforma.com\/#organization\"},\"image\":{\"@id\":\"https:\/\/sanluisinforma.com\/?p=16577#primaryimage\"},\"thumbnailUrl\":\"https:\/\/sanluisinforma.com\/wp-content\/uploads\/2025\/12\/descarga.jpg\",\"articleSection\":[\"Nacional\"],\"inLanguage\":\"es\"},{\"@type\":\"WebPage\",\"@id\":\"https:\/\/sanluisinforma.com\/?p=16577\",\"url\":\"https:\/\/sanluisinforma.com\/?p=16577\",\"name\":\"En 2026, CFE inicia construcci\u00f3n de Proyectos para la generaci\u00f3n de 6 mil megawatts:Presidenta Claudia Sheinbaum - sanluisinforma.com\",\"isPartOf\":{\"@id\":\"https:\/\/sanluisinforma.com\/#website\"},\"primaryImageOfPage\":{\"@id\":\"https:\/\/sanluisinforma.com\/?p=16577#primaryimage\"},\"image\":{\"@id\":\"https:\/\/sanluisinforma.com\/?p=16577#primaryimage\"},\"thumbnailUrl\":\"https:\/\/sanluisinforma.com\/wp-content\/uploads\/2025\/12\/descarga.jpg\",\"datePublished\":\"2025-12-18T06:40:00+00:00\",\"dateModified\":\"2025-12-18T04:41:06+00:00\",\"breadcrumb\":{\"@id\":\"https:\/\/sanluisinforma.com\/?p=16577#breadcrumb\"},\"inLanguage\":\"es\",\"potentialAction\":[{\"@type\":\"ReadAction\",\"target\":[\"https:\/\/sanluisinforma.com\/?p=16577\"]}]},{\"@type\":\"ImageObject\",\"inLanguage\":\"es\",\"@id\":\"https:\/\/sanluisinforma.com\/?p=16577#primaryimage\",\"url\":\"https:\/\/sanluisinforma.com\/wp-content\/uploads\/2025\/12\/descarga.jpg\",\"contentUrl\":\"https:\/\/sanluisinforma.com\/wp-content\/uploads\/2025\/12\/descarga.jpg\",\"width\":400,\"height\":266,\"caption\":\"Cuauht\u00e9moc, Ciudad de M\u00e9xico, M\u00e9xico, 17 de diciembre de 2025. La doctora Claudia Sheinbaum Pardo, presidenta Constitucional de los Estados Unidos Mexicanos en el Lanzamiento Continental de la Colecci\u00f3n 25 para el 25, Z\u00f3calo de la Ciudad de M\u00e9xico. La acompa\u00f1an Paco Ignacio Taibo II, director general del Fondo de Cultura Econ\u00f3mica (FCE); Clara Marina Brugada Molina, jefa de Gobierno de Ciudad de M\u00e9xico Y Claudia Curiel de Icaza, secretaria de Cultura. Foto: Presidencia\"},{\"@type\":\"BreadcrumbList\",\"@id\":\"https:\/\/sanluisinforma.com\/?p=16577#breadcrumb\",\"itemListElement\":[{\"@type\":\"ListItem\",\"position\":1,\"name\":\"Inicio\",\"item\":\"https:\/\/sanluisinforma.com\/\"},{\"@type\":\"ListItem\",\"position\":2,\"name\":\"En 2026, CFE inicia construcci\u00f3n de Proyectos para la generaci\u00f3n de 6 mil megawatts:Presidenta Claudia Sheinbaum\"}]},{\"@type\":\"WebSite\",\"@id\":\"https:\/\/sanluisinforma.com\/#website\",\"url\":\"https:\/\/sanluisinforma.com\/\",\"name\":\"sanluisinforma.com\",\"description\":\"Periodico San Luis Informa\",\"publisher\":{\"@id\":\"https:\/\/sanluisinforma.com\/#organization\"},\"potentialAction\":[{\"@type\":\"SearchAction\",\"target\":{\"@type\":\"EntryPoint\",\"urlTemplate\":\"https:\/\/sanluisinforma.com\/?s={search_term_string}\"},\"query-input\":{\"@type\":\"PropertyValueSpecification\",\"valueRequired\":true,\"valueName\":\"search_term_string\"}}],\"inLanguage\":\"es\"},{\"@type\":\"Organization\",\"@id\":\"https:\/\/sanluisinforma.com\/#organization\",\"name\":\"sanluisinforma.com\",\"url\":\"https:\/\/sanluisinforma.com\/\",\"logo\":{\"@type\":\"ImageObject\",\"inLanguage\":\"es\",\"@id\":\"https:\/\/sanluisinforma.com\/#\/schema\/logo\/image\/\",\"url\":\"https:\/\/sanluisinforma.com\/wp-content\/uploads\/2026\/03\/sanluisinforma-V.jpg\",\"contentUrl\":\"https:\/\/sanluisinforma.com\/wp-content\/uploads\/2026\/03\/sanluisinforma-V.jpg\",\"width\":500,\"height\":156,\"caption\":\"sanluisinforma.com\"},\"image\":{\"@id\":\"https:\/\/sanluisinforma.com\/#\/schema\/logo\/image\/\"}},{\"@type\":\"Person\",\"@id\":\"https:\/\/sanluisinforma.com\/#\/schema\/person\/c30648f71476be533b6f59d092905c8b\",\"name\":\"sanluisinforma.com\",\"image\":{\"@type\":\"ImageObject\",\"inLanguage\":\"es\",\"@id\":\"https:\/\/sanluisinforma.com\/#\/schema\/person\/image\/\",\"url\":\"https:\/\/secure.gravatar.com\/avatar\/86e3114e34a1eecefb963e0a02f0093f93b092dddb2fe1517596343751081a87?s=96&d=mm&r=g\",\"contentUrl\":\"https:\/\/secure.gravatar.com\/avatar\/86e3114e34a1eecefb963e0a02f0093f93b092dddb2fe1517596343751081a87?s=96&d=mm&r=g\",\"caption\":\"sanluisinforma.com\"},\"url\":\"https:\/\/sanluisinforma.com\/?author=2\"}]}<\/script>\n<!-- \/ Yoast SEO plugin. -->","yoast_head_json":{"title":"En 2026, CFE inicia construcci\u00f3n de Proyectos para la generaci\u00f3n de 6 mil megawatts:Presidenta Claudia Sheinbaum - sanluisinforma.com","robots":{"index":"index","follow":"follow","max-snippet":"max-snippet:-1","max-image-preview":"max-image-preview:large","max-video-preview":"max-video-preview:-1"},"canonical":"https:\/\/sanluisinforma.com\/?p=16577","og_locale":"es_MX","og_type":"article","og_title":"En 2026, CFE inicia construcci\u00f3n de Proyectos para la generaci\u00f3n de 6 mil megawatts:Presidenta Claudia Sheinbaum - sanluisinforma.com","og_description":"Qu\u00e9 garantizamos? 54 por ciento (de la generaci\u00f3n el\u00e9ctrica) el Estado mexicano y 46 por ciento los privados, en este","og_url":"https:\/\/sanluisinforma.com\/?p=16577","og_site_name":"sanluisinforma.com","article_published_time":"2025-12-18T06:40:00+00:00","article_modified_time":"2025-12-18T04:41:06+00:00","og_image":[{"width":400,"height":266,"url":"https:\/\/sanluisinforma.com\/wp-content\/uploads\/2025\/12\/descarga.jpg","type":"image\/jpeg"}],"author":"sanluisinforma.com","twitter_card":"summary_large_image","twitter_misc":{"Escrito por":"sanluisinforma.com","Tiempo de lectura":"5 minutos"},"schema":{"@context":"https:\/\/schema.org","@graph":[{"@type":"Article","@id":"https:\/\/sanluisinforma.com\/?p=16577#article","isPartOf":{"@id":"https:\/\/sanluisinforma.com\/?p=16577"},"author":{"name":"sanluisinforma.com","@id":"https:\/\/sanluisinforma.com\/#\/schema\/person\/c30648f71476be533b6f59d092905c8b"},"headline":"En 2026, CFE inicia construcci\u00f3n de Proyectos para la generaci\u00f3n de 6 mil megawatts:Presidenta Claudia Sheinbaum","datePublished":"2025-12-18T06:40:00+00:00","dateModified":"2025-12-18T04:41:06+00:00","mainEntityOfPage":{"@id":"https:\/\/sanluisinforma.com\/?p=16577"},"wordCount":983,"publisher":{"@id":"https:\/\/sanluisinforma.com\/#organization"},"image":{"@id":"https:\/\/sanluisinforma.com\/?p=16577#primaryimage"},"thumbnailUrl":"https:\/\/sanluisinforma.com\/wp-content\/uploads\/2025\/12\/descarga.jpg","articleSection":["Nacional"],"inLanguage":"es"},{"@type":"WebPage","@id":"https:\/\/sanluisinforma.com\/?p=16577","url":"https:\/\/sanluisinforma.com\/?p=16577","name":"En 2026, CFE inicia construcci\u00f3n de Proyectos para la generaci\u00f3n de 6 mil megawatts:Presidenta Claudia Sheinbaum - sanluisinforma.com","isPartOf":{"@id":"https:\/\/sanluisinforma.com\/#website"},"primaryImageOfPage":{"@id":"https:\/\/sanluisinforma.com\/?p=16577#primaryimage"},"image":{"@id":"https:\/\/sanluisinforma.com\/?p=16577#primaryimage"},"thumbnailUrl":"https:\/\/sanluisinforma.com\/wp-content\/uploads\/2025\/12\/descarga.jpg","datePublished":"2025-12-18T06:40:00+00:00","dateModified":"2025-12-18T04:41:06+00:00","breadcrumb":{"@id":"https:\/\/sanluisinforma.com\/?p=16577#breadcrumb"},"inLanguage":"es","potentialAction":[{"@type":"ReadAction","target":["https:\/\/sanluisinforma.com\/?p=16577"]}]},{"@type":"ImageObject","inLanguage":"es","@id":"https:\/\/sanluisinforma.com\/?p=16577#primaryimage","url":"https:\/\/sanluisinforma.com\/wp-content\/uploads\/2025\/12\/descarga.jpg","contentUrl":"https:\/\/sanluisinforma.com\/wp-content\/uploads\/2025\/12\/descarga.jpg","width":400,"height":266,"caption":"Cuauht\u00e9moc, Ciudad de M\u00e9xico, M\u00e9xico, 17 de diciembre de 2025. La doctora Claudia Sheinbaum Pardo, presidenta Constitucional de los Estados Unidos Mexicanos en el Lanzamiento Continental de la Colecci\u00f3n 25 para el 25, Z\u00f3calo de la Ciudad de M\u00e9xico. La acompa\u00f1an Paco Ignacio Taibo II, director general del Fondo de Cultura Econ\u00f3mica (FCE); Clara Marina Brugada Molina, jefa de Gobierno de Ciudad de M\u00e9xico Y Claudia Curiel de Icaza, secretaria de Cultura. Foto: Presidencia"},{"@type":"BreadcrumbList","@id":"https:\/\/sanluisinforma.com\/?p=16577#breadcrumb","itemListElement":[{"@type":"ListItem","position":1,"name":"Inicio","item":"https:\/\/sanluisinforma.com\/"},{"@type":"ListItem","position":2,"name":"En 2026, CFE inicia construcci\u00f3n de Proyectos para la generaci\u00f3n de 6 mil megawatts:Presidenta Claudia Sheinbaum"}]},{"@type":"WebSite","@id":"https:\/\/sanluisinforma.com\/#website","url":"https:\/\/sanluisinforma.com\/","name":"sanluisinforma.com","description":"Periodico San Luis Informa","publisher":{"@id":"https:\/\/sanluisinforma.com\/#organization"},"potentialAction":[{"@type":"SearchAction","target":{"@type":"EntryPoint","urlTemplate":"https:\/\/sanluisinforma.com\/?s={search_term_string}"},"query-input":{"@type":"PropertyValueSpecification","valueRequired":true,"valueName":"search_term_string"}}],"inLanguage":"es"},{"@type":"Organization","@id":"https:\/\/sanluisinforma.com\/#organization","name":"sanluisinforma.com","url":"https:\/\/sanluisinforma.com\/","logo":{"@type":"ImageObject","inLanguage":"es","@id":"https:\/\/sanluisinforma.com\/#\/schema\/logo\/image\/","url":"https:\/\/sanluisinforma.com\/wp-content\/uploads\/2026\/03\/sanluisinforma-V.jpg","contentUrl":"https:\/\/sanluisinforma.com\/wp-content\/uploads\/2026\/03\/sanluisinforma-V.jpg","width":500,"height":156,"caption":"sanluisinforma.com"},"image":{"@id":"https:\/\/sanluisinforma.com\/#\/schema\/logo\/image\/"}},{"@type":"Person","@id":"https:\/\/sanluisinforma.com\/#\/schema\/person\/c30648f71476be533b6f59d092905c8b","name":"sanluisinforma.com","image":{"@type":"ImageObject","inLanguage":"es","@id":"https:\/\/sanluisinforma.com\/#\/schema\/person\/image\/","url":"https:\/\/secure.gravatar.com\/avatar\/86e3114e34a1eecefb963e0a02f0093f93b092dddb2fe1517596343751081a87?s=96&d=mm&r=g","contentUrl":"https:\/\/secure.gravatar.com\/avatar\/86e3114e34a1eecefb963e0a02f0093f93b092dddb2fe1517596343751081a87?s=96&d=mm&r=g","caption":"sanluisinforma.com"},"url":"https:\/\/sanluisinforma.com\/?author=2"}]}},"_links":{"self":[{"href":"https:\/\/sanluisinforma.com\/index.php?rest_route=\/wp\/v2\/posts\/16577","targetHints":{"allow":["GET"]}}],"collection":[{"href":"https:\/\/sanluisinforma.com\/index.php?rest_route=\/wp\/v2\/posts"}],"about":[{"href":"https:\/\/sanluisinforma.com\/index.php?rest_route=\/wp\/v2\/types\/post"}],"author":[{"embeddable":true,"href":"https:\/\/sanluisinforma.com\/index.php?rest_route=\/wp\/v2\/users\/2"}],"replies":[{"embeddable":true,"href":"https:\/\/sanluisinforma.com\/index.php?rest_route=%2Fwp%2Fv2%2Fcomments&post=16577"}],"version-history":[{"count":2,"href":"https:\/\/sanluisinforma.com\/index.php?rest_route=\/wp\/v2\/posts\/16577\/revisions"}],"predecessor-version":[{"id":16580,"href":"https:\/\/sanluisinforma.com\/index.php?rest_route=\/wp\/v2\/posts\/16577\/revisions\/16580"}],"wp:featuredmedia":[{"embeddable":true,"href":"https:\/\/sanluisinforma.com\/index.php?rest_route=\/wp\/v2\/media\/16578"}],"wp:attachment":[{"href":"https:\/\/sanluisinforma.com\/index.php?rest_route=%2Fwp%2Fv2%2Fmedia&parent=16577"}],"wp:term":[{"taxonomy":"category","embeddable":true,"href":"https:\/\/sanluisinforma.com\/index.php?rest_route=%2Fwp%2Fv2%2Fcategories&post=16577"},{"taxonomy":"post_tag","embeddable":true,"href":"https:\/\/sanluisinforma.com\/index.php?rest_route=%2Fwp%2Fv2%2Ftags&post=16577"}],"curies":[{"name":"wp","href":"https:\/\/api.w.org\/{rel}","templated":true}]}}