{"id":16585,"date":"2025-12-18T00:45:00","date_gmt":"2025-12-18T06:45:00","guid":{"rendered":"https:\/\/sanluisinforma.com\/?p=16585"},"modified":"2025-12-17T22:45:06","modified_gmt":"2025-12-18T04:45:06","slug":"albergue-invernal-del-dif-municipal-registra-180-pernoctas-de-personas-en-situacion-vulnerable","status":"publish","type":"post","link":"https:\/\/sanluisinforma.com\/?p=16585","title":{"rendered":"Albergue Invernal del DIF Municipal registra 180 pernoctas de personas en situaci\u00f3n vulnerable"},"content":{"rendered":"\n<p><\/p>\n\n\n\n<p>El Gobierno Municipal de San Luis Potos\u00ed mantiene en operaci\u00f3n el Albergue Invernal, a trav\u00e9s del DIF Municipal y en coordinaci\u00f3n con Protecci\u00f3n Civil, como parte de las acciones de atenci\u00f3n y protecci\u00f3n a personas en situaci\u00f3n vulnerable durante la temporada invernal.<\/p>\n\n\n\n<p>El Gobierno Municipal de San Luis Potos\u00ed, a trav\u00e9s del Sistema Municipal para el Desarrollo Integral de la Familia (DIF) y en coordinaci\u00f3n con la Direcci\u00f3n de Protecci\u00f3n Civil, puso en marcha por cuarto a\u00f1o consecutivo el Albergue Invernal a partir del pasado 1 de diciembre, con el prop\u00f3sito de brindar resguardo y atenci\u00f3n integral a personas en situaci\u00f3n de calle durante la temporada de bajas temperaturas.<\/p>\n\n\n\n<p>Con corte a la fecha, el Albergue Invernal ha brindado atenci\u00f3n a m\u00e1s de 14 personas en situaci\u00f3n de vulnerabilidad, registrando un total de 180 pernoctas de personas que han ingresado de manera voluntaria.<\/p>\n\n\n\n<p>El traslado de las personas beneficiarias se realiza, en algunos casos, mediante unidades de Protecci\u00f3n Civil Municipal, las cuales efect\u00faan recorridos para identificar y ofrecer resguardo a personas expuestas a condiciones clim\u00e1ticas adversas.<\/p>\n\n\n\n<p>Asimismo, otras personas acuden de manera directa al espacio ubicado en las instalaciones de Protecci\u00f3n Civil Municipal, en la intersecci\u00f3n de las avenidas Coronel Romero y Salvador Nava, el cual opera en un horario de 20:00 a 08:00 horas.<\/p>\n\n\n\n<p>Las personas que ingresan al albergue son evaluadas mediante un filtro sanitario, donde reciben atenci\u00f3n m\u00e9dica b\u00e1sica, as\u00ed como valoraci\u00f3n por parte de las \u00e1reas de Trabajo Social y Psicolog\u00eda, adem\u00e1s de contar con servicios de aseo personal.<\/p>\n\n\n\n<p>De igual forma, se les proporciona ropa limpia, una cena caliente y un espacio adecuado, seguro y digno para su descanso. En aquellos casos en los que las personas no aceptan ser trasladadas al albergue, se les entregan cobijas, pan y una bebida caliente como medida de apoyo inmediato.<\/p>\n\n\n\n<p>Al concluir la estancia nocturna, se brinda desayuno a las personas atendidas y, cuando la situaci\u00f3n lo amerita, se realiza el acompa\u00f1amiento correspondiente para la localizaci\u00f3n de redes familiares o la canalizaci\u00f3n a opciones de reinserci\u00f3n social y laboral.<\/p>\n\n\n\n<p>Durante la presente edici\u00f3n del programa, se han realizado 15 tr\u00e1mites de documentaci\u00f3n, siete canalizaciones a distintos servicios del DIF Municipal, una canalizaci\u00f3n al Centro Municipal de Salud Mental, un caso de reinserci\u00f3n social exitosa, as\u00ed como la canalizaci\u00f3n de dos mujeres a Puerta Violeta para su atenci\u00f3n especializada.<\/p>\n\n\n\n<p>El Gobierno Municipal de San Luis Potos\u00ed refrenda su compromiso de implementar acciones orientadas a la protecci\u00f3n y atenci\u00f3n de las personas en situaci\u00f3n de mayor vulnerabilidad ante las temperaturas extremas que se presentan durante la noche y la madrugada.<\/p>\n\n\n\n<p>La ciudadan\u00eda puede reportar a personas que requieran apoyo al n\u00famero telef\u00f3nico 444 420 30 61, o bien canalizarlas directamente al Albergue Invernal.<\/p>\n\n\n\n<p>Asimismo, se reitera la invitaci\u00f3n a la poblaci\u00f3n a realizar donaciones de ropa y calzado en buen estado y limpios para fortalecer la atenci\u00f3n brindada en este espacio.<\/p>\n","protected":false},"excerpt":{"rendered":"<p>El Gobierno Municipal de San Luis Potos\u00ed mantiene en operaci\u00f3n el Albergue Invernal, a trav\u00e9s del DIF Municipal y en<\/p>\n","protected":false},"author":2,"featured_media":16586,"comment_status":"closed","ping_status":"closed","sticky":false,"template":"","format":"standard","meta":{"footnotes":""},"categories":[25,30],"tags":[],"class_list":["post-16585","post","type-post","status-publish","format-standard","has-post-thumbnail","hentry","category-local","category-portada"],"yoast_head":"<!-- This site is optimized with the Yoast SEO plugin v24.1 - https:\/\/yoast.com\/wordpress\/plugins\/seo\/ -->\n<title>Albergue Invernal del DIF Municipal registra 180 pernoctas de personas en situaci\u00f3n vulnerable - sanluisinforma.com<\/title>\n<meta name=\"robots\" content=\"index, follow, max-snippet:-1, max-image-preview:large, max-video-preview:-1\" \/>\n<link rel=\"canonical\" href=\"https:\/\/sanluisinforma.com\/?p=16585\" \/>\n<meta property=\"og:locale\" content=\"es_MX\" \/>\n<meta property=\"og:type\" content=\"article\" \/>\n<meta property=\"og:title\" content=\"Albergue Invernal del DIF Municipal registra 180 pernoctas de personas en situaci\u00f3n vulnerable - sanluisinforma.com\" \/>\n<meta property=\"og:description\" content=\"El Gobierno Municipal de San Luis Potos\u00ed mantiene en operaci\u00f3n el Albergue Invernal, a trav\u00e9s del DIF Municipal y en\" \/>\n<meta property=\"og:url\" content=\"https:\/\/sanluisinforma.com\/?p=16585\" \/>\n<meta property=\"og:site_name\" content=\"sanluisinforma.com\" \/>\n<meta property=\"article:published_time\" content=\"2025-12-18T06:45:00+00:00\" \/>\n<meta property=\"article:modified_time\" content=\"2025-12-18T04:45:06+00:00\" \/>\n<meta property=\"og:image\" content=\"https:\/\/sanluisinforma.com\/wp-content\/uploads\/2025\/12\/PHOTO-2025-12-17-16-47-09.jpg\" \/>\n\t<meta property=\"og:image:width\" content=\"400\" \/>\n\t<meta property=\"og:image:height\" content=\"300\" \/>\n\t<meta property=\"og:image:type\" content=\"image\/jpeg\" \/>\n<meta name=\"author\" content=\"sanluisinforma.com\" \/>\n<meta name=\"twitter:card\" content=\"summary_large_image\" \/>\n<meta name=\"twitter:label1\" content=\"Escrito por\" \/>\n\t<meta name=\"twitter:data1\" content=\"sanluisinforma.com\" \/>\n\t<meta name=\"twitter:label2\" content=\"Tiempo de lectura\" \/>\n\t<meta name=\"twitter:data2\" content=\"3 minutos\" \/>\n<script type=\"application\/ld+json\" class=\"yoast-schema-graph\">{\"@context\":\"https:\/\/schema.org\",\"@graph\":[{\"@type\":\"Article\",\"@id\":\"https:\/\/sanluisinforma.com\/?p=16585#article\",\"isPartOf\":{\"@id\":\"https:\/\/sanluisinforma.com\/?p=16585\"},\"author\":{\"name\":\"sanluisinforma.com\",\"@id\":\"https:\/\/sanluisinforma.com\/#\/schema\/person\/c30648f71476be533b6f59d092905c8b\"},\"headline\":\"Albergue Invernal del DIF Municipal registra 180 pernoctas de personas en situaci\u00f3n vulnerable\",\"datePublished\":\"2025-12-18T06:45:00+00:00\",\"dateModified\":\"2025-12-18T04:45:06+00:00\",\"mainEntityOfPage\":{\"@id\":\"https:\/\/sanluisinforma.com\/?p=16585\"},\"wordCount\":534,\"publisher\":{\"@id\":\"https:\/\/sanluisinforma.com\/#organization\"},\"image\":{\"@id\":\"https:\/\/sanluisinforma.com\/?p=16585#primaryimage\"},\"thumbnailUrl\":\"https:\/\/sanluisinforma.com\/wp-content\/uploads\/2025\/12\/PHOTO-2025-12-17-16-47-09.jpg\",\"articleSection\":[\"Local\",\"Portada\"],\"inLanguage\":\"es\"},{\"@type\":\"WebPage\",\"@id\":\"https:\/\/sanluisinforma.com\/?p=16585\",\"url\":\"https:\/\/sanluisinforma.com\/?p=16585\",\"name\":\"Albergue Invernal del DIF Municipal registra 180 pernoctas de personas en situaci\u00f3n vulnerable - sanluisinforma.com\",\"isPartOf\":{\"@id\":\"https:\/\/sanluisinforma.com\/#website\"},\"primaryImageOfPage\":{\"@id\":\"https:\/\/sanluisinforma.com\/?p=16585#primaryimage\"},\"image\":{\"@id\":\"https:\/\/sanluisinforma.com\/?p=16585#primaryimage\"},\"thumbnailUrl\":\"https:\/\/sanluisinforma.com\/wp-content\/uploads\/2025\/12\/PHOTO-2025-12-17-16-47-09.jpg\",\"datePublished\":\"2025-12-18T06:45:00+00:00\",\"dateModified\":\"2025-12-18T04:45:06+00:00\",\"breadcrumb\":{\"@id\":\"https:\/\/sanluisinforma.com\/?p=16585#breadcrumb\"},\"inLanguage\":\"es\",\"potentialAction\":[{\"@type\":\"ReadAction\",\"target\":[\"https:\/\/sanluisinforma.com\/?p=16585\"]}]},{\"@type\":\"ImageObject\",\"inLanguage\":\"es\",\"@id\":\"https:\/\/sanluisinforma.com\/?p=16585#primaryimage\",\"url\":\"https:\/\/sanluisinforma.com\/wp-content\/uploads\/2025\/12\/PHOTO-2025-12-17-16-47-09.jpg\",\"contentUrl\":\"https:\/\/sanluisinforma.com\/wp-content\/uploads\/2025\/12\/PHOTO-2025-12-17-16-47-09.jpg\",\"width\":400,\"height\":300},{\"@type\":\"BreadcrumbList\",\"@id\":\"https:\/\/sanluisinforma.com\/?p=16585#breadcrumb\",\"itemListElement\":[{\"@type\":\"ListItem\",\"position\":1,\"name\":\"Inicio\",\"item\":\"https:\/\/sanluisinforma.com\/\"},{\"@type\":\"ListItem\",\"position\":2,\"name\":\"Albergue Invernal del DIF Municipal registra 180 pernoctas de personas en situaci\u00f3n vulnerable\"}]},{\"@type\":\"WebSite\",\"@id\":\"https:\/\/sanluisinforma.com\/#website\",\"url\":\"https:\/\/sanluisinforma.com\/\",\"name\":\"sanluisinforma.com\",\"description\":\"Periodico San Luis Informa\",\"publisher\":{\"@id\":\"https:\/\/sanluisinforma.com\/#organization\"},\"potentialAction\":[{\"@type\":\"SearchAction\",\"target\":{\"@type\":\"EntryPoint\",\"urlTemplate\":\"https:\/\/sanluisinforma.com\/?s={search_term_string}\"},\"query-input\":{\"@type\":\"PropertyValueSpecification\",\"valueRequired\":true,\"valueName\":\"search_term_string\"}}],\"inLanguage\":\"es\"},{\"@type\":\"Organization\",\"@id\":\"https:\/\/sanluisinforma.com\/#organization\",\"name\":\"sanluisinforma.com\",\"url\":\"https:\/\/sanluisinforma.com\/\",\"logo\":{\"@type\":\"ImageObject\",\"inLanguage\":\"es\",\"@id\":\"https:\/\/sanluisinforma.com\/#\/schema\/logo\/image\/\",\"url\":\"https:\/\/sanluisinforma.com\/wp-content\/uploads\/2026\/03\/sanluisinforma-V.jpg\",\"contentUrl\":\"https:\/\/sanluisinforma.com\/wp-content\/uploads\/2026\/03\/sanluisinforma-V.jpg\",\"width\":500,\"height\":156,\"caption\":\"sanluisinforma.com\"},\"image\":{\"@id\":\"https:\/\/sanluisinforma.com\/#\/schema\/logo\/image\/\"}},{\"@type\":\"Person\",\"@id\":\"https:\/\/sanluisinforma.com\/#\/schema\/person\/c30648f71476be533b6f59d092905c8b\",\"name\":\"sanluisinforma.com\",\"image\":{\"@type\":\"ImageObject\",\"inLanguage\":\"es\",\"@id\":\"https:\/\/sanluisinforma.com\/#\/schema\/person\/image\/\",\"url\":\"https:\/\/secure.gravatar.com\/avatar\/86e3114e34a1eecefb963e0a02f0093f93b092dddb2fe1517596343751081a87?s=96&d=mm&r=g\",\"contentUrl\":\"https:\/\/secure.gravatar.com\/avatar\/86e3114e34a1eecefb963e0a02f0093f93b092dddb2fe1517596343751081a87?s=96&d=mm&r=g\",\"caption\":\"sanluisinforma.com\"},\"url\":\"https:\/\/sanluisinforma.com\/?author=2\"}]}<\/script>\n<!-- \/ Yoast SEO plugin. -->","yoast_head_json":{"title":"Albergue Invernal del DIF Municipal registra 180 pernoctas de personas en situaci\u00f3n vulnerable - sanluisinforma.com","robots":{"index":"index","follow":"follow","max-snippet":"max-snippet:-1","max-image-preview":"max-image-preview:large","max-video-preview":"max-video-preview:-1"},"canonical":"https:\/\/sanluisinforma.com\/?p=16585","og_locale":"es_MX","og_type":"article","og_title":"Albergue Invernal del DIF Municipal registra 180 pernoctas de personas en situaci\u00f3n vulnerable - sanluisinforma.com","og_description":"El Gobierno Municipal de San Luis Potos\u00ed mantiene en operaci\u00f3n el Albergue Invernal, a trav\u00e9s del DIF Municipal y en","og_url":"https:\/\/sanluisinforma.com\/?p=16585","og_site_name":"sanluisinforma.com","article_published_time":"2025-12-18T06:45:00+00:00","article_modified_time":"2025-12-18T04:45:06+00:00","og_image":[{"width":400,"height":300,"url":"https:\/\/sanluisinforma.com\/wp-content\/uploads\/2025\/12\/PHOTO-2025-12-17-16-47-09.jpg","type":"image\/jpeg"}],"author":"sanluisinforma.com","twitter_card":"summary_large_image","twitter_misc":{"Escrito por":"sanluisinforma.com","Tiempo de lectura":"3 minutos"},"schema":{"@context":"https:\/\/schema.org","@graph":[{"@type":"Article","@id":"https:\/\/sanluisinforma.com\/?p=16585#article","isPartOf":{"@id":"https:\/\/sanluisinforma.com\/?p=16585"},"author":{"name":"sanluisinforma.com","@id":"https:\/\/sanluisinforma.com\/#\/schema\/person\/c30648f71476be533b6f59d092905c8b"},"headline":"Albergue Invernal del DIF Municipal registra 180 pernoctas de personas en situaci\u00f3n vulnerable","datePublished":"2025-12-18T06:45:00+00:00","dateModified":"2025-12-18T04:45:06+00:00","mainEntityOfPage":{"@id":"https:\/\/sanluisinforma.com\/?p=16585"},"wordCount":534,"publisher":{"@id":"https:\/\/sanluisinforma.com\/#organization"},"image":{"@id":"https:\/\/sanluisinforma.com\/?p=16585#primaryimage"},"thumbnailUrl":"https:\/\/sanluisinforma.com\/wp-content\/uploads\/2025\/12\/PHOTO-2025-12-17-16-47-09.jpg","articleSection":["Local","Portada"],"inLanguage":"es"},{"@type":"WebPage","@id":"https:\/\/sanluisinforma.com\/?p=16585","url":"https:\/\/sanluisinforma.com\/?p=16585","name":"Albergue Invernal del DIF Municipal registra 180 pernoctas de personas en situaci\u00f3n vulnerable - sanluisinforma.com","isPartOf":{"@id":"https:\/\/sanluisinforma.com\/#website"},"primaryImageOfPage":{"@id":"https:\/\/sanluisinforma.com\/?p=16585#primaryimage"},"image":{"@id":"https:\/\/sanluisinforma.com\/?p=16585#primaryimage"},"thumbnailUrl":"https:\/\/sanluisinforma.com\/wp-content\/uploads\/2025\/12\/PHOTO-2025-12-17-16-47-09.jpg","datePublished":"2025-12-18T06:45:00+00:00","dateModified":"2025-12-18T04:45:06+00:00","breadcrumb":{"@id":"https:\/\/sanluisinforma.com\/?p=16585#breadcrumb"},"inLanguage":"es","potentialAction":[{"@type":"ReadAction","target":["https:\/\/sanluisinforma.com\/?p=16585"]}]},{"@type":"ImageObject","inLanguage":"es","@id":"https:\/\/sanluisinforma.com\/?p=16585#primaryimage","url":"https:\/\/sanluisinforma.com\/wp-content\/uploads\/2025\/12\/PHOTO-2025-12-17-16-47-09.jpg","contentUrl":"https:\/\/sanluisinforma.com\/wp-content\/uploads\/2025\/12\/PHOTO-2025-12-17-16-47-09.jpg","width":400,"height":300},{"@type":"BreadcrumbList","@id":"https:\/\/sanluisinforma.com\/?p=16585#breadcrumb","itemListElement":[{"@type":"ListItem","position":1,"name":"Inicio","item":"https:\/\/sanluisinforma.com\/"},{"@type":"ListItem","position":2,"name":"Albergue Invernal del DIF Municipal registra 180 pernoctas de personas en situaci\u00f3n vulnerable"}]},{"@type":"WebSite","@id":"https:\/\/sanluisinforma.com\/#website","url":"https:\/\/sanluisinforma.com\/","name":"sanluisinforma.com","description":"Periodico San Luis Informa","publisher":{"@id":"https:\/\/sanluisinforma.com\/#organization"},"potentialAction":[{"@type":"SearchAction","target":{"@type":"EntryPoint","urlTemplate":"https:\/\/sanluisinforma.com\/?s={search_term_string}"},"query-input":{"@type":"PropertyValueSpecification","valueRequired":true,"valueName":"search_term_string"}}],"inLanguage":"es"},{"@type":"Organization","@id":"https:\/\/sanluisinforma.com\/#organization","name":"sanluisinforma.com","url":"https:\/\/sanluisinforma.com\/","logo":{"@type":"ImageObject","inLanguage":"es","@id":"https:\/\/sanluisinforma.com\/#\/schema\/logo\/image\/","url":"https:\/\/sanluisinforma.com\/wp-content\/uploads\/2026\/03\/sanluisinforma-V.jpg","contentUrl":"https:\/\/sanluisinforma.com\/wp-content\/uploads\/2026\/03\/sanluisinforma-V.jpg","width":500,"height":156,"caption":"sanluisinforma.com"},"image":{"@id":"https:\/\/sanluisinforma.com\/#\/schema\/logo\/image\/"}},{"@type":"Person","@id":"https:\/\/sanluisinforma.com\/#\/schema\/person\/c30648f71476be533b6f59d092905c8b","name":"sanluisinforma.com","image":{"@type":"ImageObject","inLanguage":"es","@id":"https:\/\/sanluisinforma.com\/#\/schema\/person\/image\/","url":"https:\/\/secure.gravatar.com\/avatar\/86e3114e34a1eecefb963e0a02f0093f93b092dddb2fe1517596343751081a87?s=96&d=mm&r=g","contentUrl":"https:\/\/secure.gravatar.com\/avatar\/86e3114e34a1eecefb963e0a02f0093f93b092dddb2fe1517596343751081a87?s=96&d=mm&r=g","caption":"sanluisinforma.com"},"url":"https:\/\/sanluisinforma.com\/?author=2"}]}},"_links":{"self":[{"href":"https:\/\/sanluisinforma.com\/index.php?rest_route=\/wp\/v2\/posts\/16585","targetHints":{"allow":["GET"]}}],"collection":[{"href":"https:\/\/sanluisinforma.com\/index.php?rest_route=\/wp\/v2\/posts"}],"about":[{"href":"https:\/\/sanluisinforma.com\/index.php?rest_route=\/wp\/v2\/types\/post"}],"author":[{"embeddable":true,"href":"https:\/\/sanluisinforma.com\/index.php?rest_route=\/wp\/v2\/users\/2"}],"replies":[{"embeddable":true,"href":"https:\/\/sanluisinforma.com\/index.php?rest_route=%2Fwp%2Fv2%2Fcomments&post=16585"}],"version-history":[{"count":1,"href":"https:\/\/sanluisinforma.com\/index.php?rest_route=\/wp\/v2\/posts\/16585\/revisions"}],"predecessor-version":[{"id":16587,"href":"https:\/\/sanluisinforma.com\/index.php?rest_route=\/wp\/v2\/posts\/16585\/revisions\/16587"}],"wp:featuredmedia":[{"embeddable":true,"href":"https:\/\/sanluisinforma.com\/index.php?rest_route=\/wp\/v2\/media\/16586"}],"wp:attachment":[{"href":"https:\/\/sanluisinforma.com\/index.php?rest_route=%2Fwp%2Fv2%2Fmedia&parent=16585"}],"wp:term":[{"taxonomy":"category","embeddable":true,"href":"https:\/\/sanluisinforma.com\/index.php?rest_route=%2Fwp%2Fv2%2Fcategories&post=16585"},{"taxonomy":"post_tag","embeddable":true,"href":"https:\/\/sanluisinforma.com\/index.php?rest_route=%2Fwp%2Fv2%2Ftags&post=16585"}],"curies":[{"name":"wp","href":"https:\/\/api.w.org\/{rel}","templated":true}]}}