{"id":17245,"date":"2026-01-25T00:45:00","date_gmt":"2026-01-25T06:45:00","guid":{"rendered":"https:\/\/sanluisinforma.com\/?p=17245"},"modified":"2026-01-24T20:32:31","modified_gmt":"2026-01-25T02:32:31","slug":"en-2026-san-luis-capital-vuelve-a-ser-sede-de-la-carrera-panamericana-confirma-alcalde-galindo","status":"publish","type":"post","link":"https:\/\/sanluisinforma.com\/?p=17245","title":{"rendered":"En 2026, San Luis Capital vuelve a ser sede de La Carrera Panamericana, confirma Alcalde Galindo"},"content":{"rendered":"\n<p><\/p>\n\n\n\n<ul class=\"wp-block-list\">\n<li>La Capital potosina dio a conocer ante el p\u00fablico internacional de la Feria Internacional de Turismo esta hist\u00f3rica competencia de automovilismo, que volver\u00e1 a San Luis Capital como sede de su pen\u00faltima etapa en la edici\u00f3n 2026.<\/li>\n<\/ul>\n\n\n\n<p>El Alcalde de San Luis Capital, Enrique Galindo Ceballos, fortaleci\u00f3 la proyecci\u00f3n tur\u00edstica internacional de nuestra ciudad al presentar La Carrera Panamericana ante el p\u00fablico especializado de la Feria Internacional de Turismo (FITUR), donde se confirm\u00f3 que la emblem\u00e1tica competencia regresar\u00e1 a territorio potosino en octubre de 2026 como sede de su pen\u00faltima etapa.<\/p>\n\n\n\n<p>Durante un encuentro con la Directora General de la Carrera Panamericana, Karen Le\u00f3n, el Alcalde Enrique Galindo destac\u00f3 que esta competencia es considerado uno de los eventos de automovilismo m\u00e1s relevantes de Am\u00e9rica Latina. El Presidente Municipal reafirm\u00f3 el papel de San Luis Capital como una ciudad anfitriona estrat\u00e9gica, as\u00ed como la confianza depositada por los organizadores en el destino potosino, que se ha consolidado como una de las sedes m\u00e1s representativas del recorrido.<\/p>\n\n\n\n<p>Karen Le\u00f3n, Directora de La Carrera Panamericana, reconoci\u00f3 el respaldo institucional y la calidez de la ciudad, subrayando que San Luis Capital se ha convertido en una aut\u00e9ntica \u201cfirma\u201d del evento, al proyectar su imagen a nivel internacional y fortalecer su posicionamiento tur\u00edstico en mercados latinoamericanos.<\/p>\n\n\n\n<p>El Alcalde Enrique Galindo record\u00f3 al piloto potosino Ricardo Cordero, campe\u00f3n y referente nacional, quien buscar\u00e1 en esta edici\u00f3n 2026 su octavo t\u00edtulo, lo que lo colocar\u00eda como el piloto m\u00e1s galardonado en la historia de la competencia.<\/p>\n\n\n\n<p>La Carrera Panamericana se desarrollar\u00e1 del 16 al 22 de octubre de 2026, con presencia en San Luis Capital los d\u00edas 20 y 21, reforzando la continuidad de este proyecto deportivo que impulsa la promoci\u00f3n tur\u00edstica, la derrama econ\u00f3mica y la proyecci\u00f3n internacional de la ciudad.<\/p>\n","protected":false},"excerpt":{"rendered":"<p>El Alcalde de San Luis Capital, Enrique Galindo Ceballos, fortaleci\u00f3 la proyecci\u00f3n tur\u00edstica internacional de nuestra ciudad al presentar La<\/p>\n","protected":false},"author":2,"featured_media":0,"comment_status":"closed","ping_status":"closed","sticky":false,"template":"","format":"standard","meta":{"footnotes":""},"categories":[25,30],"tags":[],"class_list":["post-17245","post","type-post","status-publish","format-standard","hentry","category-local","category-portada"],"yoast_head":"<!-- This site is optimized with the Yoast SEO plugin v24.1 - https:\/\/yoast.com\/wordpress\/plugins\/seo\/ -->\n<title>En 2026, San Luis Capital vuelve a ser sede de La Carrera Panamericana, confirma Alcalde Galindo - sanluisinforma.com<\/title>\n<meta name=\"robots\" content=\"index, follow, max-snippet:-1, max-image-preview:large, max-video-preview:-1\" \/>\n<link rel=\"canonical\" href=\"https:\/\/sanluisinforma.com\/?p=17245\" \/>\n<meta property=\"og:locale\" content=\"es_MX\" \/>\n<meta property=\"og:type\" content=\"article\" \/>\n<meta property=\"og:title\" content=\"En 2026, San Luis Capital vuelve a ser sede de La Carrera Panamericana, confirma Alcalde Galindo - sanluisinforma.com\" \/>\n<meta property=\"og:description\" content=\"El Alcalde de San Luis Capital, Enrique Galindo Ceballos, fortaleci\u00f3 la proyecci\u00f3n tur\u00edstica internacional de nuestra ciudad al presentar La\" \/>\n<meta property=\"og:url\" content=\"https:\/\/sanluisinforma.com\/?p=17245\" \/>\n<meta property=\"og:site_name\" content=\"sanluisinforma.com\" \/>\n<meta property=\"article:published_time\" content=\"2026-01-25T06:45:00+00:00\" \/>\n<meta property=\"article:modified_time\" content=\"2026-01-25T02:32:31+00:00\" \/>\n<meta name=\"author\" content=\"sanluisinforma.com\" \/>\n<meta name=\"twitter:card\" content=\"summary_large_image\" \/>\n<meta name=\"twitter:label1\" content=\"Escrito por\" \/>\n\t<meta name=\"twitter:data1\" content=\"sanluisinforma.com\" \/>\n\t<meta name=\"twitter:label2\" content=\"Tiempo de lectura\" \/>\n\t<meta name=\"twitter:data2\" content=\"2 minutos\" \/>\n<script type=\"application\/ld+json\" class=\"yoast-schema-graph\">{\"@context\":\"https:\/\/schema.org\",\"@graph\":[{\"@type\":\"Article\",\"@id\":\"https:\/\/sanluisinforma.com\/?p=17245#article\",\"isPartOf\":{\"@id\":\"https:\/\/sanluisinforma.com\/?p=17245\"},\"author\":{\"name\":\"sanluisinforma.com\",\"@id\":\"https:\/\/sanluisinforma.com\/#\/schema\/person\/c30648f71476be533b6f59d092905c8b\"},\"headline\":\"En 2026, San Luis Capital vuelve a ser sede de La Carrera Panamericana, confirma Alcalde Galindo\",\"datePublished\":\"2026-01-25T06:45:00+00:00\",\"dateModified\":\"2026-01-25T02:32:31+00:00\",\"mainEntityOfPage\":{\"@id\":\"https:\/\/sanluisinforma.com\/?p=17245\"},\"wordCount\":329,\"publisher\":{\"@id\":\"https:\/\/sanluisinforma.com\/#organization\"},\"articleSection\":[\"Local\",\"Portada\"],\"inLanguage\":\"es\"},{\"@type\":\"WebPage\",\"@id\":\"https:\/\/sanluisinforma.com\/?p=17245\",\"url\":\"https:\/\/sanluisinforma.com\/?p=17245\",\"name\":\"En 2026, San Luis Capital vuelve a ser sede de La Carrera Panamericana, confirma Alcalde Galindo - sanluisinforma.com\",\"isPartOf\":{\"@id\":\"https:\/\/sanluisinforma.com\/#website\"},\"datePublished\":\"2026-01-25T06:45:00+00:00\",\"dateModified\":\"2026-01-25T02:32:31+00:00\",\"breadcrumb\":{\"@id\":\"https:\/\/sanluisinforma.com\/?p=17245#breadcrumb\"},\"inLanguage\":\"es\",\"potentialAction\":[{\"@type\":\"ReadAction\",\"target\":[\"https:\/\/sanluisinforma.com\/?p=17245\"]}]},{\"@type\":\"BreadcrumbList\",\"@id\":\"https:\/\/sanluisinforma.com\/?p=17245#breadcrumb\",\"itemListElement\":[{\"@type\":\"ListItem\",\"position\":1,\"name\":\"Inicio\",\"item\":\"https:\/\/sanluisinforma.com\/\"},{\"@type\":\"ListItem\",\"position\":2,\"name\":\"En 2026, San Luis Capital vuelve a ser sede de La Carrera Panamericana, confirma Alcalde Galindo\"}]},{\"@type\":\"WebSite\",\"@id\":\"https:\/\/sanluisinforma.com\/#website\",\"url\":\"https:\/\/sanluisinforma.com\/\",\"name\":\"sanluisinforma.com\",\"description\":\"Periodico San Luis Informa\",\"publisher\":{\"@id\":\"https:\/\/sanluisinforma.com\/#organization\"},\"potentialAction\":[{\"@type\":\"SearchAction\",\"target\":{\"@type\":\"EntryPoint\",\"urlTemplate\":\"https:\/\/sanluisinforma.com\/?s={search_term_string}\"},\"query-input\":{\"@type\":\"PropertyValueSpecification\",\"valueRequired\":true,\"valueName\":\"search_term_string\"}}],\"inLanguage\":\"es\"},{\"@type\":\"Organization\",\"@id\":\"https:\/\/sanluisinforma.com\/#organization\",\"name\":\"sanluisinforma.com\",\"url\":\"https:\/\/sanluisinforma.com\/\",\"logo\":{\"@type\":\"ImageObject\",\"inLanguage\":\"es\",\"@id\":\"https:\/\/sanluisinforma.com\/#\/schema\/logo\/image\/\",\"url\":\"https:\/\/sanluisinforma.com\/wp-content\/uploads\/2026\/03\/sanluisinforma-V.jpg\",\"contentUrl\":\"https:\/\/sanluisinforma.com\/wp-content\/uploads\/2026\/03\/sanluisinforma-V.jpg\",\"width\":500,\"height\":156,\"caption\":\"sanluisinforma.com\"},\"image\":{\"@id\":\"https:\/\/sanluisinforma.com\/#\/schema\/logo\/image\/\"}},{\"@type\":\"Person\",\"@id\":\"https:\/\/sanluisinforma.com\/#\/schema\/person\/c30648f71476be533b6f59d092905c8b\",\"name\":\"sanluisinforma.com\",\"image\":{\"@type\":\"ImageObject\",\"inLanguage\":\"es\",\"@id\":\"https:\/\/sanluisinforma.com\/#\/schema\/person\/image\/\",\"url\":\"https:\/\/secure.gravatar.com\/avatar\/86e3114e34a1eecefb963e0a02f0093f93b092dddb2fe1517596343751081a87?s=96&d=mm&r=g\",\"contentUrl\":\"https:\/\/secure.gravatar.com\/avatar\/86e3114e34a1eecefb963e0a02f0093f93b092dddb2fe1517596343751081a87?s=96&d=mm&r=g\",\"caption\":\"sanluisinforma.com\"},\"url\":\"https:\/\/sanluisinforma.com\/?author=2\"}]}<\/script>\n<!-- \/ Yoast SEO plugin. -->","yoast_head_json":{"title":"En 2026, San Luis Capital vuelve a ser sede de La Carrera Panamericana, confirma Alcalde Galindo - sanluisinforma.com","robots":{"index":"index","follow":"follow","max-snippet":"max-snippet:-1","max-image-preview":"max-image-preview:large","max-video-preview":"max-video-preview:-1"},"canonical":"https:\/\/sanluisinforma.com\/?p=17245","og_locale":"es_MX","og_type":"article","og_title":"En 2026, San Luis Capital vuelve a ser sede de La Carrera Panamericana, confirma Alcalde Galindo - sanluisinforma.com","og_description":"El Alcalde de San Luis Capital, Enrique Galindo Ceballos, fortaleci\u00f3 la proyecci\u00f3n tur\u00edstica internacional de nuestra ciudad al presentar La","og_url":"https:\/\/sanluisinforma.com\/?p=17245","og_site_name":"sanluisinforma.com","article_published_time":"2026-01-25T06:45:00+00:00","article_modified_time":"2026-01-25T02:32:31+00:00","author":"sanluisinforma.com","twitter_card":"summary_large_image","twitter_misc":{"Escrito por":"sanluisinforma.com","Tiempo de lectura":"2 minutos"},"schema":{"@context":"https:\/\/schema.org","@graph":[{"@type":"Article","@id":"https:\/\/sanluisinforma.com\/?p=17245#article","isPartOf":{"@id":"https:\/\/sanluisinforma.com\/?p=17245"},"author":{"name":"sanluisinforma.com","@id":"https:\/\/sanluisinforma.com\/#\/schema\/person\/c30648f71476be533b6f59d092905c8b"},"headline":"En 2026, San Luis Capital vuelve a ser sede de La Carrera Panamericana, confirma Alcalde Galindo","datePublished":"2026-01-25T06:45:00+00:00","dateModified":"2026-01-25T02:32:31+00:00","mainEntityOfPage":{"@id":"https:\/\/sanluisinforma.com\/?p=17245"},"wordCount":329,"publisher":{"@id":"https:\/\/sanluisinforma.com\/#organization"},"articleSection":["Local","Portada"],"inLanguage":"es"},{"@type":"WebPage","@id":"https:\/\/sanluisinforma.com\/?p=17245","url":"https:\/\/sanluisinforma.com\/?p=17245","name":"En 2026, San Luis Capital vuelve a ser sede de La Carrera Panamericana, confirma Alcalde Galindo - sanluisinforma.com","isPartOf":{"@id":"https:\/\/sanluisinforma.com\/#website"},"datePublished":"2026-01-25T06:45:00+00:00","dateModified":"2026-01-25T02:32:31+00:00","breadcrumb":{"@id":"https:\/\/sanluisinforma.com\/?p=17245#breadcrumb"},"inLanguage":"es","potentialAction":[{"@type":"ReadAction","target":["https:\/\/sanluisinforma.com\/?p=17245"]}]},{"@type":"BreadcrumbList","@id":"https:\/\/sanluisinforma.com\/?p=17245#breadcrumb","itemListElement":[{"@type":"ListItem","position":1,"name":"Inicio","item":"https:\/\/sanluisinforma.com\/"},{"@type":"ListItem","position":2,"name":"En 2026, San Luis Capital vuelve a ser sede de La Carrera Panamericana, confirma Alcalde Galindo"}]},{"@type":"WebSite","@id":"https:\/\/sanluisinforma.com\/#website","url":"https:\/\/sanluisinforma.com\/","name":"sanluisinforma.com","description":"Periodico San Luis Informa","publisher":{"@id":"https:\/\/sanluisinforma.com\/#organization"},"potentialAction":[{"@type":"SearchAction","target":{"@type":"EntryPoint","urlTemplate":"https:\/\/sanluisinforma.com\/?s={search_term_string}"},"query-input":{"@type":"PropertyValueSpecification","valueRequired":true,"valueName":"search_term_string"}}],"inLanguage":"es"},{"@type":"Organization","@id":"https:\/\/sanluisinforma.com\/#organization","name":"sanluisinforma.com","url":"https:\/\/sanluisinforma.com\/","logo":{"@type":"ImageObject","inLanguage":"es","@id":"https:\/\/sanluisinforma.com\/#\/schema\/logo\/image\/","url":"https:\/\/sanluisinforma.com\/wp-content\/uploads\/2026\/03\/sanluisinforma-V.jpg","contentUrl":"https:\/\/sanluisinforma.com\/wp-content\/uploads\/2026\/03\/sanluisinforma-V.jpg","width":500,"height":156,"caption":"sanluisinforma.com"},"image":{"@id":"https:\/\/sanluisinforma.com\/#\/schema\/logo\/image\/"}},{"@type":"Person","@id":"https:\/\/sanluisinforma.com\/#\/schema\/person\/c30648f71476be533b6f59d092905c8b","name":"sanluisinforma.com","image":{"@type":"ImageObject","inLanguage":"es","@id":"https:\/\/sanluisinforma.com\/#\/schema\/person\/image\/","url":"https:\/\/secure.gravatar.com\/avatar\/86e3114e34a1eecefb963e0a02f0093f93b092dddb2fe1517596343751081a87?s=96&d=mm&r=g","contentUrl":"https:\/\/secure.gravatar.com\/avatar\/86e3114e34a1eecefb963e0a02f0093f93b092dddb2fe1517596343751081a87?s=96&d=mm&r=g","caption":"sanluisinforma.com"},"url":"https:\/\/sanluisinforma.com\/?author=2"}]}},"_links":{"self":[{"href":"https:\/\/sanluisinforma.com\/index.php?rest_route=\/wp\/v2\/posts\/17245","targetHints":{"allow":["GET"]}}],"collection":[{"href":"https:\/\/sanluisinforma.com\/index.php?rest_route=\/wp\/v2\/posts"}],"about":[{"href":"https:\/\/sanluisinforma.com\/index.php?rest_route=\/wp\/v2\/types\/post"}],"author":[{"embeddable":true,"href":"https:\/\/sanluisinforma.com\/index.php?rest_route=\/wp\/v2\/users\/2"}],"replies":[{"embeddable":true,"href":"https:\/\/sanluisinforma.com\/index.php?rest_route=%2Fwp%2Fv2%2Fcomments&post=17245"}],"version-history":[{"count":1,"href":"https:\/\/sanluisinforma.com\/index.php?rest_route=\/wp\/v2\/posts\/17245\/revisions"}],"predecessor-version":[{"id":17246,"href":"https:\/\/sanluisinforma.com\/index.php?rest_route=\/wp\/v2\/posts\/17245\/revisions\/17246"}],"wp:attachment":[{"href":"https:\/\/sanluisinforma.com\/index.php?rest_route=%2Fwp%2Fv2%2Fmedia&parent=17245"}],"wp:term":[{"taxonomy":"category","embeddable":true,"href":"https:\/\/sanluisinforma.com\/index.php?rest_route=%2Fwp%2Fv2%2Fcategories&post=17245"},{"taxonomy":"post_tag","embeddable":true,"href":"https:\/\/sanluisinforma.com\/index.php?rest_route=%2Fwp%2Fv2%2Ftags&post=17245"}],"curies":[{"name":"wp","href":"https:\/\/api.w.org\/{rel}","templated":true}]}}