{"id":17264,"date":"2026-01-26T00:50:00","date_gmt":"2026-01-26T06:50:00","guid":{"rendered":"https:\/\/sanluisinforma.com\/?p=17264"},"modified":"2026-01-25T20:42:38","modified_gmt":"2026-01-26T02:42:38","slug":"gobierno-de-la-capital-fortalece-el-bienestar-alimentario-de-mas-de-16-mil-potosinos-alcalde-galindo","status":"publish","type":"post","link":"https:\/\/sanluisinforma.com\/?p=17264","title":{"rendered":"Gobierno de la Capital fortalece el bienestar alimentario de m\u00e1s de 16 mil potosinos: Alcalde Galindo"},"content":{"rendered":"\n<p>El Presidente Municipal destac\u00f3 que el programa Bienestar en Familia se consolida como una pol\u00edtica social permanente del Gobierno Municipal, con beneficios directos para miles de hogares; tan solo la semana anterior se atendi\u00f3 a 326 familias de San Luis Capital.<\/p>\n\n\n\n<p>El Alcalde Enrique Galindo Ceballos afirm\u00f3 que el programa Bienestar en Familia es una de las estrategias sociales m\u00e1s importantes del Gobierno de la Capital para mejorar la calidad de vida de las familias potosinas. \u201cEste programa tiene un objetivo muy claro: que ninguna familia de San Luis Capital se quede sin acceso a una alimentaci\u00f3n b\u00e1sica y digna\u201d, subray\u00f3 el Presidente Municipal.<\/p>\n\n\n\n<p>El Edil Capitalino se\u00f1al\u00f3 que, gracias a la continuidad y alcance de esta pol\u00edtica p\u00fablica, a la fecha se ha beneficiado a m\u00e1s de 16 mil Capitalinos en distintas colonias y comunidades del municipio: \u201cEstamos hablando de una acci\u00f3n social que s\u00ed llega a donde se necesita, que apoya a ni\u00f1as, ni\u00f1os, adultos mayores y a quienes m\u00e1s lo requieren\u201d.<\/p>\n\n\n\n<p>Asimismo, el Alcalde Enrique Galindo destac\u00f3 que la bolsa ecol\u00f3gica que se entrega a trav\u00e9s del programa contiene productos esenciales para la alimentaci\u00f3n diaria de las familias. \u201cNo se trata solo de entregar apoyos, sino de hacerlo con responsabilidad social y ambiental, por eso incluimos productos b\u00e1sicos y una bolsa reutilizable\u201d, puntualiz\u00f3.<\/p>\n\n\n\n<p>Por su parte, el Secretario de Bienestar Municipal, Edmundo Torrescano Medina, inform\u00f3 que durante la semana anterior se benefici\u00f3 de manera directa a 326 familias, como parte del despliegue permanente del programa en distintos puntos de la ciudad. \u201cEstas entregas se enfocan en combatir la pobreza alimentaria y en garantizar una nutrici\u00f3n adecuada para personas de todas las edades\u201d, explic\u00f3.<\/p>\n\n\n\n<p>Finalmente, Edmundo Torrescano destac\u00f3 que las acciones se realizan en coordinaci\u00f3n con las Juntas de Participaci\u00f3n Ciudadana y los Comit\u00e9s Bienestar: \u201cEste trabajo conjunto nos permite organizar mejor la distribuci\u00f3n y asegurar que los apoyos lleguen directamente a quienes m\u00e1s lo necesitan, reforzando el compromiso del Gobierno de la Capital con un San Luis m\u00e1s justo y solidario\u201d, concluy\u00f3.<\/p>\n","protected":false},"excerpt":{"rendered":"<p>El Presidente Municipal destac\u00f3 que el programa Bienestar en Familia se consolida como una pol\u00edtica social permanente del Gobierno Municipal,<\/p>\n","protected":false},"author":2,"featured_media":17265,"comment_status":"closed","ping_status":"closed","sticky":false,"template":"","format":"standard","meta":{"footnotes":""},"categories":[25,30],"tags":[],"class_list":["post-17264","post","type-post","status-publish","format-standard","has-post-thumbnail","hentry","category-local","category-portada"],"yoast_head":"<!-- This site is optimized with the Yoast SEO plugin v24.1 - https:\/\/yoast.com\/wordpress\/plugins\/seo\/ -->\n<title>Gobierno de la Capital fortalece el bienestar alimentario de m\u00e1s de 16 mil potosinos: Alcalde Galindo - sanluisinforma.com<\/title>\n<meta name=\"robots\" content=\"index, follow, max-snippet:-1, max-image-preview:large, max-video-preview:-1\" \/>\n<link rel=\"canonical\" href=\"https:\/\/sanluisinforma.com\/?p=17264\" \/>\n<meta property=\"og:locale\" content=\"es_MX\" \/>\n<meta property=\"og:type\" content=\"article\" \/>\n<meta property=\"og:title\" content=\"Gobierno de la Capital fortalece el bienestar alimentario de m\u00e1s de 16 mil potosinos: Alcalde Galindo - sanluisinforma.com\" \/>\n<meta property=\"og:description\" content=\"El Presidente Municipal destac\u00f3 que el programa Bienestar en Familia se consolida como una pol\u00edtica social permanente del Gobierno Municipal,\" \/>\n<meta property=\"og:url\" content=\"https:\/\/sanluisinforma.com\/?p=17264\" \/>\n<meta property=\"og:site_name\" content=\"sanluisinforma.com\" \/>\n<meta property=\"article:published_time\" content=\"2026-01-26T06:50:00+00:00\" \/>\n<meta property=\"article:modified_time\" content=\"2026-01-26T02:42:38+00:00\" \/>\n<meta property=\"og:image\" content=\"https:\/\/sanluisinforma.com\/wp-content\/uploads\/2026\/01\/unnamed-25.jpg\" \/>\n\t<meta property=\"og:image:width\" content=\"400\" \/>\n\t<meta property=\"og:image:height\" content=\"305\" \/>\n\t<meta property=\"og:image:type\" content=\"image\/jpeg\" \/>\n<meta name=\"author\" content=\"sanluisinforma.com\" \/>\n<meta name=\"twitter:card\" content=\"summary_large_image\" \/>\n<meta name=\"twitter:label1\" content=\"Escrito por\" \/>\n\t<meta name=\"twitter:data1\" content=\"sanluisinforma.com\" \/>\n\t<meta name=\"twitter:label2\" content=\"Tiempo de lectura\" \/>\n\t<meta name=\"twitter:data2\" content=\"2 minutos\" \/>\n<script type=\"application\/ld+json\" class=\"yoast-schema-graph\">{\"@context\":\"https:\/\/schema.org\",\"@graph\":[{\"@type\":\"Article\",\"@id\":\"https:\/\/sanluisinforma.com\/?p=17264#article\",\"isPartOf\":{\"@id\":\"https:\/\/sanluisinforma.com\/?p=17264\"},\"author\":{\"name\":\"sanluisinforma.com\",\"@id\":\"https:\/\/sanluisinforma.com\/#\/schema\/person\/c30648f71476be533b6f59d092905c8b\"},\"headline\":\"Gobierno de la Capital fortalece el bienestar alimentario de m\u00e1s de 16 mil potosinos: Alcalde Galindo\",\"datePublished\":\"2026-01-26T06:50:00+00:00\",\"dateModified\":\"2026-01-26T02:42:38+00:00\",\"mainEntityOfPage\":{\"@id\":\"https:\/\/sanluisinforma.com\/?p=17264\"},\"wordCount\":371,\"publisher\":{\"@id\":\"https:\/\/sanluisinforma.com\/#organization\"},\"image\":{\"@id\":\"https:\/\/sanluisinforma.com\/?p=17264#primaryimage\"},\"thumbnailUrl\":\"https:\/\/sanluisinforma.com\/wp-content\/uploads\/2026\/01\/unnamed-25.jpg\",\"articleSection\":[\"Local\",\"Portada\"],\"inLanguage\":\"es\"},{\"@type\":\"WebPage\",\"@id\":\"https:\/\/sanluisinforma.com\/?p=17264\",\"url\":\"https:\/\/sanluisinforma.com\/?p=17264\",\"name\":\"Gobierno de la Capital fortalece el bienestar alimentario de m\u00e1s de 16 mil potosinos: Alcalde Galindo - sanluisinforma.com\",\"isPartOf\":{\"@id\":\"https:\/\/sanluisinforma.com\/#website\"},\"primaryImageOfPage\":{\"@id\":\"https:\/\/sanluisinforma.com\/?p=17264#primaryimage\"},\"image\":{\"@id\":\"https:\/\/sanluisinforma.com\/?p=17264#primaryimage\"},\"thumbnailUrl\":\"https:\/\/sanluisinforma.com\/wp-content\/uploads\/2026\/01\/unnamed-25.jpg\",\"datePublished\":\"2026-01-26T06:50:00+00:00\",\"dateModified\":\"2026-01-26T02:42:38+00:00\",\"breadcrumb\":{\"@id\":\"https:\/\/sanluisinforma.com\/?p=17264#breadcrumb\"},\"inLanguage\":\"es\",\"potentialAction\":[{\"@type\":\"ReadAction\",\"target\":[\"https:\/\/sanluisinforma.com\/?p=17264\"]}]},{\"@type\":\"ImageObject\",\"inLanguage\":\"es\",\"@id\":\"https:\/\/sanluisinforma.com\/?p=17264#primaryimage\",\"url\":\"https:\/\/sanluisinforma.com\/wp-content\/uploads\/2026\/01\/unnamed-25.jpg\",\"contentUrl\":\"https:\/\/sanluisinforma.com\/wp-content\/uploads\/2026\/01\/unnamed-25.jpg\",\"width\":400,\"height\":305},{\"@type\":\"BreadcrumbList\",\"@id\":\"https:\/\/sanluisinforma.com\/?p=17264#breadcrumb\",\"itemListElement\":[{\"@type\":\"ListItem\",\"position\":1,\"name\":\"Inicio\",\"item\":\"https:\/\/sanluisinforma.com\/\"},{\"@type\":\"ListItem\",\"position\":2,\"name\":\"Gobierno de la Capital fortalece el bienestar alimentario de m\u00e1s de 16 mil potosinos: Alcalde Galindo\"}]},{\"@type\":\"WebSite\",\"@id\":\"https:\/\/sanluisinforma.com\/#website\",\"url\":\"https:\/\/sanluisinforma.com\/\",\"name\":\"sanluisinforma.com\",\"description\":\"Periodico San Luis Informa\",\"publisher\":{\"@id\":\"https:\/\/sanluisinforma.com\/#organization\"},\"potentialAction\":[{\"@type\":\"SearchAction\",\"target\":{\"@type\":\"EntryPoint\",\"urlTemplate\":\"https:\/\/sanluisinforma.com\/?s={search_term_string}\"},\"query-input\":{\"@type\":\"PropertyValueSpecification\",\"valueRequired\":true,\"valueName\":\"search_term_string\"}}],\"inLanguage\":\"es\"},{\"@type\":\"Organization\",\"@id\":\"https:\/\/sanluisinforma.com\/#organization\",\"name\":\"sanluisinforma.com\",\"url\":\"https:\/\/sanluisinforma.com\/\",\"logo\":{\"@type\":\"ImageObject\",\"inLanguage\":\"es\",\"@id\":\"https:\/\/sanluisinforma.com\/#\/schema\/logo\/image\/\",\"url\":\"https:\/\/sanluisinforma.com\/wp-content\/uploads\/2026\/03\/sanluisinforma-V.jpg\",\"contentUrl\":\"https:\/\/sanluisinforma.com\/wp-content\/uploads\/2026\/03\/sanluisinforma-V.jpg\",\"width\":500,\"height\":156,\"caption\":\"sanluisinforma.com\"},\"image\":{\"@id\":\"https:\/\/sanluisinforma.com\/#\/schema\/logo\/image\/\"}},{\"@type\":\"Person\",\"@id\":\"https:\/\/sanluisinforma.com\/#\/schema\/person\/c30648f71476be533b6f59d092905c8b\",\"name\":\"sanluisinforma.com\",\"image\":{\"@type\":\"ImageObject\",\"inLanguage\":\"es\",\"@id\":\"https:\/\/sanluisinforma.com\/#\/schema\/person\/image\/\",\"url\":\"https:\/\/secure.gravatar.com\/avatar\/86e3114e34a1eecefb963e0a02f0093f93b092dddb2fe1517596343751081a87?s=96&d=mm&r=g\",\"contentUrl\":\"https:\/\/secure.gravatar.com\/avatar\/86e3114e34a1eecefb963e0a02f0093f93b092dddb2fe1517596343751081a87?s=96&d=mm&r=g\",\"caption\":\"sanluisinforma.com\"},\"url\":\"https:\/\/sanluisinforma.com\/?author=2\"}]}<\/script>\n<!-- \/ Yoast SEO plugin. -->","yoast_head_json":{"title":"Gobierno de la Capital fortalece el bienestar alimentario de m\u00e1s de 16 mil potosinos: Alcalde Galindo - sanluisinforma.com","robots":{"index":"index","follow":"follow","max-snippet":"max-snippet:-1","max-image-preview":"max-image-preview:large","max-video-preview":"max-video-preview:-1"},"canonical":"https:\/\/sanluisinforma.com\/?p=17264","og_locale":"es_MX","og_type":"article","og_title":"Gobierno de la Capital fortalece el bienestar alimentario de m\u00e1s de 16 mil potosinos: Alcalde Galindo - sanluisinforma.com","og_description":"El Presidente Municipal destac\u00f3 que el programa Bienestar en Familia se consolida como una pol\u00edtica social permanente del Gobierno Municipal,","og_url":"https:\/\/sanluisinforma.com\/?p=17264","og_site_name":"sanluisinforma.com","article_published_time":"2026-01-26T06:50:00+00:00","article_modified_time":"2026-01-26T02:42:38+00:00","og_image":[{"width":400,"height":305,"url":"https:\/\/sanluisinforma.com\/wp-content\/uploads\/2026\/01\/unnamed-25.jpg","type":"image\/jpeg"}],"author":"sanluisinforma.com","twitter_card":"summary_large_image","twitter_misc":{"Escrito por":"sanluisinforma.com","Tiempo de lectura":"2 minutos"},"schema":{"@context":"https:\/\/schema.org","@graph":[{"@type":"Article","@id":"https:\/\/sanluisinforma.com\/?p=17264#article","isPartOf":{"@id":"https:\/\/sanluisinforma.com\/?p=17264"},"author":{"name":"sanluisinforma.com","@id":"https:\/\/sanluisinforma.com\/#\/schema\/person\/c30648f71476be533b6f59d092905c8b"},"headline":"Gobierno de la Capital fortalece el bienestar alimentario de m\u00e1s de 16 mil potosinos: Alcalde Galindo","datePublished":"2026-01-26T06:50:00+00:00","dateModified":"2026-01-26T02:42:38+00:00","mainEntityOfPage":{"@id":"https:\/\/sanluisinforma.com\/?p=17264"},"wordCount":371,"publisher":{"@id":"https:\/\/sanluisinforma.com\/#organization"},"image":{"@id":"https:\/\/sanluisinforma.com\/?p=17264#primaryimage"},"thumbnailUrl":"https:\/\/sanluisinforma.com\/wp-content\/uploads\/2026\/01\/unnamed-25.jpg","articleSection":["Local","Portada"],"inLanguage":"es"},{"@type":"WebPage","@id":"https:\/\/sanluisinforma.com\/?p=17264","url":"https:\/\/sanluisinforma.com\/?p=17264","name":"Gobierno de la Capital fortalece el bienestar alimentario de m\u00e1s de 16 mil potosinos: Alcalde Galindo - sanluisinforma.com","isPartOf":{"@id":"https:\/\/sanluisinforma.com\/#website"},"primaryImageOfPage":{"@id":"https:\/\/sanluisinforma.com\/?p=17264#primaryimage"},"image":{"@id":"https:\/\/sanluisinforma.com\/?p=17264#primaryimage"},"thumbnailUrl":"https:\/\/sanluisinforma.com\/wp-content\/uploads\/2026\/01\/unnamed-25.jpg","datePublished":"2026-01-26T06:50:00+00:00","dateModified":"2026-01-26T02:42:38+00:00","breadcrumb":{"@id":"https:\/\/sanluisinforma.com\/?p=17264#breadcrumb"},"inLanguage":"es","potentialAction":[{"@type":"ReadAction","target":["https:\/\/sanluisinforma.com\/?p=17264"]}]},{"@type":"ImageObject","inLanguage":"es","@id":"https:\/\/sanluisinforma.com\/?p=17264#primaryimage","url":"https:\/\/sanluisinforma.com\/wp-content\/uploads\/2026\/01\/unnamed-25.jpg","contentUrl":"https:\/\/sanluisinforma.com\/wp-content\/uploads\/2026\/01\/unnamed-25.jpg","width":400,"height":305},{"@type":"BreadcrumbList","@id":"https:\/\/sanluisinforma.com\/?p=17264#breadcrumb","itemListElement":[{"@type":"ListItem","position":1,"name":"Inicio","item":"https:\/\/sanluisinforma.com\/"},{"@type":"ListItem","position":2,"name":"Gobierno de la Capital fortalece el bienestar alimentario de m\u00e1s de 16 mil potosinos: Alcalde Galindo"}]},{"@type":"WebSite","@id":"https:\/\/sanluisinforma.com\/#website","url":"https:\/\/sanluisinforma.com\/","name":"sanluisinforma.com","description":"Periodico San Luis Informa","publisher":{"@id":"https:\/\/sanluisinforma.com\/#organization"},"potentialAction":[{"@type":"SearchAction","target":{"@type":"EntryPoint","urlTemplate":"https:\/\/sanluisinforma.com\/?s={search_term_string}"},"query-input":{"@type":"PropertyValueSpecification","valueRequired":true,"valueName":"search_term_string"}}],"inLanguage":"es"},{"@type":"Organization","@id":"https:\/\/sanluisinforma.com\/#organization","name":"sanluisinforma.com","url":"https:\/\/sanluisinforma.com\/","logo":{"@type":"ImageObject","inLanguage":"es","@id":"https:\/\/sanluisinforma.com\/#\/schema\/logo\/image\/","url":"https:\/\/sanluisinforma.com\/wp-content\/uploads\/2026\/03\/sanluisinforma-V.jpg","contentUrl":"https:\/\/sanluisinforma.com\/wp-content\/uploads\/2026\/03\/sanluisinforma-V.jpg","width":500,"height":156,"caption":"sanluisinforma.com"},"image":{"@id":"https:\/\/sanluisinforma.com\/#\/schema\/logo\/image\/"}},{"@type":"Person","@id":"https:\/\/sanluisinforma.com\/#\/schema\/person\/c30648f71476be533b6f59d092905c8b","name":"sanluisinforma.com","image":{"@type":"ImageObject","inLanguage":"es","@id":"https:\/\/sanluisinforma.com\/#\/schema\/person\/image\/","url":"https:\/\/secure.gravatar.com\/avatar\/86e3114e34a1eecefb963e0a02f0093f93b092dddb2fe1517596343751081a87?s=96&d=mm&r=g","contentUrl":"https:\/\/secure.gravatar.com\/avatar\/86e3114e34a1eecefb963e0a02f0093f93b092dddb2fe1517596343751081a87?s=96&d=mm&r=g","caption":"sanluisinforma.com"},"url":"https:\/\/sanluisinforma.com\/?author=2"}]}},"_links":{"self":[{"href":"https:\/\/sanluisinforma.com\/index.php?rest_route=\/wp\/v2\/posts\/17264","targetHints":{"allow":["GET"]}}],"collection":[{"href":"https:\/\/sanluisinforma.com\/index.php?rest_route=\/wp\/v2\/posts"}],"about":[{"href":"https:\/\/sanluisinforma.com\/index.php?rest_route=\/wp\/v2\/types\/post"}],"author":[{"embeddable":true,"href":"https:\/\/sanluisinforma.com\/index.php?rest_route=\/wp\/v2\/users\/2"}],"replies":[{"embeddable":true,"href":"https:\/\/sanluisinforma.com\/index.php?rest_route=%2Fwp%2Fv2%2Fcomments&post=17264"}],"version-history":[{"count":1,"href":"https:\/\/sanluisinforma.com\/index.php?rest_route=\/wp\/v2\/posts\/17264\/revisions"}],"predecessor-version":[{"id":17266,"href":"https:\/\/sanluisinforma.com\/index.php?rest_route=\/wp\/v2\/posts\/17264\/revisions\/17266"}],"wp:featuredmedia":[{"embeddable":true,"href":"https:\/\/sanluisinforma.com\/index.php?rest_route=\/wp\/v2\/media\/17265"}],"wp:attachment":[{"href":"https:\/\/sanluisinforma.com\/index.php?rest_route=%2Fwp%2Fv2%2Fmedia&parent=17264"}],"wp:term":[{"taxonomy":"category","embeddable":true,"href":"https:\/\/sanluisinforma.com\/index.php?rest_route=%2Fwp%2Fv2%2Fcategories&post=17264"},{"taxonomy":"post_tag","embeddable":true,"href":"https:\/\/sanluisinforma.com\/index.php?rest_route=%2Fwp%2Fv2%2Ftags&post=17264"}],"curies":[{"name":"wp","href":"https:\/\/api.w.org\/{rel}","templated":true}]}}