{"id":17267,"date":"2026-01-26T00:45:00","date_gmt":"2026-01-26T06:45:00","guid":{"rendered":"https:\/\/sanluisinforma.com\/?p=17267"},"modified":"2026-01-25T20:43:39","modified_gmt":"2026-01-26T02:43:39","slug":"proteccion-civil-municipal-atiende-caida-de-arbol-en-el-centro-historico","status":"publish","type":"post","link":"https:\/\/sanluisinforma.com\/?p=17267","title":{"rendered":"Protecci\u00f3n Civil Municipal atiende ca\u00edda de \u00e1rbol en el Centro Hist\u00f3rico"},"content":{"rendered":"\n<p><\/p>\n\n\n\n<p>Personal de Protecci\u00f3n Civil Municipal atendi\u00f3 de manera oportuna la ca\u00edda de un \u00e1rbol ocasionada por fuertes r\u00e1fagas de viento, sin registrarse personas lesionadas.<\/p>\n\n\n\n<p>Elementos del \u00c1rea Operativa de la Direcci\u00f3n Municipal de Protecci\u00f3n Civil, en coordinaci\u00f3n con instancias municipales, atendieron la ca\u00edda de un \u00e1rbol registrada en la calle de Uresti, en el Centro Hist\u00f3rico de la ciudad, derivada de las r\u00e1fagas de viento provocadas por el paso de un frente fr\u00edo.<\/p>\n\n\n\n<p>El incidente ocasion\u00f3 da\u00f1os materiales a un veh\u00edculo estacionado; sin embargo, no se reportaron personas lesionadas. Las labores de atenci\u00f3n y retiro se realizaron de manera oportuna, permitiendo restablecer las condiciones de seguridad en el primer cuadro de la ciudad.<\/p>\n\n\n\n<p>La Direcci\u00f3n Municipal de Protecci\u00f3n Civil mantiene operativos permanentes y contin\u00faa atendiendo los reportes e incidentes relacionados con las condiciones climatol\u00f3gicas, con el objetivo de salvaguardar la integridad de la poblaci\u00f3n.<\/p>\n\n\n\n<p>Asimismo, se exhorta a la poblaci\u00f3n a seguir las recomendaciones emitidas por las autoridades y evitar exponerse a los fuertes vientos, priorizando en todo momento la prevenci\u00f3n.<\/p>\n","protected":false},"excerpt":{"rendered":"<p>Personal de Protecci\u00f3n Civil Municipal atendi\u00f3 de manera oportuna la ca\u00edda de un \u00e1rbol ocasionada por fuertes r\u00e1fagas de viento,<\/p>\n","protected":false},"author":2,"featured_media":17268,"comment_status":"closed","ping_status":"closed","sticky":false,"template":"","format":"standard","meta":{"footnotes":""},"categories":[25,30],"tags":[],"class_list":["post-17267","post","type-post","status-publish","format-standard","has-post-thumbnail","hentry","category-local","category-portada"],"yoast_head":"<!-- This site is optimized with the Yoast SEO plugin v24.1 - https:\/\/yoast.com\/wordpress\/plugins\/seo\/ -->\n<title>Protecci\u00f3n Civil Municipal atiende ca\u00edda de \u00e1rbol en el Centro Hist\u00f3rico - sanluisinforma.com<\/title>\n<meta name=\"robots\" content=\"index, follow, max-snippet:-1, max-image-preview:large, max-video-preview:-1\" \/>\n<link rel=\"canonical\" href=\"https:\/\/sanluisinforma.com\/?p=17267\" \/>\n<meta property=\"og:locale\" content=\"es_MX\" \/>\n<meta property=\"og:type\" content=\"article\" \/>\n<meta property=\"og:title\" content=\"Protecci\u00f3n Civil Municipal atiende ca\u00edda de \u00e1rbol en el Centro Hist\u00f3rico - sanluisinforma.com\" \/>\n<meta property=\"og:description\" content=\"Personal de Protecci\u00f3n Civil Municipal atendi\u00f3 de manera oportuna la ca\u00edda de un \u00e1rbol ocasionada por fuertes r\u00e1fagas de viento,\" \/>\n<meta property=\"og:url\" content=\"https:\/\/sanluisinforma.com\/?p=17267\" \/>\n<meta property=\"og:site_name\" content=\"sanluisinforma.com\" \/>\n<meta property=\"article:published_time\" content=\"2026-01-26T06:45:00+00:00\" \/>\n<meta property=\"article:modified_time\" content=\"2026-01-26T02:43:39+00:00\" \/>\n<meta property=\"og:image\" content=\"https:\/\/sanluisinforma.com\/wp-content\/uploads\/2026\/01\/unnamed-1-21.jpg\" \/>\n\t<meta property=\"og:image:width\" content=\"400\" \/>\n\t<meta property=\"og:image:height\" content=\"224\" \/>\n\t<meta property=\"og:image:type\" content=\"image\/jpeg\" \/>\n<meta name=\"author\" content=\"sanluisinforma.com\" \/>\n<meta name=\"twitter:card\" content=\"summary_large_image\" \/>\n<meta name=\"twitter:label1\" content=\"Escrito por\" \/>\n\t<meta name=\"twitter:data1\" content=\"sanluisinforma.com\" \/>\n\t<meta name=\"twitter:label2\" content=\"Tiempo de lectura\" \/>\n\t<meta name=\"twitter:data2\" content=\"1 minuto\" \/>\n<script type=\"application\/ld+json\" class=\"yoast-schema-graph\">{\"@context\":\"https:\/\/schema.org\",\"@graph\":[{\"@type\":\"Article\",\"@id\":\"https:\/\/sanluisinforma.com\/?p=17267#article\",\"isPartOf\":{\"@id\":\"https:\/\/sanluisinforma.com\/?p=17267\"},\"author\":{\"name\":\"sanluisinforma.com\",\"@id\":\"https:\/\/sanluisinforma.com\/#\/schema\/person\/c30648f71476be533b6f59d092905c8b\"},\"headline\":\"Protecci\u00f3n Civil Municipal atiende ca\u00edda de \u00e1rbol en el Centro Hist\u00f3rico\",\"datePublished\":\"2026-01-26T06:45:00+00:00\",\"dateModified\":\"2026-01-26T02:43:39+00:00\",\"mainEntityOfPage\":{\"@id\":\"https:\/\/sanluisinforma.com\/?p=17267\"},\"wordCount\":205,\"publisher\":{\"@id\":\"https:\/\/sanluisinforma.com\/#organization\"},\"image\":{\"@id\":\"https:\/\/sanluisinforma.com\/?p=17267#primaryimage\"},\"thumbnailUrl\":\"https:\/\/sanluisinforma.com\/wp-content\/uploads\/2026\/01\/unnamed-1-21.jpg\",\"articleSection\":[\"Local\",\"Portada\"],\"inLanguage\":\"es\"},{\"@type\":\"WebPage\",\"@id\":\"https:\/\/sanluisinforma.com\/?p=17267\",\"url\":\"https:\/\/sanluisinforma.com\/?p=17267\",\"name\":\"Protecci\u00f3n Civil Municipal atiende ca\u00edda de \u00e1rbol en el Centro Hist\u00f3rico - sanluisinforma.com\",\"isPartOf\":{\"@id\":\"https:\/\/sanluisinforma.com\/#website\"},\"primaryImageOfPage\":{\"@id\":\"https:\/\/sanluisinforma.com\/?p=17267#primaryimage\"},\"image\":{\"@id\":\"https:\/\/sanluisinforma.com\/?p=17267#primaryimage\"},\"thumbnailUrl\":\"https:\/\/sanluisinforma.com\/wp-content\/uploads\/2026\/01\/unnamed-1-21.jpg\",\"datePublished\":\"2026-01-26T06:45:00+00:00\",\"dateModified\":\"2026-01-26T02:43:39+00:00\",\"breadcrumb\":{\"@id\":\"https:\/\/sanluisinforma.com\/?p=17267#breadcrumb\"},\"inLanguage\":\"es\",\"potentialAction\":[{\"@type\":\"ReadAction\",\"target\":[\"https:\/\/sanluisinforma.com\/?p=17267\"]}]},{\"@type\":\"ImageObject\",\"inLanguage\":\"es\",\"@id\":\"https:\/\/sanluisinforma.com\/?p=17267#primaryimage\",\"url\":\"https:\/\/sanluisinforma.com\/wp-content\/uploads\/2026\/01\/unnamed-1-21.jpg\",\"contentUrl\":\"https:\/\/sanluisinforma.com\/wp-content\/uploads\/2026\/01\/unnamed-1-21.jpg\",\"width\":400,\"height\":224},{\"@type\":\"BreadcrumbList\",\"@id\":\"https:\/\/sanluisinforma.com\/?p=17267#breadcrumb\",\"itemListElement\":[{\"@type\":\"ListItem\",\"position\":1,\"name\":\"Inicio\",\"item\":\"https:\/\/sanluisinforma.com\/\"},{\"@type\":\"ListItem\",\"position\":2,\"name\":\"Protecci\u00f3n Civil Municipal atiende ca\u00edda de \u00e1rbol en el Centro Hist\u00f3rico\"}]},{\"@type\":\"WebSite\",\"@id\":\"https:\/\/sanluisinforma.com\/#website\",\"url\":\"https:\/\/sanluisinforma.com\/\",\"name\":\"sanluisinforma.com\",\"description\":\"Periodico San Luis Informa\",\"publisher\":{\"@id\":\"https:\/\/sanluisinforma.com\/#organization\"},\"potentialAction\":[{\"@type\":\"SearchAction\",\"target\":{\"@type\":\"EntryPoint\",\"urlTemplate\":\"https:\/\/sanluisinforma.com\/?s={search_term_string}\"},\"query-input\":{\"@type\":\"PropertyValueSpecification\",\"valueRequired\":true,\"valueName\":\"search_term_string\"}}],\"inLanguage\":\"es\"},{\"@type\":\"Organization\",\"@id\":\"https:\/\/sanluisinforma.com\/#organization\",\"name\":\"sanluisinforma.com\",\"url\":\"https:\/\/sanluisinforma.com\/\",\"logo\":{\"@type\":\"ImageObject\",\"inLanguage\":\"es\",\"@id\":\"https:\/\/sanluisinforma.com\/#\/schema\/logo\/image\/\",\"url\":\"https:\/\/sanluisinforma.com\/wp-content\/uploads\/2026\/03\/sanluisinforma-V.jpg\",\"contentUrl\":\"https:\/\/sanluisinforma.com\/wp-content\/uploads\/2026\/03\/sanluisinforma-V.jpg\",\"width\":500,\"height\":156,\"caption\":\"sanluisinforma.com\"},\"image\":{\"@id\":\"https:\/\/sanluisinforma.com\/#\/schema\/logo\/image\/\"}},{\"@type\":\"Person\",\"@id\":\"https:\/\/sanluisinforma.com\/#\/schema\/person\/c30648f71476be533b6f59d092905c8b\",\"name\":\"sanluisinforma.com\",\"image\":{\"@type\":\"ImageObject\",\"inLanguage\":\"es\",\"@id\":\"https:\/\/sanluisinforma.com\/#\/schema\/person\/image\/\",\"url\":\"https:\/\/secure.gravatar.com\/avatar\/86e3114e34a1eecefb963e0a02f0093f93b092dddb2fe1517596343751081a87?s=96&d=mm&r=g\",\"contentUrl\":\"https:\/\/secure.gravatar.com\/avatar\/86e3114e34a1eecefb963e0a02f0093f93b092dddb2fe1517596343751081a87?s=96&d=mm&r=g\",\"caption\":\"sanluisinforma.com\"},\"url\":\"https:\/\/sanluisinforma.com\/?author=2\"}]}<\/script>\n<!-- \/ Yoast SEO plugin. -->","yoast_head_json":{"title":"Protecci\u00f3n Civil Municipal atiende ca\u00edda de \u00e1rbol en el Centro Hist\u00f3rico - sanluisinforma.com","robots":{"index":"index","follow":"follow","max-snippet":"max-snippet:-1","max-image-preview":"max-image-preview:large","max-video-preview":"max-video-preview:-1"},"canonical":"https:\/\/sanluisinforma.com\/?p=17267","og_locale":"es_MX","og_type":"article","og_title":"Protecci\u00f3n Civil Municipal atiende ca\u00edda de \u00e1rbol en el Centro Hist\u00f3rico - sanluisinforma.com","og_description":"Personal de Protecci\u00f3n Civil Municipal atendi\u00f3 de manera oportuna la ca\u00edda de un \u00e1rbol ocasionada por fuertes r\u00e1fagas de viento,","og_url":"https:\/\/sanluisinforma.com\/?p=17267","og_site_name":"sanluisinforma.com","article_published_time":"2026-01-26T06:45:00+00:00","article_modified_time":"2026-01-26T02:43:39+00:00","og_image":[{"width":400,"height":224,"url":"https:\/\/sanluisinforma.com\/wp-content\/uploads\/2026\/01\/unnamed-1-21.jpg","type":"image\/jpeg"}],"author":"sanluisinforma.com","twitter_card":"summary_large_image","twitter_misc":{"Escrito por":"sanluisinforma.com","Tiempo de lectura":"1 minuto"},"schema":{"@context":"https:\/\/schema.org","@graph":[{"@type":"Article","@id":"https:\/\/sanluisinforma.com\/?p=17267#article","isPartOf":{"@id":"https:\/\/sanluisinforma.com\/?p=17267"},"author":{"name":"sanluisinforma.com","@id":"https:\/\/sanluisinforma.com\/#\/schema\/person\/c30648f71476be533b6f59d092905c8b"},"headline":"Protecci\u00f3n Civil Municipal atiende ca\u00edda de \u00e1rbol en el Centro Hist\u00f3rico","datePublished":"2026-01-26T06:45:00+00:00","dateModified":"2026-01-26T02:43:39+00:00","mainEntityOfPage":{"@id":"https:\/\/sanluisinforma.com\/?p=17267"},"wordCount":205,"publisher":{"@id":"https:\/\/sanluisinforma.com\/#organization"},"image":{"@id":"https:\/\/sanluisinforma.com\/?p=17267#primaryimage"},"thumbnailUrl":"https:\/\/sanluisinforma.com\/wp-content\/uploads\/2026\/01\/unnamed-1-21.jpg","articleSection":["Local","Portada"],"inLanguage":"es"},{"@type":"WebPage","@id":"https:\/\/sanluisinforma.com\/?p=17267","url":"https:\/\/sanluisinforma.com\/?p=17267","name":"Protecci\u00f3n Civil Municipal atiende ca\u00edda de \u00e1rbol en el Centro Hist\u00f3rico - sanluisinforma.com","isPartOf":{"@id":"https:\/\/sanluisinforma.com\/#website"},"primaryImageOfPage":{"@id":"https:\/\/sanluisinforma.com\/?p=17267#primaryimage"},"image":{"@id":"https:\/\/sanluisinforma.com\/?p=17267#primaryimage"},"thumbnailUrl":"https:\/\/sanluisinforma.com\/wp-content\/uploads\/2026\/01\/unnamed-1-21.jpg","datePublished":"2026-01-26T06:45:00+00:00","dateModified":"2026-01-26T02:43:39+00:00","breadcrumb":{"@id":"https:\/\/sanluisinforma.com\/?p=17267#breadcrumb"},"inLanguage":"es","potentialAction":[{"@type":"ReadAction","target":["https:\/\/sanluisinforma.com\/?p=17267"]}]},{"@type":"ImageObject","inLanguage":"es","@id":"https:\/\/sanluisinforma.com\/?p=17267#primaryimage","url":"https:\/\/sanluisinforma.com\/wp-content\/uploads\/2026\/01\/unnamed-1-21.jpg","contentUrl":"https:\/\/sanluisinforma.com\/wp-content\/uploads\/2026\/01\/unnamed-1-21.jpg","width":400,"height":224},{"@type":"BreadcrumbList","@id":"https:\/\/sanluisinforma.com\/?p=17267#breadcrumb","itemListElement":[{"@type":"ListItem","position":1,"name":"Inicio","item":"https:\/\/sanluisinforma.com\/"},{"@type":"ListItem","position":2,"name":"Protecci\u00f3n Civil Municipal atiende ca\u00edda de \u00e1rbol en el Centro Hist\u00f3rico"}]},{"@type":"WebSite","@id":"https:\/\/sanluisinforma.com\/#website","url":"https:\/\/sanluisinforma.com\/","name":"sanluisinforma.com","description":"Periodico San Luis Informa","publisher":{"@id":"https:\/\/sanluisinforma.com\/#organization"},"potentialAction":[{"@type":"SearchAction","target":{"@type":"EntryPoint","urlTemplate":"https:\/\/sanluisinforma.com\/?s={search_term_string}"},"query-input":{"@type":"PropertyValueSpecification","valueRequired":true,"valueName":"search_term_string"}}],"inLanguage":"es"},{"@type":"Organization","@id":"https:\/\/sanluisinforma.com\/#organization","name":"sanluisinforma.com","url":"https:\/\/sanluisinforma.com\/","logo":{"@type":"ImageObject","inLanguage":"es","@id":"https:\/\/sanluisinforma.com\/#\/schema\/logo\/image\/","url":"https:\/\/sanluisinforma.com\/wp-content\/uploads\/2026\/03\/sanluisinforma-V.jpg","contentUrl":"https:\/\/sanluisinforma.com\/wp-content\/uploads\/2026\/03\/sanluisinforma-V.jpg","width":500,"height":156,"caption":"sanluisinforma.com"},"image":{"@id":"https:\/\/sanluisinforma.com\/#\/schema\/logo\/image\/"}},{"@type":"Person","@id":"https:\/\/sanluisinforma.com\/#\/schema\/person\/c30648f71476be533b6f59d092905c8b","name":"sanluisinforma.com","image":{"@type":"ImageObject","inLanguage":"es","@id":"https:\/\/sanluisinforma.com\/#\/schema\/person\/image\/","url":"https:\/\/secure.gravatar.com\/avatar\/86e3114e34a1eecefb963e0a02f0093f93b092dddb2fe1517596343751081a87?s=96&d=mm&r=g","contentUrl":"https:\/\/secure.gravatar.com\/avatar\/86e3114e34a1eecefb963e0a02f0093f93b092dddb2fe1517596343751081a87?s=96&d=mm&r=g","caption":"sanluisinforma.com"},"url":"https:\/\/sanluisinforma.com\/?author=2"}]}},"_links":{"self":[{"href":"https:\/\/sanluisinforma.com\/index.php?rest_route=\/wp\/v2\/posts\/17267","targetHints":{"allow":["GET"]}}],"collection":[{"href":"https:\/\/sanluisinforma.com\/index.php?rest_route=\/wp\/v2\/posts"}],"about":[{"href":"https:\/\/sanluisinforma.com\/index.php?rest_route=\/wp\/v2\/types\/post"}],"author":[{"embeddable":true,"href":"https:\/\/sanluisinforma.com\/index.php?rest_route=\/wp\/v2\/users\/2"}],"replies":[{"embeddable":true,"href":"https:\/\/sanluisinforma.com\/index.php?rest_route=%2Fwp%2Fv2%2Fcomments&post=17267"}],"version-history":[{"count":1,"href":"https:\/\/sanluisinforma.com\/index.php?rest_route=\/wp\/v2\/posts\/17267\/revisions"}],"predecessor-version":[{"id":17269,"href":"https:\/\/sanluisinforma.com\/index.php?rest_route=\/wp\/v2\/posts\/17267\/revisions\/17269"}],"wp:featuredmedia":[{"embeddable":true,"href":"https:\/\/sanluisinforma.com\/index.php?rest_route=\/wp\/v2\/media\/17268"}],"wp:attachment":[{"href":"https:\/\/sanluisinforma.com\/index.php?rest_route=%2Fwp%2Fv2%2Fmedia&parent=17267"}],"wp:term":[{"taxonomy":"category","embeddable":true,"href":"https:\/\/sanluisinforma.com\/index.php?rest_route=%2Fwp%2Fv2%2Fcategories&post=17267"},{"taxonomy":"post_tag","embeddable":true,"href":"https:\/\/sanluisinforma.com\/index.php?rest_route=%2Fwp%2Fv2%2Ftags&post=17267"}],"curies":[{"name":"wp","href":"https:\/\/api.w.org\/{rel}","templated":true}]}}