{"id":17270,"date":"2026-01-26T00:40:00","date_gmt":"2026-01-26T06:40:00","guid":{"rendered":"https:\/\/sanluisinforma.com\/?p=17270"},"modified":"2026-01-25T20:43:58","modified_gmt":"2026-01-26T02:43:58","slug":"presidenta-claudia-sheinbaum-inaugura-la-aduana-de-nuevo-laredo-en-tamaulipas","status":"publish","type":"post","link":"https:\/\/sanluisinforma.com\/?p=17270","title":{"rendered":"Presidenta Claudia Sheinbaum inaugura la Aduana de Nuevo Laredo en Tamaulipas."},"content":{"rendered":"\n<p> \u201cEstas instalaciones nos van a permitir todav\u00eda mayor eficiencia, mayor productividad, mayor honestidad, mayor beneficio para las y los trabajadores de las aduanas\u201d, destac\u00f3 la Jefa del Ejecutivo Federal<br>* El objetivo en 2026 es incrementar la recaudaci\u00f3n en aduanas a un bill\u00f3n 500 mil mdp; entre 2024 y 2025 pas\u00f3 de un bill\u00f3n a un bill\u00f3n 250 mil mdp<br>* La nueva sede tuvo una inversi\u00f3n superior a los 4 mil mdp y gener\u00f3 m\u00e1s de 3 mil 700 empleos directos y 7 mil indirectos<\/p>\n\n\n\n<p>*Nuevo Laredo, Tamaulipas, 25 de enero de 2026.-* La Presidenta de M\u00e9xico, Claudia Sheinbaum Pardo, inaugur\u00f3 la nueva sede de la Agencia Nacional de Aduanas de M\u00e9xico (ANAM) en Nuevo Laredo, Tamaulipas, instalaciones estrat\u00e9gicas que permitir\u00e1n mayor eficiencia, productividad y honestidad en la recaudaci\u00f3n, la cual aument\u00f3 25 por ciento entre 2024 y 2025, al pasar de un bill\u00f3n a un bill\u00f3n 250 mil millones de pesos (mdp), con el objetivo de incrementar este a\u00f1o a un bill\u00f3n 500 mil mdp.<\/p>\n\n\n\n<p>*\u201cEstas instalaciones, nos van a permitir todav\u00eda mayor eficiencia, mayor productividad, mayor honestidad, mayor beneficio para las y los trabajadores de las Aduanas y la centralizaci\u00f3n de todas las labores que se desarrollan en las Aduanas. Esa es una labor fundamental. Este a\u00f1o vamos por otros 250 mil millones de pesos adicionales, es decir: llegar a un bill\u00f3n 500 mil millones de pesos en los ingresos a las Aduanas; y adem\u00e1s, lograr mayor eficiencia en todos los procesos. Eso es posible gracias a esta instalaci\u00f3n y al trabajo coordinado que tenemos en el Gobierno de M\u00e9xico\u201d*, enfatiz\u00f3.<\/p>\n\n\n\n<p>Las aduanas, destac\u00f3 la Jefa del Ejecutivo Federal, representan seguridad nacional, desarrollo con bienestar y soberan\u00eda, por ello reconoci\u00f3 a los ingenieros militares de la Secretar\u00eda de la Defensa Nacional (Defensa) por la construcci\u00f3n de estas instalaciones aduaneras, las cuales tuvieron una inversi\u00f3n superior a los 4 mil mdp, que representan la dignificaci\u00f3n de las y los trabajadores.<\/p>\n\n\n\n<p>*\u201cAduanas antes depend\u00eda del SAT (Servicio de Administraci\u00f3n Tributaria), hasta que se constituy\u00f3 como una Agencia por su importancia. Y la visi\u00f3n de que todos los trabajadores y trabajadoras de aduanas pudieran concentrarse en estas instalaciones, lo que significa la dignificaci\u00f3n del trabajo de quienes laboran en esta instituci\u00f3n y al mismo tiempo concentrar los trabajos de la Agencia Nacional de Aduanas. Hoy se hace realidad esta decisi\u00f3n gracias a los ingenieros militares, que como siempre desarrollan con profesionalismo y excelencia el trabajo que desempe\u00f1an\u201d*, agreg\u00f3.<\/p>\n\n\n\n<p>Adem\u00e1s, agradeci\u00f3 a la Agencia de Transformaci\u00f3n Digital y Telecomunicaciones (ATDT) por la digitalizaci\u00f3n de tr\u00e1mites y procesos en coordinaci\u00f3n con el SAT.<\/p>\n\n\n\n<p>El secretario de la Defensa Nacional, general Ricardo Trevilla Trejo, explic\u00f3 que Nuevo Laredo se eligi\u00f3 como sede central de las oficinas de la ANAM debido a que genera el mayor porcentaje en recaudaci\u00f3n fiscal con alrededor del 33 por ciento de todas las aduanas del resto del pa\u00eds, y su construcci\u00f3n mejorar\u00e1 la direcci\u00f3n y control de los servicios aduanales, adem\u00e1s de que aportar\u00e1 a verificar el apego a las normas de comercio exterior.<\/p>\n\n\n\n<p>Se trat\u00f3 de una obra desarrollada desde una visi\u00f3n integral en 29 hect\u00e1reas con 320 mil metros cuadrados de construcci\u00f3n, generando m\u00e1s de 3 mil 700 empleos directos y 7 mil indirectos. Detall\u00f3 que el edificio principal tiene capacidad de mil 100 personas y cuenta con 600 viviendas para trabajadores y sus familias, as\u00ed como espacios de recreaci\u00f3n. Agreg\u00f3 que a esta obra se suma la construcci\u00f3n, por parte de la Defensa Nacional, de siete secciones aduaneras en Baja California, 12 en Sonora, nueve en Chihuahua, cuatro en Coahuila y 16 en Tamaulipas, que concluyeron en 2024 y que est\u00e1n equipadas con aparatos de \u00faltima tecnolog\u00eda como detectores de mercanc\u00eda para evitar contrabando, laboratorios m\u00f3viles de hidrocarburos, rayos X m\u00f3viles, ferroviarios, vehiculares y para maletas.<\/p>\n\n\n\n<p>Inform\u00f3 que en todas las aduanas se trabaja en coordinaci\u00f3n con la Oficina de Aduanas y Protecci\u00f3n Fronteriza de Estados Unidos (CBP, por sus siglas en ingl\u00e9s), lo que permite garantizar la seguridad con respeto a la soberan\u00eda. Y agreg\u00f3 que, desde la entrada de la Defensa a la operaci\u00f3n de aduanas en 2021, se han asegurado mil 533 armas, 4 mil 876 veh\u00edculos, 603 carros tanques, cerca de 50 millones de litros de hidrocarburos, alrededor de 5 toneladas de coca\u00edna, m\u00e1s de 4 toneladas de metanfetaminas, casi 180 mdp, m\u00e1s de 180 millones de d\u00f3lares y 177 mil euros.<\/p>\n\n\n\n<p>El titular de la ANAM, Rafael Mar\u00edn Mollinedo, afirm\u00f3 que las aduanas protegen la soberan\u00eda, ordenan el comercio exterior y garantizan que M\u00e9xico participe en el mundo con legalidad, transparencia y reglas claras, por lo que asegur\u00f3 que la Aduana de Nuevo Laredo ser\u00e1 un nodo log\u00edstico del pa\u00eds.<\/p>\n\n\n\n<p>El gobernador de Tamaulipas, Am\u00e9rico Villarreal Anaya, destac\u00f3 que esta aduana le da reconocimiento a Nuevo Laredo como el puerto comercial y aduanero m\u00e1s importante de la frontera y de Am\u00e9rica Latina, adem\u00e1s de que abre paso a obras que aperturan nuevos caminos, particularmente en materia comercial.<\/p>\n\n\n\n<p><\/p>\n","protected":false},"excerpt":{"rendered":"<p>\u201cEstas instalaciones nos van a permitir todav\u00eda mayor eficiencia, mayor productividad, mayor honestidad, mayor beneficio para las y los trabajadores<\/p>\n","protected":false},"author":2,"featured_media":17271,"comment_status":"closed","ping_status":"closed","sticky":false,"template":"","format":"standard","meta":{"footnotes":""},"categories":[26],"tags":[],"class_list":["post-17270","post","type-post","status-publish","format-standard","has-post-thumbnail","hentry","category-nacional"],"yoast_head":"<!-- This site is optimized with the Yoast SEO plugin v24.1 - https:\/\/yoast.com\/wordpress\/plugins\/seo\/ -->\n<title>Presidenta Claudia Sheinbaum inaugura la Aduana de Nuevo Laredo en Tamaulipas. - sanluisinforma.com<\/title>\n<meta name=\"robots\" content=\"index, follow, max-snippet:-1, max-image-preview:large, max-video-preview:-1\" \/>\n<link rel=\"canonical\" href=\"https:\/\/sanluisinforma.com\/?p=17270\" \/>\n<meta property=\"og:locale\" content=\"es_MX\" \/>\n<meta property=\"og:type\" content=\"article\" \/>\n<meta property=\"og:title\" content=\"Presidenta Claudia Sheinbaum inaugura la Aduana de Nuevo Laredo en Tamaulipas. - sanluisinforma.com\" \/>\n<meta property=\"og:description\" content=\"\u201cEstas instalaciones nos van a permitir todav\u00eda mayor eficiencia, mayor productividad, mayor honestidad, mayor beneficio para las y los trabajadores\" \/>\n<meta property=\"og:url\" content=\"https:\/\/sanluisinforma.com\/?p=17270\" \/>\n<meta property=\"og:site_name\" content=\"sanluisinforma.com\" \/>\n<meta property=\"article:published_time\" content=\"2026-01-26T06:40:00+00:00\" \/>\n<meta property=\"article:modified_time\" content=\"2026-01-26T02:43:58+00:00\" \/>\n<meta property=\"og:image\" content=\"https:\/\/sanluisinforma.com\/wp-content\/uploads\/2026\/01\/Aduanas.jpg\" \/>\n\t<meta property=\"og:image:width\" content=\"400\" \/>\n\t<meta property=\"og:image:height\" content=\"233\" \/>\n\t<meta property=\"og:image:type\" content=\"image\/jpeg\" \/>\n<meta name=\"author\" content=\"sanluisinforma.com\" \/>\n<meta name=\"twitter:card\" content=\"summary_large_image\" \/>\n<meta name=\"twitter:label1\" content=\"Escrito por\" \/>\n\t<meta name=\"twitter:data1\" content=\"sanluisinforma.com\" \/>\n\t<meta name=\"twitter:label2\" content=\"Tiempo de lectura\" \/>\n\t<meta name=\"twitter:data2\" content=\"4 minutos\" \/>\n<script type=\"application\/ld+json\" class=\"yoast-schema-graph\">{\"@context\":\"https:\/\/schema.org\",\"@graph\":[{\"@type\":\"Article\",\"@id\":\"https:\/\/sanluisinforma.com\/?p=17270#article\",\"isPartOf\":{\"@id\":\"https:\/\/sanluisinforma.com\/?p=17270\"},\"author\":{\"name\":\"sanluisinforma.com\",\"@id\":\"https:\/\/sanluisinforma.com\/#\/schema\/person\/c30648f71476be533b6f59d092905c8b\"},\"headline\":\"Presidenta Claudia Sheinbaum inaugura la Aduana de Nuevo Laredo en Tamaulipas.\",\"datePublished\":\"2026-01-26T06:40:00+00:00\",\"dateModified\":\"2026-01-26T02:43:58+00:00\",\"mainEntityOfPage\":{\"@id\":\"https:\/\/sanluisinforma.com\/?p=17270\"},\"wordCount\":871,\"publisher\":{\"@id\":\"https:\/\/sanluisinforma.com\/#organization\"},\"image\":{\"@id\":\"https:\/\/sanluisinforma.com\/?p=17270#primaryimage\"},\"thumbnailUrl\":\"https:\/\/sanluisinforma.com\/wp-content\/uploads\/2026\/01\/Aduanas.jpg\",\"articleSection\":[\"Nacional\"],\"inLanguage\":\"es\"},{\"@type\":\"WebPage\",\"@id\":\"https:\/\/sanluisinforma.com\/?p=17270\",\"url\":\"https:\/\/sanluisinforma.com\/?p=17270\",\"name\":\"Presidenta Claudia Sheinbaum inaugura la Aduana de Nuevo Laredo en Tamaulipas. - sanluisinforma.com\",\"isPartOf\":{\"@id\":\"https:\/\/sanluisinforma.com\/#website\"},\"primaryImageOfPage\":{\"@id\":\"https:\/\/sanluisinforma.com\/?p=17270#primaryimage\"},\"image\":{\"@id\":\"https:\/\/sanluisinforma.com\/?p=17270#primaryimage\"},\"thumbnailUrl\":\"https:\/\/sanluisinforma.com\/wp-content\/uploads\/2026\/01\/Aduanas.jpg\",\"datePublished\":\"2026-01-26T06:40:00+00:00\",\"dateModified\":\"2026-01-26T02:43:58+00:00\",\"breadcrumb\":{\"@id\":\"https:\/\/sanluisinforma.com\/?p=17270#breadcrumb\"},\"inLanguage\":\"es\",\"potentialAction\":[{\"@type\":\"ReadAction\",\"target\":[\"https:\/\/sanluisinforma.com\/?p=17270\"]}]},{\"@type\":\"ImageObject\",\"inLanguage\":\"es\",\"@id\":\"https:\/\/sanluisinforma.com\/?p=17270#primaryimage\",\"url\":\"https:\/\/sanluisinforma.com\/wp-content\/uploads\/2026\/01\/Aduanas.jpg\",\"contentUrl\":\"https:\/\/sanluisinforma.com\/wp-content\/uploads\/2026\/01\/Aduanas.jpg\",\"width\":400,\"height\":233},{\"@type\":\"BreadcrumbList\",\"@id\":\"https:\/\/sanluisinforma.com\/?p=17270#breadcrumb\",\"itemListElement\":[{\"@type\":\"ListItem\",\"position\":1,\"name\":\"Inicio\",\"item\":\"https:\/\/sanluisinforma.com\/\"},{\"@type\":\"ListItem\",\"position\":2,\"name\":\"Presidenta Claudia Sheinbaum inaugura la Aduana de Nuevo Laredo en Tamaulipas.\"}]},{\"@type\":\"WebSite\",\"@id\":\"https:\/\/sanluisinforma.com\/#website\",\"url\":\"https:\/\/sanluisinforma.com\/\",\"name\":\"sanluisinforma.com\",\"description\":\"Periodico San Luis Informa\",\"publisher\":{\"@id\":\"https:\/\/sanluisinforma.com\/#organization\"},\"potentialAction\":[{\"@type\":\"SearchAction\",\"target\":{\"@type\":\"EntryPoint\",\"urlTemplate\":\"https:\/\/sanluisinforma.com\/?s={search_term_string}\"},\"query-input\":{\"@type\":\"PropertyValueSpecification\",\"valueRequired\":true,\"valueName\":\"search_term_string\"}}],\"inLanguage\":\"es\"},{\"@type\":\"Organization\",\"@id\":\"https:\/\/sanluisinforma.com\/#organization\",\"name\":\"sanluisinforma.com\",\"url\":\"https:\/\/sanluisinforma.com\/\",\"logo\":{\"@type\":\"ImageObject\",\"inLanguage\":\"es\",\"@id\":\"https:\/\/sanluisinforma.com\/#\/schema\/logo\/image\/\",\"url\":\"https:\/\/sanluisinforma.com\/wp-content\/uploads\/2026\/03\/sanluisinforma-V.jpg\",\"contentUrl\":\"https:\/\/sanluisinforma.com\/wp-content\/uploads\/2026\/03\/sanluisinforma-V.jpg\",\"width\":500,\"height\":156,\"caption\":\"sanluisinforma.com\"},\"image\":{\"@id\":\"https:\/\/sanluisinforma.com\/#\/schema\/logo\/image\/\"}},{\"@type\":\"Person\",\"@id\":\"https:\/\/sanluisinforma.com\/#\/schema\/person\/c30648f71476be533b6f59d092905c8b\",\"name\":\"sanluisinforma.com\",\"image\":{\"@type\":\"ImageObject\",\"inLanguage\":\"es\",\"@id\":\"https:\/\/sanluisinforma.com\/#\/schema\/person\/image\/\",\"url\":\"https:\/\/secure.gravatar.com\/avatar\/86e3114e34a1eecefb963e0a02f0093f93b092dddb2fe1517596343751081a87?s=96&d=mm&r=g\",\"contentUrl\":\"https:\/\/secure.gravatar.com\/avatar\/86e3114e34a1eecefb963e0a02f0093f93b092dddb2fe1517596343751081a87?s=96&d=mm&r=g\",\"caption\":\"sanluisinforma.com\"},\"url\":\"https:\/\/sanluisinforma.com\/?author=2\"}]}<\/script>\n<!-- \/ Yoast SEO plugin. -->","yoast_head_json":{"title":"Presidenta Claudia Sheinbaum inaugura la Aduana de Nuevo Laredo en Tamaulipas. - sanluisinforma.com","robots":{"index":"index","follow":"follow","max-snippet":"max-snippet:-1","max-image-preview":"max-image-preview:large","max-video-preview":"max-video-preview:-1"},"canonical":"https:\/\/sanluisinforma.com\/?p=17270","og_locale":"es_MX","og_type":"article","og_title":"Presidenta Claudia Sheinbaum inaugura la Aduana de Nuevo Laredo en Tamaulipas. - sanluisinforma.com","og_description":"\u201cEstas instalaciones nos van a permitir todav\u00eda mayor eficiencia, mayor productividad, mayor honestidad, mayor beneficio para las y los trabajadores","og_url":"https:\/\/sanluisinforma.com\/?p=17270","og_site_name":"sanluisinforma.com","article_published_time":"2026-01-26T06:40:00+00:00","article_modified_time":"2026-01-26T02:43:58+00:00","og_image":[{"width":400,"height":233,"url":"https:\/\/sanluisinforma.com\/wp-content\/uploads\/2026\/01\/Aduanas.jpg","type":"image\/jpeg"}],"author":"sanluisinforma.com","twitter_card":"summary_large_image","twitter_misc":{"Escrito por":"sanluisinforma.com","Tiempo de lectura":"4 minutos"},"schema":{"@context":"https:\/\/schema.org","@graph":[{"@type":"Article","@id":"https:\/\/sanluisinforma.com\/?p=17270#article","isPartOf":{"@id":"https:\/\/sanluisinforma.com\/?p=17270"},"author":{"name":"sanluisinforma.com","@id":"https:\/\/sanluisinforma.com\/#\/schema\/person\/c30648f71476be533b6f59d092905c8b"},"headline":"Presidenta Claudia Sheinbaum inaugura la Aduana de Nuevo Laredo en Tamaulipas.","datePublished":"2026-01-26T06:40:00+00:00","dateModified":"2026-01-26T02:43:58+00:00","mainEntityOfPage":{"@id":"https:\/\/sanluisinforma.com\/?p=17270"},"wordCount":871,"publisher":{"@id":"https:\/\/sanluisinforma.com\/#organization"},"image":{"@id":"https:\/\/sanluisinforma.com\/?p=17270#primaryimage"},"thumbnailUrl":"https:\/\/sanluisinforma.com\/wp-content\/uploads\/2026\/01\/Aduanas.jpg","articleSection":["Nacional"],"inLanguage":"es"},{"@type":"WebPage","@id":"https:\/\/sanluisinforma.com\/?p=17270","url":"https:\/\/sanluisinforma.com\/?p=17270","name":"Presidenta Claudia Sheinbaum inaugura la Aduana de Nuevo Laredo en Tamaulipas. - sanluisinforma.com","isPartOf":{"@id":"https:\/\/sanluisinforma.com\/#website"},"primaryImageOfPage":{"@id":"https:\/\/sanluisinforma.com\/?p=17270#primaryimage"},"image":{"@id":"https:\/\/sanluisinforma.com\/?p=17270#primaryimage"},"thumbnailUrl":"https:\/\/sanluisinforma.com\/wp-content\/uploads\/2026\/01\/Aduanas.jpg","datePublished":"2026-01-26T06:40:00+00:00","dateModified":"2026-01-26T02:43:58+00:00","breadcrumb":{"@id":"https:\/\/sanluisinforma.com\/?p=17270#breadcrumb"},"inLanguage":"es","potentialAction":[{"@type":"ReadAction","target":["https:\/\/sanluisinforma.com\/?p=17270"]}]},{"@type":"ImageObject","inLanguage":"es","@id":"https:\/\/sanluisinforma.com\/?p=17270#primaryimage","url":"https:\/\/sanluisinforma.com\/wp-content\/uploads\/2026\/01\/Aduanas.jpg","contentUrl":"https:\/\/sanluisinforma.com\/wp-content\/uploads\/2026\/01\/Aduanas.jpg","width":400,"height":233},{"@type":"BreadcrumbList","@id":"https:\/\/sanluisinforma.com\/?p=17270#breadcrumb","itemListElement":[{"@type":"ListItem","position":1,"name":"Inicio","item":"https:\/\/sanluisinforma.com\/"},{"@type":"ListItem","position":2,"name":"Presidenta Claudia Sheinbaum inaugura la Aduana de Nuevo Laredo en Tamaulipas."}]},{"@type":"WebSite","@id":"https:\/\/sanluisinforma.com\/#website","url":"https:\/\/sanluisinforma.com\/","name":"sanluisinforma.com","description":"Periodico San Luis Informa","publisher":{"@id":"https:\/\/sanluisinforma.com\/#organization"},"potentialAction":[{"@type":"SearchAction","target":{"@type":"EntryPoint","urlTemplate":"https:\/\/sanluisinforma.com\/?s={search_term_string}"},"query-input":{"@type":"PropertyValueSpecification","valueRequired":true,"valueName":"search_term_string"}}],"inLanguage":"es"},{"@type":"Organization","@id":"https:\/\/sanluisinforma.com\/#organization","name":"sanluisinforma.com","url":"https:\/\/sanluisinforma.com\/","logo":{"@type":"ImageObject","inLanguage":"es","@id":"https:\/\/sanluisinforma.com\/#\/schema\/logo\/image\/","url":"https:\/\/sanluisinforma.com\/wp-content\/uploads\/2026\/03\/sanluisinforma-V.jpg","contentUrl":"https:\/\/sanluisinforma.com\/wp-content\/uploads\/2026\/03\/sanluisinforma-V.jpg","width":500,"height":156,"caption":"sanluisinforma.com"},"image":{"@id":"https:\/\/sanluisinforma.com\/#\/schema\/logo\/image\/"}},{"@type":"Person","@id":"https:\/\/sanluisinforma.com\/#\/schema\/person\/c30648f71476be533b6f59d092905c8b","name":"sanluisinforma.com","image":{"@type":"ImageObject","inLanguage":"es","@id":"https:\/\/sanluisinforma.com\/#\/schema\/person\/image\/","url":"https:\/\/secure.gravatar.com\/avatar\/86e3114e34a1eecefb963e0a02f0093f93b092dddb2fe1517596343751081a87?s=96&d=mm&r=g","contentUrl":"https:\/\/secure.gravatar.com\/avatar\/86e3114e34a1eecefb963e0a02f0093f93b092dddb2fe1517596343751081a87?s=96&d=mm&r=g","caption":"sanluisinforma.com"},"url":"https:\/\/sanluisinforma.com\/?author=2"}]}},"_links":{"self":[{"href":"https:\/\/sanluisinforma.com\/index.php?rest_route=\/wp\/v2\/posts\/17270","targetHints":{"allow":["GET"]}}],"collection":[{"href":"https:\/\/sanluisinforma.com\/index.php?rest_route=\/wp\/v2\/posts"}],"about":[{"href":"https:\/\/sanluisinforma.com\/index.php?rest_route=\/wp\/v2\/types\/post"}],"author":[{"embeddable":true,"href":"https:\/\/sanluisinforma.com\/index.php?rest_route=\/wp\/v2\/users\/2"}],"replies":[{"embeddable":true,"href":"https:\/\/sanluisinforma.com\/index.php?rest_route=%2Fwp%2Fv2%2Fcomments&post=17270"}],"version-history":[{"count":1,"href":"https:\/\/sanluisinforma.com\/index.php?rest_route=\/wp\/v2\/posts\/17270\/revisions"}],"predecessor-version":[{"id":17272,"href":"https:\/\/sanluisinforma.com\/index.php?rest_route=\/wp\/v2\/posts\/17270\/revisions\/17272"}],"wp:featuredmedia":[{"embeddable":true,"href":"https:\/\/sanluisinforma.com\/index.php?rest_route=\/wp\/v2\/media\/17271"}],"wp:attachment":[{"href":"https:\/\/sanluisinforma.com\/index.php?rest_route=%2Fwp%2Fv2%2Fmedia&parent=17270"}],"wp:term":[{"taxonomy":"category","embeddable":true,"href":"https:\/\/sanluisinforma.com\/index.php?rest_route=%2Fwp%2Fv2%2Fcategories&post=17270"},{"taxonomy":"post_tag","embeddable":true,"href":"https:\/\/sanluisinforma.com\/index.php?rest_route=%2Fwp%2Fv2%2Ftags&post=17270"}],"curies":[{"name":"wp","href":"https:\/\/api.w.org\/{rel}","templated":true}]}}